{"id":9103,"date":"2015-05-12T07:00:48","date_gmt":"2015-05-12T05:00:48","guid":{"rendered":"http:\/\/blog.zeit.de\/nsu-prozess-blog\/?p=9103"},"modified":"2015-05-07T12:16:40","modified_gmt":"2015-05-07T10:16:40","slug":"204-prozesstag-mundlos-freund-erneut-im-zeugenstand","status":"publish","type":"post","link":"https:\/\/blog.zeit.de\/nsu-prozess-blog\/2015\/05\/12\/204-prozesstag-mundlos-freund-erneut-im-zeugenstand\/","title":{"rendered":"204. Prozesstag \u2013 Mundlos-Freund erneut im Zeugenstand"},"content":{"rendered":"<p>In der Schule waren sie gute Freunde, sp\u00e4ter musste Aleksander H. mitansehen, wie sein Kumpel Uwe Mundlos zum Neonazi wurde. Mitte April hatte H., heute Lehrer in Jena, bereits \u00fcber seine Freundschaft zu dem sp\u00e4teren <a href=\"https:\/\/blog.zeit.de\/nsu-prozess-blog\/2015\/04\/15\/wenn-ein-freund-zum-neonazi-wird\/\">mutma\u00dflichen Terroristen ausgesagt<\/a>. Heute ist er erneut geladen.<\/p>\n<p>Zudem untersucht das Gericht den \u00dcberfall auf eine Zwickauer Sparkassenfiliale, bei der die mutma\u00dflichen T\u00e4ter Mundlos und Uwe B\u00f6hnhardt rund 48.500 Euro erbeuteten. Mit den Rauben, insgesamt 15, soll der NSU sein Leben im Untergrund finanziert haben. Zu der Tat sind f\u00fcnf Betroffene und ein Ermittler des Berliner Bundeskriminalamts geladen.<\/p>\n<p><em>Informationen aus der Verhandlung gibt es <a href=\"https:\/\/twitter.com\/zeitonline\/lists\/nsu-prozess\">via Twitter hier<\/a>. Die Berichte dar\u00fcber fassen wir morgen im <a href=\"https:\/\/blog.zeit.de\/nsu-prozess-blog\/category\/medienschau\/\">NSU-Medienlog<\/a> zusammen.<\/em><\/p>\n","protected":false},"excerpt":{"rendered":"<p>In der Schule waren sie gute Freunde, sp\u00e4ter musste Aleksander H. mitansehen, wie sein Kumpel Uwe Mundlos zum Neonazi wurde. Mitte April hatte H., heute Lehrer in Jena, bereits \u00fcber seine Freundschaft zu dem sp\u00e4teren mutma\u00dflichen Terroristen ausgesagt. Heute ist er erneut geladen. Zudem untersucht das Gericht den \u00dcberfall auf eine Zwickauer Sparkassenfiliale, bei der [&hellip;]<\/p>\n","protected":false},"author":435,"featured_media":0,"comment_status":"open","ping_status":"open","sticky":false,"template":"","format":"standard","meta":{"_jetpack_memberships_contains_paid_content":false,"footnotes":""},"categories":[27532],"tags":[29457,27562,1626,29529,22859],"class_list":["post-9103","post","type-post","status-publish","format-standard","hentry","category-prozesstage","tag-bankuberfall","tag-bka","tag-jena","tag-ueberfaelle","tag-uwe-mundlos"],"yoast_head":"<!-- This site is optimized with the Yoast SEO plugin v21.0 - https:\/\/yoast.com\/wordpress\/plugins\/seo\/ -->\n<title>204. Prozesstag \u2013 Mundlos-Freund erneut im Zeugenstand - Das NSU-Prozess-Blog<\/title>\n<meta name=\"robots\" content=\"index, follow, max-snippet:-1, max-image-preview:large, max-video-preview:-1\" \/>\n<link rel=\"canonical\" href=\"https:\/\/blog.zeit.de\/nsu-prozess-blog\/2015\/05\/12\/204-prozesstag-mundlos-freund-erneut-im-zeugenstand\/\" \/>\n<meta property=\"og:locale\" content=\"de_DE\" \/>\n<meta property=\"og:type\" content=\"article\" \/>\n<meta property=\"og:title\" content=\"204. Prozesstag \u2013 Mundlos-Freund erneut im Zeugenstand - Das NSU-Prozess-Blog\" \/>\n<meta property=\"og:description\" content=\"In der Schule waren sie gute Freunde, sp\u00e4ter musste Aleksander H. mitansehen, wie sein Kumpel Uwe Mundlos zum Neonazi wurde. Mitte April hatte H., heute Lehrer in Jena, bereits \u00fcber seine Freundschaft zu dem sp\u00e4teren mutma\u00dflichen Terroristen ausgesagt. Heute ist er erneut geladen. Zudem untersucht das Gericht den \u00dcberfall auf eine Zwickauer Sparkassenfiliale, bei der [&hellip;]\" \/>\n<meta property=\"og:url\" content=\"https:\/\/blog.zeit.de\/nsu-prozess-blog\/2015\/05\/12\/204-prozesstag-mundlos-freund-erneut-im-zeugenstand\/\" \/>\n<meta property=\"og:site_name\" content=\"Das NSU-Prozess-Blog\" \/>\n<meta property=\"article:published_time\" content=\"2015-05-12T05:00:48+00:00\" \/>\n<meta property=\"article:modified_time\" content=\"2015-05-07T10:16:40+00:00\" \/>\n<meta name=\"author\" content=\"Tom Sundermann\" \/>\n<meta name=\"twitter:label1\" content=\"Geschrieben von\" \/>\n\t<meta name=\"twitter:data1\" content=\"Tom Sundermann\" \/>\n\t<meta name=\"twitter:label2\" content=\"Gesch\u00e4tzte Lesezeit\" \/>\n\t<meta name=\"twitter:data2\" content=\"1\u00a0Minute\" \/>\n<script type=\"application\/ld+json\" class=\"yoast-schema-graph\">{\"@context\":\"https:\/\/schema.org\",\"@graph\":[{\"@type\":\"WebPage\",\"@id\":\"https:\/\/blog.zeit.de\/nsu-prozess-blog\/2015\/05\/12\/204-prozesstag-mundlos-freund-erneut-im-zeugenstand\/\",\"url\":\"https:\/\/blog.zeit.de\/nsu-prozess-blog\/2015\/05\/12\/204-prozesstag-mundlos-freund-erneut-im-zeugenstand\/\",\"name\":\"204. Prozesstag \u2013 Mundlos-Freund erneut im Zeugenstand - Das NSU-Prozess-Blog\",\"isPartOf\":{\"@id\":\"https:\/\/blog.zeit.de\/nsu-prozess-blog\/#website\"},\"datePublished\":\"2015-05-12T05:00:48+00:00\",\"dateModified\":\"2015-05-07T10:16:40+00:00\",\"author\":{\"@id\":\"https:\/\/blog.zeit.de\/nsu-prozess-blog\/#\/schema\/person\/553ea9bb5d1fc2ae054c589bd59380a5\"},\"breadcrumb\":{\"@id\":\"https:\/\/blog.zeit.de\/nsu-prozess-blog\/2015\/05\/12\/204-prozesstag-mundlos-freund-erneut-im-zeugenstand\/#breadcrumb\"},\"inLanguage\":\"de\",\"potentialAction\":[{\"@type\":\"ReadAction\",\"target\":[\"https:\/\/blog.zeit.de\/nsu-prozess-blog\/2015\/05\/12\/204-prozesstag-mundlos-freund-erneut-im-zeugenstand\/\"]}]},{\"@type\":\"BreadcrumbList\",\"@id\":\"https:\/\/blog.zeit.de\/nsu-prozess-blog\/2015\/05\/12\/204-prozesstag-mundlos-freund-erneut-im-zeugenstand\/#breadcrumb\",\"itemListElement\":[{\"@type\":\"ListItem\",\"position\":1,\"name\":\"Startseite\",\"item\":\"https:\/\/blog.zeit.de\/nsu-prozess-blog\/\"},{\"@type\":\"ListItem\",\"position\":2,\"name\":\"204. Prozesstag \u2013 Mundlos-Freund erneut im Zeugenstand\"}]},{\"@type\":\"WebSite\",\"@id\":\"https:\/\/blog.zeit.de\/nsu-prozess-blog\/#website\",\"url\":\"https:\/\/blog.zeit.de\/nsu-prozess-blog\/\",\"name\":\"Das NSU-Prozess-Blog\",\"description\":\"Alle Berichte zum Terrorverfahren in M\u00fcnchen\",\"potentialAction\":[{\"@type\":\"SearchAction\",\"target\":{\"@type\":\"EntryPoint\",\"urlTemplate\":\"https:\/\/blog.zeit.de\/nsu-prozess-blog\/?s={search_term_string}\"},\"query-input\":\"required name=search_term_string\"}],\"inLanguage\":\"de\"},{\"@type\":\"Person\",\"@id\":\"https:\/\/blog.zeit.de\/nsu-prozess-blog\/#\/schema\/person\/553ea9bb5d1fc2ae054c589bd59380a5\",\"name\":\"Tom Sundermann\",\"image\":{\"@type\":\"ImageObject\",\"inLanguage\":\"de\",\"@id\":\"https:\/\/blog.zeit.de\/nsu-prozess-blog\/#\/schema\/person\/image\/\",\"url\":\"https:\/\/secure.gravatar.com\/avatar\/e108a3dc18766f719b2f797dc5d19093f06a1870c55b553ab6b7563f1f9a5e68?s=96&d=mm&r=g\",\"contentUrl\":\"https:\/\/secure.gravatar.com\/avatar\/e108a3dc18766f719b2f797dc5d19093f06a1870c55b553ab6b7563f1f9a5e68?s=96&d=mm&r=g\",\"caption\":\"Tom Sundermann\"},\"sameAs\":[\"https:\/\/twitter.com\/messeticker\"],\"url\":\"https:\/\/blog.zeit.de\/nsu-prozess-blog\/author\/tsundermann\/\"}]}<\/script>\n<!-- \/ Yoast SEO plugin. -->","yoast_head_json":{"title":"204. Prozesstag \u2013 Mundlos-Freund erneut im Zeugenstand - Das NSU-Prozess-Blog","robots":{"index":"index","follow":"follow","max-snippet":"max-snippet:-1","max-image-preview":"max-image-preview:large","max-video-preview":"max-video-preview:-1"},"canonical":"https:\/\/blog.zeit.de\/nsu-prozess-blog\/2015\/05\/12\/204-prozesstag-mundlos-freund-erneut-im-zeugenstand\/","og_locale":"de_DE","og_type":"article","og_title":"204. Prozesstag \u2013 Mundlos-Freund erneut im Zeugenstand - Das NSU-Prozess-Blog","og_description":"In der Schule waren sie gute Freunde, sp\u00e4ter musste Aleksander H. mitansehen, wie sein Kumpel Uwe Mundlos zum Neonazi wurde. Mitte April hatte H., heute Lehrer in Jena, bereits \u00fcber seine Freundschaft zu dem sp\u00e4teren mutma\u00dflichen Terroristen ausgesagt. Heute ist er erneut geladen. Zudem untersucht das Gericht den \u00dcberfall auf eine Zwickauer Sparkassenfiliale, bei der [&hellip;]","og_url":"https:\/\/blog.zeit.de\/nsu-prozess-blog\/2015\/05\/12\/204-prozesstag-mundlos-freund-erneut-im-zeugenstand\/","og_site_name":"Das NSU-Prozess-Blog","article_published_time":"2015-05-12T05:00:48+00:00","article_modified_time":"2015-05-07T10:16:40+00:00","author":"Tom Sundermann","twitter_misc":{"Geschrieben von":"Tom Sundermann","Gesch\u00e4tzte Lesezeit":"1\u00a0Minute"},"schema":{"@context":"https:\/\/schema.org","@graph":[{"@type":"WebPage","@id":"https:\/\/blog.zeit.de\/nsu-prozess-blog\/2015\/05\/12\/204-prozesstag-mundlos-freund-erneut-im-zeugenstand\/","url":"https:\/\/blog.zeit.de\/nsu-prozess-blog\/2015\/05\/12\/204-prozesstag-mundlos-freund-erneut-im-zeugenstand\/","name":"204. Prozesstag \u2013 Mundlos-Freund erneut im Zeugenstand - Das NSU-Prozess-Blog","isPartOf":{"@id":"https:\/\/blog.zeit.de\/nsu-prozess-blog\/#website"},"datePublished":"2015-05-12T05:00:48+00:00","dateModified":"2015-05-07T10:16:40+00:00","author":{"@id":"https:\/\/blog.zeit.de\/nsu-prozess-blog\/#\/schema\/person\/553ea9bb5d1fc2ae054c589bd59380a5"},"breadcrumb":{"@id":"https:\/\/blog.zeit.de\/nsu-prozess-blog\/2015\/05\/12\/204-prozesstag-mundlos-freund-erneut-im-zeugenstand\/#breadcrumb"},"inLanguage":"de","potentialAction":[{"@type":"ReadAction","target":["https:\/\/blog.zeit.de\/nsu-prozess-blog\/2015\/05\/12\/204-prozesstag-mundlos-freund-erneut-im-zeugenstand\/"]}]},{"@type":"BreadcrumbList","@id":"https:\/\/blog.zeit.de\/nsu-prozess-blog\/2015\/05\/12\/204-prozesstag-mundlos-freund-erneut-im-zeugenstand\/#breadcrumb","itemListElement":[{"@type":"ListItem","position":1,"name":"Startseite","item":"https:\/\/blog.zeit.de\/nsu-prozess-blog\/"},{"@type":"ListItem","position":2,"name":"204. Prozesstag \u2013 Mundlos-Freund erneut im Zeugenstand"}]},{"@type":"WebSite","@id":"https:\/\/blog.zeit.de\/nsu-prozess-blog\/#website","url":"https:\/\/blog.zeit.de\/nsu-prozess-blog\/","name":"Das NSU-Prozess-Blog","description":"Alle Berichte zum Terrorverfahren in M\u00fcnchen","potentialAction":[{"@type":"SearchAction","target":{"@type":"EntryPoint","urlTemplate":"https:\/\/blog.zeit.de\/nsu-prozess-blog\/?s={search_term_string}"},"query-input":"required name=search_term_string"}],"inLanguage":"de"},{"@type":"Person","@id":"https:\/\/blog.zeit.de\/nsu-prozess-blog\/#\/schema\/person\/553ea9bb5d1fc2ae054c589bd59380a5","name":"Tom Sundermann","image":{"@type":"ImageObject","inLanguage":"de","@id":"https:\/\/blog.zeit.de\/nsu-prozess-blog\/#\/schema\/person\/image\/","url":"https:\/\/secure.gravatar.com\/avatar\/e108a3dc18766f719b2f797dc5d19093f06a1870c55b553ab6b7563f1f9a5e68?s=96&d=mm&r=g","contentUrl":"https:\/\/secure.gravatar.com\/avatar\/e108a3dc18766f719b2f797dc5d19093f06a1870c55b553ab6b7563f1f9a5e68?s=96&d=mm&r=g","caption":"Tom Sundermann"},"sameAs":["https:\/\/twitter.com\/messeticker"],"url":"https:\/\/blog.zeit.de\/nsu-prozess-blog\/author\/tsundermann\/"}]}},"jetpack_featured_media_url":"","jetpack_sharing_enabled":true,"_links":{"self":[{"href":"https:\/\/blog.zeit.de\/nsu-prozess-blog\/wp-json\/wp\/v2\/posts\/9103","targetHints":{"allow":["GET"]}}],"collection":[{"href":"https:\/\/blog.zeit.de\/nsu-prozess-blog\/wp-json\/wp\/v2\/posts"}],"about":[{"href":"https:\/\/blog.zeit.de\/nsu-prozess-blog\/wp-json\/wp\/v2\/types\/post"}],"author":[{"embeddable":true,"href":"https:\/\/blog.zeit.de\/nsu-prozess-blog\/wp-json\/wp\/v2\/users\/435"}],"replies":[{"embeddable":true,"href":"https:\/\/blog.zeit.de\/nsu-prozess-blog\/wp-json\/wp\/v2\/comments?post=9103"}],"version-history":[{"count":1,"href":"https:\/\/blog.zeit.de\/nsu-prozess-blog\/wp-json\/wp\/v2\/posts\/9103\/revisions"}],"predecessor-version":[{"id":9104,"href":"https:\/\/blog.zeit.de\/nsu-prozess-blog\/wp-json\/wp\/v2\/posts\/9103\/revisions\/9104"}],"wp:attachment":[{"href":"https:\/\/blog.zeit.de\/nsu-prozess-blog\/wp-json\/wp\/v2\/media?parent=9103"}],"wp:term":[{"taxonomy":"category","embeddable":true,"href":"https:\/\/blog.zeit.de\/nsu-prozess-blog\/wp-json\/wp\/v2\/categories?post=9103"},{"taxonomy":"post_tag","embeddable":true,"href":"https:\/\/blog.zeit.de\/nsu-prozess-blog\/wp-json\/wp\/v2\/tags?post=9103"}],"curies":[{"name":"wp","href":"https:\/\/api.w.org\/{rel}","templated":true}]}}