{"id":9116,"date":"2015-05-12T09:20:29","date_gmt":"2015-05-12T07:20:29","guid":{"rendered":"http:\/\/blog.zeit.de\/nsu-prozess-blog\/?p=9116"},"modified":"2015-05-12T10:14:43","modified_gmt":"2015-05-12T08:14:43","slug":"medienlog-ueberfall-chemnitz-1998-waffen","status":"publish","type":"post","link":"https:\/\/blog.zeit.de\/nsu-prozess-blog\/2015\/05\/12\/medienlog-ueberfall-chemnitz-1998-waffen\/","title":{"rendered":"NSU-Trio gelangte rasch an Waffen \u2013 Das Medienlog vom Dienstag, 12. Mai 2015"},"content":{"rendered":"<p>Mit dem ersten Raub\u00fcberfall, der dem NSU zugeschrieben wird, besch\u00e4ftigte sich das M\u00fcnchner Oberlandesgericht am Montag. Am 18. Dezember 1998 sollen Uwe Mundlos und Uwe B\u00f6hnhardt einen Edeka-Markt in Chemnitz \u00fcberfallen haben. Als Zeuginnen sagten zwei Kassiererinnen aus, die den Raub mitbekamen. Best\u00e4tigt sich der Vorwurf aus der Anklage, &#8222;w\u00e4re das auch ein Hinweis darauf, dass die drei untergetauchten Rechtsextremisten \u2013 nur wenige Monate nach ihrer Flucht aus Jena Ende Januar 1998 \u2013 bereits Schusswaffen besa\u00dfen&#8220;, folgert Kai Mudra in der <a href=\"http:\/\/www.thueringer-allgemeine.de\/web\/zgt\/suche\/detail\/-\/specific\/Vernichtete-Akten-duenne-Beweislage-fehlende-Zeugen-8211-NSU-Prozess-kaempf-1850545731\" target=\"_blank\"><em>Th\u00fcringer Allgemeinen<\/em><\/a>.<\/p>\n<p><!--more--><\/p>\n<p><em>An jedem Werktag sichten wir f\u00fcr das NSU-Prozess-Blog die Medien und stellen wichtige Berichte, Blogs, Videos und Tweets zusammen. Wir freuen uns \u00fcber Hinweise via Twitter mit dem Hashtag #nsublog \u2013 oder per E-Mail an <a href=\"mailto:nsublog@zeit.de\">nsublog@zeit.de<\/a>.<\/em><\/p>\n<p>Ermittlungsakten von 1998 existieren nicht mehr, sie wurden nach Fristablauf vernichtet. Nebenklageanwalt Eberhard Reinecke wertet den Schredder-Vorgang als &#8222;Urkundenunterdr\u00fcckung&#8220; und &#8222;Strafvereitelung im Amt&#8220;, wie die Zeitung zitiert. In einem Fall schweren Raubs betrage die Vernichtungsfrist 20 Jahre, sagt der Jurist. Er erstattete deshalb bereits 2013 Strafanzeige.<\/p>\n<p>Auf der Flucht aus dem Supermarkt schossen die T\u00e4ter auf einen 16-J\u00e4hrigen, der sie verfolgte, verfehlten ihn jedoch. &#8222;Es war das erste schwere Verbrechen der Terrorzelle NSU und beinahe w\u00e4re schon ein Mensch get\u00f6tet worden&#8220;, merkt Frank Jansen vom <a href=\"http:\/\/www.tagesspiegel.de\/politik\/nsu-prozess-203-verhandlungstag-rekonstruktion-des-ersten-schwerverbrechens-der-terrorzelle\/11761500.html\" target=\"_blank\"><em>Tagesspiegel<\/em><\/a>. Die Bundesanwaltschaft wertet die Sch\u00fcsse als versuchten Mord, an dem Beate Zsch\u00e4pe als Mitt\u00e4terin beteiligt sein soll.<\/p>\n<p>M\u00f6glicherweise handelt es sich bei der Tat allerdings gar nicht um den ersten, sondern den zweiten \u00dcberfall des NSU. Das legt die Information des Brandenburger <a href=\"https:\/\/blog.zeit.de\/nsu-prozess-blog\/2014\/12\/04\/medienlog-piatto-aussage-v-mann-blood-and-honour\/\">V-Manns Piatto<\/a> nahe, der bereits im September 1998 in einer Meldung von einem &#8222;weiteren \u00dcberfall&#8220; sprach.<\/p>\n<p>Der Hinweis deutet an, &#8222;dass sich B\u00f6hnhardt, Mundlos und Zsch\u00e4pe nach ihrem Untertauchen in k\u00fcrzester Zeit ein Netzwerk aus Helfern aufbauen konnten&#8220;, folgern wir auf <a href=\"https:\/\/blog.zeit.de\/nsu-prozess-blog\/2015\/05\/11\/die-erste-tat-des-nsu\/\" target=\"_blank\">ZEIT ONLINE<\/a>. Wahrscheinlich hatten sie auch sehr fr\u00fch Zugriff auf Waffen, die ihnen Unterst\u00fctzer beschafften. Daher ist auch nicht auszuschlie\u00dfen, &#8222;dass schon fr\u00fch Pl\u00e4ne f\u00fcr andere Gewalttaten gereift waren&#8220; \u2013 wie die zehn Morde, die dem NSU zugeschrieben werden.<\/p>\n<p><em>Das n\u00e4chste Medienlog erscheint am Mittwoch, 13. Mai 2015.<\/em><\/p>\n","protected":false},"excerpt":{"rendered":"<p>Mit dem ersten Raub\u00fcberfall, der dem NSU zugeschrieben wird, besch\u00e4ftigte sich das M\u00fcnchner Oberlandesgericht am Montag. Am 18. Dezember 1998 sollen Uwe Mundlos und Uwe B\u00f6hnhardt einen Edeka-Markt in Chemnitz \u00fcberfallen haben. Als Zeuginnen sagten zwei Kassiererinnen aus, die den Raub mitbekamen. Best\u00e4tigt sich der Vorwurf aus der Anklage, &#8222;w\u00e4re das auch ein Hinweis darauf, [&hellip;]<\/p>\n","protected":false},"author":435,"featured_media":0,"comment_status":"open","ping_status":"open","sticky":false,"template":"","format":"standard","meta":{"_jetpack_memberships_contains_paid_content":false,"footnotes":""},"categories":[27531],"tags":[12745,29554,29529,17899,29492],"class_list":["post-9116","post","type-post","status-publish","format-standard","hentry","category-medienschau","tag-chemnitz","tag-piatto","tag-ueberfaelle","tag-v-mann","tag-waffe"],"yoast_head":"<!-- This site is optimized with the Yoast SEO plugin v21.0 - https:\/\/yoast.com\/wordpress\/plugins\/seo\/ -->\n<title>NSU-Trio gelangte rasch an Waffen \u2013 Das Medienlog vom Dienstag, 12. Mai 2015 - Das NSU-Prozess-Blog<\/title>\n<meta name=\"robots\" content=\"index, follow, max-snippet:-1, max-image-preview:large, max-video-preview:-1\" \/>\n<link rel=\"canonical\" href=\"https:\/\/blog.zeit.de\/nsu-prozess-blog\/2015\/05\/12\/medienlog-ueberfall-chemnitz-1998-waffen\/\" \/>\n<meta property=\"og:locale\" content=\"de_DE\" \/>\n<meta property=\"og:type\" content=\"article\" \/>\n<meta property=\"og:title\" content=\"NSU-Trio gelangte rasch an Waffen \u2013 Das Medienlog vom Dienstag, 12. Mai 2015 - Das NSU-Prozess-Blog\" \/>\n<meta property=\"og:description\" content=\"Mit dem ersten Raub\u00fcberfall, der dem NSU zugeschrieben wird, besch\u00e4ftigte sich das M\u00fcnchner Oberlandesgericht am Montag. Am 18. Dezember 1998 sollen Uwe Mundlos und Uwe B\u00f6hnhardt einen Edeka-Markt in Chemnitz \u00fcberfallen haben. Als Zeuginnen sagten zwei Kassiererinnen aus, die den Raub mitbekamen. Best\u00e4tigt sich der Vorwurf aus der Anklage, &#8222;w\u00e4re das auch ein Hinweis darauf, [&hellip;]\" \/>\n<meta property=\"og:url\" content=\"https:\/\/blog.zeit.de\/nsu-prozess-blog\/2015\/05\/12\/medienlog-ueberfall-chemnitz-1998-waffen\/\" \/>\n<meta property=\"og:site_name\" content=\"Das NSU-Prozess-Blog\" \/>\n<meta property=\"article:published_time\" content=\"2015-05-12T07:20:29+00:00\" \/>\n<meta property=\"article:modified_time\" content=\"2015-05-12T08:14:43+00:00\" \/>\n<meta name=\"author\" content=\"Tom Sundermann\" \/>\n<meta name=\"twitter:label1\" content=\"Geschrieben von\" \/>\n\t<meta name=\"twitter:data1\" content=\"Tom Sundermann\" \/>\n\t<meta name=\"twitter:label2\" content=\"Gesch\u00e4tzte Lesezeit\" \/>\n\t<meta name=\"twitter:data2\" content=\"2\u00a0Minuten\" \/>\n<script type=\"application\/ld+json\" class=\"yoast-schema-graph\">{\"@context\":\"https:\/\/schema.org\",\"@graph\":[{\"@type\":\"WebPage\",\"@id\":\"https:\/\/blog.zeit.de\/nsu-prozess-blog\/2015\/05\/12\/medienlog-ueberfall-chemnitz-1998-waffen\/\",\"url\":\"https:\/\/blog.zeit.de\/nsu-prozess-blog\/2015\/05\/12\/medienlog-ueberfall-chemnitz-1998-waffen\/\",\"name\":\"NSU-Trio gelangte rasch an Waffen \u2013 Das Medienlog vom Dienstag, 12. Mai 2015 - Das NSU-Prozess-Blog\",\"isPartOf\":{\"@id\":\"https:\/\/blog.zeit.de\/nsu-prozess-blog\/#website\"},\"datePublished\":\"2015-05-12T07:20:29+00:00\",\"dateModified\":\"2015-05-12T08:14:43+00:00\",\"author\":{\"@id\":\"https:\/\/blog.zeit.de\/nsu-prozess-blog\/#\/schema\/person\/553ea9bb5d1fc2ae054c589bd59380a5\"},\"breadcrumb\":{\"@id\":\"https:\/\/blog.zeit.de\/nsu-prozess-blog\/2015\/05\/12\/medienlog-ueberfall-chemnitz-1998-waffen\/#breadcrumb\"},\"inLanguage\":\"de\",\"potentialAction\":[{\"@type\":\"ReadAction\",\"target\":[\"https:\/\/blog.zeit.de\/nsu-prozess-blog\/2015\/05\/12\/medienlog-ueberfall-chemnitz-1998-waffen\/\"]}]},{\"@type\":\"BreadcrumbList\",\"@id\":\"https:\/\/blog.zeit.de\/nsu-prozess-blog\/2015\/05\/12\/medienlog-ueberfall-chemnitz-1998-waffen\/#breadcrumb\",\"itemListElement\":[{\"@type\":\"ListItem\",\"position\":1,\"name\":\"Startseite\",\"item\":\"https:\/\/blog.zeit.de\/nsu-prozess-blog\/\"},{\"@type\":\"ListItem\",\"position\":2,\"name\":\"NSU-Trio gelangte rasch an Waffen \u2013 Das Medienlog vom Dienstag, 12. Mai 2015\"}]},{\"@type\":\"WebSite\",\"@id\":\"https:\/\/blog.zeit.de\/nsu-prozess-blog\/#website\",\"url\":\"https:\/\/blog.zeit.de\/nsu-prozess-blog\/\",\"name\":\"Das NSU-Prozess-Blog\",\"description\":\"Alle Berichte zum Terrorverfahren in M\u00fcnchen\",\"potentialAction\":[{\"@type\":\"SearchAction\",\"target\":{\"@type\":\"EntryPoint\",\"urlTemplate\":\"https:\/\/blog.zeit.de\/nsu-prozess-blog\/?s={search_term_string}\"},\"query-input\":\"required name=search_term_string\"}],\"inLanguage\":\"de\"},{\"@type\":\"Person\",\"@id\":\"https:\/\/blog.zeit.de\/nsu-prozess-blog\/#\/schema\/person\/553ea9bb5d1fc2ae054c589bd59380a5\",\"name\":\"Tom Sundermann\",\"image\":{\"@type\":\"ImageObject\",\"inLanguage\":\"de\",\"@id\":\"https:\/\/blog.zeit.de\/nsu-prozess-blog\/#\/schema\/person\/image\/\",\"url\":\"https:\/\/secure.gravatar.com\/avatar\/e108a3dc18766f719b2f797dc5d19093f06a1870c55b553ab6b7563f1f9a5e68?s=96&d=mm&r=g\",\"contentUrl\":\"https:\/\/secure.gravatar.com\/avatar\/e108a3dc18766f719b2f797dc5d19093f06a1870c55b553ab6b7563f1f9a5e68?s=96&d=mm&r=g\",\"caption\":\"Tom Sundermann\"},\"sameAs\":[\"https:\/\/twitter.com\/messeticker\"],\"url\":\"https:\/\/blog.zeit.de\/nsu-prozess-blog\/author\/tsundermann\/\"}]}<\/script>\n<!-- \/ Yoast SEO plugin. -->","yoast_head_json":{"title":"NSU-Trio gelangte rasch an Waffen \u2013 Das Medienlog vom Dienstag, 12. Mai 2015 - Das NSU-Prozess-Blog","robots":{"index":"index","follow":"follow","max-snippet":"max-snippet:-1","max-image-preview":"max-image-preview:large","max-video-preview":"max-video-preview:-1"},"canonical":"https:\/\/blog.zeit.de\/nsu-prozess-blog\/2015\/05\/12\/medienlog-ueberfall-chemnitz-1998-waffen\/","og_locale":"de_DE","og_type":"article","og_title":"NSU-Trio gelangte rasch an Waffen \u2013 Das Medienlog vom Dienstag, 12. Mai 2015 - Das NSU-Prozess-Blog","og_description":"Mit dem ersten Raub\u00fcberfall, der dem NSU zugeschrieben wird, besch\u00e4ftigte sich das M\u00fcnchner Oberlandesgericht am Montag. Am 18. Dezember 1998 sollen Uwe Mundlos und Uwe B\u00f6hnhardt einen Edeka-Markt in Chemnitz \u00fcberfallen haben. Als Zeuginnen sagten zwei Kassiererinnen aus, die den Raub mitbekamen. Best\u00e4tigt sich der Vorwurf aus der Anklage, &#8222;w\u00e4re das auch ein Hinweis darauf, [&hellip;]","og_url":"https:\/\/blog.zeit.de\/nsu-prozess-blog\/2015\/05\/12\/medienlog-ueberfall-chemnitz-1998-waffen\/","og_site_name":"Das NSU-Prozess-Blog","article_published_time":"2015-05-12T07:20:29+00:00","article_modified_time":"2015-05-12T08:14:43+00:00","author":"Tom Sundermann","twitter_misc":{"Geschrieben von":"Tom Sundermann","Gesch\u00e4tzte Lesezeit":"2\u00a0Minuten"},"schema":{"@context":"https:\/\/schema.org","@graph":[{"@type":"WebPage","@id":"https:\/\/blog.zeit.de\/nsu-prozess-blog\/2015\/05\/12\/medienlog-ueberfall-chemnitz-1998-waffen\/","url":"https:\/\/blog.zeit.de\/nsu-prozess-blog\/2015\/05\/12\/medienlog-ueberfall-chemnitz-1998-waffen\/","name":"NSU-Trio gelangte rasch an Waffen \u2013 Das Medienlog vom Dienstag, 12. Mai 2015 - Das NSU-Prozess-Blog","isPartOf":{"@id":"https:\/\/blog.zeit.de\/nsu-prozess-blog\/#website"},"datePublished":"2015-05-12T07:20:29+00:00","dateModified":"2015-05-12T08:14:43+00:00","author":{"@id":"https:\/\/blog.zeit.de\/nsu-prozess-blog\/#\/schema\/person\/553ea9bb5d1fc2ae054c589bd59380a5"},"breadcrumb":{"@id":"https:\/\/blog.zeit.de\/nsu-prozess-blog\/2015\/05\/12\/medienlog-ueberfall-chemnitz-1998-waffen\/#breadcrumb"},"inLanguage":"de","potentialAction":[{"@type":"ReadAction","target":["https:\/\/blog.zeit.de\/nsu-prozess-blog\/2015\/05\/12\/medienlog-ueberfall-chemnitz-1998-waffen\/"]}]},{"@type":"BreadcrumbList","@id":"https:\/\/blog.zeit.de\/nsu-prozess-blog\/2015\/05\/12\/medienlog-ueberfall-chemnitz-1998-waffen\/#breadcrumb","itemListElement":[{"@type":"ListItem","position":1,"name":"Startseite","item":"https:\/\/blog.zeit.de\/nsu-prozess-blog\/"},{"@type":"ListItem","position":2,"name":"NSU-Trio gelangte rasch an Waffen \u2013 Das Medienlog vom Dienstag, 12. Mai 2015"}]},{"@type":"WebSite","@id":"https:\/\/blog.zeit.de\/nsu-prozess-blog\/#website","url":"https:\/\/blog.zeit.de\/nsu-prozess-blog\/","name":"Das NSU-Prozess-Blog","description":"Alle Berichte zum Terrorverfahren in M\u00fcnchen","potentialAction":[{"@type":"SearchAction","target":{"@type":"EntryPoint","urlTemplate":"https:\/\/blog.zeit.de\/nsu-prozess-blog\/?s={search_term_string}"},"query-input":"required name=search_term_string"}],"inLanguage":"de"},{"@type":"Person","@id":"https:\/\/blog.zeit.de\/nsu-prozess-blog\/#\/schema\/person\/553ea9bb5d1fc2ae054c589bd59380a5","name":"Tom Sundermann","image":{"@type":"ImageObject","inLanguage":"de","@id":"https:\/\/blog.zeit.de\/nsu-prozess-blog\/#\/schema\/person\/image\/","url":"https:\/\/secure.gravatar.com\/avatar\/e108a3dc18766f719b2f797dc5d19093f06a1870c55b553ab6b7563f1f9a5e68?s=96&d=mm&r=g","contentUrl":"https:\/\/secure.gravatar.com\/avatar\/e108a3dc18766f719b2f797dc5d19093f06a1870c55b553ab6b7563f1f9a5e68?s=96&d=mm&r=g","caption":"Tom Sundermann"},"sameAs":["https:\/\/twitter.com\/messeticker"],"url":"https:\/\/blog.zeit.de\/nsu-prozess-blog\/author\/tsundermann\/"}]}},"jetpack_featured_media_url":"","jetpack_sharing_enabled":true,"_links":{"self":[{"href":"https:\/\/blog.zeit.de\/nsu-prozess-blog\/wp-json\/wp\/v2\/posts\/9116","targetHints":{"allow":["GET"]}}],"collection":[{"href":"https:\/\/blog.zeit.de\/nsu-prozess-blog\/wp-json\/wp\/v2\/posts"}],"about":[{"href":"https:\/\/blog.zeit.de\/nsu-prozess-blog\/wp-json\/wp\/v2\/types\/post"}],"author":[{"embeddable":true,"href":"https:\/\/blog.zeit.de\/nsu-prozess-blog\/wp-json\/wp\/v2\/users\/435"}],"replies":[{"embeddable":true,"href":"https:\/\/blog.zeit.de\/nsu-prozess-blog\/wp-json\/wp\/v2\/comments?post=9116"}],"version-history":[{"count":7,"href":"https:\/\/blog.zeit.de\/nsu-prozess-blog\/wp-json\/wp\/v2\/posts\/9116\/revisions"}],"predecessor-version":[{"id":9123,"href":"https:\/\/blog.zeit.de\/nsu-prozess-blog\/wp-json\/wp\/v2\/posts\/9116\/revisions\/9123"}],"wp:attachment":[{"href":"https:\/\/blog.zeit.de\/nsu-prozess-blog\/wp-json\/wp\/v2\/media?parent=9116"}],"wp:term":[{"taxonomy":"category","embeddable":true,"href":"https:\/\/blog.zeit.de\/nsu-prozess-blog\/wp-json\/wp\/v2\/categories?post=9116"},{"taxonomy":"post_tag","embeddable":true,"href":"https:\/\/blog.zeit.de\/nsu-prozess-blog\/wp-json\/wp\/v2\/tags?post=9116"}],"curies":[{"name":"wp","href":"https:\/\/api.w.org\/{rel}","templated":true}]}}