{"id":9124,"date":"2015-05-13T09:34:17","date_gmt":"2015-05-13T07:34:17","guid":{"rendered":"http:\/\/blog.zeit.de\/nsu-prozess-blog\/?p=9124"},"modified":"2015-05-13T10:48:37","modified_gmt":"2015-05-13T08:48:37","slug":"beate-zschaepe-medienlog-aleksander-h","status":"publish","type":"post","link":"https:\/\/blog.zeit.de\/nsu-prozess-blog\/2015\/05\/13\/beate-zschaepe-medienlog-aleksander-h\/","title":{"rendered":"Beate Zsch\u00e4pe: aggressiv und angespannt \u2013 Das Medienlog vom Mittwoch, 13. Mai 2015"},"content":{"rendered":"<p>Zum zweiten Mal im NSU-Prozess hat am Dienstag der Zeuge <a href=\"https:\/\/blog.zeit.de\/nsu-prozess-blog\/2015\/04\/15\/wenn-ein-freund-zum-neonazi-wird\/\">Aleksander H.<\/a> ausgesagt, zu Jugendzeiten ein Freund des mutma\u00dflichen NSU-Terroristen Uwe Mundlos. Er beschrieb unter anderem, wie aggressiv sich das Trio aus Mundlos, Beate Zsch\u00e4pe und Uwe B\u00f6hnhardt in der Zeit vor der Flucht 1998 verhielt. Doch wie verl\u00e4sslich sind Erinnerungen, die rund zwei Jahrzehnte alt sind? &#8222;Was wei\u00df er wirklich noch oder was glaubt er nur zu wissen? Was hat er sich auch nur zusammengereimt?&#8220;, fragt Gisela Friedrichsen auf <a href=\"http:\/\/www.spiegel.de\/panorama\/justiz\/nsu-prozess-zeuge-beschreibt-zschaepe-als-selbstbewusst-a-1033492.html\" target=\"_blank\"><em>Spiegel Online<\/em><\/a>. Zumal H. vieles berichtete, was ihm Mundlos erz\u00e4hlt hatte.<\/p>\n<p><!--more--><\/p>\n<p><em>An jedem Werktag sichten wir f\u00fcr das NSU-Prozess-Blog die Medien und stellen wichtige Berichte, Blogs, Videos und Tweets zusammen. Wir freuen uns \u00fcber Hinweise via Twitter mit dem Hashtag #nsublog \u2013 oder per E-Mail an <a href=\"mailto:nsublog@zeit.de\">nsublog@zeit.de<\/a>.<\/em><\/p>\n<p>&#8222;Was hat er also tats\u00e4chlich selbst erlebt und was wurde ihm zugetragen? Diese Unterscheidung f\u00e4llt H. schwer und das gibt er bei seiner Befragung durch den Vorsitzenden Richter Manfred G\u00f6tzl immer wieder zu&#8220;, merkt auch Mira Barthelmann vom <a href=\"http:\/\/www.br.de\/nachrichten\/nsu-prozess\/150512-tagebuch-gerichtsreporter-100.html\" target=\"_blank\"><em>Bayerischen Rundfunk<\/em><\/a> an. Insbesondere Zsch\u00e4pe beschrieb der Zeuge als angriffslustig. So habe die Hauptangeklagte jemanden in einer Kneipe mit einem Bierglas geschlagen \u2013 doch blieb unklar, ob H. selbst Zeuge dieses Vorfalls war.<\/p>\n<p>Er habe sie als &#8222;nicht dumm oder gutgl\u00e4ubig&#8220; wahrgenommen, sie sei ein selbstbewusstes Mitglied der Gruppe gewesen. Im Anschluss kam es zu einem Streit zwischen der Bundesanwaltschaft und den Verteidigern Zsch\u00e4pes, die versuchten, die Glaubw\u00fcrdigkeit des Zeugen infrage zu stellen.<\/p>\n<p>&#8222;Auch wenn die Aussage vage bleibt, ist sie f\u00fcr Zsch\u00e4pe unangenehm&#8220;, schreibt Frank Jansen vom <a href=\"http:\/\/www.tagesspiegel.de\/politik\/204-tag-im-nsu-prozess-in-beate-zschaepe-brodelt-es\/11768650.html\" target=\"_blank\"><em>Tagesspiegel<\/em><\/a>. Sie habe w\u00e4hrend der Vernehmung angespannt gewirkt. &#8222;Es ist (&#8230;) einer jener Momente in diesem langen Gerichtsverfahren, die zunehmend an ihren Nerven zerren&#8220;, beobachtet auch Tanjev Schultz von der <a href=\"http:\/\/www.sueddeutsche.de\/politik\/zeuge-ueber-zschaepe-kein-mensch-der-in-der-gruppe-geschubst-wurde-1.2476737\" target=\"_blank\"><em>S\u00fcddeutschen Zeitung<\/em><\/a>. Als jedoch das Wortgefecht zwischen Anklage und Verteidigung entbrannte, habe sie &#8222;wie eine Unbeteiligte&#8220; gewirkt.<\/p>\n<p><em>Das n\u00e4chste Medienlog erscheint am Donnerstag, 14. Mai 2015.<\/em><\/p>\n","protected":false},"excerpt":{"rendered":"<p>Zum zweiten Mal im NSU-Prozess hat am Dienstag der Zeuge Aleksander H. ausgesagt, zu Jugendzeiten ein Freund des mutma\u00dflichen NSU-Terroristen Uwe Mundlos. Er beschrieb unter anderem, wie aggressiv sich das Trio aus Mundlos, Beate Zsch\u00e4pe und Uwe B\u00f6hnhardt in der Zeit vor der Flucht 1998 verhielt. Doch wie verl\u00e4sslich sind Erinnerungen, die rund zwei Jahrzehnte [&hellip;]<\/p>\n","protected":false},"author":435,"featured_media":0,"comment_status":"open","ping_status":"open","sticky":false,"template":"","format":"standard","meta":{"_jetpack_memberships_contains_paid_content":false,"footnotes":""},"categories":[27531],"tags":[17793,1626,22859],"class_list":["post-9124","post","type-post","status-publish","format-standard","hentry","category-medienschau","tag-beate-zschape","tag-jena","tag-uwe-mundlos"],"yoast_head":"<!-- This site is optimized with the Yoast SEO plugin v21.0 - https:\/\/yoast.com\/wordpress\/plugins\/seo\/ -->\n<title>Beate Zsch\u00e4pe: aggressiv und angespannt<\/title>\n<meta name=\"description\" content=\"Im NSU-Prozess hat Aleksander H. gegen Beate Zsch\u00e4pe ausgesagt. Doch seine Erinnerung wird infrage gestellt.\" \/>\n<meta name=\"robots\" content=\"index, follow, max-snippet:-1, max-image-preview:large, max-video-preview:-1\" \/>\n<link rel=\"canonical\" href=\"https:\/\/blog.zeit.de\/nsu-prozess-blog\/2015\/05\/13\/beate-zschaepe-medienlog-aleksander-h\/\" \/>\n<meta property=\"og:locale\" content=\"de_DE\" \/>\n<meta property=\"og:type\" content=\"article\" \/>\n<meta property=\"og:title\" content=\"Beate Zsch\u00e4pe: aggressiv und angespannt\" \/>\n<meta property=\"og:description\" content=\"Im NSU-Prozess hat Aleksander H. gegen Beate Zsch\u00e4pe ausgesagt. Doch seine Erinnerung wird infrage gestellt.\" \/>\n<meta property=\"og:url\" content=\"https:\/\/blog.zeit.de\/nsu-prozess-blog\/2015\/05\/13\/beate-zschaepe-medienlog-aleksander-h\/\" \/>\n<meta property=\"og:site_name\" content=\"Das NSU-Prozess-Blog\" \/>\n<meta property=\"article:published_time\" content=\"2015-05-13T07:34:17+00:00\" \/>\n<meta property=\"article:modified_time\" content=\"2015-05-13T08:48:37+00:00\" \/>\n<meta name=\"author\" content=\"Tom Sundermann\" \/>\n<meta name=\"twitter:label1\" content=\"Geschrieben von\" \/>\n\t<meta name=\"twitter:data1\" content=\"Tom Sundermann\" \/>\n\t<meta name=\"twitter:label2\" content=\"Gesch\u00e4tzte Lesezeit\" \/>\n\t<meta name=\"twitter:data2\" content=\"2\u00a0Minuten\" \/>\n<script type=\"application\/ld+json\" class=\"yoast-schema-graph\">{\"@context\":\"https:\/\/schema.org\",\"@graph\":[{\"@type\":\"WebPage\",\"@id\":\"https:\/\/blog.zeit.de\/nsu-prozess-blog\/2015\/05\/13\/beate-zschaepe-medienlog-aleksander-h\/\",\"url\":\"https:\/\/blog.zeit.de\/nsu-prozess-blog\/2015\/05\/13\/beate-zschaepe-medienlog-aleksander-h\/\",\"name\":\"Beate Zsch\u00e4pe: aggressiv und angespannt\",\"isPartOf\":{\"@id\":\"https:\/\/blog.zeit.de\/nsu-prozess-blog\/#website\"},\"datePublished\":\"2015-05-13T07:34:17+00:00\",\"dateModified\":\"2015-05-13T08:48:37+00:00\",\"author\":{\"@id\":\"https:\/\/blog.zeit.de\/nsu-prozess-blog\/#\/schema\/person\/553ea9bb5d1fc2ae054c589bd59380a5\"},\"description\":\"Im NSU-Prozess hat Aleksander H. gegen Beate Zsch\u00e4pe ausgesagt. Doch seine Erinnerung wird infrage gestellt.\",\"breadcrumb\":{\"@id\":\"https:\/\/blog.zeit.de\/nsu-prozess-blog\/2015\/05\/13\/beate-zschaepe-medienlog-aleksander-h\/#breadcrumb\"},\"inLanguage\":\"de\",\"potentialAction\":[{\"@type\":\"ReadAction\",\"target\":[\"https:\/\/blog.zeit.de\/nsu-prozess-blog\/2015\/05\/13\/beate-zschaepe-medienlog-aleksander-h\/\"]}]},{\"@type\":\"BreadcrumbList\",\"@id\":\"https:\/\/blog.zeit.de\/nsu-prozess-blog\/2015\/05\/13\/beate-zschaepe-medienlog-aleksander-h\/#breadcrumb\",\"itemListElement\":[{\"@type\":\"ListItem\",\"position\":1,\"name\":\"Startseite\",\"item\":\"https:\/\/blog.zeit.de\/nsu-prozess-blog\/\"},{\"@type\":\"ListItem\",\"position\":2,\"name\":\"Beate Zsch\u00e4pe: aggressiv und angespannt \u2013 Das Medienlog vom Mittwoch, 13. Mai 2015\"}]},{\"@type\":\"WebSite\",\"@id\":\"https:\/\/blog.zeit.de\/nsu-prozess-blog\/#website\",\"url\":\"https:\/\/blog.zeit.de\/nsu-prozess-blog\/\",\"name\":\"Das NSU-Prozess-Blog\",\"description\":\"Alle Berichte zum Terrorverfahren in M\u00fcnchen\",\"potentialAction\":[{\"@type\":\"SearchAction\",\"target\":{\"@type\":\"EntryPoint\",\"urlTemplate\":\"https:\/\/blog.zeit.de\/nsu-prozess-blog\/?s={search_term_string}\"},\"query-input\":\"required name=search_term_string\"}],\"inLanguage\":\"de\"},{\"@type\":\"Person\",\"@id\":\"https:\/\/blog.zeit.de\/nsu-prozess-blog\/#\/schema\/person\/553ea9bb5d1fc2ae054c589bd59380a5\",\"name\":\"Tom Sundermann\",\"image\":{\"@type\":\"ImageObject\",\"inLanguage\":\"de\",\"@id\":\"https:\/\/blog.zeit.de\/nsu-prozess-blog\/#\/schema\/person\/image\/\",\"url\":\"https:\/\/secure.gravatar.com\/avatar\/e108a3dc18766f719b2f797dc5d19093f06a1870c55b553ab6b7563f1f9a5e68?s=96&d=mm&r=g\",\"contentUrl\":\"https:\/\/secure.gravatar.com\/avatar\/e108a3dc18766f719b2f797dc5d19093f06a1870c55b553ab6b7563f1f9a5e68?s=96&d=mm&r=g\",\"caption\":\"Tom Sundermann\"},\"sameAs\":[\"https:\/\/twitter.com\/messeticker\"],\"url\":\"https:\/\/blog.zeit.de\/nsu-prozess-blog\/author\/tsundermann\/\"}]}<\/script>\n<!-- \/ Yoast SEO plugin. -->","yoast_head_json":{"title":"Beate Zsch\u00e4pe: aggressiv und angespannt","description":"Im NSU-Prozess hat Aleksander H. gegen Beate Zsch\u00e4pe ausgesagt. Doch seine Erinnerung wird infrage gestellt.","robots":{"index":"index","follow":"follow","max-snippet":"max-snippet:-1","max-image-preview":"max-image-preview:large","max-video-preview":"max-video-preview:-1"},"canonical":"https:\/\/blog.zeit.de\/nsu-prozess-blog\/2015\/05\/13\/beate-zschaepe-medienlog-aleksander-h\/","og_locale":"de_DE","og_type":"article","og_title":"Beate Zsch\u00e4pe: aggressiv und angespannt","og_description":"Im NSU-Prozess hat Aleksander H. gegen Beate Zsch\u00e4pe ausgesagt. Doch seine Erinnerung wird infrage gestellt.","og_url":"https:\/\/blog.zeit.de\/nsu-prozess-blog\/2015\/05\/13\/beate-zschaepe-medienlog-aleksander-h\/","og_site_name":"Das NSU-Prozess-Blog","article_published_time":"2015-05-13T07:34:17+00:00","article_modified_time":"2015-05-13T08:48:37+00:00","author":"Tom Sundermann","twitter_misc":{"Geschrieben von":"Tom Sundermann","Gesch\u00e4tzte Lesezeit":"2\u00a0Minuten"},"schema":{"@context":"https:\/\/schema.org","@graph":[{"@type":"WebPage","@id":"https:\/\/blog.zeit.de\/nsu-prozess-blog\/2015\/05\/13\/beate-zschaepe-medienlog-aleksander-h\/","url":"https:\/\/blog.zeit.de\/nsu-prozess-blog\/2015\/05\/13\/beate-zschaepe-medienlog-aleksander-h\/","name":"Beate Zsch\u00e4pe: aggressiv und angespannt","isPartOf":{"@id":"https:\/\/blog.zeit.de\/nsu-prozess-blog\/#website"},"datePublished":"2015-05-13T07:34:17+00:00","dateModified":"2015-05-13T08:48:37+00:00","author":{"@id":"https:\/\/blog.zeit.de\/nsu-prozess-blog\/#\/schema\/person\/553ea9bb5d1fc2ae054c589bd59380a5"},"description":"Im NSU-Prozess hat Aleksander H. gegen Beate Zsch\u00e4pe ausgesagt. Doch seine Erinnerung wird infrage gestellt.","breadcrumb":{"@id":"https:\/\/blog.zeit.de\/nsu-prozess-blog\/2015\/05\/13\/beate-zschaepe-medienlog-aleksander-h\/#breadcrumb"},"inLanguage":"de","potentialAction":[{"@type":"ReadAction","target":["https:\/\/blog.zeit.de\/nsu-prozess-blog\/2015\/05\/13\/beate-zschaepe-medienlog-aleksander-h\/"]}]},{"@type":"BreadcrumbList","@id":"https:\/\/blog.zeit.de\/nsu-prozess-blog\/2015\/05\/13\/beate-zschaepe-medienlog-aleksander-h\/#breadcrumb","itemListElement":[{"@type":"ListItem","position":1,"name":"Startseite","item":"https:\/\/blog.zeit.de\/nsu-prozess-blog\/"},{"@type":"ListItem","position":2,"name":"Beate Zsch\u00e4pe: aggressiv und angespannt \u2013 Das Medienlog vom Mittwoch, 13. Mai 2015"}]},{"@type":"WebSite","@id":"https:\/\/blog.zeit.de\/nsu-prozess-blog\/#website","url":"https:\/\/blog.zeit.de\/nsu-prozess-blog\/","name":"Das NSU-Prozess-Blog","description":"Alle Berichte zum Terrorverfahren in M\u00fcnchen","potentialAction":[{"@type":"SearchAction","target":{"@type":"EntryPoint","urlTemplate":"https:\/\/blog.zeit.de\/nsu-prozess-blog\/?s={search_term_string}"},"query-input":"required name=search_term_string"}],"inLanguage":"de"},{"@type":"Person","@id":"https:\/\/blog.zeit.de\/nsu-prozess-blog\/#\/schema\/person\/553ea9bb5d1fc2ae054c589bd59380a5","name":"Tom Sundermann","image":{"@type":"ImageObject","inLanguage":"de","@id":"https:\/\/blog.zeit.de\/nsu-prozess-blog\/#\/schema\/person\/image\/","url":"https:\/\/secure.gravatar.com\/avatar\/e108a3dc18766f719b2f797dc5d19093f06a1870c55b553ab6b7563f1f9a5e68?s=96&d=mm&r=g","contentUrl":"https:\/\/secure.gravatar.com\/avatar\/e108a3dc18766f719b2f797dc5d19093f06a1870c55b553ab6b7563f1f9a5e68?s=96&d=mm&r=g","caption":"Tom Sundermann"},"sameAs":["https:\/\/twitter.com\/messeticker"],"url":"https:\/\/blog.zeit.de\/nsu-prozess-blog\/author\/tsundermann\/"}]}},"jetpack_featured_media_url":"","jetpack_sharing_enabled":true,"_links":{"self":[{"href":"https:\/\/blog.zeit.de\/nsu-prozess-blog\/wp-json\/wp\/v2\/posts\/9124","targetHints":{"allow":["GET"]}}],"collection":[{"href":"https:\/\/blog.zeit.de\/nsu-prozess-blog\/wp-json\/wp\/v2\/posts"}],"about":[{"href":"https:\/\/blog.zeit.de\/nsu-prozess-blog\/wp-json\/wp\/v2\/types\/post"}],"author":[{"embeddable":true,"href":"https:\/\/blog.zeit.de\/nsu-prozess-blog\/wp-json\/wp\/v2\/users\/435"}],"replies":[{"embeddable":true,"href":"https:\/\/blog.zeit.de\/nsu-prozess-blog\/wp-json\/wp\/v2\/comments?post=9124"}],"version-history":[{"count":9,"href":"https:\/\/blog.zeit.de\/nsu-prozess-blog\/wp-json\/wp\/v2\/posts\/9124\/revisions"}],"predecessor-version":[{"id":9135,"href":"https:\/\/blog.zeit.de\/nsu-prozess-blog\/wp-json\/wp\/v2\/posts\/9124\/revisions\/9135"}],"wp:attachment":[{"href":"https:\/\/blog.zeit.de\/nsu-prozess-blog\/wp-json\/wp\/v2\/media?parent=9124"}],"wp:term":[{"taxonomy":"category","embeddable":true,"href":"https:\/\/blog.zeit.de\/nsu-prozess-blog\/wp-json\/wp\/v2\/categories?post=9124"},{"taxonomy":"post_tag","embeddable":true,"href":"https:\/\/blog.zeit.de\/nsu-prozess-blog\/wp-json\/wp\/v2\/tags?post=9124"}],"curies":[{"name":"wp","href":"https:\/\/api.w.org\/{rel}","templated":true}]}}