{"id":9138,"date":"2015-05-20T07:00:51","date_gmt":"2015-05-20T05:00:51","guid":{"rendered":"http:\/\/blog.zeit.de\/nsu-prozess-blog\/?p=9138"},"modified":"2015-05-13T12:28:36","modified_gmt":"2015-05-13T10:28:36","slug":"207-prozesstag-alter-freund-und-v-mann-im-gericht","status":"publish","type":"post","link":"https:\/\/blog.zeit.de\/nsu-prozess-blog\/2015\/05\/20\/207-prozesstag-alter-freund-und-v-mann-im-gericht\/","title":{"rendered":"207. Prozesstag \u2013 Alter Freund und V-Mann im Gericht"},"content":{"rendered":"<p>Mehrmals traf er Beate Zsch\u00e4pe und Uwe Mundlos auf Konzerten \u2013 und gewann dabei deutliche Eindr\u00fccke vom Denken der Rechtsextremen, die sp\u00e4ter mutma\u00dflich zu Terroristen wurden: Rocco E., der sich jedenfalls fr\u00fcher in der rechten Szene bewegte. Er traf die Kameraden gemeinsam mit seiner damaligen Partnerin Katrin D., die bereits <a href=\"https:\/\/blog.zeit.de\/nsu-prozess-blog\/2015\/04\/23\/politisches-geschwafel-von-mundlos\/\">im April ausgesagt hatte<\/a>. Bei der Polizei sagte er bereits aus, Mundlos habe davon gesprochen, &#8222;gleichgesinnte Kameraden zu treffen, um sich politisch zu organisieren&#8220;. Auch habe er sich antisemitisch ge\u00e4u\u00dfert. Er habe den Neonazi als &#8222;sehr arisch&#8220; und politisch \u00fcberzeugt wahrgenommen, sagte E. dem Bundeskriminalamt.<\/p>\n<p>Ein weiteres Mal ist zudem der ehemalige Th\u00fcringer V-Mann und Blood-&#038;-Honour-Mitstreiter Marcel D. F\u00fcr den Landesverfassungsschutz lieferte er Informationen aus der rechten Szene, in der Th\u00fcringer Sektion von Blood &#038; Honour war er Landesvorsitzender. Mitglieder des Netzwerks versuchten, dem NSU-Trio <a href=\"https:\/\/blog.zeit.de\/nsu-prozess-blog\/2014\/10\/15\/der-zeuge-mit-dem-bums\/\">eine Waffe zukommen zu lassen<\/a>. In seiner <a href=\"https:\/\/blog.zeit.de\/nsu-prozess-blog\/2015\/03\/12\/medienlog-marcel-d-blood-honour-nsu-zschaepe\/\">ersten Vernehmung<\/a> bestritt D. allerdings vehement, f\u00fcr den Geheimdienst als Informant gearbeitet zu haben \u2013 obwohl Dokumente und Berichte dies belegen.<\/p>\n<p><em>ZEIT ONLINE berichtet aus M\u00fcnchen und fasst den Prozesstag am Abend auf diesem Blog zusammen. Informationen aus der Verhandlung gibt es <a href=\"https:\/\/twitter.com\/zeitonline\/lists\/nsu-prozess\">via Twitter hier<\/a>. Weitere Berichte stellen wir morgen im <a href=\"https:\/\/blog.zeit.de\/nsu-prozess-blog\/category\/medienschau\/\">NSU-Medienlog<\/a> zusammen.<\/em><\/p>\n","protected":false},"excerpt":{"rendered":"<p>Mehrmals traf er Beate Zsch\u00e4pe und Uwe Mundlos auf Konzerten \u2013 und gewann dabei deutliche Eindr\u00fccke vom Denken der Rechtsextremen, die sp\u00e4ter mutma\u00dflich zu Terroristen wurden: Rocco E., der sich jedenfalls fr\u00fcher in der rechten Szene bewegte. Er traf die Kameraden gemeinsam mit seiner damaligen Partnerin Katrin D., die bereits im April ausgesagt hatte. Bei [&hellip;]<\/p>\n","protected":false},"author":435,"featured_media":0,"comment_status":"open","ping_status":"open","sticky":false,"template":"","format":"standard","meta":{"_jetpack_memberships_contains_paid_content":false,"footnotes":""},"categories":[27532],"tags":[1479,1507,29510,29540,1449,22859,17899,1836],"class_list":["post-9138","post","type-post","status-publish","format-standard","hentry","category-prozesstage","tag-antisemitismus","tag-blood-honour","tag-szene","tag-thueringen","tag-unterstutzer","tag-uwe-mundlos","tag-v-mann","tag-verfassungsschutz"],"yoast_head":"<!-- This site is optimized with the Yoast SEO plugin v21.0 - https:\/\/yoast.com\/wordpress\/plugins\/seo\/ -->\n<title>207. Prozesstag \u2013 Alter Freund und V-Mann im Gericht - Das NSU-Prozess-Blog<\/title>\n<meta name=\"robots\" content=\"index, follow, max-snippet:-1, max-image-preview:large, max-video-preview:-1\" \/>\n<link rel=\"canonical\" href=\"https:\/\/blog.zeit.de\/nsu-prozess-blog\/2015\/05\/20\/207-prozesstag-alter-freund-und-v-mann-im-gericht\/\" \/>\n<meta property=\"og:locale\" content=\"de_DE\" \/>\n<meta property=\"og:type\" content=\"article\" \/>\n<meta property=\"og:title\" content=\"207. Prozesstag \u2013 Alter Freund und V-Mann im Gericht - Das NSU-Prozess-Blog\" \/>\n<meta property=\"og:description\" content=\"Mehrmals traf er Beate Zsch\u00e4pe und Uwe Mundlos auf Konzerten \u2013 und gewann dabei deutliche Eindr\u00fccke vom Denken der Rechtsextremen, die sp\u00e4ter mutma\u00dflich zu Terroristen wurden: Rocco E., der sich jedenfalls fr\u00fcher in der rechten Szene bewegte. Er traf die Kameraden gemeinsam mit seiner damaligen Partnerin Katrin D., die bereits im April ausgesagt hatte. Bei [&hellip;]\" \/>\n<meta property=\"og:url\" content=\"https:\/\/blog.zeit.de\/nsu-prozess-blog\/2015\/05\/20\/207-prozesstag-alter-freund-und-v-mann-im-gericht\/\" \/>\n<meta property=\"og:site_name\" content=\"Das NSU-Prozess-Blog\" \/>\n<meta property=\"article:published_time\" content=\"2015-05-20T05:00:51+00:00\" \/>\n<meta property=\"article:modified_time\" content=\"2015-05-13T10:28:36+00:00\" \/>\n<meta name=\"author\" content=\"Tom Sundermann\" \/>\n<meta name=\"twitter:label1\" content=\"Geschrieben von\" \/>\n\t<meta name=\"twitter:data1\" content=\"Tom Sundermann\" \/>\n\t<meta name=\"twitter:label2\" content=\"Gesch\u00e4tzte Lesezeit\" \/>\n\t<meta name=\"twitter:data2\" content=\"1\u00a0Minute\" \/>\n<script type=\"application\/ld+json\" class=\"yoast-schema-graph\">{\"@context\":\"https:\/\/schema.org\",\"@graph\":[{\"@type\":\"WebPage\",\"@id\":\"https:\/\/blog.zeit.de\/nsu-prozess-blog\/2015\/05\/20\/207-prozesstag-alter-freund-und-v-mann-im-gericht\/\",\"url\":\"https:\/\/blog.zeit.de\/nsu-prozess-blog\/2015\/05\/20\/207-prozesstag-alter-freund-und-v-mann-im-gericht\/\",\"name\":\"207. Prozesstag \u2013 Alter Freund und V-Mann im Gericht - Das NSU-Prozess-Blog\",\"isPartOf\":{\"@id\":\"https:\/\/blog.zeit.de\/nsu-prozess-blog\/#website\"},\"datePublished\":\"2015-05-20T05:00:51+00:00\",\"dateModified\":\"2015-05-13T10:28:36+00:00\",\"author\":{\"@id\":\"https:\/\/blog.zeit.de\/nsu-prozess-blog\/#\/schema\/person\/553ea9bb5d1fc2ae054c589bd59380a5\"},\"breadcrumb\":{\"@id\":\"https:\/\/blog.zeit.de\/nsu-prozess-blog\/2015\/05\/20\/207-prozesstag-alter-freund-und-v-mann-im-gericht\/#breadcrumb\"},\"inLanguage\":\"de\",\"potentialAction\":[{\"@type\":\"ReadAction\",\"target\":[\"https:\/\/blog.zeit.de\/nsu-prozess-blog\/2015\/05\/20\/207-prozesstag-alter-freund-und-v-mann-im-gericht\/\"]}]},{\"@type\":\"BreadcrumbList\",\"@id\":\"https:\/\/blog.zeit.de\/nsu-prozess-blog\/2015\/05\/20\/207-prozesstag-alter-freund-und-v-mann-im-gericht\/#breadcrumb\",\"itemListElement\":[{\"@type\":\"ListItem\",\"position\":1,\"name\":\"Startseite\",\"item\":\"https:\/\/blog.zeit.de\/nsu-prozess-blog\/\"},{\"@type\":\"ListItem\",\"position\":2,\"name\":\"207. Prozesstag \u2013 Alter Freund und V-Mann im Gericht\"}]},{\"@type\":\"WebSite\",\"@id\":\"https:\/\/blog.zeit.de\/nsu-prozess-blog\/#website\",\"url\":\"https:\/\/blog.zeit.de\/nsu-prozess-blog\/\",\"name\":\"Das NSU-Prozess-Blog\",\"description\":\"Alle Berichte zum Terrorverfahren in M\u00fcnchen\",\"potentialAction\":[{\"@type\":\"SearchAction\",\"target\":{\"@type\":\"EntryPoint\",\"urlTemplate\":\"https:\/\/blog.zeit.de\/nsu-prozess-blog\/?s={search_term_string}\"},\"query-input\":\"required name=search_term_string\"}],\"inLanguage\":\"de\"},{\"@type\":\"Person\",\"@id\":\"https:\/\/blog.zeit.de\/nsu-prozess-blog\/#\/schema\/person\/553ea9bb5d1fc2ae054c589bd59380a5\",\"name\":\"Tom Sundermann\",\"image\":{\"@type\":\"ImageObject\",\"inLanguage\":\"de\",\"@id\":\"https:\/\/blog.zeit.de\/nsu-prozess-blog\/#\/schema\/person\/image\/\",\"url\":\"https:\/\/secure.gravatar.com\/avatar\/e108a3dc18766f719b2f797dc5d19093f06a1870c55b553ab6b7563f1f9a5e68?s=96&d=mm&r=g\",\"contentUrl\":\"https:\/\/secure.gravatar.com\/avatar\/e108a3dc18766f719b2f797dc5d19093f06a1870c55b553ab6b7563f1f9a5e68?s=96&d=mm&r=g\",\"caption\":\"Tom Sundermann\"},\"sameAs\":[\"https:\/\/twitter.com\/messeticker\"],\"url\":\"https:\/\/blog.zeit.de\/nsu-prozess-blog\/author\/tsundermann\/\"}]}<\/script>\n<!-- \/ Yoast SEO plugin. -->","yoast_head_json":{"title":"207. Prozesstag \u2013 Alter Freund und V-Mann im Gericht - Das NSU-Prozess-Blog","robots":{"index":"index","follow":"follow","max-snippet":"max-snippet:-1","max-image-preview":"max-image-preview:large","max-video-preview":"max-video-preview:-1"},"canonical":"https:\/\/blog.zeit.de\/nsu-prozess-blog\/2015\/05\/20\/207-prozesstag-alter-freund-und-v-mann-im-gericht\/","og_locale":"de_DE","og_type":"article","og_title":"207. Prozesstag \u2013 Alter Freund und V-Mann im Gericht - Das NSU-Prozess-Blog","og_description":"Mehrmals traf er Beate Zsch\u00e4pe und Uwe Mundlos auf Konzerten \u2013 und gewann dabei deutliche Eindr\u00fccke vom Denken der Rechtsextremen, die sp\u00e4ter mutma\u00dflich zu Terroristen wurden: Rocco E., der sich jedenfalls fr\u00fcher in der rechten Szene bewegte. Er traf die Kameraden gemeinsam mit seiner damaligen Partnerin Katrin D., die bereits im April ausgesagt hatte. Bei [&hellip;]","og_url":"https:\/\/blog.zeit.de\/nsu-prozess-blog\/2015\/05\/20\/207-prozesstag-alter-freund-und-v-mann-im-gericht\/","og_site_name":"Das NSU-Prozess-Blog","article_published_time":"2015-05-20T05:00:51+00:00","article_modified_time":"2015-05-13T10:28:36+00:00","author":"Tom Sundermann","twitter_misc":{"Geschrieben von":"Tom Sundermann","Gesch\u00e4tzte Lesezeit":"1\u00a0Minute"},"schema":{"@context":"https:\/\/schema.org","@graph":[{"@type":"WebPage","@id":"https:\/\/blog.zeit.de\/nsu-prozess-blog\/2015\/05\/20\/207-prozesstag-alter-freund-und-v-mann-im-gericht\/","url":"https:\/\/blog.zeit.de\/nsu-prozess-blog\/2015\/05\/20\/207-prozesstag-alter-freund-und-v-mann-im-gericht\/","name":"207. Prozesstag \u2013 Alter Freund und V-Mann im Gericht - Das NSU-Prozess-Blog","isPartOf":{"@id":"https:\/\/blog.zeit.de\/nsu-prozess-blog\/#website"},"datePublished":"2015-05-20T05:00:51+00:00","dateModified":"2015-05-13T10:28:36+00:00","author":{"@id":"https:\/\/blog.zeit.de\/nsu-prozess-blog\/#\/schema\/person\/553ea9bb5d1fc2ae054c589bd59380a5"},"breadcrumb":{"@id":"https:\/\/blog.zeit.de\/nsu-prozess-blog\/2015\/05\/20\/207-prozesstag-alter-freund-und-v-mann-im-gericht\/#breadcrumb"},"inLanguage":"de","potentialAction":[{"@type":"ReadAction","target":["https:\/\/blog.zeit.de\/nsu-prozess-blog\/2015\/05\/20\/207-prozesstag-alter-freund-und-v-mann-im-gericht\/"]}]},{"@type":"BreadcrumbList","@id":"https:\/\/blog.zeit.de\/nsu-prozess-blog\/2015\/05\/20\/207-prozesstag-alter-freund-und-v-mann-im-gericht\/#breadcrumb","itemListElement":[{"@type":"ListItem","position":1,"name":"Startseite","item":"https:\/\/blog.zeit.de\/nsu-prozess-blog\/"},{"@type":"ListItem","position":2,"name":"207. Prozesstag \u2013 Alter Freund und V-Mann im Gericht"}]},{"@type":"WebSite","@id":"https:\/\/blog.zeit.de\/nsu-prozess-blog\/#website","url":"https:\/\/blog.zeit.de\/nsu-prozess-blog\/","name":"Das NSU-Prozess-Blog","description":"Alle Berichte zum Terrorverfahren in M\u00fcnchen","potentialAction":[{"@type":"SearchAction","target":{"@type":"EntryPoint","urlTemplate":"https:\/\/blog.zeit.de\/nsu-prozess-blog\/?s={search_term_string}"},"query-input":"required name=search_term_string"}],"inLanguage":"de"},{"@type":"Person","@id":"https:\/\/blog.zeit.de\/nsu-prozess-blog\/#\/schema\/person\/553ea9bb5d1fc2ae054c589bd59380a5","name":"Tom Sundermann","image":{"@type":"ImageObject","inLanguage":"de","@id":"https:\/\/blog.zeit.de\/nsu-prozess-blog\/#\/schema\/person\/image\/","url":"https:\/\/secure.gravatar.com\/avatar\/e108a3dc18766f719b2f797dc5d19093f06a1870c55b553ab6b7563f1f9a5e68?s=96&d=mm&r=g","contentUrl":"https:\/\/secure.gravatar.com\/avatar\/e108a3dc18766f719b2f797dc5d19093f06a1870c55b553ab6b7563f1f9a5e68?s=96&d=mm&r=g","caption":"Tom Sundermann"},"sameAs":["https:\/\/twitter.com\/messeticker"],"url":"https:\/\/blog.zeit.de\/nsu-prozess-blog\/author\/tsundermann\/"}]}},"jetpack_featured_media_url":"","jetpack_sharing_enabled":true,"_links":{"self":[{"href":"https:\/\/blog.zeit.de\/nsu-prozess-blog\/wp-json\/wp\/v2\/posts\/9138","targetHints":{"allow":["GET"]}}],"collection":[{"href":"https:\/\/blog.zeit.de\/nsu-prozess-blog\/wp-json\/wp\/v2\/posts"}],"about":[{"href":"https:\/\/blog.zeit.de\/nsu-prozess-blog\/wp-json\/wp\/v2\/types\/post"}],"author":[{"embeddable":true,"href":"https:\/\/blog.zeit.de\/nsu-prozess-blog\/wp-json\/wp\/v2\/users\/435"}],"replies":[{"embeddable":true,"href":"https:\/\/blog.zeit.de\/nsu-prozess-blog\/wp-json\/wp\/v2\/comments?post=9138"}],"version-history":[{"count":2,"href":"https:\/\/blog.zeit.de\/nsu-prozess-blog\/wp-json\/wp\/v2\/posts\/9138\/revisions"}],"predecessor-version":[{"id":9140,"href":"https:\/\/blog.zeit.de\/nsu-prozess-blog\/wp-json\/wp\/v2\/posts\/9138\/revisions\/9140"}],"wp:attachment":[{"href":"https:\/\/blog.zeit.de\/nsu-prozess-blog\/wp-json\/wp\/v2\/media?parent=9138"}],"wp:term":[{"taxonomy":"category","embeddable":true,"href":"https:\/\/blog.zeit.de\/nsu-prozess-blog\/wp-json\/wp\/v2\/categories?post=9138"},{"taxonomy":"post_tag","embeddable":true,"href":"https:\/\/blog.zeit.de\/nsu-prozess-blog\/wp-json\/wp\/v2\/tags?post=9138"}],"curies":[{"name":"wp","href":"https:\/\/api.w.org\/{rel}","templated":true}]}}