{"id":9170,"date":"2015-05-19T08:30:06","date_gmt":"2015-05-19T06:30:06","guid":{"rendered":"http:\/\/blog.zeit.de\/nsu-prozess-blog\/?p=9170"},"modified":"2015-05-19T08:47:55","modified_gmt":"2015-05-19T06:47:55","slug":"medienlog-nsu-nachahmer","status":"publish","type":"post","link":"https:\/\/blog.zeit.de\/nsu-prozess-blog\/2015\/05\/19\/medienlog-nsu-nachahmer\/","title":{"rendered":"Wie Repression die Nazis radikalisierte \u2013 Das Medienlog vom Dienstag, 19. Mai 2015"},"content":{"rendered":"<p>Haben sich andere Rechtsextremisten an den Taten des NSU orientiert? Die Wahrscheinlichkeit ist hoch, wie wir auf <a href=\"https:\/\/blog.zeit.de\/nsu-prozess-blog\/2015\/05\/18\/das-schnittmuster-des-rechten-terrors\/\" target=\"_blank\">ZEIT ONLINE<\/a> anhand von zwei Beispielsf\u00e4llen belegen, darunter die Anschlagspl\u00e4ne der <a href=\"http:\/\/www.zeit.de\/gesellschaft\/zeitgeschehen\/2015-05\/rechtsextremismus-oldschool-society-kontakte\">Oldschool Society<\/a>: &#8222;Die rechtsextreme NSU-Gruppe hatte es von Anfang an darauf angelegt, Nachahmer anzustiften.&#8220; Das k\u00f6nnte nun geschehen sein.<\/p>\n<p>Dass es neben dem NSU weitere rechtsextreme Gruppen wie die\u00a0Oldschool Society gibt, erkl\u00e4rt der Politikwissenschaftler Hans-Gerd Jaschke im <a href=\"http:\/\/dtj-online.de\/das-ist-nsdap-pur-53480\" target=\"_blank\"><em>Deutsch-T\u00fcrkischen Journal<\/em><\/a> mit &#8222;Repression in den 90er Jahren&#8220;. Diese habe die Gruppe aus Beate Zsch\u00e4pe, Uwe Mundlos und Uwe B\u00f6hnhardt in Th\u00fcringen radikalisiert. &#8222;Bei dieser Ausgangskonstellation musste damit gerechnet werden, dass es gewaltbereite rechtsextreme Gruppen geben musste&#8220;, sagt Jaschke dem Magazin. Bis in die neunziger Jahre sei Rechtsextremismus verharmlost worden.<\/p>\n<p>Was den Prozess betrifft, glaubt Jaschke an die grunds\u00e4tzliche Aufkl\u00e4rungsbereitschaft der Beh\u00f6rden. Auch wenn es Einzelne geben k\u00f6nne, die das verhindern wollten. Eine l\u00fcckenlose Aufkl\u00e4rung der NSU-Morde werde es aber nicht geben: &#8222;Ich vermute, dass der Komplex NSU in wesentlichen Fragen unaufgekl\u00e4rt bleiben wird&#8220;, sagt Jaschke.<\/p>\n<p><em>An jedem Werktag sichten wir f\u00fcr das NSU-Prozess-Blog die Medien und stellen wichtige Berichte, Blogs, Videos und Tweets zusammen. Wir freuen uns \u00fcber Hinweise via Twitter mit dem Hashtag #nsublog \u2013 oder per E-Mail an <a href=\"mailto:nsublog@zeit.de\">nsublog@zeit.de<\/a>.<\/em><\/p>\n<p><em>Das n\u00e4chste Medienlog erscheint am Mittwoch, 20. Mai 2015.<\/em><\/p>\n","protected":false},"excerpt":{"rendered":"<p>Haben sich andere Rechtsextremisten an den Taten des NSU orientiert? Die Wahrscheinlichkeit ist hoch, wie wir auf ZEIT ONLINE anhand von zwei Beispielsf\u00e4llen belegen, darunter die Anschlagspl\u00e4ne der Oldschool Society: &#8222;Die rechtsextreme NSU-Gruppe hatte es von Anfang an darauf angelegt, Nachahmer anzustiften.&#8220; Das k\u00f6nnte nun geschehen sein. Dass es neben dem NSU weitere rechtsextreme Gruppen [&hellip;]<\/p>\n","protected":false},"author":435,"featured_media":0,"comment_status":"open","ping_status":"open","sticky":false,"template":"","format":"standard","meta":{"_jetpack_memberships_contains_paid_content":false,"footnotes":""},"categories":[27531],"tags":[33604,29540],"class_list":["post-9170","post","type-post","status-publish","format-standard","hentry","category-medienschau","tag-nachahmer","tag-thueringen"],"yoast_head":"<!-- This site is optimized with the Yoast SEO plugin v21.0 - https:\/\/yoast.com\/wordpress\/plugins\/seo\/ -->\n<title>Wie Repression die Nazis radikalisierte \u2013 Das Medienlog vom Dienstag, 19. Mai 2015 - Das NSU-Prozess-Blog<\/title>\n<meta name=\"robots\" content=\"index, follow, max-snippet:-1, max-image-preview:large, max-video-preview:-1\" \/>\n<link rel=\"canonical\" href=\"https:\/\/blog.zeit.de\/nsu-prozess-blog\/2015\/05\/19\/medienlog-nsu-nachahmer\/\" \/>\n<meta property=\"og:locale\" content=\"de_DE\" \/>\n<meta property=\"og:type\" content=\"article\" \/>\n<meta property=\"og:title\" content=\"Wie Repression die Nazis radikalisierte \u2013 Das Medienlog vom Dienstag, 19. Mai 2015 - Das NSU-Prozess-Blog\" \/>\n<meta property=\"og:description\" content=\"Haben sich andere Rechtsextremisten an den Taten des NSU orientiert? Die Wahrscheinlichkeit ist hoch, wie wir auf ZEIT ONLINE anhand von zwei Beispielsf\u00e4llen belegen, darunter die Anschlagspl\u00e4ne der Oldschool Society: &#8222;Die rechtsextreme NSU-Gruppe hatte es von Anfang an darauf angelegt, Nachahmer anzustiften.&#8220; Das k\u00f6nnte nun geschehen sein. Dass es neben dem NSU weitere rechtsextreme Gruppen [&hellip;]\" \/>\n<meta property=\"og:url\" content=\"https:\/\/blog.zeit.de\/nsu-prozess-blog\/2015\/05\/19\/medienlog-nsu-nachahmer\/\" \/>\n<meta property=\"og:site_name\" content=\"Das NSU-Prozess-Blog\" \/>\n<meta property=\"article:published_time\" content=\"2015-05-19T06:30:06+00:00\" \/>\n<meta property=\"article:modified_time\" content=\"2015-05-19T06:47:55+00:00\" \/>\n<meta name=\"author\" content=\"Tom Sundermann\" \/>\n<meta name=\"twitter:label1\" content=\"Geschrieben von\" \/>\n\t<meta name=\"twitter:data1\" content=\"Tom Sundermann\" \/>\n\t<meta name=\"twitter:label2\" content=\"Gesch\u00e4tzte Lesezeit\" \/>\n\t<meta name=\"twitter:data2\" content=\"1\u00a0Minute\" \/>\n<script type=\"application\/ld+json\" class=\"yoast-schema-graph\">{\"@context\":\"https:\/\/schema.org\",\"@graph\":[{\"@type\":\"WebPage\",\"@id\":\"https:\/\/blog.zeit.de\/nsu-prozess-blog\/2015\/05\/19\/medienlog-nsu-nachahmer\/\",\"url\":\"https:\/\/blog.zeit.de\/nsu-prozess-blog\/2015\/05\/19\/medienlog-nsu-nachahmer\/\",\"name\":\"Wie Repression die Nazis radikalisierte \u2013 Das Medienlog vom Dienstag, 19. Mai 2015 - Das NSU-Prozess-Blog\",\"isPartOf\":{\"@id\":\"https:\/\/blog.zeit.de\/nsu-prozess-blog\/#website\"},\"datePublished\":\"2015-05-19T06:30:06+00:00\",\"dateModified\":\"2015-05-19T06:47:55+00:00\",\"author\":{\"@id\":\"https:\/\/blog.zeit.de\/nsu-prozess-blog\/#\/schema\/person\/553ea9bb5d1fc2ae054c589bd59380a5\"},\"breadcrumb\":{\"@id\":\"https:\/\/blog.zeit.de\/nsu-prozess-blog\/2015\/05\/19\/medienlog-nsu-nachahmer\/#breadcrumb\"},\"inLanguage\":\"de\",\"potentialAction\":[{\"@type\":\"ReadAction\",\"target\":[\"https:\/\/blog.zeit.de\/nsu-prozess-blog\/2015\/05\/19\/medienlog-nsu-nachahmer\/\"]}]},{\"@type\":\"BreadcrumbList\",\"@id\":\"https:\/\/blog.zeit.de\/nsu-prozess-blog\/2015\/05\/19\/medienlog-nsu-nachahmer\/#breadcrumb\",\"itemListElement\":[{\"@type\":\"ListItem\",\"position\":1,\"name\":\"Startseite\",\"item\":\"https:\/\/blog.zeit.de\/nsu-prozess-blog\/\"},{\"@type\":\"ListItem\",\"position\":2,\"name\":\"Wie Repression die Nazis radikalisierte \u2013 Das Medienlog vom Dienstag, 19. Mai 2015\"}]},{\"@type\":\"WebSite\",\"@id\":\"https:\/\/blog.zeit.de\/nsu-prozess-blog\/#website\",\"url\":\"https:\/\/blog.zeit.de\/nsu-prozess-blog\/\",\"name\":\"Das NSU-Prozess-Blog\",\"description\":\"Alle Berichte zum Terrorverfahren in M\u00fcnchen\",\"potentialAction\":[{\"@type\":\"SearchAction\",\"target\":{\"@type\":\"EntryPoint\",\"urlTemplate\":\"https:\/\/blog.zeit.de\/nsu-prozess-blog\/?s={search_term_string}\"},\"query-input\":\"required name=search_term_string\"}],\"inLanguage\":\"de\"},{\"@type\":\"Person\",\"@id\":\"https:\/\/blog.zeit.de\/nsu-prozess-blog\/#\/schema\/person\/553ea9bb5d1fc2ae054c589bd59380a5\",\"name\":\"Tom Sundermann\",\"image\":{\"@type\":\"ImageObject\",\"inLanguage\":\"de\",\"@id\":\"https:\/\/blog.zeit.de\/nsu-prozess-blog\/#\/schema\/person\/image\/\",\"url\":\"https:\/\/secure.gravatar.com\/avatar\/e108a3dc18766f719b2f797dc5d19093f06a1870c55b553ab6b7563f1f9a5e68?s=96&d=mm&r=g\",\"contentUrl\":\"https:\/\/secure.gravatar.com\/avatar\/e108a3dc18766f719b2f797dc5d19093f06a1870c55b553ab6b7563f1f9a5e68?s=96&d=mm&r=g\",\"caption\":\"Tom Sundermann\"},\"sameAs\":[\"https:\/\/twitter.com\/messeticker\"],\"url\":\"https:\/\/blog.zeit.de\/nsu-prozess-blog\/author\/tsundermann\/\"}]}<\/script>\n<!-- \/ Yoast SEO plugin. -->","yoast_head_json":{"title":"Wie Repression die Nazis radikalisierte \u2013 Das Medienlog vom Dienstag, 19. Mai 2015 - Das NSU-Prozess-Blog","robots":{"index":"index","follow":"follow","max-snippet":"max-snippet:-1","max-image-preview":"max-image-preview:large","max-video-preview":"max-video-preview:-1"},"canonical":"https:\/\/blog.zeit.de\/nsu-prozess-blog\/2015\/05\/19\/medienlog-nsu-nachahmer\/","og_locale":"de_DE","og_type":"article","og_title":"Wie Repression die Nazis radikalisierte \u2013 Das Medienlog vom Dienstag, 19. Mai 2015 - Das NSU-Prozess-Blog","og_description":"Haben sich andere Rechtsextremisten an den Taten des NSU orientiert? Die Wahrscheinlichkeit ist hoch, wie wir auf ZEIT ONLINE anhand von zwei Beispielsf\u00e4llen belegen, darunter die Anschlagspl\u00e4ne der Oldschool Society: &#8222;Die rechtsextreme NSU-Gruppe hatte es von Anfang an darauf angelegt, Nachahmer anzustiften.&#8220; Das k\u00f6nnte nun geschehen sein. Dass es neben dem NSU weitere rechtsextreme Gruppen [&hellip;]","og_url":"https:\/\/blog.zeit.de\/nsu-prozess-blog\/2015\/05\/19\/medienlog-nsu-nachahmer\/","og_site_name":"Das NSU-Prozess-Blog","article_published_time":"2015-05-19T06:30:06+00:00","article_modified_time":"2015-05-19T06:47:55+00:00","author":"Tom Sundermann","twitter_misc":{"Geschrieben von":"Tom Sundermann","Gesch\u00e4tzte Lesezeit":"1\u00a0Minute"},"schema":{"@context":"https:\/\/schema.org","@graph":[{"@type":"WebPage","@id":"https:\/\/blog.zeit.de\/nsu-prozess-blog\/2015\/05\/19\/medienlog-nsu-nachahmer\/","url":"https:\/\/blog.zeit.de\/nsu-prozess-blog\/2015\/05\/19\/medienlog-nsu-nachahmer\/","name":"Wie Repression die Nazis radikalisierte \u2013 Das Medienlog vom Dienstag, 19. Mai 2015 - Das NSU-Prozess-Blog","isPartOf":{"@id":"https:\/\/blog.zeit.de\/nsu-prozess-blog\/#website"},"datePublished":"2015-05-19T06:30:06+00:00","dateModified":"2015-05-19T06:47:55+00:00","author":{"@id":"https:\/\/blog.zeit.de\/nsu-prozess-blog\/#\/schema\/person\/553ea9bb5d1fc2ae054c589bd59380a5"},"breadcrumb":{"@id":"https:\/\/blog.zeit.de\/nsu-prozess-blog\/2015\/05\/19\/medienlog-nsu-nachahmer\/#breadcrumb"},"inLanguage":"de","potentialAction":[{"@type":"ReadAction","target":["https:\/\/blog.zeit.de\/nsu-prozess-blog\/2015\/05\/19\/medienlog-nsu-nachahmer\/"]}]},{"@type":"BreadcrumbList","@id":"https:\/\/blog.zeit.de\/nsu-prozess-blog\/2015\/05\/19\/medienlog-nsu-nachahmer\/#breadcrumb","itemListElement":[{"@type":"ListItem","position":1,"name":"Startseite","item":"https:\/\/blog.zeit.de\/nsu-prozess-blog\/"},{"@type":"ListItem","position":2,"name":"Wie Repression die Nazis radikalisierte \u2013 Das Medienlog vom Dienstag, 19. Mai 2015"}]},{"@type":"WebSite","@id":"https:\/\/blog.zeit.de\/nsu-prozess-blog\/#website","url":"https:\/\/blog.zeit.de\/nsu-prozess-blog\/","name":"Das NSU-Prozess-Blog","description":"Alle Berichte zum Terrorverfahren in M\u00fcnchen","potentialAction":[{"@type":"SearchAction","target":{"@type":"EntryPoint","urlTemplate":"https:\/\/blog.zeit.de\/nsu-prozess-blog\/?s={search_term_string}"},"query-input":"required name=search_term_string"}],"inLanguage":"de"},{"@type":"Person","@id":"https:\/\/blog.zeit.de\/nsu-prozess-blog\/#\/schema\/person\/553ea9bb5d1fc2ae054c589bd59380a5","name":"Tom Sundermann","image":{"@type":"ImageObject","inLanguage":"de","@id":"https:\/\/blog.zeit.de\/nsu-prozess-blog\/#\/schema\/person\/image\/","url":"https:\/\/secure.gravatar.com\/avatar\/e108a3dc18766f719b2f797dc5d19093f06a1870c55b553ab6b7563f1f9a5e68?s=96&d=mm&r=g","contentUrl":"https:\/\/secure.gravatar.com\/avatar\/e108a3dc18766f719b2f797dc5d19093f06a1870c55b553ab6b7563f1f9a5e68?s=96&d=mm&r=g","caption":"Tom Sundermann"},"sameAs":["https:\/\/twitter.com\/messeticker"],"url":"https:\/\/blog.zeit.de\/nsu-prozess-blog\/author\/tsundermann\/"}]}},"jetpack_featured_media_url":"","jetpack_sharing_enabled":true,"_links":{"self":[{"href":"https:\/\/blog.zeit.de\/nsu-prozess-blog\/wp-json\/wp\/v2\/posts\/9170","targetHints":{"allow":["GET"]}}],"collection":[{"href":"https:\/\/blog.zeit.de\/nsu-prozess-blog\/wp-json\/wp\/v2\/posts"}],"about":[{"href":"https:\/\/blog.zeit.de\/nsu-prozess-blog\/wp-json\/wp\/v2\/types\/post"}],"author":[{"embeddable":true,"href":"https:\/\/blog.zeit.de\/nsu-prozess-blog\/wp-json\/wp\/v2\/users\/435"}],"replies":[{"embeddable":true,"href":"https:\/\/blog.zeit.de\/nsu-prozess-blog\/wp-json\/wp\/v2\/comments?post=9170"}],"version-history":[{"count":5,"href":"https:\/\/blog.zeit.de\/nsu-prozess-blog\/wp-json\/wp\/v2\/posts\/9170\/revisions"}],"predecessor-version":[{"id":9175,"href":"https:\/\/blog.zeit.de\/nsu-prozess-blog\/wp-json\/wp\/v2\/posts\/9170\/revisions\/9175"}],"wp:attachment":[{"href":"https:\/\/blog.zeit.de\/nsu-prozess-blog\/wp-json\/wp\/v2\/media?parent=9170"}],"wp:term":[{"taxonomy":"category","embeddable":true,"href":"https:\/\/blog.zeit.de\/nsu-prozess-blog\/wp-json\/wp\/v2\/categories?post=9170"},{"taxonomy":"post_tag","embeddable":true,"href":"https:\/\/blog.zeit.de\/nsu-prozess-blog\/wp-json\/wp\/v2\/tags?post=9170"}],"curies":[{"name":"wp","href":"https:\/\/api.w.org\/{rel}","templated":true}]}}