{"id":9201,"date":"2015-05-22T08:02:07","date_gmt":"2015-05-22T06:02:07","guid":{"rendered":"http:\/\/blog.zeit.de\/nsu-prozess-blog\/?p=9201"},"modified":"2015-05-22T16:52:19","modified_gmt":"2015-05-22T14:52:19","slug":"medienlog-mord-halit-yozgat-andreas-t-ladung","status":"publish","type":"post","link":"https:\/\/blog.zeit.de\/nsu-prozess-blog\/2015\/05\/22\/medienlog-mord-halit-yozgat-andreas-t-ladung\/","title":{"rendered":"Kasseler NSU-Mord: Verfassungssch\u00fctzer ist noch nicht vom Haken \u2013 Das Medienlog vom Freitag, 22. Mai 2015"},"content":{"rendered":"<p>Im kommenden Monat wird sich der NSU-Prozess erneut mit dem Mord an <a href=\"http:\/\/www.zeit.de\/gesellschaft\/zeitgeschehen\/2013-10\/ismail-yozgat-nsu-prozess-antworten-kassel-verfassungschutz\">Halit Yozgat<\/a> in Kassel von 2006 besch\u00e4ftigen \u2013 und auch mit dem damals anwesenden Verfassungssch\u00fctzer <a href=\"https:\/\/blog.zeit.de\/nsu-prozess-blog\/2013\/10\/02\/ismail-yozgat-andreas-t\/\">Andreas T.<\/a>: Nach mehreren Vernehmungen muss der 48-J\u00e4hrige erneut als Zeuge aussagen, wie die Nachrichtenagentur <a href=\"http:\/\/www.hna.de\/kassel\/halit-yozgat-per76837\/mord-halit-yozgat-wird-aufgerollt-5034030.html\" target=\"_blank\"><em>dpa<\/em><\/a> berichtet. Neben ihm sind auch andere Mitarbeiter der Beh\u00f6rde geladen, zudem seine Frau. Die Befragung soll unter anderem kl\u00e4ren, ob T. am Tattag eine Plastikt\u00fcte mit einem schweren Gegenstand bei sich trug. Dabei k\u00f6nnte es sich um eine Waffe gehandelt haben. T. galt zwischenzeitlich als Tatverd\u00e4chtiger, wurde jedoch wieder entlassen. An seinen \u00c4u\u00dferungen bestehen bis heute Zweifel.<\/p>\n<p><!--more--><\/p>\n<p><em>An jedem Werktag sichten wir f\u00fcr das NSU-Prozess-Blog die Medien und stellen wichtige Berichte, Blogs, Videos und Tweets zusammen. Wir freuen uns \u00fcber Hinweise via Twitter mit dem Hashtag #nsublog \u2013 oder per E-Mail an <a href=\"mailto:nsublog@zeit.de\">nsublog@zeit.de<\/a>.<\/em><\/p>\n<p>Mit der erneuten Ladung zeige sich, &#8222;dass auch das M\u00fcnchner Oberlandesgericht an der Darstellung von Andreas T. zweifelt&#8220;, schreibt Annette Ramelsberger von der <a href=\"http:\/\/www.sueddeutsche.de\/politik\/nsu-prozess-der-mann-der-angeblich-nichts-gesehen-hat-1.2489459\" target=\"_blank\"><em>S\u00fcddeutschen Zeitung<\/em><\/a>. Auch Kollegen und Polizei h\u00e4tten T. kaum geglaubt, dass dieser nur zuf\u00e4llig am Tatort war. In seinen bislang vier Vernehmungen sei er daher &#8222;bohrend befragt&#8220; worden.<\/p>\n<p>Sonderermittler Jerzy Montag hat die <a href=\"https:\/\/blog.zeit.de\/nsu-prozess-blog\/2014\/10\/07\/medienlog-nsu-cd-corelli-sonderermittler\/\">Untersuchung<\/a> im Fall des verstorbenen V-Manns <a href=\"https:\/\/blog.zeit.de\/nsu-prozess-blog\/2015\/02\/03\/medienlog-corelli-innenausschuss-nrw-cd\/\">Thomas Ri. alias Corelli<\/a> f\u00fcr das Parlamentarische Kontrollgremium des Bundestags abgeschlossen. Montags Bericht zufolge starb der 39-J\u00e4hrige im Fr\u00fchjahr 2014 sehr wahrscheinlich nicht durch Fremdverschulden, wie im <a href=\"http:\/\/www.tagesspiegel.de\/politik\/v-mann-corelli-und-der-nsu-cd-nicht-ausgewertet-verfassungsschutz-handelte-grob-regelwidrig\/11809508.html\" target=\"_blank\"><em>Tagesspiegel<\/em><\/a> nachzulesen ist. Die von der Gerichtsmedizin ermittelte Todesursache, ein unerkannter Diabetes, war mehrfach angezweifelt worden. Die Pr\u00fcfung des Falls ergab auch, dass der Bundesverfassungsschutz eine 2005 von Ri. <a href=\"https:\/\/blog.zeit.de\/nsu-prozess-blog\/2014\/10\/02\/medienlog-verfassungsschutz-cd-nsu-2005\/\">\u00fcbergebene CD<\/a> mit der Aufschrift &#8222;NSU\/NSDAP&#8220; nicht ausgewertet hatte. Dies sei &#8222;grob regelwidrig&#8220; gewesen.<\/p>\n<p><em>Das n\u00e4chste Medienlog erscheint am Dienstag, 26. Mai 2015.<\/em><\/p>\n","protected":false},"excerpt":{"rendered":"<p>Im kommenden Monat wird sich der NSU-Prozess erneut mit dem Mord an Halit Yozgat in Kassel von 2006 besch\u00e4ftigen \u2013 und auch mit dem damals anwesenden Verfassungssch\u00fctzer Andreas T.: Nach mehreren Vernehmungen muss der 48-J\u00e4hrige erneut als Zeuge aussagen, wie die Nachrichtenagentur dpa berichtet. Neben ihm sind auch andere Mitarbeiter der Beh\u00f6rde geladen, zudem seine [&hellip;]<\/p>\n","protected":false},"author":435,"featured_media":0,"comment_status":"open","ping_status":"open","sticky":false,"template":"","format":"standard","meta":{"_jetpack_memberships_contains_paid_content":false,"footnotes":""},"categories":[27531],"tags":[29442,27772,29550,29435,18863,17899,1836],"class_list":["post-9201","post","type-post","status-publish","format-standard","hentry","category-medienschau","tag-andreas-t","tag-bundesverfassungsschutz","tag-corelli","tag-halit-yozgat","tag-kassel","tag-v-mann","tag-verfassungsschutz"],"yoast_head":"<!-- This site is optimized with the Yoast SEO plugin v21.0 - https:\/\/yoast.com\/wordpress\/plugins\/seo\/ -->\n<title>Kasseler NSU-Mord: Verfassungssch\u00fctzer ist noch nicht vom Haken \u2013 Das Medienlog vom Freitag, 22. Mai 2015 - Das NSU-Prozess-Blog<\/title>\n<meta name=\"robots\" content=\"index, follow, max-snippet:-1, max-image-preview:large, max-video-preview:-1\" \/>\n<link rel=\"canonical\" href=\"https:\/\/blog.zeit.de\/nsu-prozess-blog\/2015\/05\/22\/medienlog-mord-halit-yozgat-andreas-t-ladung\/\" \/>\n<meta property=\"og:locale\" content=\"de_DE\" \/>\n<meta property=\"og:type\" content=\"article\" \/>\n<meta property=\"og:title\" content=\"Kasseler NSU-Mord: Verfassungssch\u00fctzer ist noch nicht vom Haken \u2013 Das Medienlog vom Freitag, 22. Mai 2015 - Das NSU-Prozess-Blog\" \/>\n<meta property=\"og:description\" content=\"Im kommenden Monat wird sich der NSU-Prozess erneut mit dem Mord an Halit Yozgat in Kassel von 2006 besch\u00e4ftigen \u2013 und auch mit dem damals anwesenden Verfassungssch\u00fctzer Andreas T.: Nach mehreren Vernehmungen muss der 48-J\u00e4hrige erneut als Zeuge aussagen, wie die Nachrichtenagentur dpa berichtet. Neben ihm sind auch andere Mitarbeiter der Beh\u00f6rde geladen, zudem seine [&hellip;]\" \/>\n<meta property=\"og:url\" content=\"https:\/\/blog.zeit.de\/nsu-prozess-blog\/2015\/05\/22\/medienlog-mord-halit-yozgat-andreas-t-ladung\/\" \/>\n<meta property=\"og:site_name\" content=\"Das NSU-Prozess-Blog\" \/>\n<meta property=\"article:published_time\" content=\"2015-05-22T06:02:07+00:00\" \/>\n<meta property=\"article:modified_time\" content=\"2015-05-22T14:52:19+00:00\" \/>\n<meta name=\"author\" content=\"Tom Sundermann\" \/>\n<meta name=\"twitter:label1\" content=\"Geschrieben von\" \/>\n\t<meta name=\"twitter:data1\" content=\"Tom Sundermann\" \/>\n\t<meta name=\"twitter:label2\" content=\"Gesch\u00e4tzte Lesezeit\" \/>\n\t<meta name=\"twitter:data2\" content=\"1\u00a0Minute\" \/>\n<script type=\"application\/ld+json\" class=\"yoast-schema-graph\">{\"@context\":\"https:\/\/schema.org\",\"@graph\":[{\"@type\":\"WebPage\",\"@id\":\"https:\/\/blog.zeit.de\/nsu-prozess-blog\/2015\/05\/22\/medienlog-mord-halit-yozgat-andreas-t-ladung\/\",\"url\":\"https:\/\/blog.zeit.de\/nsu-prozess-blog\/2015\/05\/22\/medienlog-mord-halit-yozgat-andreas-t-ladung\/\",\"name\":\"Kasseler NSU-Mord: Verfassungssch\u00fctzer ist noch nicht vom Haken \u2013 Das Medienlog vom Freitag, 22. Mai 2015 - Das NSU-Prozess-Blog\",\"isPartOf\":{\"@id\":\"https:\/\/blog.zeit.de\/nsu-prozess-blog\/#website\"},\"datePublished\":\"2015-05-22T06:02:07+00:00\",\"dateModified\":\"2015-05-22T14:52:19+00:00\",\"author\":{\"@id\":\"https:\/\/blog.zeit.de\/nsu-prozess-blog\/#\/schema\/person\/553ea9bb5d1fc2ae054c589bd59380a5\"},\"breadcrumb\":{\"@id\":\"https:\/\/blog.zeit.de\/nsu-prozess-blog\/2015\/05\/22\/medienlog-mord-halit-yozgat-andreas-t-ladung\/#breadcrumb\"},\"inLanguage\":\"de\",\"potentialAction\":[{\"@type\":\"ReadAction\",\"target\":[\"https:\/\/blog.zeit.de\/nsu-prozess-blog\/2015\/05\/22\/medienlog-mord-halit-yozgat-andreas-t-ladung\/\"]}]},{\"@type\":\"BreadcrumbList\",\"@id\":\"https:\/\/blog.zeit.de\/nsu-prozess-blog\/2015\/05\/22\/medienlog-mord-halit-yozgat-andreas-t-ladung\/#breadcrumb\",\"itemListElement\":[{\"@type\":\"ListItem\",\"position\":1,\"name\":\"Startseite\",\"item\":\"https:\/\/blog.zeit.de\/nsu-prozess-blog\/\"},{\"@type\":\"ListItem\",\"position\":2,\"name\":\"Kasseler NSU-Mord: Verfassungssch\u00fctzer ist noch nicht vom Haken \u2013 Das Medienlog vom Freitag, 22. Mai 2015\"}]},{\"@type\":\"WebSite\",\"@id\":\"https:\/\/blog.zeit.de\/nsu-prozess-blog\/#website\",\"url\":\"https:\/\/blog.zeit.de\/nsu-prozess-blog\/\",\"name\":\"Das NSU-Prozess-Blog\",\"description\":\"Alle Berichte zum Terrorverfahren in M\u00fcnchen\",\"potentialAction\":[{\"@type\":\"SearchAction\",\"target\":{\"@type\":\"EntryPoint\",\"urlTemplate\":\"https:\/\/blog.zeit.de\/nsu-prozess-blog\/?s={search_term_string}\"},\"query-input\":\"required name=search_term_string\"}],\"inLanguage\":\"de\"},{\"@type\":\"Person\",\"@id\":\"https:\/\/blog.zeit.de\/nsu-prozess-blog\/#\/schema\/person\/553ea9bb5d1fc2ae054c589bd59380a5\",\"name\":\"Tom Sundermann\",\"image\":{\"@type\":\"ImageObject\",\"inLanguage\":\"de\",\"@id\":\"https:\/\/blog.zeit.de\/nsu-prozess-blog\/#\/schema\/person\/image\/\",\"url\":\"https:\/\/secure.gravatar.com\/avatar\/e108a3dc18766f719b2f797dc5d19093f06a1870c55b553ab6b7563f1f9a5e68?s=96&d=mm&r=g\",\"contentUrl\":\"https:\/\/secure.gravatar.com\/avatar\/e108a3dc18766f719b2f797dc5d19093f06a1870c55b553ab6b7563f1f9a5e68?s=96&d=mm&r=g\",\"caption\":\"Tom Sundermann\"},\"sameAs\":[\"https:\/\/twitter.com\/messeticker\"],\"url\":\"https:\/\/blog.zeit.de\/nsu-prozess-blog\/author\/tsundermann\/\"}]}<\/script>\n<!-- \/ Yoast SEO plugin. -->","yoast_head_json":{"title":"Kasseler NSU-Mord: Verfassungssch\u00fctzer ist noch nicht vom Haken \u2013 Das Medienlog vom Freitag, 22. Mai 2015 - Das NSU-Prozess-Blog","robots":{"index":"index","follow":"follow","max-snippet":"max-snippet:-1","max-image-preview":"max-image-preview:large","max-video-preview":"max-video-preview:-1"},"canonical":"https:\/\/blog.zeit.de\/nsu-prozess-blog\/2015\/05\/22\/medienlog-mord-halit-yozgat-andreas-t-ladung\/","og_locale":"de_DE","og_type":"article","og_title":"Kasseler NSU-Mord: Verfassungssch\u00fctzer ist noch nicht vom Haken \u2013 Das Medienlog vom Freitag, 22. Mai 2015 - Das NSU-Prozess-Blog","og_description":"Im kommenden Monat wird sich der NSU-Prozess erneut mit dem Mord an Halit Yozgat in Kassel von 2006 besch\u00e4ftigen \u2013 und auch mit dem damals anwesenden Verfassungssch\u00fctzer Andreas T.: Nach mehreren Vernehmungen muss der 48-J\u00e4hrige erneut als Zeuge aussagen, wie die Nachrichtenagentur dpa berichtet. Neben ihm sind auch andere Mitarbeiter der Beh\u00f6rde geladen, zudem seine [&hellip;]","og_url":"https:\/\/blog.zeit.de\/nsu-prozess-blog\/2015\/05\/22\/medienlog-mord-halit-yozgat-andreas-t-ladung\/","og_site_name":"Das NSU-Prozess-Blog","article_published_time":"2015-05-22T06:02:07+00:00","article_modified_time":"2015-05-22T14:52:19+00:00","author":"Tom Sundermann","twitter_misc":{"Geschrieben von":"Tom Sundermann","Gesch\u00e4tzte Lesezeit":"1\u00a0Minute"},"schema":{"@context":"https:\/\/schema.org","@graph":[{"@type":"WebPage","@id":"https:\/\/blog.zeit.de\/nsu-prozess-blog\/2015\/05\/22\/medienlog-mord-halit-yozgat-andreas-t-ladung\/","url":"https:\/\/blog.zeit.de\/nsu-prozess-blog\/2015\/05\/22\/medienlog-mord-halit-yozgat-andreas-t-ladung\/","name":"Kasseler NSU-Mord: Verfassungssch\u00fctzer ist noch nicht vom Haken \u2013 Das Medienlog vom Freitag, 22. Mai 2015 - Das NSU-Prozess-Blog","isPartOf":{"@id":"https:\/\/blog.zeit.de\/nsu-prozess-blog\/#website"},"datePublished":"2015-05-22T06:02:07+00:00","dateModified":"2015-05-22T14:52:19+00:00","author":{"@id":"https:\/\/blog.zeit.de\/nsu-prozess-blog\/#\/schema\/person\/553ea9bb5d1fc2ae054c589bd59380a5"},"breadcrumb":{"@id":"https:\/\/blog.zeit.de\/nsu-prozess-blog\/2015\/05\/22\/medienlog-mord-halit-yozgat-andreas-t-ladung\/#breadcrumb"},"inLanguage":"de","potentialAction":[{"@type":"ReadAction","target":["https:\/\/blog.zeit.de\/nsu-prozess-blog\/2015\/05\/22\/medienlog-mord-halit-yozgat-andreas-t-ladung\/"]}]},{"@type":"BreadcrumbList","@id":"https:\/\/blog.zeit.de\/nsu-prozess-blog\/2015\/05\/22\/medienlog-mord-halit-yozgat-andreas-t-ladung\/#breadcrumb","itemListElement":[{"@type":"ListItem","position":1,"name":"Startseite","item":"https:\/\/blog.zeit.de\/nsu-prozess-blog\/"},{"@type":"ListItem","position":2,"name":"Kasseler NSU-Mord: Verfassungssch\u00fctzer ist noch nicht vom Haken \u2013 Das Medienlog vom Freitag, 22. Mai 2015"}]},{"@type":"WebSite","@id":"https:\/\/blog.zeit.de\/nsu-prozess-blog\/#website","url":"https:\/\/blog.zeit.de\/nsu-prozess-blog\/","name":"Das NSU-Prozess-Blog","description":"Alle Berichte zum Terrorverfahren in M\u00fcnchen","potentialAction":[{"@type":"SearchAction","target":{"@type":"EntryPoint","urlTemplate":"https:\/\/blog.zeit.de\/nsu-prozess-blog\/?s={search_term_string}"},"query-input":"required name=search_term_string"}],"inLanguage":"de"},{"@type":"Person","@id":"https:\/\/blog.zeit.de\/nsu-prozess-blog\/#\/schema\/person\/553ea9bb5d1fc2ae054c589bd59380a5","name":"Tom Sundermann","image":{"@type":"ImageObject","inLanguage":"de","@id":"https:\/\/blog.zeit.de\/nsu-prozess-blog\/#\/schema\/person\/image\/","url":"https:\/\/secure.gravatar.com\/avatar\/e108a3dc18766f719b2f797dc5d19093f06a1870c55b553ab6b7563f1f9a5e68?s=96&d=mm&r=g","contentUrl":"https:\/\/secure.gravatar.com\/avatar\/e108a3dc18766f719b2f797dc5d19093f06a1870c55b553ab6b7563f1f9a5e68?s=96&d=mm&r=g","caption":"Tom Sundermann"},"sameAs":["https:\/\/twitter.com\/messeticker"],"url":"https:\/\/blog.zeit.de\/nsu-prozess-blog\/author\/tsundermann\/"}]}},"jetpack_featured_media_url":"","jetpack_sharing_enabled":true,"_links":{"self":[{"href":"https:\/\/blog.zeit.de\/nsu-prozess-blog\/wp-json\/wp\/v2\/posts\/9201","targetHints":{"allow":["GET"]}}],"collection":[{"href":"https:\/\/blog.zeit.de\/nsu-prozess-blog\/wp-json\/wp\/v2\/posts"}],"about":[{"href":"https:\/\/blog.zeit.de\/nsu-prozess-blog\/wp-json\/wp\/v2\/types\/post"}],"author":[{"embeddable":true,"href":"https:\/\/blog.zeit.de\/nsu-prozess-blog\/wp-json\/wp\/v2\/users\/435"}],"replies":[{"embeddable":true,"href":"https:\/\/blog.zeit.de\/nsu-prozess-blog\/wp-json\/wp\/v2\/comments?post=9201"}],"version-history":[{"count":6,"href":"https:\/\/blog.zeit.de\/nsu-prozess-blog\/wp-json\/wp\/v2\/posts\/9201\/revisions"}],"predecessor-version":[{"id":9207,"href":"https:\/\/blog.zeit.de\/nsu-prozess-blog\/wp-json\/wp\/v2\/posts\/9201\/revisions\/9207"}],"wp:attachment":[{"href":"https:\/\/blog.zeit.de\/nsu-prozess-blog\/wp-json\/wp\/v2\/media?parent=9201"}],"wp:term":[{"taxonomy":"category","embeddable":true,"href":"https:\/\/blog.zeit.de\/nsu-prozess-blog\/wp-json\/wp\/v2\/categories?post=9201"},{"taxonomy":"post_tag","embeddable":true,"href":"https:\/\/blog.zeit.de\/nsu-prozess-blog\/wp-json\/wp\/v2\/tags?post=9201"}],"curies":[{"name":"wp","href":"https:\/\/api.w.org\/{rel}","templated":true}]}}