{"id":9226,"date":"2015-06-04T07:51:27","date_gmt":"2015-06-04T05:51:27","guid":{"rendered":"http:\/\/blog.zeit.de\/nsu-prozess-blog\/?p=9226"},"modified":"2015-06-04T07:51:27","modified_gmt":"2015-06-04T05:51:27","slug":"medienlog-nsu-doku","status":"publish","type":"post","link":"https:\/\/blog.zeit.de\/nsu-prozess-blog\/2015\/06\/04\/medienlog-nsu-doku\/","title":{"rendered":"Blick ins Innenleben des NSU \u2013 Das Medienlog vom Donnerstag, 4. Juni 2015"},"content":{"rendered":"<p>Was der NSU getan haben soll, ist bekannt \u2013 wie Beate Zsch\u00e4pe, Uwe Mundlos und Uwe B\u00f6hnhardt dachten und f\u00fchlten, das will die Doku <a href=\"http:\/\/www.zdf.de\/ZDF\/zdfportal\/programdata\/08f09dee-c131-3898-beea-3efa0cea90b0\/20437510\" target=\"_blank\">&#8222;NSU privat&#8220;<\/a> auf <em>ZDF Info<\/em> beantworten. These in Bezug auf die Hauptangeklagte Zsch\u00e4pe ist dabei etwa, dass sie auf der Suche nach Anschluss und Anerkennung in die rechte Szene einstieg. Wenn Denken und F\u00fchlen durch Dritte erl\u00e4utert werden, ist allerdings kaum ein verl\u00e4ssliches Ergebnis zu erwarten. &#8222;F\u00fcr Fragezeichen ist in der Sendung kein Platz&#8220;, urteilt dementsprechend <a href=\"http:\/\/www.swr.de\/blog\/terrorismus\/2015\/06\/03\/warum-so-kompliziert-zdf-doku-beendet-den-nsu-prozess\/\" target=\"_blank\"><em>SWR<\/em><\/a>-Korrespondent Holger Schmidt. Er habe selten &#8222;eine so krasse Verletzung der Unschuldsvermutung&#8220; gesehen. Umso wichtiger sei, dass das Urteil anhand einer ersch\u00f6pfenden Beweisaufnahme gef\u00e4llt werde.<\/p>\n<p><em>An jedem Werktag sichten wir f\u00fcr das NSU-Prozess-Blog die Medien und stellen wichtige Berichte, Blogs, Videos und Tweets zusammen. Wir freuen uns \u00fcber Hinweise via Twitter mit dem Hashtag #nsublog \u2013 oder per E-Mail an <a href=\"mailto:nsublog@zeit.de\">nsublog@zeit.de<\/a>.<\/em><\/p>\n<p><em>Das n\u00e4chste Medienlog erscheint am Freitag, 5. Juni 2015.<\/em><\/p>\n","protected":false},"excerpt":{"rendered":"<p>Was der NSU getan haben soll, ist bekannt \u2013 wie Beate Zsch\u00e4pe, Uwe Mundlos und Uwe B\u00f6hnhardt dachten und f\u00fchlten, das will die Doku &#8222;NSU privat&#8220; auf ZDF Info beantworten. These in Bezug auf die Hauptangeklagte Zsch\u00e4pe ist dabei etwa, dass sie auf der Suche nach Anschluss und Anerkennung in die rechte Szene einstieg. Wenn [&hellip;]<\/p>\n","protected":false},"author":435,"featured_media":0,"comment_status":"open","ping_status":"open","sticky":false,"template":"","format":"standard","meta":{"_jetpack_memberships_contains_paid_content":false,"footnotes":""},"categories":[27531],"tags":[17793,27567,35355],"class_list":["post-9226","post","type-post","status-publish","format-standard","hentry","category-medienschau","tag-beate-zschape","tag-holger-schmidt","tag-unschuldsvermutung"],"yoast_head":"<!-- This site is optimized with the Yoast SEO plugin v21.0 - https:\/\/yoast.com\/wordpress\/plugins\/seo\/ -->\n<title>Blick ins Innenleben des NSU \u2013 Das Medienlog vom Donnerstag, 4. Juni 2015 - Das NSU-Prozess-Blog<\/title>\n<meta name=\"robots\" content=\"index, follow, max-snippet:-1, max-image-preview:large, max-video-preview:-1\" \/>\n<link rel=\"canonical\" href=\"https:\/\/blog.zeit.de\/nsu-prozess-blog\/2015\/06\/04\/medienlog-nsu-doku\/\" \/>\n<meta property=\"og:locale\" content=\"de_DE\" \/>\n<meta property=\"og:type\" content=\"article\" \/>\n<meta property=\"og:title\" content=\"Blick ins Innenleben des NSU \u2013 Das Medienlog vom Donnerstag, 4. Juni 2015 - Das NSU-Prozess-Blog\" \/>\n<meta property=\"og:description\" content=\"Was der NSU getan haben soll, ist bekannt \u2013 wie Beate Zsch\u00e4pe, Uwe Mundlos und Uwe B\u00f6hnhardt dachten und f\u00fchlten, das will die Doku &#8222;NSU privat&#8220; auf ZDF Info beantworten. These in Bezug auf die Hauptangeklagte Zsch\u00e4pe ist dabei etwa, dass sie auf der Suche nach Anschluss und Anerkennung in die rechte Szene einstieg. Wenn [&hellip;]\" \/>\n<meta property=\"og:url\" content=\"https:\/\/blog.zeit.de\/nsu-prozess-blog\/2015\/06\/04\/medienlog-nsu-doku\/\" \/>\n<meta property=\"og:site_name\" content=\"Das NSU-Prozess-Blog\" \/>\n<meta property=\"article:published_time\" content=\"2015-06-04T05:51:27+00:00\" \/>\n<meta name=\"author\" content=\"Tom Sundermann\" \/>\n<meta name=\"twitter:label1\" content=\"Geschrieben von\" \/>\n\t<meta name=\"twitter:data1\" content=\"Tom Sundermann\" \/>\n\t<meta name=\"twitter:label2\" content=\"Gesch\u00e4tzte Lesezeit\" \/>\n\t<meta name=\"twitter:data2\" content=\"1\u00a0Minute\" \/>\n<script type=\"application\/ld+json\" class=\"yoast-schema-graph\">{\"@context\":\"https:\/\/schema.org\",\"@graph\":[{\"@type\":\"WebPage\",\"@id\":\"https:\/\/blog.zeit.de\/nsu-prozess-blog\/2015\/06\/04\/medienlog-nsu-doku\/\",\"url\":\"https:\/\/blog.zeit.de\/nsu-prozess-blog\/2015\/06\/04\/medienlog-nsu-doku\/\",\"name\":\"Blick ins Innenleben des NSU \u2013 Das Medienlog vom Donnerstag, 4. Juni 2015 - Das NSU-Prozess-Blog\",\"isPartOf\":{\"@id\":\"https:\/\/blog.zeit.de\/nsu-prozess-blog\/#website\"},\"datePublished\":\"2015-06-04T05:51:27+00:00\",\"dateModified\":\"2015-06-04T05:51:27+00:00\",\"author\":{\"@id\":\"https:\/\/blog.zeit.de\/nsu-prozess-blog\/#\/schema\/person\/553ea9bb5d1fc2ae054c589bd59380a5\"},\"breadcrumb\":{\"@id\":\"https:\/\/blog.zeit.de\/nsu-prozess-blog\/2015\/06\/04\/medienlog-nsu-doku\/#breadcrumb\"},\"inLanguage\":\"de\",\"potentialAction\":[{\"@type\":\"ReadAction\",\"target\":[\"https:\/\/blog.zeit.de\/nsu-prozess-blog\/2015\/06\/04\/medienlog-nsu-doku\/\"]}]},{\"@type\":\"BreadcrumbList\",\"@id\":\"https:\/\/blog.zeit.de\/nsu-prozess-blog\/2015\/06\/04\/medienlog-nsu-doku\/#breadcrumb\",\"itemListElement\":[{\"@type\":\"ListItem\",\"position\":1,\"name\":\"Startseite\",\"item\":\"https:\/\/blog.zeit.de\/nsu-prozess-blog\/\"},{\"@type\":\"ListItem\",\"position\":2,\"name\":\"Blick ins Innenleben des NSU \u2013 Das Medienlog vom Donnerstag, 4. Juni 2015\"}]},{\"@type\":\"WebSite\",\"@id\":\"https:\/\/blog.zeit.de\/nsu-prozess-blog\/#website\",\"url\":\"https:\/\/blog.zeit.de\/nsu-prozess-blog\/\",\"name\":\"Das NSU-Prozess-Blog\",\"description\":\"Alle Berichte zum Terrorverfahren in M\u00fcnchen\",\"potentialAction\":[{\"@type\":\"SearchAction\",\"target\":{\"@type\":\"EntryPoint\",\"urlTemplate\":\"https:\/\/blog.zeit.de\/nsu-prozess-blog\/?s={search_term_string}\"},\"query-input\":\"required name=search_term_string\"}],\"inLanguage\":\"de\"},{\"@type\":\"Person\",\"@id\":\"https:\/\/blog.zeit.de\/nsu-prozess-blog\/#\/schema\/person\/553ea9bb5d1fc2ae054c589bd59380a5\",\"name\":\"Tom Sundermann\",\"image\":{\"@type\":\"ImageObject\",\"inLanguage\":\"de\",\"@id\":\"https:\/\/blog.zeit.de\/nsu-prozess-blog\/#\/schema\/person\/image\/\",\"url\":\"https:\/\/secure.gravatar.com\/avatar\/e108a3dc18766f719b2f797dc5d19093f06a1870c55b553ab6b7563f1f9a5e68?s=96&d=mm&r=g\",\"contentUrl\":\"https:\/\/secure.gravatar.com\/avatar\/e108a3dc18766f719b2f797dc5d19093f06a1870c55b553ab6b7563f1f9a5e68?s=96&d=mm&r=g\",\"caption\":\"Tom Sundermann\"},\"sameAs\":[\"https:\/\/twitter.com\/messeticker\"],\"url\":\"https:\/\/blog.zeit.de\/nsu-prozess-blog\/author\/tsundermann\/\"}]}<\/script>\n<!-- \/ Yoast SEO plugin. -->","yoast_head_json":{"title":"Blick ins Innenleben des NSU \u2013 Das Medienlog vom Donnerstag, 4. Juni 2015 - Das NSU-Prozess-Blog","robots":{"index":"index","follow":"follow","max-snippet":"max-snippet:-1","max-image-preview":"max-image-preview:large","max-video-preview":"max-video-preview:-1"},"canonical":"https:\/\/blog.zeit.de\/nsu-prozess-blog\/2015\/06\/04\/medienlog-nsu-doku\/","og_locale":"de_DE","og_type":"article","og_title":"Blick ins Innenleben des NSU \u2013 Das Medienlog vom Donnerstag, 4. Juni 2015 - Das NSU-Prozess-Blog","og_description":"Was der NSU getan haben soll, ist bekannt \u2013 wie Beate Zsch\u00e4pe, Uwe Mundlos und Uwe B\u00f6hnhardt dachten und f\u00fchlten, das will die Doku &#8222;NSU privat&#8220; auf ZDF Info beantworten. These in Bezug auf die Hauptangeklagte Zsch\u00e4pe ist dabei etwa, dass sie auf der Suche nach Anschluss und Anerkennung in die rechte Szene einstieg. Wenn [&hellip;]","og_url":"https:\/\/blog.zeit.de\/nsu-prozess-blog\/2015\/06\/04\/medienlog-nsu-doku\/","og_site_name":"Das NSU-Prozess-Blog","article_published_time":"2015-06-04T05:51:27+00:00","author":"Tom Sundermann","twitter_misc":{"Geschrieben von":"Tom Sundermann","Gesch\u00e4tzte Lesezeit":"1\u00a0Minute"},"schema":{"@context":"https:\/\/schema.org","@graph":[{"@type":"WebPage","@id":"https:\/\/blog.zeit.de\/nsu-prozess-blog\/2015\/06\/04\/medienlog-nsu-doku\/","url":"https:\/\/blog.zeit.de\/nsu-prozess-blog\/2015\/06\/04\/medienlog-nsu-doku\/","name":"Blick ins Innenleben des NSU \u2013 Das Medienlog vom Donnerstag, 4. Juni 2015 - Das NSU-Prozess-Blog","isPartOf":{"@id":"https:\/\/blog.zeit.de\/nsu-prozess-blog\/#website"},"datePublished":"2015-06-04T05:51:27+00:00","dateModified":"2015-06-04T05:51:27+00:00","author":{"@id":"https:\/\/blog.zeit.de\/nsu-prozess-blog\/#\/schema\/person\/553ea9bb5d1fc2ae054c589bd59380a5"},"breadcrumb":{"@id":"https:\/\/blog.zeit.de\/nsu-prozess-blog\/2015\/06\/04\/medienlog-nsu-doku\/#breadcrumb"},"inLanguage":"de","potentialAction":[{"@type":"ReadAction","target":["https:\/\/blog.zeit.de\/nsu-prozess-blog\/2015\/06\/04\/medienlog-nsu-doku\/"]}]},{"@type":"BreadcrumbList","@id":"https:\/\/blog.zeit.de\/nsu-prozess-blog\/2015\/06\/04\/medienlog-nsu-doku\/#breadcrumb","itemListElement":[{"@type":"ListItem","position":1,"name":"Startseite","item":"https:\/\/blog.zeit.de\/nsu-prozess-blog\/"},{"@type":"ListItem","position":2,"name":"Blick ins Innenleben des NSU \u2013 Das Medienlog vom Donnerstag, 4. Juni 2015"}]},{"@type":"WebSite","@id":"https:\/\/blog.zeit.de\/nsu-prozess-blog\/#website","url":"https:\/\/blog.zeit.de\/nsu-prozess-blog\/","name":"Das NSU-Prozess-Blog","description":"Alle Berichte zum Terrorverfahren in M\u00fcnchen","potentialAction":[{"@type":"SearchAction","target":{"@type":"EntryPoint","urlTemplate":"https:\/\/blog.zeit.de\/nsu-prozess-blog\/?s={search_term_string}"},"query-input":"required name=search_term_string"}],"inLanguage":"de"},{"@type":"Person","@id":"https:\/\/blog.zeit.de\/nsu-prozess-blog\/#\/schema\/person\/553ea9bb5d1fc2ae054c589bd59380a5","name":"Tom Sundermann","image":{"@type":"ImageObject","inLanguage":"de","@id":"https:\/\/blog.zeit.de\/nsu-prozess-blog\/#\/schema\/person\/image\/","url":"https:\/\/secure.gravatar.com\/avatar\/e108a3dc18766f719b2f797dc5d19093f06a1870c55b553ab6b7563f1f9a5e68?s=96&d=mm&r=g","contentUrl":"https:\/\/secure.gravatar.com\/avatar\/e108a3dc18766f719b2f797dc5d19093f06a1870c55b553ab6b7563f1f9a5e68?s=96&d=mm&r=g","caption":"Tom Sundermann"},"sameAs":["https:\/\/twitter.com\/messeticker"],"url":"https:\/\/blog.zeit.de\/nsu-prozess-blog\/author\/tsundermann\/"}]}},"jetpack_featured_media_url":"","jetpack_sharing_enabled":true,"_links":{"self":[{"href":"https:\/\/blog.zeit.de\/nsu-prozess-blog\/wp-json\/wp\/v2\/posts\/9226","targetHints":{"allow":["GET"]}}],"collection":[{"href":"https:\/\/blog.zeit.de\/nsu-prozess-blog\/wp-json\/wp\/v2\/posts"}],"about":[{"href":"https:\/\/blog.zeit.de\/nsu-prozess-blog\/wp-json\/wp\/v2\/types\/post"}],"author":[{"embeddable":true,"href":"https:\/\/blog.zeit.de\/nsu-prozess-blog\/wp-json\/wp\/v2\/users\/435"}],"replies":[{"embeddable":true,"href":"https:\/\/blog.zeit.de\/nsu-prozess-blog\/wp-json\/wp\/v2\/comments?post=9226"}],"version-history":[{"count":3,"href":"https:\/\/blog.zeit.de\/nsu-prozess-blog\/wp-json\/wp\/v2\/posts\/9226\/revisions"}],"predecessor-version":[{"id":9229,"href":"https:\/\/blog.zeit.de\/nsu-prozess-blog\/wp-json\/wp\/v2\/posts\/9226\/revisions\/9229"}],"wp:attachment":[{"href":"https:\/\/blog.zeit.de\/nsu-prozess-blog\/wp-json\/wp\/v2\/media?parent=9226"}],"wp:term":[{"taxonomy":"category","embeddable":true,"href":"https:\/\/blog.zeit.de\/nsu-prozess-blog\/wp-json\/wp\/v2\/categories?post=9226"},{"taxonomy":"post_tag","embeddable":true,"href":"https:\/\/blog.zeit.de\/nsu-prozess-blog\/wp-json\/wp\/v2\/tags?post=9226"}],"curies":[{"name":"wp","href":"https:\/\/api.w.org\/{rel}","templated":true}]}}