{"id":9232,"date":"2015-06-08T07:54:43","date_gmt":"2015-06-08T05:54:43","guid":{"rendered":"http:\/\/blog.zeit.de\/nsu-prozess-blog\/?p=9232"},"modified":"2015-06-08T08:51:23","modified_gmt":"2015-06-08T06:51:23","slug":"medienlog-andreas-t-schmauchspur-nsu","status":"publish","type":"post","link":"https:\/\/blog.zeit.de\/nsu-prozess-blog\/2015\/06\/08\/medienlog-andreas-t-schmauchspur-nsu\/","title":{"rendered":"Verd\u00e4chtige Schmauchspur belastet Verfassungssch\u00fctzer \u2013 Das Medienlog vom Montag, 8. Juni 2015"},"content":{"rendered":"<p>Der ehemalige hessische Verfassungssch\u00fctzer <a href=\"https:\/\/blog.zeit.de\/nsu-prozess-blog\/2015\/05\/22\/medienlog-mord-halit-yozgat-andreas-t-ladung\/\">Andreas T.<\/a> muss in der \u00fcbern\u00e4chsten Woche erneut vor Gericht aussagen. Grund daf\u00fcr ist eine Schmauchspur, die die Polizei an T.s Handschuhen fand, jedoch nicht weiter untersuchte, wie Jens Eumann von der Chemnitzer <a href=\"http:\/\/www.freiepresse.de\/NACHRICHTEN\/TOP-THEMA\/NSU-Neue-Spuren-belasten-V-Mann-Fuehrer-artikel9214876.php\" target=\"_blank\"><em>Freien Presse<\/em><\/a> berichtet. T. hatte sich 2006 beim Mord an Halit Yozgat in dessen Internetcaf\u00e9 in Kassel aufgehalten und galt zeitweilig als Tatverd\u00e4chtiger.<\/p>\n<p>Die hessische Polizei interessierte sich demnach f\u00fcr das Indiz, wurde jedoch vom BKA gestoppt \u2013 mit dem Argument, dass T. als Sportsch\u00fctze \u00fcblicherweise mit Schmauch in Kontakt komme. &#8222;Allerdings lie\u00df man au\u00dfer Acht, dass besagte Schmauchspur eine un\u00fcbliche chemische Zusammensetzung aufwies&#8220;, hei\u00dft es. Sie passte zu der Munition, die die NSU-T\u00e4ter mit der Pistole vom Typ Ceska verwendeten.<\/p>\n<p><em>An jedem Werktag sichten wir f\u00fcr das NSU-Prozess-Blog die Medien und stellen wichtige Berichte, Blogs, Videos und Tweets zusammen. Wir freuen uns \u00fcber Hinweise via Twitter mit dem Hashtag #nsublog \u2013 oder per E-Mail an <a href=\"mailto:nsublog@zeit.de\">nsublog@zeit.de<\/a>.<\/em><\/p>\n<p><em>Das n\u00e4chste Medienlog erscheint am Dienstag, 9. Juni 2015.<\/em><\/p>\n","protected":false},"excerpt":{"rendered":"<p>Der ehemalige hessische Verfassungssch\u00fctzer Andreas T. muss in der \u00fcbern\u00e4chsten Woche erneut vor Gericht aussagen. Grund daf\u00fcr ist eine Schmauchspur, die die Polizei an T.s Handschuhen fand, jedoch nicht weiter untersuchte, wie Jens Eumann von der Chemnitzer Freien Presse berichtet. T. hatte sich 2006 beim Mord an Halit Yozgat in dessen Internetcaf\u00e9 in Kassel aufgehalten [&hellip;]<\/p>\n","protected":false},"author":435,"featured_media":0,"comment_status":"open","ping_status":"open","sticky":false,"template":"","format":"standard","meta":{"_jetpack_memberships_contains_paid_content":false,"footnotes":""},"categories":[27531],"tags":[29442,27568,29435,1453,18863,35356,1836,29492],"class_list":["post-9232","post","type-post","status-publish","format-standard","hentry","category-medienschau","tag-andreas-t","tag-ceska","tag-halit-yozgat","tag-hessen","tag-kassel","tag-schmauchspur","tag-verfassungsschutz","tag-waffe"],"yoast_head":"<!-- This site is optimized with the Yoast SEO plugin v21.0 - https:\/\/yoast.com\/wordpress\/plugins\/seo\/ -->\n<title>Verd\u00e4chtige Schmauchspur belastet Verfassungssch\u00fctzer \u2013 Das Medienlog vom Montag, 8. Juni 2015 - Das NSU-Prozess-Blog<\/title>\n<meta name=\"robots\" content=\"index, follow, max-snippet:-1, max-image-preview:large, max-video-preview:-1\" \/>\n<link rel=\"canonical\" href=\"https:\/\/blog.zeit.de\/nsu-prozess-blog\/2015\/06\/08\/medienlog-andreas-t-schmauchspur-nsu\/\" \/>\n<meta property=\"og:locale\" content=\"de_DE\" \/>\n<meta property=\"og:type\" content=\"article\" \/>\n<meta property=\"og:title\" content=\"Verd\u00e4chtige Schmauchspur belastet Verfassungssch\u00fctzer \u2013 Das Medienlog vom Montag, 8. Juni 2015 - Das NSU-Prozess-Blog\" \/>\n<meta property=\"og:description\" content=\"Der ehemalige hessische Verfassungssch\u00fctzer Andreas T. muss in der \u00fcbern\u00e4chsten Woche erneut vor Gericht aussagen. Grund daf\u00fcr ist eine Schmauchspur, die die Polizei an T.s Handschuhen fand, jedoch nicht weiter untersuchte, wie Jens Eumann von der Chemnitzer Freien Presse berichtet. T. hatte sich 2006 beim Mord an Halit Yozgat in dessen Internetcaf\u00e9 in Kassel aufgehalten [&hellip;]\" \/>\n<meta property=\"og:url\" content=\"https:\/\/blog.zeit.de\/nsu-prozess-blog\/2015\/06\/08\/medienlog-andreas-t-schmauchspur-nsu\/\" \/>\n<meta property=\"og:site_name\" content=\"Das NSU-Prozess-Blog\" \/>\n<meta property=\"article:published_time\" content=\"2015-06-08T05:54:43+00:00\" \/>\n<meta property=\"article:modified_time\" content=\"2015-06-08T06:51:23+00:00\" \/>\n<meta name=\"author\" content=\"Tom Sundermann\" \/>\n<meta name=\"twitter:label1\" content=\"Geschrieben von\" \/>\n\t<meta name=\"twitter:data1\" content=\"Tom Sundermann\" \/>\n\t<meta name=\"twitter:label2\" content=\"Gesch\u00e4tzte Lesezeit\" \/>\n\t<meta name=\"twitter:data2\" content=\"1\u00a0Minute\" \/>\n<script type=\"application\/ld+json\" class=\"yoast-schema-graph\">{\"@context\":\"https:\/\/schema.org\",\"@graph\":[{\"@type\":\"WebPage\",\"@id\":\"https:\/\/blog.zeit.de\/nsu-prozess-blog\/2015\/06\/08\/medienlog-andreas-t-schmauchspur-nsu\/\",\"url\":\"https:\/\/blog.zeit.de\/nsu-prozess-blog\/2015\/06\/08\/medienlog-andreas-t-schmauchspur-nsu\/\",\"name\":\"Verd\u00e4chtige Schmauchspur belastet Verfassungssch\u00fctzer \u2013 Das Medienlog vom Montag, 8. Juni 2015 - Das NSU-Prozess-Blog\",\"isPartOf\":{\"@id\":\"https:\/\/blog.zeit.de\/nsu-prozess-blog\/#website\"},\"datePublished\":\"2015-06-08T05:54:43+00:00\",\"dateModified\":\"2015-06-08T06:51:23+00:00\",\"author\":{\"@id\":\"https:\/\/blog.zeit.de\/nsu-prozess-blog\/#\/schema\/person\/553ea9bb5d1fc2ae054c589bd59380a5\"},\"breadcrumb\":{\"@id\":\"https:\/\/blog.zeit.de\/nsu-prozess-blog\/2015\/06\/08\/medienlog-andreas-t-schmauchspur-nsu\/#breadcrumb\"},\"inLanguage\":\"de\",\"potentialAction\":[{\"@type\":\"ReadAction\",\"target\":[\"https:\/\/blog.zeit.de\/nsu-prozess-blog\/2015\/06\/08\/medienlog-andreas-t-schmauchspur-nsu\/\"]}]},{\"@type\":\"BreadcrumbList\",\"@id\":\"https:\/\/blog.zeit.de\/nsu-prozess-blog\/2015\/06\/08\/medienlog-andreas-t-schmauchspur-nsu\/#breadcrumb\",\"itemListElement\":[{\"@type\":\"ListItem\",\"position\":1,\"name\":\"Startseite\",\"item\":\"https:\/\/blog.zeit.de\/nsu-prozess-blog\/\"},{\"@type\":\"ListItem\",\"position\":2,\"name\":\"Verd\u00e4chtige Schmauchspur belastet Verfassungssch\u00fctzer \u2013 Das Medienlog vom Montag, 8. Juni 2015\"}]},{\"@type\":\"WebSite\",\"@id\":\"https:\/\/blog.zeit.de\/nsu-prozess-blog\/#website\",\"url\":\"https:\/\/blog.zeit.de\/nsu-prozess-blog\/\",\"name\":\"Das NSU-Prozess-Blog\",\"description\":\"Alle Berichte zum Terrorverfahren in M\u00fcnchen\",\"potentialAction\":[{\"@type\":\"SearchAction\",\"target\":{\"@type\":\"EntryPoint\",\"urlTemplate\":\"https:\/\/blog.zeit.de\/nsu-prozess-blog\/?s={search_term_string}\"},\"query-input\":\"required name=search_term_string\"}],\"inLanguage\":\"de\"},{\"@type\":\"Person\",\"@id\":\"https:\/\/blog.zeit.de\/nsu-prozess-blog\/#\/schema\/person\/553ea9bb5d1fc2ae054c589bd59380a5\",\"name\":\"Tom Sundermann\",\"image\":{\"@type\":\"ImageObject\",\"inLanguage\":\"de\",\"@id\":\"https:\/\/blog.zeit.de\/nsu-prozess-blog\/#\/schema\/person\/image\/\",\"url\":\"https:\/\/secure.gravatar.com\/avatar\/e108a3dc18766f719b2f797dc5d19093f06a1870c55b553ab6b7563f1f9a5e68?s=96&d=mm&r=g\",\"contentUrl\":\"https:\/\/secure.gravatar.com\/avatar\/e108a3dc18766f719b2f797dc5d19093f06a1870c55b553ab6b7563f1f9a5e68?s=96&d=mm&r=g\",\"caption\":\"Tom Sundermann\"},\"sameAs\":[\"https:\/\/twitter.com\/messeticker\"],\"url\":\"https:\/\/blog.zeit.de\/nsu-prozess-blog\/author\/tsundermann\/\"}]}<\/script>\n<!-- \/ Yoast SEO plugin. -->","yoast_head_json":{"title":"Verd\u00e4chtige Schmauchspur belastet Verfassungssch\u00fctzer \u2013 Das Medienlog vom Montag, 8. Juni 2015 - Das NSU-Prozess-Blog","robots":{"index":"index","follow":"follow","max-snippet":"max-snippet:-1","max-image-preview":"max-image-preview:large","max-video-preview":"max-video-preview:-1"},"canonical":"https:\/\/blog.zeit.de\/nsu-prozess-blog\/2015\/06\/08\/medienlog-andreas-t-schmauchspur-nsu\/","og_locale":"de_DE","og_type":"article","og_title":"Verd\u00e4chtige Schmauchspur belastet Verfassungssch\u00fctzer \u2013 Das Medienlog vom Montag, 8. Juni 2015 - Das NSU-Prozess-Blog","og_description":"Der ehemalige hessische Verfassungssch\u00fctzer Andreas T. muss in der \u00fcbern\u00e4chsten Woche erneut vor Gericht aussagen. Grund daf\u00fcr ist eine Schmauchspur, die die Polizei an T.s Handschuhen fand, jedoch nicht weiter untersuchte, wie Jens Eumann von der Chemnitzer Freien Presse berichtet. T. hatte sich 2006 beim Mord an Halit Yozgat in dessen Internetcaf\u00e9 in Kassel aufgehalten [&hellip;]","og_url":"https:\/\/blog.zeit.de\/nsu-prozess-blog\/2015\/06\/08\/medienlog-andreas-t-schmauchspur-nsu\/","og_site_name":"Das NSU-Prozess-Blog","article_published_time":"2015-06-08T05:54:43+00:00","article_modified_time":"2015-06-08T06:51:23+00:00","author":"Tom Sundermann","twitter_misc":{"Geschrieben von":"Tom Sundermann","Gesch\u00e4tzte Lesezeit":"1\u00a0Minute"},"schema":{"@context":"https:\/\/schema.org","@graph":[{"@type":"WebPage","@id":"https:\/\/blog.zeit.de\/nsu-prozess-blog\/2015\/06\/08\/medienlog-andreas-t-schmauchspur-nsu\/","url":"https:\/\/blog.zeit.de\/nsu-prozess-blog\/2015\/06\/08\/medienlog-andreas-t-schmauchspur-nsu\/","name":"Verd\u00e4chtige Schmauchspur belastet Verfassungssch\u00fctzer \u2013 Das Medienlog vom Montag, 8. Juni 2015 - Das NSU-Prozess-Blog","isPartOf":{"@id":"https:\/\/blog.zeit.de\/nsu-prozess-blog\/#website"},"datePublished":"2015-06-08T05:54:43+00:00","dateModified":"2015-06-08T06:51:23+00:00","author":{"@id":"https:\/\/blog.zeit.de\/nsu-prozess-blog\/#\/schema\/person\/553ea9bb5d1fc2ae054c589bd59380a5"},"breadcrumb":{"@id":"https:\/\/blog.zeit.de\/nsu-prozess-blog\/2015\/06\/08\/medienlog-andreas-t-schmauchspur-nsu\/#breadcrumb"},"inLanguage":"de","potentialAction":[{"@type":"ReadAction","target":["https:\/\/blog.zeit.de\/nsu-prozess-blog\/2015\/06\/08\/medienlog-andreas-t-schmauchspur-nsu\/"]}]},{"@type":"BreadcrumbList","@id":"https:\/\/blog.zeit.de\/nsu-prozess-blog\/2015\/06\/08\/medienlog-andreas-t-schmauchspur-nsu\/#breadcrumb","itemListElement":[{"@type":"ListItem","position":1,"name":"Startseite","item":"https:\/\/blog.zeit.de\/nsu-prozess-blog\/"},{"@type":"ListItem","position":2,"name":"Verd\u00e4chtige Schmauchspur belastet Verfassungssch\u00fctzer \u2013 Das Medienlog vom Montag, 8. Juni 2015"}]},{"@type":"WebSite","@id":"https:\/\/blog.zeit.de\/nsu-prozess-blog\/#website","url":"https:\/\/blog.zeit.de\/nsu-prozess-blog\/","name":"Das NSU-Prozess-Blog","description":"Alle Berichte zum Terrorverfahren in M\u00fcnchen","potentialAction":[{"@type":"SearchAction","target":{"@type":"EntryPoint","urlTemplate":"https:\/\/blog.zeit.de\/nsu-prozess-blog\/?s={search_term_string}"},"query-input":"required name=search_term_string"}],"inLanguage":"de"},{"@type":"Person","@id":"https:\/\/blog.zeit.de\/nsu-prozess-blog\/#\/schema\/person\/553ea9bb5d1fc2ae054c589bd59380a5","name":"Tom Sundermann","image":{"@type":"ImageObject","inLanguage":"de","@id":"https:\/\/blog.zeit.de\/nsu-prozess-blog\/#\/schema\/person\/image\/","url":"https:\/\/secure.gravatar.com\/avatar\/e108a3dc18766f719b2f797dc5d19093f06a1870c55b553ab6b7563f1f9a5e68?s=96&d=mm&r=g","contentUrl":"https:\/\/secure.gravatar.com\/avatar\/e108a3dc18766f719b2f797dc5d19093f06a1870c55b553ab6b7563f1f9a5e68?s=96&d=mm&r=g","caption":"Tom Sundermann"},"sameAs":["https:\/\/twitter.com\/messeticker"],"url":"https:\/\/blog.zeit.de\/nsu-prozess-blog\/author\/tsundermann\/"}]}},"jetpack_featured_media_url":"","jetpack_sharing_enabled":true,"_links":{"self":[{"href":"https:\/\/blog.zeit.de\/nsu-prozess-blog\/wp-json\/wp\/v2\/posts\/9232","targetHints":{"allow":["GET"]}}],"collection":[{"href":"https:\/\/blog.zeit.de\/nsu-prozess-blog\/wp-json\/wp\/v2\/posts"}],"about":[{"href":"https:\/\/blog.zeit.de\/nsu-prozess-blog\/wp-json\/wp\/v2\/types\/post"}],"author":[{"embeddable":true,"href":"https:\/\/blog.zeit.de\/nsu-prozess-blog\/wp-json\/wp\/v2\/users\/435"}],"replies":[{"embeddable":true,"href":"https:\/\/blog.zeit.de\/nsu-prozess-blog\/wp-json\/wp\/v2\/comments?post=9232"}],"version-history":[{"count":5,"href":"https:\/\/blog.zeit.de\/nsu-prozess-blog\/wp-json\/wp\/v2\/posts\/9232\/revisions"}],"predecessor-version":[{"id":9237,"href":"https:\/\/blog.zeit.de\/nsu-prozess-blog\/wp-json\/wp\/v2\/posts\/9232\/revisions\/9237"}],"wp:attachment":[{"href":"https:\/\/blog.zeit.de\/nsu-prozess-blog\/wp-json\/wp\/v2\/media?parent=9232"}],"wp:term":[{"taxonomy":"category","embeddable":true,"href":"https:\/\/blog.zeit.de\/nsu-prozess-blog\/wp-json\/wp\/v2\/categories?post=9232"},{"taxonomy":"post_tag","embeddable":true,"href":"https:\/\/blog.zeit.de\/nsu-prozess-blog\/wp-json\/wp\/v2\/tags?post=9232"}],"curies":[{"name":"wp","href":"https:\/\/api.w.org\/{rel}","templated":true}]}}