{"id":928,"date":"2013-06-05T06:53:29","date_gmt":"2013-06-05T04:53:29","guid":{"rendered":"http:\/\/blog.zeit.de\/nsu-prozess-blog\/?p=928"},"modified":"2013-06-06T15:43:11","modified_gmt":"2013-06-06T13:43:11","slug":"6-prozesstag-vernehmung-der-angeklagten-geht-weiter","status":"publish","type":"post","link":"https:\/\/blog.zeit.de\/nsu-prozess-blog\/2013\/06\/05\/6-prozesstag-vernehmung-der-angeklagten-geht-weiter\/","title":{"rendered":"6. Prozesstag \u2013 Vernehmung der Angeklagten ging weiter"},"content":{"rendered":"<p><a href=\"https:\/\/blog.zeit.de\/nsu-prozess-blog\/2013\/06\/04\/5-prozesstag-carsten-s-will-aussagen\/img_0294-kopie\/\" rel=\"attachment wp-att-926\"><img loading=\"lazy\" decoding=\"async\" class=\"aligncenter size-medium wp-image-926\" alt=\"IMG_0294 Kopie\" src=\"https:\/\/blog.zeit.de\/nsu-prozess-blog\/files\/2013\/06\/IMG_0294-Kopie-580x83.jpg\" width=\"580\" height=\"83\" srcset=\"https:\/\/blog.zeit.de\/nsu-prozess-blog\/files\/2013\/06\/IMG_0294-Kopie-580x83.jpg 580w, https:\/\/blog.zeit.de\/nsu-prozess-blog\/files\/2013\/06\/IMG_0294-Kopie-220x31.jpg 220w\" sizes=\"auto, (max-width: 580px) 100vw, 580px\" \/><\/a><\/p>\n<p>Am sechsten Verhandlungstag wurde die Vernehmung des Angeklagten Carsten S. fortgesetzt. Es ging um seine Zeit in der rechtsextremistischen Szene und seine mutma\u00dfliche Unterst\u00fctzung f\u00fcr Beate Zsch\u00e4pe, Uwe B\u00f6hnhardt und Uwe Mundlos . S. hatte bereits zuvor zugegeben die Tatwaffe besorgt zu haben. Au\u00dferdem hatte er ausgesagt, dass Wohlleben an der Beschaffung der Waffe ma\u00dfgeblich beteiligt gewesen sei.<\/p>\n<p><a href=\"http:\/\/www.zeit.de\/politik\/deutschland\/2013-06\/nsu-carsten-s-aussage\" target=\"_blank\">Hier der Bericht \u00fcber den sechsten Prozesstag<\/a> von unserem Autor Tom Sundermann.<\/p>\n","protected":false},"excerpt":{"rendered":"<p>Am sechsten Verhandlungstag wurde die Vernehmung des Angeklagten Carsten S. fortgesetzt. Es ging um seine Zeit in der rechtsextremistischen Szene und seine mutma\u00dfliche Unterst\u00fctzung f\u00fcr Beate Zsch\u00e4pe, Uwe B\u00f6hnhardt und Uwe Mundlos . S. hatte bereits zuvor zugegeben die Tatwaffe besorgt zu haben. Au\u00dferdem hatte er ausgesagt, dass Wohlleben an der Beschaffung der Waffe ma\u00dfgeblich [&hellip;]<\/p>\n","protected":false},"author":410,"featured_media":0,"comment_status":"open","ping_status":"open","sticky":false,"template":"","format":"standard","meta":{"_jetpack_memberships_contains_paid_content":false,"footnotes":""},"categories":[27532],"tags":[],"class_list":["post-928","post","type-post","status-publish","format-standard","hentry","category-prozesstage"],"yoast_head":"<!-- This site is optimized with the Yoast SEO plugin v21.0 - https:\/\/yoast.com\/wordpress\/plugins\/seo\/ -->\n<title>6. Prozesstag \u2013 Vernehmung der Angeklagten ging weiter - Das NSU-Prozess-Blog<\/title>\n<meta name=\"robots\" content=\"index, follow, max-snippet:-1, max-image-preview:large, max-video-preview:-1\" \/>\n<link rel=\"canonical\" href=\"https:\/\/blog.zeit.de\/nsu-prozess-blog\/2013\/06\/05\/6-prozesstag-vernehmung-der-angeklagten-geht-weiter\/\" \/>\n<meta property=\"og:locale\" content=\"de_DE\" \/>\n<meta property=\"og:type\" content=\"article\" \/>\n<meta property=\"og:title\" content=\"6. Prozesstag \u2013 Vernehmung der Angeklagten ging weiter - Das NSU-Prozess-Blog\" \/>\n<meta property=\"og:description\" content=\"Am sechsten Verhandlungstag wurde die Vernehmung des Angeklagten Carsten S. fortgesetzt. Es ging um seine Zeit in der rechtsextremistischen Szene und seine mutma\u00dfliche Unterst\u00fctzung f\u00fcr Beate Zsch\u00e4pe, Uwe B\u00f6hnhardt und Uwe Mundlos . S. hatte bereits zuvor zugegeben die Tatwaffe besorgt zu haben. Au\u00dferdem hatte er ausgesagt, dass Wohlleben an der Beschaffung der Waffe ma\u00dfgeblich [&hellip;]\" \/>\n<meta property=\"og:url\" content=\"https:\/\/blog.zeit.de\/nsu-prozess-blog\/2013\/06\/05\/6-prozesstag-vernehmung-der-angeklagten-geht-weiter\/\" \/>\n<meta property=\"og:site_name\" content=\"Das NSU-Prozess-Blog\" \/>\n<meta property=\"article:published_time\" content=\"2013-06-05T04:53:29+00:00\" \/>\n<meta property=\"article:modified_time\" content=\"2013-06-06T13:43:11+00:00\" \/>\n<meta property=\"og:image\" content=\"https:\/\/blog.zeit.de\/nsu-prozess-blog\/files\/2013\/06\/IMG_0294-Kopie-580x83.jpg\" \/>\n<meta name=\"author\" content=\"Mirjam Schmitt\" \/>\n<meta name=\"twitter:label1\" content=\"Geschrieben von\" \/>\n\t<meta name=\"twitter:data1\" content=\"Mirjam Schmitt\" \/>\n<script type=\"application\/ld+json\" class=\"yoast-schema-graph\">{\"@context\":\"https:\/\/schema.org\",\"@graph\":[{\"@type\":\"WebPage\",\"@id\":\"https:\/\/blog.zeit.de\/nsu-prozess-blog\/2013\/06\/05\/6-prozesstag-vernehmung-der-angeklagten-geht-weiter\/\",\"url\":\"https:\/\/blog.zeit.de\/nsu-prozess-blog\/2013\/06\/05\/6-prozesstag-vernehmung-der-angeklagten-geht-weiter\/\",\"name\":\"6. Prozesstag \u2013 Vernehmung der Angeklagten ging weiter - Das NSU-Prozess-Blog\",\"isPartOf\":{\"@id\":\"https:\/\/blog.zeit.de\/nsu-prozess-blog\/#website\"},\"datePublished\":\"2013-06-05T04:53:29+00:00\",\"dateModified\":\"2013-06-06T13:43:11+00:00\",\"author\":{\"@id\":\"https:\/\/blog.zeit.de\/nsu-prozess-blog\/#\/schema\/person\/45acffb344ee326a2ebea3f5c0ad3ae8\"},\"breadcrumb\":{\"@id\":\"https:\/\/blog.zeit.de\/nsu-prozess-blog\/2013\/06\/05\/6-prozesstag-vernehmung-der-angeklagten-geht-weiter\/#breadcrumb\"},\"inLanguage\":\"de\",\"potentialAction\":[{\"@type\":\"ReadAction\",\"target\":[\"https:\/\/blog.zeit.de\/nsu-prozess-blog\/2013\/06\/05\/6-prozesstag-vernehmung-der-angeklagten-geht-weiter\/\"]}]},{\"@type\":\"BreadcrumbList\",\"@id\":\"https:\/\/blog.zeit.de\/nsu-prozess-blog\/2013\/06\/05\/6-prozesstag-vernehmung-der-angeklagten-geht-weiter\/#breadcrumb\",\"itemListElement\":[{\"@type\":\"ListItem\",\"position\":1,\"name\":\"Startseite\",\"item\":\"https:\/\/blog.zeit.de\/nsu-prozess-blog\/\"},{\"@type\":\"ListItem\",\"position\":2,\"name\":\"6. Prozesstag \u2013 Vernehmung der Angeklagten ging weiter\"}]},{\"@type\":\"WebSite\",\"@id\":\"https:\/\/blog.zeit.de\/nsu-prozess-blog\/#website\",\"url\":\"https:\/\/blog.zeit.de\/nsu-prozess-blog\/\",\"name\":\"Das NSU-Prozess-Blog\",\"description\":\"Alle Berichte zum Terrorverfahren in M\u00fcnchen\",\"potentialAction\":[{\"@type\":\"SearchAction\",\"target\":{\"@type\":\"EntryPoint\",\"urlTemplate\":\"https:\/\/blog.zeit.de\/nsu-prozess-blog\/?s={search_term_string}\"},\"query-input\":\"required name=search_term_string\"}],\"inLanguage\":\"de\"},{\"@type\":\"Person\",\"@id\":\"https:\/\/blog.zeit.de\/nsu-prozess-blog\/#\/schema\/person\/45acffb344ee326a2ebea3f5c0ad3ae8\",\"name\":\"Mirjam Schmitt\",\"image\":{\"@type\":\"ImageObject\",\"inLanguage\":\"de\",\"@id\":\"https:\/\/blog.zeit.de\/nsu-prozess-blog\/#\/schema\/person\/image\/\",\"url\":\"https:\/\/secure.gravatar.com\/avatar\/21ea3e922b6404f0cab7bb919e2b401850e5cef2e7155dba6caa935b66c5688b?s=96&d=mm&r=g\",\"contentUrl\":\"https:\/\/secure.gravatar.com\/avatar\/21ea3e922b6404f0cab7bb919e2b401850e5cef2e7155dba6caa935b66c5688b?s=96&d=mm&r=g\",\"caption\":\"Mirjam Schmitt\"},\"url\":\"https:\/\/blog.zeit.de\/nsu-prozess-blog\/author\/mschmitt\/\"}]}<\/script>\n<!-- \/ Yoast SEO plugin. -->","yoast_head_json":{"title":"6. Prozesstag \u2013 Vernehmung der Angeklagten ging weiter - Das NSU-Prozess-Blog","robots":{"index":"index","follow":"follow","max-snippet":"max-snippet:-1","max-image-preview":"max-image-preview:large","max-video-preview":"max-video-preview:-1"},"canonical":"https:\/\/blog.zeit.de\/nsu-prozess-blog\/2013\/06\/05\/6-prozesstag-vernehmung-der-angeklagten-geht-weiter\/","og_locale":"de_DE","og_type":"article","og_title":"6. Prozesstag \u2013 Vernehmung der Angeklagten ging weiter - Das NSU-Prozess-Blog","og_description":"Am sechsten Verhandlungstag wurde die Vernehmung des Angeklagten Carsten S. fortgesetzt. Es ging um seine Zeit in der rechtsextremistischen Szene und seine mutma\u00dfliche Unterst\u00fctzung f\u00fcr Beate Zsch\u00e4pe, Uwe B\u00f6hnhardt und Uwe Mundlos . S. hatte bereits zuvor zugegeben die Tatwaffe besorgt zu haben. Au\u00dferdem hatte er ausgesagt, dass Wohlleben an der Beschaffung der Waffe ma\u00dfgeblich [&hellip;]","og_url":"https:\/\/blog.zeit.de\/nsu-prozess-blog\/2013\/06\/05\/6-prozesstag-vernehmung-der-angeklagten-geht-weiter\/","og_site_name":"Das NSU-Prozess-Blog","article_published_time":"2013-06-05T04:53:29+00:00","article_modified_time":"2013-06-06T13:43:11+00:00","og_image":[{"url":"https:\/\/blog.zeit.de\/nsu-prozess-blog\/files\/2013\/06\/IMG_0294-Kopie-580x83.jpg"}],"author":"Mirjam Schmitt","twitter_misc":{"Geschrieben von":"Mirjam Schmitt"},"schema":{"@context":"https:\/\/schema.org","@graph":[{"@type":"WebPage","@id":"https:\/\/blog.zeit.de\/nsu-prozess-blog\/2013\/06\/05\/6-prozesstag-vernehmung-der-angeklagten-geht-weiter\/","url":"https:\/\/blog.zeit.de\/nsu-prozess-blog\/2013\/06\/05\/6-prozesstag-vernehmung-der-angeklagten-geht-weiter\/","name":"6. Prozesstag \u2013 Vernehmung der Angeklagten ging weiter - Das NSU-Prozess-Blog","isPartOf":{"@id":"https:\/\/blog.zeit.de\/nsu-prozess-blog\/#website"},"datePublished":"2013-06-05T04:53:29+00:00","dateModified":"2013-06-06T13:43:11+00:00","author":{"@id":"https:\/\/blog.zeit.de\/nsu-prozess-blog\/#\/schema\/person\/45acffb344ee326a2ebea3f5c0ad3ae8"},"breadcrumb":{"@id":"https:\/\/blog.zeit.de\/nsu-prozess-blog\/2013\/06\/05\/6-prozesstag-vernehmung-der-angeklagten-geht-weiter\/#breadcrumb"},"inLanguage":"de","potentialAction":[{"@type":"ReadAction","target":["https:\/\/blog.zeit.de\/nsu-prozess-blog\/2013\/06\/05\/6-prozesstag-vernehmung-der-angeklagten-geht-weiter\/"]}]},{"@type":"BreadcrumbList","@id":"https:\/\/blog.zeit.de\/nsu-prozess-blog\/2013\/06\/05\/6-prozesstag-vernehmung-der-angeklagten-geht-weiter\/#breadcrumb","itemListElement":[{"@type":"ListItem","position":1,"name":"Startseite","item":"https:\/\/blog.zeit.de\/nsu-prozess-blog\/"},{"@type":"ListItem","position":2,"name":"6. Prozesstag \u2013 Vernehmung der Angeklagten ging weiter"}]},{"@type":"WebSite","@id":"https:\/\/blog.zeit.de\/nsu-prozess-blog\/#website","url":"https:\/\/blog.zeit.de\/nsu-prozess-blog\/","name":"Das NSU-Prozess-Blog","description":"Alle Berichte zum Terrorverfahren in M\u00fcnchen","potentialAction":[{"@type":"SearchAction","target":{"@type":"EntryPoint","urlTemplate":"https:\/\/blog.zeit.de\/nsu-prozess-blog\/?s={search_term_string}"},"query-input":"required name=search_term_string"}],"inLanguage":"de"},{"@type":"Person","@id":"https:\/\/blog.zeit.de\/nsu-prozess-blog\/#\/schema\/person\/45acffb344ee326a2ebea3f5c0ad3ae8","name":"Mirjam Schmitt","image":{"@type":"ImageObject","inLanguage":"de","@id":"https:\/\/blog.zeit.de\/nsu-prozess-blog\/#\/schema\/person\/image\/","url":"https:\/\/secure.gravatar.com\/avatar\/21ea3e922b6404f0cab7bb919e2b401850e5cef2e7155dba6caa935b66c5688b?s=96&d=mm&r=g","contentUrl":"https:\/\/secure.gravatar.com\/avatar\/21ea3e922b6404f0cab7bb919e2b401850e5cef2e7155dba6caa935b66c5688b?s=96&d=mm&r=g","caption":"Mirjam Schmitt"},"url":"https:\/\/blog.zeit.de\/nsu-prozess-blog\/author\/mschmitt\/"}]}},"jetpack_featured_media_url":"","jetpack_sharing_enabled":true,"_links":{"self":[{"href":"https:\/\/blog.zeit.de\/nsu-prozess-blog\/wp-json\/wp\/v2\/posts\/928","targetHints":{"allow":["GET"]}}],"collection":[{"href":"https:\/\/blog.zeit.de\/nsu-prozess-blog\/wp-json\/wp\/v2\/posts"}],"about":[{"href":"https:\/\/blog.zeit.de\/nsu-prozess-blog\/wp-json\/wp\/v2\/types\/post"}],"author":[{"embeddable":true,"href":"https:\/\/blog.zeit.de\/nsu-prozess-blog\/wp-json\/wp\/v2\/users\/410"}],"replies":[{"embeddable":true,"href":"https:\/\/blog.zeit.de\/nsu-prozess-blog\/wp-json\/wp\/v2\/comments?post=928"}],"version-history":[{"count":8,"href":"https:\/\/blog.zeit.de\/nsu-prozess-blog\/wp-json\/wp\/v2\/posts\/928\/revisions"}],"predecessor-version":[{"id":950,"href":"https:\/\/blog.zeit.de\/nsu-prozess-blog\/wp-json\/wp\/v2\/posts\/928\/revisions\/950"}],"wp:attachment":[{"href":"https:\/\/blog.zeit.de\/nsu-prozess-blog\/wp-json\/wp\/v2\/media?parent=928"}],"wp:term":[{"taxonomy":"category","embeddable":true,"href":"https:\/\/blog.zeit.de\/nsu-prozess-blog\/wp-json\/wp\/v2\/categories?post=928"},{"taxonomy":"post_tag","embeddable":true,"href":"https:\/\/blog.zeit.de\/nsu-prozess-blog\/wp-json\/wp\/v2\/tags?post=928"}],"curies":[{"name":"wp","href":"https:\/\/api.w.org\/{rel}","templated":true}]}}