{"id":9293,"date":"2015-06-17T07:00:00","date_gmt":"2015-06-17T05:00:00","guid":{"rendered":"http:\/\/blog.zeit.de\/nsu-prozess-blog\/?p=9293"},"modified":"2015-06-17T09:21:23","modified_gmt":"2015-06-17T07:21:23","slug":"212-prozesstag-die-mysterioesen-telefonate-von-andreas-t","status":"publish","type":"post","link":"https:\/\/blog.zeit.de\/nsu-prozess-blog\/2015\/06\/17\/212-prozesstag-die-mysterioesen-telefonate-von-andreas-t\/","title":{"rendered":"211. Prozesstag \u2013 Die mysteri\u00f6sen Telefonate von Andreas T."},"content":{"rendered":"<p>Die r\u00e4tselhaften Todesumst\u00e4nde des 2006 ermordeten Kasselers <a href=\"https:\/\/blog.zeit.de\/nsu-prozess-blog\/2013\/10\/02\/ismail-yozgat-andreas-t\/\">Halit Yozgat<\/a> sind noch lange nicht gekl\u00e4rt \u2013 deshalb muss sich das Gericht erneut mit dem damals angeblich zuf\u00e4llig anwesenden Verfassungssch\u00fctzer <a href=\"https:\/\/blog.zeit.de\/nsu-prozess-blog\/2015\/05\/22\/medienlog-mord-halit-yozgat-andreas-t-ladung\/\">Andreas T.<\/a> besch\u00e4ftigen. Hintergrund sind <a href=\"https:\/\/blog.zeit.de\/nsu-prozess-blog\/2015\/02\/24\/medienlog-hessen-halit-yozgat-kassel-andreas-t-verfassungsschutz-bouffier\/\">merkw\u00fcrdige Telefonate<\/a>, die T. nach der Tat mit Kollegen f\u00fchrte und die von Ermittlern abgeh\u00f6rt wurden. Drei Gespr\u00e4chspartner sind am Mittwoch als Zeugen geladen.<\/p>\n<p>Einer von ihnen ist <a href=\"https:\/\/blog.zeit.de\/nsu-prozess-blog\/2014\/04\/10\/medienlog-verfassungsschutz-andreas-t\/\">Frank-Ulrich F.<\/a>, der bereits im vergangenen Jahr im Prozess ausgesagt hatte. T.s ehemaliger Vorgesetzter lobte ihn in einem Gespr\u00e4ch, dass er bei der Beh\u00f6rdenleitung nicht &#8222;so restriktiv wie bei der Polizei&#8220; ausgesagt habe&#8220; \u2013 ein Hinweis, dass T. dort etwas verschwiegen haben k\u00f6nnte. F. wollte an die Telefonate keine Erinnerung mehr haben.<\/p>\n<p>T. galt nach dem Mord zeitweilig als Tatverd\u00e4chtiger, weil er sich nicht freiwillig bei der Polizei gemeldet hatte. Er will die t\u00f6dlichen Sch\u00fcsse auf Yozgat nicht bemerkt haben. In der kommenden Woche m\u00fcssen er selbst sowie seine Ehefrau aussagen, deren Telefon ebenfalls abgeh\u00f6rt wurde.<\/p>\n<p><em>ZEIT ONLINE berichtet aus M\u00fcnchen und fasst den Prozesstag am Abend auf diesem Blog zusammen. Informationen aus der Verhandlung gibt es <a href=\"https:\/\/twitter.com\/zeitonline\/lists\/nsu-prozess\">via Twitter hier<\/a>. Weitere Berichte stellen wir morgen im <a href=\"https:\/\/blog.zeit.de\/nsu-prozess-blog\/category\/medienschau\/\">NSU-Medienlog<\/a> zusammen.<\/em><\/p>\n","protected":false},"excerpt":{"rendered":"<p>Die r\u00e4tselhaften Todesumst\u00e4nde des 2006 ermordeten Kasselers Halit Yozgat sind noch lange nicht gekl\u00e4rt \u2013 deshalb muss sich das Gericht erneut mit dem damals angeblich zuf\u00e4llig anwesenden Verfassungssch\u00fctzer Andreas T. besch\u00e4ftigen. Hintergrund sind merkw\u00fcrdige Telefonate, die T. nach der Tat mit Kollegen f\u00fchrte und die von Ermittlern abgeh\u00f6rt wurden. Drei Gespr\u00e4chspartner sind am Mittwoch als [&hellip;]<\/p>\n","protected":false},"author":435,"featured_media":0,"comment_status":"open","ping_status":"open","sticky":false,"template":"","format":"standard","meta":{"_jetpack_memberships_contains_paid_content":false,"footnotes":""},"categories":[27532],"tags":[29442,29435,1453,18863,35358,1836],"class_list":["post-9293","post","type-post","status-publish","format-standard","hentry","category-prozesstage","tag-andreas-t","tag-halit-yozgat","tag-hessen","tag-kassel","tag-telefonat","tag-verfassungsschutz"],"yoast_head":"<!-- This site is optimized with the Yoast SEO plugin v21.0 - https:\/\/yoast.com\/wordpress\/plugins\/seo\/ -->\n<title>211. Prozesstag \u2013 Die mysteri\u00f6sen Telefonate von Andreas T. - Das NSU-Prozess-Blog<\/title>\n<meta name=\"robots\" content=\"index, follow, max-snippet:-1, max-image-preview:large, max-video-preview:-1\" \/>\n<link rel=\"canonical\" href=\"https:\/\/blog.zeit.de\/nsu-prozess-blog\/2015\/06\/17\/212-prozesstag-die-mysterioesen-telefonate-von-andreas-t\/\" \/>\n<meta property=\"og:locale\" content=\"de_DE\" \/>\n<meta property=\"og:type\" content=\"article\" \/>\n<meta property=\"og:title\" content=\"211. Prozesstag \u2013 Die mysteri\u00f6sen Telefonate von Andreas T. - Das NSU-Prozess-Blog\" \/>\n<meta property=\"og:description\" content=\"Die r\u00e4tselhaften Todesumst\u00e4nde des 2006 ermordeten Kasselers Halit Yozgat sind noch lange nicht gekl\u00e4rt \u2013 deshalb muss sich das Gericht erneut mit dem damals angeblich zuf\u00e4llig anwesenden Verfassungssch\u00fctzer Andreas T. besch\u00e4ftigen. Hintergrund sind merkw\u00fcrdige Telefonate, die T. nach der Tat mit Kollegen f\u00fchrte und die von Ermittlern abgeh\u00f6rt wurden. Drei Gespr\u00e4chspartner sind am Mittwoch als [&hellip;]\" \/>\n<meta property=\"og:url\" content=\"https:\/\/blog.zeit.de\/nsu-prozess-blog\/2015\/06\/17\/212-prozesstag-die-mysterioesen-telefonate-von-andreas-t\/\" \/>\n<meta property=\"og:site_name\" content=\"Das NSU-Prozess-Blog\" \/>\n<meta property=\"article:published_time\" content=\"2015-06-17T05:00:00+00:00\" \/>\n<meta property=\"article:modified_time\" content=\"2015-06-17T07:21:23+00:00\" \/>\n<meta name=\"author\" content=\"Tom Sundermann\" \/>\n<meta name=\"twitter:label1\" content=\"Geschrieben von\" \/>\n\t<meta name=\"twitter:data1\" content=\"Tom Sundermann\" \/>\n\t<meta name=\"twitter:label2\" content=\"Gesch\u00e4tzte Lesezeit\" \/>\n\t<meta name=\"twitter:data2\" content=\"1\u00a0Minute\" \/>\n<script type=\"application\/ld+json\" class=\"yoast-schema-graph\">{\"@context\":\"https:\/\/schema.org\",\"@graph\":[{\"@type\":\"WebPage\",\"@id\":\"https:\/\/blog.zeit.de\/nsu-prozess-blog\/2015\/06\/17\/212-prozesstag-die-mysterioesen-telefonate-von-andreas-t\/\",\"url\":\"https:\/\/blog.zeit.de\/nsu-prozess-blog\/2015\/06\/17\/212-prozesstag-die-mysterioesen-telefonate-von-andreas-t\/\",\"name\":\"211. Prozesstag \u2013 Die mysteri\u00f6sen Telefonate von Andreas T. - Das NSU-Prozess-Blog\",\"isPartOf\":{\"@id\":\"https:\/\/blog.zeit.de\/nsu-prozess-blog\/#website\"},\"datePublished\":\"2015-06-17T05:00:00+00:00\",\"dateModified\":\"2015-06-17T07:21:23+00:00\",\"author\":{\"@id\":\"https:\/\/blog.zeit.de\/nsu-prozess-blog\/#\/schema\/person\/553ea9bb5d1fc2ae054c589bd59380a5\"},\"breadcrumb\":{\"@id\":\"https:\/\/blog.zeit.de\/nsu-prozess-blog\/2015\/06\/17\/212-prozesstag-die-mysterioesen-telefonate-von-andreas-t\/#breadcrumb\"},\"inLanguage\":\"de\",\"potentialAction\":[{\"@type\":\"ReadAction\",\"target\":[\"https:\/\/blog.zeit.de\/nsu-prozess-blog\/2015\/06\/17\/212-prozesstag-die-mysterioesen-telefonate-von-andreas-t\/\"]}]},{\"@type\":\"BreadcrumbList\",\"@id\":\"https:\/\/blog.zeit.de\/nsu-prozess-blog\/2015\/06\/17\/212-prozesstag-die-mysterioesen-telefonate-von-andreas-t\/#breadcrumb\",\"itemListElement\":[{\"@type\":\"ListItem\",\"position\":1,\"name\":\"Startseite\",\"item\":\"https:\/\/blog.zeit.de\/nsu-prozess-blog\/\"},{\"@type\":\"ListItem\",\"position\":2,\"name\":\"211. Prozesstag \u2013 Die mysteri\u00f6sen Telefonate von Andreas T.\"}]},{\"@type\":\"WebSite\",\"@id\":\"https:\/\/blog.zeit.de\/nsu-prozess-blog\/#website\",\"url\":\"https:\/\/blog.zeit.de\/nsu-prozess-blog\/\",\"name\":\"Das NSU-Prozess-Blog\",\"description\":\"Alle Berichte zum Terrorverfahren in M\u00fcnchen\",\"potentialAction\":[{\"@type\":\"SearchAction\",\"target\":{\"@type\":\"EntryPoint\",\"urlTemplate\":\"https:\/\/blog.zeit.de\/nsu-prozess-blog\/?s={search_term_string}\"},\"query-input\":\"required name=search_term_string\"}],\"inLanguage\":\"de\"},{\"@type\":\"Person\",\"@id\":\"https:\/\/blog.zeit.de\/nsu-prozess-blog\/#\/schema\/person\/553ea9bb5d1fc2ae054c589bd59380a5\",\"name\":\"Tom Sundermann\",\"image\":{\"@type\":\"ImageObject\",\"inLanguage\":\"de\",\"@id\":\"https:\/\/blog.zeit.de\/nsu-prozess-blog\/#\/schema\/person\/image\/\",\"url\":\"https:\/\/secure.gravatar.com\/avatar\/e108a3dc18766f719b2f797dc5d19093f06a1870c55b553ab6b7563f1f9a5e68?s=96&d=mm&r=g\",\"contentUrl\":\"https:\/\/secure.gravatar.com\/avatar\/e108a3dc18766f719b2f797dc5d19093f06a1870c55b553ab6b7563f1f9a5e68?s=96&d=mm&r=g\",\"caption\":\"Tom Sundermann\"},\"sameAs\":[\"https:\/\/twitter.com\/messeticker\"],\"url\":\"https:\/\/blog.zeit.de\/nsu-prozess-blog\/author\/tsundermann\/\"}]}<\/script>\n<!-- \/ Yoast SEO plugin. -->","yoast_head_json":{"title":"211. Prozesstag \u2013 Die mysteri\u00f6sen Telefonate von Andreas T. - Das NSU-Prozess-Blog","robots":{"index":"index","follow":"follow","max-snippet":"max-snippet:-1","max-image-preview":"max-image-preview:large","max-video-preview":"max-video-preview:-1"},"canonical":"https:\/\/blog.zeit.de\/nsu-prozess-blog\/2015\/06\/17\/212-prozesstag-die-mysterioesen-telefonate-von-andreas-t\/","og_locale":"de_DE","og_type":"article","og_title":"211. Prozesstag \u2013 Die mysteri\u00f6sen Telefonate von Andreas T. - Das NSU-Prozess-Blog","og_description":"Die r\u00e4tselhaften Todesumst\u00e4nde des 2006 ermordeten Kasselers Halit Yozgat sind noch lange nicht gekl\u00e4rt \u2013 deshalb muss sich das Gericht erneut mit dem damals angeblich zuf\u00e4llig anwesenden Verfassungssch\u00fctzer Andreas T. besch\u00e4ftigen. Hintergrund sind merkw\u00fcrdige Telefonate, die T. nach der Tat mit Kollegen f\u00fchrte und die von Ermittlern abgeh\u00f6rt wurden. Drei Gespr\u00e4chspartner sind am Mittwoch als [&hellip;]","og_url":"https:\/\/blog.zeit.de\/nsu-prozess-blog\/2015\/06\/17\/212-prozesstag-die-mysterioesen-telefonate-von-andreas-t\/","og_site_name":"Das NSU-Prozess-Blog","article_published_time":"2015-06-17T05:00:00+00:00","article_modified_time":"2015-06-17T07:21:23+00:00","author":"Tom Sundermann","twitter_misc":{"Geschrieben von":"Tom Sundermann","Gesch\u00e4tzte Lesezeit":"1\u00a0Minute"},"schema":{"@context":"https:\/\/schema.org","@graph":[{"@type":"WebPage","@id":"https:\/\/blog.zeit.de\/nsu-prozess-blog\/2015\/06\/17\/212-prozesstag-die-mysterioesen-telefonate-von-andreas-t\/","url":"https:\/\/blog.zeit.de\/nsu-prozess-blog\/2015\/06\/17\/212-prozesstag-die-mysterioesen-telefonate-von-andreas-t\/","name":"211. Prozesstag \u2013 Die mysteri\u00f6sen Telefonate von Andreas T. - Das NSU-Prozess-Blog","isPartOf":{"@id":"https:\/\/blog.zeit.de\/nsu-prozess-blog\/#website"},"datePublished":"2015-06-17T05:00:00+00:00","dateModified":"2015-06-17T07:21:23+00:00","author":{"@id":"https:\/\/blog.zeit.de\/nsu-prozess-blog\/#\/schema\/person\/553ea9bb5d1fc2ae054c589bd59380a5"},"breadcrumb":{"@id":"https:\/\/blog.zeit.de\/nsu-prozess-blog\/2015\/06\/17\/212-prozesstag-die-mysterioesen-telefonate-von-andreas-t\/#breadcrumb"},"inLanguage":"de","potentialAction":[{"@type":"ReadAction","target":["https:\/\/blog.zeit.de\/nsu-prozess-blog\/2015\/06\/17\/212-prozesstag-die-mysterioesen-telefonate-von-andreas-t\/"]}]},{"@type":"BreadcrumbList","@id":"https:\/\/blog.zeit.de\/nsu-prozess-blog\/2015\/06\/17\/212-prozesstag-die-mysterioesen-telefonate-von-andreas-t\/#breadcrumb","itemListElement":[{"@type":"ListItem","position":1,"name":"Startseite","item":"https:\/\/blog.zeit.de\/nsu-prozess-blog\/"},{"@type":"ListItem","position":2,"name":"211. Prozesstag \u2013 Die mysteri\u00f6sen Telefonate von Andreas T."}]},{"@type":"WebSite","@id":"https:\/\/blog.zeit.de\/nsu-prozess-blog\/#website","url":"https:\/\/blog.zeit.de\/nsu-prozess-blog\/","name":"Das NSU-Prozess-Blog","description":"Alle Berichte zum Terrorverfahren in M\u00fcnchen","potentialAction":[{"@type":"SearchAction","target":{"@type":"EntryPoint","urlTemplate":"https:\/\/blog.zeit.de\/nsu-prozess-blog\/?s={search_term_string}"},"query-input":"required name=search_term_string"}],"inLanguage":"de"},{"@type":"Person","@id":"https:\/\/blog.zeit.de\/nsu-prozess-blog\/#\/schema\/person\/553ea9bb5d1fc2ae054c589bd59380a5","name":"Tom Sundermann","image":{"@type":"ImageObject","inLanguage":"de","@id":"https:\/\/blog.zeit.de\/nsu-prozess-blog\/#\/schema\/person\/image\/","url":"https:\/\/secure.gravatar.com\/avatar\/e108a3dc18766f719b2f797dc5d19093f06a1870c55b553ab6b7563f1f9a5e68?s=96&d=mm&r=g","contentUrl":"https:\/\/secure.gravatar.com\/avatar\/e108a3dc18766f719b2f797dc5d19093f06a1870c55b553ab6b7563f1f9a5e68?s=96&d=mm&r=g","caption":"Tom Sundermann"},"sameAs":["https:\/\/twitter.com\/messeticker"],"url":"https:\/\/blog.zeit.de\/nsu-prozess-blog\/author\/tsundermann\/"}]}},"jetpack_featured_media_url":"","jetpack_sharing_enabled":true,"_links":{"self":[{"href":"https:\/\/blog.zeit.de\/nsu-prozess-blog\/wp-json\/wp\/v2\/posts\/9293","targetHints":{"allow":["GET"]}}],"collection":[{"href":"https:\/\/blog.zeit.de\/nsu-prozess-blog\/wp-json\/wp\/v2\/posts"}],"about":[{"href":"https:\/\/blog.zeit.de\/nsu-prozess-blog\/wp-json\/wp\/v2\/types\/post"}],"author":[{"embeddable":true,"href":"https:\/\/blog.zeit.de\/nsu-prozess-blog\/wp-json\/wp\/v2\/users\/435"}],"replies":[{"embeddable":true,"href":"https:\/\/blog.zeit.de\/nsu-prozess-blog\/wp-json\/wp\/v2\/comments?post=9293"}],"version-history":[{"count":3,"href":"https:\/\/blog.zeit.de\/nsu-prozess-blog\/wp-json\/wp\/v2\/posts\/9293\/revisions"}],"predecessor-version":[{"id":9312,"href":"https:\/\/blog.zeit.de\/nsu-prozess-blog\/wp-json\/wp\/v2\/posts\/9293\/revisions\/9312"}],"wp:attachment":[{"href":"https:\/\/blog.zeit.de\/nsu-prozess-blog\/wp-json\/wp\/v2\/media?parent=9293"}],"wp:term":[{"taxonomy":"category","embeddable":true,"href":"https:\/\/blog.zeit.de\/nsu-prozess-blog\/wp-json\/wp\/v2\/categories?post=9293"},{"taxonomy":"post_tag","embeddable":true,"href":"https:\/\/blog.zeit.de\/nsu-prozess-blog\/wp-json\/wp\/v2\/tags?post=9293"}],"curies":[{"name":"wp","href":"https:\/\/api.w.org\/{rel}","templated":true}]}}