{"id":9328,"date":"2015-06-18T09:08:51","date_gmt":"2015-06-18T07:08:51","guid":{"rendered":"http:\/\/blog.zeit.de\/nsu-prozess-blog\/?p=9328"},"modified":"2015-06-18T16:33:13","modified_gmt":"2015-06-18T14:33:13","slug":"medienlog-andreas-t-telefonat-beate-zschaepe","status":"publish","type":"post","link":"https:\/\/blog.zeit.de\/nsu-prozess-blog\/2015\/06\/18\/medienlog-andreas-t-telefonat-beate-zschaepe\/","title":{"rendered":"Verfassungssch\u00fctzer mauern, Zsch\u00e4pe spricht \u2013 Das Medienlog vom Donnerstag, 18. Juni 2015"},"content":{"rendered":"<p>Beeinflusste der Verfassungsschutz die Ermittlungen der Polizei gegen seinen Mitarbeiter <a href=\"https:\/\/blog.zeit.de\/nsu-prozess-blog\/2015\/05\/22\/medienlog-mord-halit-yozgat-andreas-t-ladung\/\">Andreas T.<\/a>, der nach dem Mord an <a href=\"https:\/\/blog.zeit.de\/nsu-prozess-blog\/2013\/10\/02\/ismail-yozgat-andreas-t\/\">Halit Yozgat<\/a> von 2006 unter Verdacht stand? Der 211. Verhandlungstag lieferte daf\u00fcr keine Belege. Das Gericht h\u00f6rte drei Verfassungssch\u00fctzer, die w\u00e4hrend der Ermittlungen mit T. telefoniert hatten, auch Aufzeichnungen der Gespr\u00e4che wurden abgespielt. &#8222;Doch mit der Klarheit ist es schon bald vorbei&#8220;, beobachtet Tanjev Schultz von der <a href=\"http:\/\/www.sueddeutsche.de\/politik\/nsu-prozess-da-habe-ich-eigene-erinnerungen-1.2525697\" target=\"_blank\"><em>S\u00fcddeutschen Zeitung<\/em><\/a>. Einer der Zeugen habe sich im Laufe der Vernehmung immer h\u00e4ufiger auf Erinnerungsl\u00fccken berufen.<\/p>\n<p><!--more--><\/p>\n<p><em>An jedem Werktag sichten wir f\u00fcr das NSU-Prozess-Blog die Medien und stellen wichtige Berichte, Blogs, Videos und Tweets zusammen. Wir freuen uns \u00fcber Hinweise via Twitter mit dem Hashtag #nsublog \u2013 oder per E-Mail an <a href=\"mailto:nsublog@zeit.de\">nsublog@zeit.de<\/a>.<\/em><\/p>\n<p>Nebenklageanwalt Yavuz Narin fragte den Zeugen, ob sich der Verfassungsschutz schon vor dem Mord von 2006 mit der Serie befasst habe. Darauf verweigerte der Mann die Antwort, weil andere Beh\u00f6rden von diesem Thema betroffen seien. &#8222;Der Zeuge befeuert das Gemunkel und die Spekulationen. Es wirkt so, als wolle er etwas Wichtiges verheimlichen&#8220;, schreibt Schultz.<\/p>\n<p>Der Zeuge berief sich auf seine Aussagegenehmigung. &#8222;Sollte dies stimmen, w\u00e4re der Verfassungsschutz tats\u00e4chlich auf der richtigen Spur gewesen und h\u00e4tte die Mordserie dem rechtsextremen Spektrum korrekt zugeordnet&#8220;, merkt Per Hinrichs von der <a href=\"http:\/\/www.welt.de\/politik\/deutschland\/article142683959\/Ich-wuerde-da-offen-aus-der-Huefte-schiessen.html\" target=\"_blank\"><em>Welt<\/em><\/a> an. Offen sei weiterhin, wie stark sich die Beh\u00f6rde und die Polizei ausgetauscht h\u00e4tten.<\/p>\n<p>Die Aussage von T.s fr\u00fcherem Abteilungsleiter &#8222;erschien in einigen Punkten \u00fcberraschend&#8220;, kommentiert Frank Jansen vom <a href=\"http:\/\/www.tagesspiegel.de\/politik\/211-verhandlungstag-im-nsu-prozess-sind-sie-noch-bei-der-sache\/11929604.html\" target=\"_blank\"><em>Tagesspiegel<\/em><\/a>. So habe er zugegeben, T. nie gefragt zu haben, ob er mit dem Mord etwas zu tun habe \u2013 obwohl offenbar ein intensiver Kontakt bestand. &#8222;Vielmehr trat innerhalb der Beh\u00f6rde damals ein herausragender Korpsgeist zutage&#8220;, beobachten wir auf <a href=\"https:\/\/blog.zeit.de\/nsu-prozess-blog\/2015\/06\/17\/wenn-der-verfassungsschutz-abgehoert-wird\/\" target=\"_blank\">ZEIT ONLINE<\/a>. Die Kollegen best\u00e4tigten T., er habe sich in dienstlichen Belangen nicht falsch verhalten. Tats\u00e4chlich hielt er sich w\u00e4hrend des Mords, den er nicht mitbekommen haben will, in der N\u00e4he einer Moschee auf, die vom Verfassungsschutz observiert wurde.<\/p>\n<p>Eine Notiz vom Rande der Verhandlung: Beate Zsch\u00e4pe antwortete gut h\u00f6rbar auf eine Frage von Richter Manfred G\u00f6tzl. W\u00e4hrend ein Telefonat vorgespielt wurde, fragte er sie, ob sie noch bei der Sache sei. Die Antwort: &#8222;Ja.&#8220; Die Episode an sich sei zwar eine Lappalie, schreibt Wiebke Ramm auf <a href=\"http:\/\/www.spiegel.de\/panorama\/justiz\/nsu-prozess-verfassungsschuetzer-bestreiten-einmischung-in-ermittlungen-a-1039350.html\" target=\"_blank\"><em>Spiegel Online<\/em><\/a>, &#8222;doch hier geht es um eine Angeklagte, die beharrliches Schweigen zu ihrer Verteidigungsstrategie gemacht hat&#8220;. Es sei sicherlich kein Zufall, dass es ausgerechnet kurz nach dem <a href=\"https:\/\/blog.zeit.de\/nsu-prozess-blog\/2015\/06\/17\/zschaepe-ignoriert-ihre-anwaelte-medienlog-mittwoch\/\" target=\"_blank\">neuen Misstrauensantrag<\/a> gegen ihre Anw\u00e4ltin Anja Sturm dazu gekommen sei.<\/p>\n<p>Dem offenbar l\u00e4dierten Vertrauen zwischen Zsch\u00e4pe und ihren Verteidigern widmet sich BR-Reporter Tim A\u00dfmann im <a href=\"http:\/\/www.deutschlandfunk.de\/nsu-prozess-eiszeit-auf-der-anklagebank.1818.de.html?dram:article_id=322886\" target=\"_blank\">Deutschlandfunk<\/a>. Mit ihrem k\u00fchlen Verhalten stelle die Hauptangeklagte &#8222;offen zur Schau, wie zerr\u00fcttet das Verh\u00e4ltnis zwischen ihnen mittlerweile ist&#8220;. Sie habe am Morgen lediglich ihren Anwalt Wolfgang Heer gegr\u00fc\u00dft, die Kollegen Anja Sturm und Wolfgang Stahl hingegen ignoriert \u2013 was auf Gegenseitigkeit basierte.<\/p>\n<p><em>Das n\u00e4chste Medienlog erscheint am Freitag, 19. Juni 2015.<\/em><\/p>\n","protected":false},"excerpt":{"rendered":"<p>Beeinflusste der Verfassungsschutz die Ermittlungen der Polizei gegen seinen Mitarbeiter Andreas T., der nach dem Mord an Halit Yozgat von 2006 unter Verdacht stand? Der 211. Verhandlungstag lieferte daf\u00fcr keine Belege. Das Gericht h\u00f6rte drei Verfassungssch\u00fctzer, die w\u00e4hrend der Ermittlungen mit T. telefoniert hatten, auch Aufzeichnungen der Gespr\u00e4che wurden abgespielt. &#8222;Doch mit der Klarheit ist [&hellip;]<\/p>\n","protected":false},"author":435,"featured_media":0,"comment_status":"open","ping_status":"open","sticky":false,"template":"","format":"standard","meta":{"_jetpack_memberships_contains_paid_content":false,"footnotes":""},"categories":[27531],"tags":[29442,27575,17793,29435,1453,18863,35358,1836],"class_list":["post-9328","post","type-post","status-publish","format-standard","hentry","category-medienschau","tag-andreas-t","tag-anja-sturm","tag-beate-zschape","tag-halit-yozgat","tag-hessen","tag-kassel","tag-telefonat","tag-verfassungsschutz"],"yoast_head":"<!-- This site is optimized with the Yoast SEO plugin v21.0 - https:\/\/yoast.com\/wordpress\/plugins\/seo\/ -->\n<title>Verfassungssch\u00fctzer mauern, Zsch\u00e4pe spricht \u2013 Das Medienlog vom Donnerstag, 18. Juni 2015 - Das NSU-Prozess-Blog<\/title>\n<meta name=\"robots\" content=\"index, follow, max-snippet:-1, max-image-preview:large, max-video-preview:-1\" \/>\n<link rel=\"canonical\" href=\"https:\/\/blog.zeit.de\/nsu-prozess-blog\/2015\/06\/18\/medienlog-andreas-t-telefonat-beate-zschaepe\/\" \/>\n<meta property=\"og:locale\" content=\"de_DE\" \/>\n<meta property=\"og:type\" content=\"article\" \/>\n<meta property=\"og:title\" content=\"Verfassungssch\u00fctzer mauern, Zsch\u00e4pe spricht \u2013 Das Medienlog vom Donnerstag, 18. Juni 2015 - Das NSU-Prozess-Blog\" \/>\n<meta property=\"og:description\" content=\"Beeinflusste der Verfassungsschutz die Ermittlungen der Polizei gegen seinen Mitarbeiter Andreas T., der nach dem Mord an Halit Yozgat von 2006 unter Verdacht stand? Der 211. Verhandlungstag lieferte daf\u00fcr keine Belege. Das Gericht h\u00f6rte drei Verfassungssch\u00fctzer, die w\u00e4hrend der Ermittlungen mit T. telefoniert hatten, auch Aufzeichnungen der Gespr\u00e4che wurden abgespielt. &#8222;Doch mit der Klarheit ist [&hellip;]\" \/>\n<meta property=\"og:url\" content=\"https:\/\/blog.zeit.de\/nsu-prozess-blog\/2015\/06\/18\/medienlog-andreas-t-telefonat-beate-zschaepe\/\" \/>\n<meta property=\"og:site_name\" content=\"Das NSU-Prozess-Blog\" \/>\n<meta property=\"article:published_time\" content=\"2015-06-18T07:08:51+00:00\" \/>\n<meta property=\"article:modified_time\" content=\"2015-06-18T14:33:13+00:00\" \/>\n<meta name=\"author\" content=\"Tom Sundermann\" \/>\n<meta name=\"twitter:label1\" content=\"Geschrieben von\" \/>\n\t<meta name=\"twitter:data1\" content=\"Tom Sundermann\" \/>\n\t<meta name=\"twitter:label2\" content=\"Gesch\u00e4tzte Lesezeit\" \/>\n\t<meta name=\"twitter:data2\" content=\"2\u00a0Minuten\" \/>\n<script type=\"application\/ld+json\" class=\"yoast-schema-graph\">{\"@context\":\"https:\/\/schema.org\",\"@graph\":[{\"@type\":\"WebPage\",\"@id\":\"https:\/\/blog.zeit.de\/nsu-prozess-blog\/2015\/06\/18\/medienlog-andreas-t-telefonat-beate-zschaepe\/\",\"url\":\"https:\/\/blog.zeit.de\/nsu-prozess-blog\/2015\/06\/18\/medienlog-andreas-t-telefonat-beate-zschaepe\/\",\"name\":\"Verfassungssch\u00fctzer mauern, Zsch\u00e4pe spricht \u2013 Das Medienlog vom Donnerstag, 18. Juni 2015 - Das NSU-Prozess-Blog\",\"isPartOf\":{\"@id\":\"https:\/\/blog.zeit.de\/nsu-prozess-blog\/#website\"},\"datePublished\":\"2015-06-18T07:08:51+00:00\",\"dateModified\":\"2015-06-18T14:33:13+00:00\",\"author\":{\"@id\":\"https:\/\/blog.zeit.de\/nsu-prozess-blog\/#\/schema\/person\/553ea9bb5d1fc2ae054c589bd59380a5\"},\"breadcrumb\":{\"@id\":\"https:\/\/blog.zeit.de\/nsu-prozess-blog\/2015\/06\/18\/medienlog-andreas-t-telefonat-beate-zschaepe\/#breadcrumb\"},\"inLanguage\":\"de\",\"potentialAction\":[{\"@type\":\"ReadAction\",\"target\":[\"https:\/\/blog.zeit.de\/nsu-prozess-blog\/2015\/06\/18\/medienlog-andreas-t-telefonat-beate-zschaepe\/\"]}]},{\"@type\":\"BreadcrumbList\",\"@id\":\"https:\/\/blog.zeit.de\/nsu-prozess-blog\/2015\/06\/18\/medienlog-andreas-t-telefonat-beate-zschaepe\/#breadcrumb\",\"itemListElement\":[{\"@type\":\"ListItem\",\"position\":1,\"name\":\"Startseite\",\"item\":\"https:\/\/blog.zeit.de\/nsu-prozess-blog\/\"},{\"@type\":\"ListItem\",\"position\":2,\"name\":\"Verfassungssch\u00fctzer mauern, Zsch\u00e4pe spricht \u2013 Das Medienlog vom Donnerstag, 18. Juni 2015\"}]},{\"@type\":\"WebSite\",\"@id\":\"https:\/\/blog.zeit.de\/nsu-prozess-blog\/#website\",\"url\":\"https:\/\/blog.zeit.de\/nsu-prozess-blog\/\",\"name\":\"Das NSU-Prozess-Blog\",\"description\":\"Alle Berichte zum Terrorverfahren in M\u00fcnchen\",\"potentialAction\":[{\"@type\":\"SearchAction\",\"target\":{\"@type\":\"EntryPoint\",\"urlTemplate\":\"https:\/\/blog.zeit.de\/nsu-prozess-blog\/?s={search_term_string}\"},\"query-input\":\"required name=search_term_string\"}],\"inLanguage\":\"de\"},{\"@type\":\"Person\",\"@id\":\"https:\/\/blog.zeit.de\/nsu-prozess-blog\/#\/schema\/person\/553ea9bb5d1fc2ae054c589bd59380a5\",\"name\":\"Tom Sundermann\",\"image\":{\"@type\":\"ImageObject\",\"inLanguage\":\"de\",\"@id\":\"https:\/\/blog.zeit.de\/nsu-prozess-blog\/#\/schema\/person\/image\/\",\"url\":\"https:\/\/secure.gravatar.com\/avatar\/e108a3dc18766f719b2f797dc5d19093f06a1870c55b553ab6b7563f1f9a5e68?s=96&d=mm&r=g\",\"contentUrl\":\"https:\/\/secure.gravatar.com\/avatar\/e108a3dc18766f719b2f797dc5d19093f06a1870c55b553ab6b7563f1f9a5e68?s=96&d=mm&r=g\",\"caption\":\"Tom Sundermann\"},\"sameAs\":[\"https:\/\/twitter.com\/messeticker\"],\"url\":\"https:\/\/blog.zeit.de\/nsu-prozess-blog\/author\/tsundermann\/\"}]}<\/script>\n<!-- \/ Yoast SEO plugin. -->","yoast_head_json":{"title":"Verfassungssch\u00fctzer mauern, Zsch\u00e4pe spricht \u2013 Das Medienlog vom Donnerstag, 18. Juni 2015 - Das NSU-Prozess-Blog","robots":{"index":"index","follow":"follow","max-snippet":"max-snippet:-1","max-image-preview":"max-image-preview:large","max-video-preview":"max-video-preview:-1"},"canonical":"https:\/\/blog.zeit.de\/nsu-prozess-blog\/2015\/06\/18\/medienlog-andreas-t-telefonat-beate-zschaepe\/","og_locale":"de_DE","og_type":"article","og_title":"Verfassungssch\u00fctzer mauern, Zsch\u00e4pe spricht \u2013 Das Medienlog vom Donnerstag, 18. Juni 2015 - Das NSU-Prozess-Blog","og_description":"Beeinflusste der Verfassungsschutz die Ermittlungen der Polizei gegen seinen Mitarbeiter Andreas T., der nach dem Mord an Halit Yozgat von 2006 unter Verdacht stand? Der 211. Verhandlungstag lieferte daf\u00fcr keine Belege. Das Gericht h\u00f6rte drei Verfassungssch\u00fctzer, die w\u00e4hrend der Ermittlungen mit T. telefoniert hatten, auch Aufzeichnungen der Gespr\u00e4che wurden abgespielt. &#8222;Doch mit der Klarheit ist [&hellip;]","og_url":"https:\/\/blog.zeit.de\/nsu-prozess-blog\/2015\/06\/18\/medienlog-andreas-t-telefonat-beate-zschaepe\/","og_site_name":"Das NSU-Prozess-Blog","article_published_time":"2015-06-18T07:08:51+00:00","article_modified_time":"2015-06-18T14:33:13+00:00","author":"Tom Sundermann","twitter_misc":{"Geschrieben von":"Tom Sundermann","Gesch\u00e4tzte Lesezeit":"2\u00a0Minuten"},"schema":{"@context":"https:\/\/schema.org","@graph":[{"@type":"WebPage","@id":"https:\/\/blog.zeit.de\/nsu-prozess-blog\/2015\/06\/18\/medienlog-andreas-t-telefonat-beate-zschaepe\/","url":"https:\/\/blog.zeit.de\/nsu-prozess-blog\/2015\/06\/18\/medienlog-andreas-t-telefonat-beate-zschaepe\/","name":"Verfassungssch\u00fctzer mauern, Zsch\u00e4pe spricht \u2013 Das Medienlog vom Donnerstag, 18. Juni 2015 - Das NSU-Prozess-Blog","isPartOf":{"@id":"https:\/\/blog.zeit.de\/nsu-prozess-blog\/#website"},"datePublished":"2015-06-18T07:08:51+00:00","dateModified":"2015-06-18T14:33:13+00:00","author":{"@id":"https:\/\/blog.zeit.de\/nsu-prozess-blog\/#\/schema\/person\/553ea9bb5d1fc2ae054c589bd59380a5"},"breadcrumb":{"@id":"https:\/\/blog.zeit.de\/nsu-prozess-blog\/2015\/06\/18\/medienlog-andreas-t-telefonat-beate-zschaepe\/#breadcrumb"},"inLanguage":"de","potentialAction":[{"@type":"ReadAction","target":["https:\/\/blog.zeit.de\/nsu-prozess-blog\/2015\/06\/18\/medienlog-andreas-t-telefonat-beate-zschaepe\/"]}]},{"@type":"BreadcrumbList","@id":"https:\/\/blog.zeit.de\/nsu-prozess-blog\/2015\/06\/18\/medienlog-andreas-t-telefonat-beate-zschaepe\/#breadcrumb","itemListElement":[{"@type":"ListItem","position":1,"name":"Startseite","item":"https:\/\/blog.zeit.de\/nsu-prozess-blog\/"},{"@type":"ListItem","position":2,"name":"Verfassungssch\u00fctzer mauern, Zsch\u00e4pe spricht \u2013 Das Medienlog vom Donnerstag, 18. Juni 2015"}]},{"@type":"WebSite","@id":"https:\/\/blog.zeit.de\/nsu-prozess-blog\/#website","url":"https:\/\/blog.zeit.de\/nsu-prozess-blog\/","name":"Das NSU-Prozess-Blog","description":"Alle Berichte zum Terrorverfahren in M\u00fcnchen","potentialAction":[{"@type":"SearchAction","target":{"@type":"EntryPoint","urlTemplate":"https:\/\/blog.zeit.de\/nsu-prozess-blog\/?s={search_term_string}"},"query-input":"required name=search_term_string"}],"inLanguage":"de"},{"@type":"Person","@id":"https:\/\/blog.zeit.de\/nsu-prozess-blog\/#\/schema\/person\/553ea9bb5d1fc2ae054c589bd59380a5","name":"Tom Sundermann","image":{"@type":"ImageObject","inLanguage":"de","@id":"https:\/\/blog.zeit.de\/nsu-prozess-blog\/#\/schema\/person\/image\/","url":"https:\/\/secure.gravatar.com\/avatar\/e108a3dc18766f719b2f797dc5d19093f06a1870c55b553ab6b7563f1f9a5e68?s=96&d=mm&r=g","contentUrl":"https:\/\/secure.gravatar.com\/avatar\/e108a3dc18766f719b2f797dc5d19093f06a1870c55b553ab6b7563f1f9a5e68?s=96&d=mm&r=g","caption":"Tom Sundermann"},"sameAs":["https:\/\/twitter.com\/messeticker"],"url":"https:\/\/blog.zeit.de\/nsu-prozess-blog\/author\/tsundermann\/"}]}},"jetpack_featured_media_url":"","jetpack_sharing_enabled":true,"_links":{"self":[{"href":"https:\/\/blog.zeit.de\/nsu-prozess-blog\/wp-json\/wp\/v2\/posts\/9328","targetHints":{"allow":["GET"]}}],"collection":[{"href":"https:\/\/blog.zeit.de\/nsu-prozess-blog\/wp-json\/wp\/v2\/posts"}],"about":[{"href":"https:\/\/blog.zeit.de\/nsu-prozess-blog\/wp-json\/wp\/v2\/types\/post"}],"author":[{"embeddable":true,"href":"https:\/\/blog.zeit.de\/nsu-prozess-blog\/wp-json\/wp\/v2\/users\/435"}],"replies":[{"embeddable":true,"href":"https:\/\/blog.zeit.de\/nsu-prozess-blog\/wp-json\/wp\/v2\/comments?post=9328"}],"version-history":[{"count":5,"href":"https:\/\/blog.zeit.de\/nsu-prozess-blog\/wp-json\/wp\/v2\/posts\/9328\/revisions"}],"predecessor-version":[{"id":9334,"href":"https:\/\/blog.zeit.de\/nsu-prozess-blog\/wp-json\/wp\/v2\/posts\/9328\/revisions\/9334"}],"wp:attachment":[{"href":"https:\/\/blog.zeit.de\/nsu-prozess-blog\/wp-json\/wp\/v2\/media?parent=9328"}],"wp:term":[{"taxonomy":"category","embeddable":true,"href":"https:\/\/blog.zeit.de\/nsu-prozess-blog\/wp-json\/wp\/v2\/categories?post=9328"},{"taxonomy":"post_tag","embeddable":true,"href":"https:\/\/blog.zeit.de\/nsu-prozess-blog\/wp-json\/wp\/v2\/tags?post=9328"}],"curies":[{"name":"wp","href":"https:\/\/api.w.org\/{rel}","templated":true}]}}