{"id":933,"date":"2013-06-05T08:40:02","date_gmt":"2013-06-05T06:40:02","guid":{"rendered":"http:\/\/blog.zeit.de\/nsu-prozess-blog\/?p=933"},"modified":"2013-06-05T11:30:10","modified_gmt":"2013-06-05T09:30:10","slug":"antraege-aussage-carsten-s","status":"publish","type":"post","link":"https:\/\/blog.zeit.de\/nsu-prozess-blog\/2013\/06\/05\/antraege-aussage-carsten-s\/","title":{"rendered":"Mitt\u00e4ter oder Mitl\u00e4ufer? \u2013 das NSU-Medienlog vom Mittwoch 5. Juni 2013"},"content":{"rendered":"<p><em>An jedem Werktag fassen wir im NSU-Prozess-Blog die wichtigsten Medienberichte, Blogs, Videos und Tweets zusammen. Wir freuen uns \u00fcber Hinweise via Twitter mit dem Hashtag <a href=\"https:\/\/twitter.com\/search\/realtime?q=%23nsublog&amp;src=typd\" target=\"_blank\">#nsublog<\/a> \u2013 oder per E-Mail an nsublog@zeit.de.<\/em><\/p>\n<p>Am f\u00fcnften Prozesstag begann die Vernehmung des Angeklagten Carsten S., der viel von sich erz\u00e4hlte und zugab, die Tatwaffe besorgt zu haben.<\/p>\n<p>Nahezu alle deutschen Medien fassen den f\u00fcnften Verhandlungstag in Berichten und Reportagen zusammen, darunter die <a href=\"http:\/\/www.faz.net\/aktuell\/politik\/nsu-prozess\/nsu-verfahren-carsten-s-gibt-waffenkauf-fuer-nsu-trio-zu-12208252.html\" target=\"_blank\"><em>Frankfurter Allgemeine Zeitung<\/em><\/a>,<a href=\"http:\/\/www.sueddeutsche.de\/politik\/aussage-von-nsu-helfer-carsten-s-von-der-seele-geredet-1.1688645\" target=\"_blank\"><em> S\u00fcddeutsche Zeitung<\/em><\/a>, <a href=\"http:\/\/www.zeit.de\/gesellschaft\/zeitgeschehen\/2013-06\/nsu-prozess-tag-5\" target=\"_blank\">ZEIT ONLINE<\/a>, <a href=\"http:\/\/www.dradio.de\/aktuell\/2131905\/\" target=\"_blank\">Deutschlandradio<\/a><em>, <a href=\"http:\/\/www.jungewelt.de\/2013\/06-05\/053.php\">Junge Welt<\/a>, <a href=\"http:\/\/www.berliner-zeitung.de\/politik\/nsu-prozess-der-helfer,10808018,23119386.html\" target=\"_blank\">Berliner Zeitung<\/a><\/em> und die <a href=\"http:\/\/www.taz.de\/Carsten-S-im-NSU-Prozess\/!117478\/\" target=\"_blank\"><em>taz.<\/em><\/a><\/p>\n<p><!--more--><\/p>\n<p>Auch t\u00fcrkische Medien wie die <a href=\"http:\/\/www.sabah.de\/arzuhalciyi-gectiler.html\" target=\"_blank\"><em>Sabah<\/em><\/a>, <a href=\"http:\/\/www.hurriyet.com.tr\/planet\/23436387.asp\" target=\"_blank\"><em>H\u00fcrriyet<\/em><\/a> und der Sender <a href=\"http:\/\/www.ntvmsnbc.com\/id\/25447046\/\" target=\"_blank\">NTV<\/a> berichteten. Thema ist unter anderem wieder der Auftritt der Hauptangeklagten Beate Zsch\u00e4pe, die der Presse im Gerichtssaal erneut den R\u00fccken zukehrte. NTV zeigt <a href=\"http:\/\/www.ntvmsnbc.com\/id\/25447046\/\" target=\"_blank\">ein Foto der lachenden Zsch\u00e4pe<\/a> und schreibt, die &#8222;Nazi-Braut&#8220; habe aufgelacht.<\/p>\n<p>Die meisten deutschen Medien konzentrierten sich dagegen auf die Carsten S. und dessen Aussage. &#8222;Er taucht nun unter dem Kapuzenpulli hervor, mit dem er sich all die Wochen verh\u00fcllt hatte: ein schmaler, jungenhafter Mann von 33 Jahren, blass, mit dunklen Haaren. Er ist angespannt&#8220;, <a href=\"http:\/\/http:\/\/www.sueddeutsche.de\/politik\/aussage-von-nsu-helfer-carsten-s-von-der-seele-geredet-1.1688645\" target=\"_blank\">schreibt der Autor der <em>S\u00fcddeutschen Zeitung.<\/em><\/a> Anschlie\u00dfend gibt der Artikel den Bericht des Angeklagten wieder, der zun\u00e4chst von seiner schwierigen Kindheit erz\u00e4hlt und davon, <strong>wie er in seiner Jugend in die rechte Szene geraten sei.<\/strong> Dort sei er schnell aufgestiegen. &#8222;Doch diese Karriere bei den Rechtsradikalen f\u00fchrt er nicht aus, er springt gleich zu seinen Zweifeln&#8220;, heit es in dem Bericht.<\/p>\n<p><a href=\"http:\/\/www.welt.de\/politik\/ausland\/article116821215\/Springerstiefel-zogen-Carsten-S-erotisch-an.html\" target=\"_blank\"><em>Die Welt<\/em><\/a> gibt ebenfalls Details der Biographie wieder und res\u00fcmiert: &#8222;Carsten S. beschreibt sich als den <strong>klassischen Mitl\u00e4ufer<\/strong>, der von dem mitangeklagten Ralf Wohlleben gesteuert wurde.&#8220; Wirklich aufschlussreich sei nur die Aussage gewesen, dass &#8222;die Uwes gar keinen Schalld\u00e4mpfer bestellt hatten, wie es oft zu h\u00f6ren war in den letzten Monaten&#8220;. Er habe nur eine Waffe beschaffen k\u00f6nnen, die solch einen Schalld\u00e4mpfer hatte.\u00a0 Die Frage sei von gro\u00dfer Bedeutung, schreibt die Zeitung: &#8222;Denn jemand, der einen Schalld\u00e4mpfer ordert, muss eigentlich die Absicht zum leisen Anschlag haben.&#8220;<br \/>\n<code><br \/>\n<\/code><\/p>\n<blockquote class=\"twitter-tweet\" lang=\"de\"><p><a href=\"https:\/\/twitter.com\/search\/%23nsu\">#nsu<\/a>-Prozess. Der Richter fragt: Ist jemand von BKA oder Verfassungsschutz unter den Zuschauern? Kopfsch\u00fctteln.<\/p>\n<p>\u2014 Annette Ramelsberger (@ARamelsberger) <a href=\"https:\/\/twitter.com\/ARamelsberger\/status\/341891717835919360\">4. Juni 2013<\/a><\/p><\/blockquote>\n<p>&nbsp;<\/p>\n<p><code><\/code><br \/>\n<strong>Kein &#8222;nutzloses Schaufenstergehabe&#8220;:<\/strong> Gisela Friedrichsen besch\u00e4ftigt sich auf <a href=\"http:\/\/www.spiegel.de\/panorama\/justiz\/nsu-prozess-mitangeklagter-carsten-s-beginnt-aussage-a-903766.html\"><em>Spiegel Online<\/em><\/a> unter anderem mit dem Antrag der Zsch\u00e4pe-Verteidiger, das Verfahren wegen &#8222;Vorverurteilung&#8220; auszusetzen. Der Anw\u00e4ltin Anja Sturm sei es ausdr\u00fccklich nicht um die &#8222;mediale Vorverurteilung&#8220; gegangen, sondern um die &#8222;beispiellose Vorverurteilung durch Vertreter der Strafverfolgungsbeh\u00f6rden und des Staates allgemein&#8220;. Dem Antrag werde wohl nicht stattgegeben, mutma\u00dft Friedrichsen. Doch er sei kein &#8222;nutzloses Schaufenstergehabe&#8220;.<\/p>\n<p>Es sollte vielmehr nachdenklich stimmen, wenn Barbara John, die Ombudsfrau der Bundesregierung f\u00fcr die NSU-Opferfamilien, stets von einer &#8222;Mitt\u00e4terin&#8220; spreche. Auch der ehemalige Innenminister Otto Schily habe sich so ge\u00e4u\u00dfert, &#8222;als w\u00e4re das Wort Unschuldsvermutung ein Fremdwort&#8220;. Ein solcher Antrag der Verteidigung sollte nachdenklich stimmen, schreibt Friedrichsen und res\u00fcmiert: &#8222;Vielleicht, so die Hoffnung, sch\u00e4rft er die Sensibilit\u00e4t f\u00fcr den Einfluss der Sprache auf die Meinungsbildung der Menschen.&#8220;<\/p>\n<p>In englischsprachigen Online-Medien wurden heute erneut keine Berichte \u00fcber den NSU-Prozess ver\u00f6ffentlicht.<\/p>\n<p>Wir freuen uns auch dazu \u00fcber Hinweise an nsublog@zeit.de<\/p>\n<p><em>Das n\u00e4chste Medienlog erscheint am Donnerstag, den 6. Juni.<\/em><\/p>\n","protected":false},"excerpt":{"rendered":"<p>An jedem Werktag fassen wir im NSU-Prozess-Blog die wichtigsten Medienberichte, Blogs, Videos und Tweets zusammen. Wir freuen uns \u00fcber Hinweise via Twitter mit dem Hashtag #nsublog \u2013 oder per E-Mail an nsublog@zeit.de. Am f\u00fcnften Prozesstag begann die Vernehmung des Angeklagten Carsten S., der viel von sich erz\u00e4hlte und zugab, die Tatwaffe besorgt zu haben. Nahezu [&hellip;]<\/p>\n","protected":false},"author":410,"featured_media":0,"comment_status":"open","ping_status":"open","sticky":false,"template":"","format":"standard","meta":{"_jetpack_memberships_contains_paid_content":false,"footnotes":""},"categories":[27531],"tags":[17793,27541],"class_list":["post-933","post","type-post","status-publish","format-standard","hentry","category-medienschau","tag-beate-zschape","tag-carsten-s"],"yoast_head":"<!-- This site is optimized with the Yoast SEO plugin v21.0 - https:\/\/yoast.com\/wordpress\/plugins\/seo\/ -->\n<title>Mitt\u00e4ter oder Mitl\u00e4ufer? \u2013 das NSU-Medienlog vom Mittwoch 5. Juni 2013 - Das NSU-Prozess-Blog<\/title>\n<meta name=\"robots\" content=\"index, follow, max-snippet:-1, max-image-preview:large, max-video-preview:-1\" \/>\n<link rel=\"canonical\" href=\"https:\/\/blog.zeit.de\/nsu-prozess-blog\/2013\/06\/05\/antraege-aussage-carsten-s\/\" \/>\n<meta property=\"og:locale\" content=\"de_DE\" \/>\n<meta property=\"og:type\" content=\"article\" \/>\n<meta property=\"og:title\" content=\"Mitt\u00e4ter oder Mitl\u00e4ufer? \u2013 das NSU-Medienlog vom Mittwoch 5. Juni 2013 - Das NSU-Prozess-Blog\" \/>\n<meta property=\"og:description\" content=\"An jedem Werktag fassen wir im NSU-Prozess-Blog die wichtigsten Medienberichte, Blogs, Videos und Tweets zusammen. Wir freuen uns \u00fcber Hinweise via Twitter mit dem Hashtag #nsublog \u2013 oder per E-Mail an nsublog@zeit.de. Am f\u00fcnften Prozesstag begann die Vernehmung des Angeklagten Carsten S., der viel von sich erz\u00e4hlte und zugab, die Tatwaffe besorgt zu haben. Nahezu [&hellip;]\" \/>\n<meta property=\"og:url\" content=\"https:\/\/blog.zeit.de\/nsu-prozess-blog\/2013\/06\/05\/antraege-aussage-carsten-s\/\" \/>\n<meta property=\"og:site_name\" content=\"Das NSU-Prozess-Blog\" \/>\n<meta property=\"article:published_time\" content=\"2013-06-05T06:40:02+00:00\" \/>\n<meta property=\"article:modified_time\" content=\"2013-06-05T09:30:10+00:00\" \/>\n<meta name=\"author\" content=\"Mirjam Schmitt\" \/>\n<meta name=\"twitter:label1\" content=\"Geschrieben von\" \/>\n\t<meta name=\"twitter:data1\" content=\"Mirjam Schmitt\" \/>\n\t<meta name=\"twitter:label2\" content=\"Gesch\u00e4tzte Lesezeit\" \/>\n\t<meta name=\"twitter:data2\" content=\"3\u00a0Minuten\" \/>\n<script type=\"application\/ld+json\" class=\"yoast-schema-graph\">{\"@context\":\"https:\/\/schema.org\",\"@graph\":[{\"@type\":\"WebPage\",\"@id\":\"https:\/\/blog.zeit.de\/nsu-prozess-blog\/2013\/06\/05\/antraege-aussage-carsten-s\/\",\"url\":\"https:\/\/blog.zeit.de\/nsu-prozess-blog\/2013\/06\/05\/antraege-aussage-carsten-s\/\",\"name\":\"Mitt\u00e4ter oder Mitl\u00e4ufer? \u2013 das NSU-Medienlog vom Mittwoch 5. Juni 2013 - Das NSU-Prozess-Blog\",\"isPartOf\":{\"@id\":\"https:\/\/blog.zeit.de\/nsu-prozess-blog\/#website\"},\"datePublished\":\"2013-06-05T06:40:02+00:00\",\"dateModified\":\"2013-06-05T09:30:10+00:00\",\"author\":{\"@id\":\"https:\/\/blog.zeit.de\/nsu-prozess-blog\/#\/schema\/person\/45acffb344ee326a2ebea3f5c0ad3ae8\"},\"breadcrumb\":{\"@id\":\"https:\/\/blog.zeit.de\/nsu-prozess-blog\/2013\/06\/05\/antraege-aussage-carsten-s\/#breadcrumb\"},\"inLanguage\":\"de\",\"potentialAction\":[{\"@type\":\"ReadAction\",\"target\":[\"https:\/\/blog.zeit.de\/nsu-prozess-blog\/2013\/06\/05\/antraege-aussage-carsten-s\/\"]}]},{\"@type\":\"BreadcrumbList\",\"@id\":\"https:\/\/blog.zeit.de\/nsu-prozess-blog\/2013\/06\/05\/antraege-aussage-carsten-s\/#breadcrumb\",\"itemListElement\":[{\"@type\":\"ListItem\",\"position\":1,\"name\":\"Startseite\",\"item\":\"https:\/\/blog.zeit.de\/nsu-prozess-blog\/\"},{\"@type\":\"ListItem\",\"position\":2,\"name\":\"Mitt\u00e4ter oder Mitl\u00e4ufer? \u2013 das NSU-Medienlog vom Mittwoch 5. Juni 2013\"}]},{\"@type\":\"WebSite\",\"@id\":\"https:\/\/blog.zeit.de\/nsu-prozess-blog\/#website\",\"url\":\"https:\/\/blog.zeit.de\/nsu-prozess-blog\/\",\"name\":\"Das NSU-Prozess-Blog\",\"description\":\"Alle Berichte zum Terrorverfahren in M\u00fcnchen\",\"potentialAction\":[{\"@type\":\"SearchAction\",\"target\":{\"@type\":\"EntryPoint\",\"urlTemplate\":\"https:\/\/blog.zeit.de\/nsu-prozess-blog\/?s={search_term_string}\"},\"query-input\":\"required name=search_term_string\"}],\"inLanguage\":\"de\"},{\"@type\":\"Person\",\"@id\":\"https:\/\/blog.zeit.de\/nsu-prozess-blog\/#\/schema\/person\/45acffb344ee326a2ebea3f5c0ad3ae8\",\"name\":\"Mirjam Schmitt\",\"image\":{\"@type\":\"ImageObject\",\"inLanguage\":\"de\",\"@id\":\"https:\/\/blog.zeit.de\/nsu-prozess-blog\/#\/schema\/person\/image\/\",\"url\":\"https:\/\/secure.gravatar.com\/avatar\/21ea3e922b6404f0cab7bb919e2b401850e5cef2e7155dba6caa935b66c5688b?s=96&d=mm&r=g\",\"contentUrl\":\"https:\/\/secure.gravatar.com\/avatar\/21ea3e922b6404f0cab7bb919e2b401850e5cef2e7155dba6caa935b66c5688b?s=96&d=mm&r=g\",\"caption\":\"Mirjam Schmitt\"},\"url\":\"https:\/\/blog.zeit.de\/nsu-prozess-blog\/author\/mschmitt\/\"}]}<\/script>\n<!-- \/ Yoast SEO plugin. -->","yoast_head_json":{"title":"Mitt\u00e4ter oder Mitl\u00e4ufer? \u2013 das NSU-Medienlog vom Mittwoch 5. Juni 2013 - Das NSU-Prozess-Blog","robots":{"index":"index","follow":"follow","max-snippet":"max-snippet:-1","max-image-preview":"max-image-preview:large","max-video-preview":"max-video-preview:-1"},"canonical":"https:\/\/blog.zeit.de\/nsu-prozess-blog\/2013\/06\/05\/antraege-aussage-carsten-s\/","og_locale":"de_DE","og_type":"article","og_title":"Mitt\u00e4ter oder Mitl\u00e4ufer? \u2013 das NSU-Medienlog vom Mittwoch 5. Juni 2013 - Das NSU-Prozess-Blog","og_description":"An jedem Werktag fassen wir im NSU-Prozess-Blog die wichtigsten Medienberichte, Blogs, Videos und Tweets zusammen. Wir freuen uns \u00fcber Hinweise via Twitter mit dem Hashtag #nsublog \u2013 oder per E-Mail an nsublog@zeit.de. Am f\u00fcnften Prozesstag begann die Vernehmung des Angeklagten Carsten S., der viel von sich erz\u00e4hlte und zugab, die Tatwaffe besorgt zu haben. Nahezu [&hellip;]","og_url":"https:\/\/blog.zeit.de\/nsu-prozess-blog\/2013\/06\/05\/antraege-aussage-carsten-s\/","og_site_name":"Das NSU-Prozess-Blog","article_published_time":"2013-06-05T06:40:02+00:00","article_modified_time":"2013-06-05T09:30:10+00:00","author":"Mirjam Schmitt","twitter_misc":{"Geschrieben von":"Mirjam Schmitt","Gesch\u00e4tzte Lesezeit":"3\u00a0Minuten"},"schema":{"@context":"https:\/\/schema.org","@graph":[{"@type":"WebPage","@id":"https:\/\/blog.zeit.de\/nsu-prozess-blog\/2013\/06\/05\/antraege-aussage-carsten-s\/","url":"https:\/\/blog.zeit.de\/nsu-prozess-blog\/2013\/06\/05\/antraege-aussage-carsten-s\/","name":"Mitt\u00e4ter oder Mitl\u00e4ufer? \u2013 das NSU-Medienlog vom Mittwoch 5. Juni 2013 - Das NSU-Prozess-Blog","isPartOf":{"@id":"https:\/\/blog.zeit.de\/nsu-prozess-blog\/#website"},"datePublished":"2013-06-05T06:40:02+00:00","dateModified":"2013-06-05T09:30:10+00:00","author":{"@id":"https:\/\/blog.zeit.de\/nsu-prozess-blog\/#\/schema\/person\/45acffb344ee326a2ebea3f5c0ad3ae8"},"breadcrumb":{"@id":"https:\/\/blog.zeit.de\/nsu-prozess-blog\/2013\/06\/05\/antraege-aussage-carsten-s\/#breadcrumb"},"inLanguage":"de","potentialAction":[{"@type":"ReadAction","target":["https:\/\/blog.zeit.de\/nsu-prozess-blog\/2013\/06\/05\/antraege-aussage-carsten-s\/"]}]},{"@type":"BreadcrumbList","@id":"https:\/\/blog.zeit.de\/nsu-prozess-blog\/2013\/06\/05\/antraege-aussage-carsten-s\/#breadcrumb","itemListElement":[{"@type":"ListItem","position":1,"name":"Startseite","item":"https:\/\/blog.zeit.de\/nsu-prozess-blog\/"},{"@type":"ListItem","position":2,"name":"Mitt\u00e4ter oder Mitl\u00e4ufer? \u2013 das NSU-Medienlog vom Mittwoch 5. Juni 2013"}]},{"@type":"WebSite","@id":"https:\/\/blog.zeit.de\/nsu-prozess-blog\/#website","url":"https:\/\/blog.zeit.de\/nsu-prozess-blog\/","name":"Das NSU-Prozess-Blog","description":"Alle Berichte zum Terrorverfahren in M\u00fcnchen","potentialAction":[{"@type":"SearchAction","target":{"@type":"EntryPoint","urlTemplate":"https:\/\/blog.zeit.de\/nsu-prozess-blog\/?s={search_term_string}"},"query-input":"required name=search_term_string"}],"inLanguage":"de"},{"@type":"Person","@id":"https:\/\/blog.zeit.de\/nsu-prozess-blog\/#\/schema\/person\/45acffb344ee326a2ebea3f5c0ad3ae8","name":"Mirjam Schmitt","image":{"@type":"ImageObject","inLanguage":"de","@id":"https:\/\/blog.zeit.de\/nsu-prozess-blog\/#\/schema\/person\/image\/","url":"https:\/\/secure.gravatar.com\/avatar\/21ea3e922b6404f0cab7bb919e2b401850e5cef2e7155dba6caa935b66c5688b?s=96&d=mm&r=g","contentUrl":"https:\/\/secure.gravatar.com\/avatar\/21ea3e922b6404f0cab7bb919e2b401850e5cef2e7155dba6caa935b66c5688b?s=96&d=mm&r=g","caption":"Mirjam Schmitt"},"url":"https:\/\/blog.zeit.de\/nsu-prozess-blog\/author\/mschmitt\/"}]}},"jetpack_featured_media_url":"","jetpack_sharing_enabled":true,"_links":{"self":[{"href":"https:\/\/blog.zeit.de\/nsu-prozess-blog\/wp-json\/wp\/v2\/posts\/933","targetHints":{"allow":["GET"]}}],"collection":[{"href":"https:\/\/blog.zeit.de\/nsu-prozess-blog\/wp-json\/wp\/v2\/posts"}],"about":[{"href":"https:\/\/blog.zeit.de\/nsu-prozess-blog\/wp-json\/wp\/v2\/types\/post"}],"author":[{"embeddable":true,"href":"https:\/\/blog.zeit.de\/nsu-prozess-blog\/wp-json\/wp\/v2\/users\/410"}],"replies":[{"embeddable":true,"href":"https:\/\/blog.zeit.de\/nsu-prozess-blog\/wp-json\/wp\/v2\/comments?post=933"}],"version-history":[{"count":24,"href":"https:\/\/blog.zeit.de\/nsu-prozess-blog\/wp-json\/wp\/v2\/posts\/933\/revisions"}],"predecessor-version":[{"id":964,"href":"https:\/\/blog.zeit.de\/nsu-prozess-blog\/wp-json\/wp\/v2\/posts\/933\/revisions\/964"}],"wp:attachment":[{"href":"https:\/\/blog.zeit.de\/nsu-prozess-blog\/wp-json\/wp\/v2\/media?parent=933"}],"wp:term":[{"taxonomy":"category","embeddable":true,"href":"https:\/\/blog.zeit.de\/nsu-prozess-blog\/wp-json\/wp\/v2\/categories?post=933"},{"taxonomy":"post_tag","embeddable":true,"href":"https:\/\/blog.zeit.de\/nsu-prozess-blog\/wp-json\/wp\/v2\/tags?post=933"}],"curies":[{"name":"wp","href":"https:\/\/api.w.org\/{rel}","templated":true}]}}