{"id":9339,"date":"2015-06-23T07:00:07","date_gmt":"2015-06-23T05:00:07","guid":{"rendered":"http:\/\/blog.zeit.de\/nsu-prozess-blog\/?p=9339"},"modified":"2015-06-22T15:46:31","modified_gmt":"2015-06-22T13:46:31","slug":"212-prozesstag-gefaehrliche-schuesse-beim-ueberfall","status":"publish","type":"post","link":"https:\/\/blog.zeit.de\/nsu-prozess-blog\/2015\/06\/23\/212-prozesstag-gefaehrliche-schuesse-beim-ueberfall\/","title":{"rendered":"212. Prozesstag \u2013 Gef\u00e4hrliche Sch\u00fcsse beim \u00dcberfall"},"content":{"rendered":"<p>Im Dezember 1998 beging der NSU seine erste bekannte Straftat im Untergrund: Uwe Mundlos und Uwe B\u00f6hnhardt <a href=\"https:\/\/blog.zeit.de\/nsu-prozess-blog\/2015\/05\/11\/die-erste-tat-des-nsu\/\">\u00fcberfielen einen Supermarkt in Chemnitz<\/a>, um an Geld zu kommen. Dabei w\u00e4re es beinahe schon blutig zugegangen: Bei der Flucht folgte ihnen ein 16-J\u00e4hriger auf den Parkplatz, die T\u00e4ter schossen mehrmals in seine Richtung. Heute sagt der Zeuge von damals, Falco K., in M\u00fcnchen aus. Der Sachverst\u00e4ndige Oliver Peschel sch\u00e4tzt in einem Gutachten ein, wie stark K. durch die Sch\u00fcsse gef\u00e4hrdet war. Auch ein anderer Kunde, der den \u00dcberfall miterlebt hatte, ist in den NSU-Prozess geladen.<\/p>\n<p><em>Informationen aus der Verhandlung gibt es <a href=\"https:\/\/twitter.com\/zeitonline\/lists\/nsu-prozess\">via Twitter hier<\/a>. Die Berichte dar\u00fcber fassen wir morgen im <a href=\"https:\/\/blog.zeit.de\/nsu-prozess-blog\/category\/medienschau\/\">NSU-Medienlog<\/a> zusammen.<\/em><\/p>\n","protected":false},"excerpt":{"rendered":"<p>Im Dezember 1998 beging der NSU seine erste bekannte Straftat im Untergrund: Uwe Mundlos und Uwe B\u00f6hnhardt \u00fcberfielen einen Supermarkt in Chemnitz, um an Geld zu kommen. Dabei w\u00e4re es beinahe schon blutig zugegangen: Bei der Flucht folgte ihnen ein 16-J\u00e4hriger auf den Parkplatz, die T\u00e4ter schossen mehrmals in seine Richtung. Heute sagt der Zeuge [&hellip;]<\/p>\n","protected":false},"author":435,"featured_media":0,"comment_status":"open","ping_status":"open","sticky":false,"template":"","format":"standard","meta":{"_jetpack_memberships_contains_paid_content":false,"footnotes":""},"categories":[27532],"tags":[12745,1105,29529,29492],"class_list":["post-9339","post","type-post","status-publish","format-standard","hentry","category-prozesstage","tag-chemnitz","tag-gutachten","tag-ueberfaelle","tag-waffe"],"yoast_head":"<!-- This site is optimized with the Yoast SEO plugin v21.0 - https:\/\/yoast.com\/wordpress\/plugins\/seo\/ -->\n<title>212. Prozesstag \u2013 Gef\u00e4hrliche Sch\u00fcsse beim \u00dcberfall - Das NSU-Prozess-Blog<\/title>\n<meta name=\"robots\" content=\"index, follow, max-snippet:-1, max-image-preview:large, max-video-preview:-1\" \/>\n<link rel=\"canonical\" href=\"https:\/\/blog.zeit.de\/nsu-prozess-blog\/2015\/06\/23\/212-prozesstag-gefaehrliche-schuesse-beim-ueberfall\/\" \/>\n<meta property=\"og:locale\" content=\"de_DE\" \/>\n<meta property=\"og:type\" content=\"article\" \/>\n<meta property=\"og:title\" content=\"212. Prozesstag \u2013 Gef\u00e4hrliche Sch\u00fcsse beim \u00dcberfall - Das NSU-Prozess-Blog\" \/>\n<meta property=\"og:description\" content=\"Im Dezember 1998 beging der NSU seine erste bekannte Straftat im Untergrund: Uwe Mundlos und Uwe B\u00f6hnhardt \u00fcberfielen einen Supermarkt in Chemnitz, um an Geld zu kommen. Dabei w\u00e4re es beinahe schon blutig zugegangen: Bei der Flucht folgte ihnen ein 16-J\u00e4hriger auf den Parkplatz, die T\u00e4ter schossen mehrmals in seine Richtung. Heute sagt der Zeuge [&hellip;]\" \/>\n<meta property=\"og:url\" content=\"https:\/\/blog.zeit.de\/nsu-prozess-blog\/2015\/06\/23\/212-prozesstag-gefaehrliche-schuesse-beim-ueberfall\/\" \/>\n<meta property=\"og:site_name\" content=\"Das NSU-Prozess-Blog\" \/>\n<meta property=\"article:published_time\" content=\"2015-06-23T05:00:07+00:00\" \/>\n<meta property=\"article:modified_time\" content=\"2015-06-22T13:46:31+00:00\" \/>\n<meta name=\"author\" content=\"Tom Sundermann\" \/>\n<meta name=\"twitter:label1\" content=\"Geschrieben von\" \/>\n\t<meta name=\"twitter:data1\" content=\"Tom Sundermann\" \/>\n\t<meta name=\"twitter:label2\" content=\"Gesch\u00e4tzte Lesezeit\" \/>\n\t<meta name=\"twitter:data2\" content=\"1\u00a0Minute\" \/>\n<script type=\"application\/ld+json\" class=\"yoast-schema-graph\">{\"@context\":\"https:\/\/schema.org\",\"@graph\":[{\"@type\":\"WebPage\",\"@id\":\"https:\/\/blog.zeit.de\/nsu-prozess-blog\/2015\/06\/23\/212-prozesstag-gefaehrliche-schuesse-beim-ueberfall\/\",\"url\":\"https:\/\/blog.zeit.de\/nsu-prozess-blog\/2015\/06\/23\/212-prozesstag-gefaehrliche-schuesse-beim-ueberfall\/\",\"name\":\"212. Prozesstag \u2013 Gef\u00e4hrliche Sch\u00fcsse beim \u00dcberfall - Das NSU-Prozess-Blog\",\"isPartOf\":{\"@id\":\"https:\/\/blog.zeit.de\/nsu-prozess-blog\/#website\"},\"datePublished\":\"2015-06-23T05:00:07+00:00\",\"dateModified\":\"2015-06-22T13:46:31+00:00\",\"author\":{\"@id\":\"https:\/\/blog.zeit.de\/nsu-prozess-blog\/#\/schema\/person\/553ea9bb5d1fc2ae054c589bd59380a5\"},\"breadcrumb\":{\"@id\":\"https:\/\/blog.zeit.de\/nsu-prozess-blog\/2015\/06\/23\/212-prozesstag-gefaehrliche-schuesse-beim-ueberfall\/#breadcrumb\"},\"inLanguage\":\"de\",\"potentialAction\":[{\"@type\":\"ReadAction\",\"target\":[\"https:\/\/blog.zeit.de\/nsu-prozess-blog\/2015\/06\/23\/212-prozesstag-gefaehrliche-schuesse-beim-ueberfall\/\"]}]},{\"@type\":\"BreadcrumbList\",\"@id\":\"https:\/\/blog.zeit.de\/nsu-prozess-blog\/2015\/06\/23\/212-prozesstag-gefaehrliche-schuesse-beim-ueberfall\/#breadcrumb\",\"itemListElement\":[{\"@type\":\"ListItem\",\"position\":1,\"name\":\"Startseite\",\"item\":\"https:\/\/blog.zeit.de\/nsu-prozess-blog\/\"},{\"@type\":\"ListItem\",\"position\":2,\"name\":\"212. Prozesstag \u2013 Gef\u00e4hrliche Sch\u00fcsse beim \u00dcberfall\"}]},{\"@type\":\"WebSite\",\"@id\":\"https:\/\/blog.zeit.de\/nsu-prozess-blog\/#website\",\"url\":\"https:\/\/blog.zeit.de\/nsu-prozess-blog\/\",\"name\":\"Das NSU-Prozess-Blog\",\"description\":\"Alle Berichte zum Terrorverfahren in M\u00fcnchen\",\"potentialAction\":[{\"@type\":\"SearchAction\",\"target\":{\"@type\":\"EntryPoint\",\"urlTemplate\":\"https:\/\/blog.zeit.de\/nsu-prozess-blog\/?s={search_term_string}\"},\"query-input\":\"required name=search_term_string\"}],\"inLanguage\":\"de\"},{\"@type\":\"Person\",\"@id\":\"https:\/\/blog.zeit.de\/nsu-prozess-blog\/#\/schema\/person\/553ea9bb5d1fc2ae054c589bd59380a5\",\"name\":\"Tom Sundermann\",\"image\":{\"@type\":\"ImageObject\",\"inLanguage\":\"de\",\"@id\":\"https:\/\/blog.zeit.de\/nsu-prozess-blog\/#\/schema\/person\/image\/\",\"url\":\"https:\/\/secure.gravatar.com\/avatar\/e108a3dc18766f719b2f797dc5d19093f06a1870c55b553ab6b7563f1f9a5e68?s=96&d=mm&r=g\",\"contentUrl\":\"https:\/\/secure.gravatar.com\/avatar\/e108a3dc18766f719b2f797dc5d19093f06a1870c55b553ab6b7563f1f9a5e68?s=96&d=mm&r=g\",\"caption\":\"Tom Sundermann\"},\"sameAs\":[\"https:\/\/twitter.com\/messeticker\"],\"url\":\"https:\/\/blog.zeit.de\/nsu-prozess-blog\/author\/tsundermann\/\"}]}<\/script>\n<!-- \/ Yoast SEO plugin. -->","yoast_head_json":{"title":"212. Prozesstag \u2013 Gef\u00e4hrliche Sch\u00fcsse beim \u00dcberfall - Das NSU-Prozess-Blog","robots":{"index":"index","follow":"follow","max-snippet":"max-snippet:-1","max-image-preview":"max-image-preview:large","max-video-preview":"max-video-preview:-1"},"canonical":"https:\/\/blog.zeit.de\/nsu-prozess-blog\/2015\/06\/23\/212-prozesstag-gefaehrliche-schuesse-beim-ueberfall\/","og_locale":"de_DE","og_type":"article","og_title":"212. Prozesstag \u2013 Gef\u00e4hrliche Sch\u00fcsse beim \u00dcberfall - Das NSU-Prozess-Blog","og_description":"Im Dezember 1998 beging der NSU seine erste bekannte Straftat im Untergrund: Uwe Mundlos und Uwe B\u00f6hnhardt \u00fcberfielen einen Supermarkt in Chemnitz, um an Geld zu kommen. Dabei w\u00e4re es beinahe schon blutig zugegangen: Bei der Flucht folgte ihnen ein 16-J\u00e4hriger auf den Parkplatz, die T\u00e4ter schossen mehrmals in seine Richtung. Heute sagt der Zeuge [&hellip;]","og_url":"https:\/\/blog.zeit.de\/nsu-prozess-blog\/2015\/06\/23\/212-prozesstag-gefaehrliche-schuesse-beim-ueberfall\/","og_site_name":"Das NSU-Prozess-Blog","article_published_time":"2015-06-23T05:00:07+00:00","article_modified_time":"2015-06-22T13:46:31+00:00","author":"Tom Sundermann","twitter_misc":{"Geschrieben von":"Tom Sundermann","Gesch\u00e4tzte Lesezeit":"1\u00a0Minute"},"schema":{"@context":"https:\/\/schema.org","@graph":[{"@type":"WebPage","@id":"https:\/\/blog.zeit.de\/nsu-prozess-blog\/2015\/06\/23\/212-prozesstag-gefaehrliche-schuesse-beim-ueberfall\/","url":"https:\/\/blog.zeit.de\/nsu-prozess-blog\/2015\/06\/23\/212-prozesstag-gefaehrliche-schuesse-beim-ueberfall\/","name":"212. Prozesstag \u2013 Gef\u00e4hrliche Sch\u00fcsse beim \u00dcberfall - Das NSU-Prozess-Blog","isPartOf":{"@id":"https:\/\/blog.zeit.de\/nsu-prozess-blog\/#website"},"datePublished":"2015-06-23T05:00:07+00:00","dateModified":"2015-06-22T13:46:31+00:00","author":{"@id":"https:\/\/blog.zeit.de\/nsu-prozess-blog\/#\/schema\/person\/553ea9bb5d1fc2ae054c589bd59380a5"},"breadcrumb":{"@id":"https:\/\/blog.zeit.de\/nsu-prozess-blog\/2015\/06\/23\/212-prozesstag-gefaehrliche-schuesse-beim-ueberfall\/#breadcrumb"},"inLanguage":"de","potentialAction":[{"@type":"ReadAction","target":["https:\/\/blog.zeit.de\/nsu-prozess-blog\/2015\/06\/23\/212-prozesstag-gefaehrliche-schuesse-beim-ueberfall\/"]}]},{"@type":"BreadcrumbList","@id":"https:\/\/blog.zeit.de\/nsu-prozess-blog\/2015\/06\/23\/212-prozesstag-gefaehrliche-schuesse-beim-ueberfall\/#breadcrumb","itemListElement":[{"@type":"ListItem","position":1,"name":"Startseite","item":"https:\/\/blog.zeit.de\/nsu-prozess-blog\/"},{"@type":"ListItem","position":2,"name":"212. Prozesstag \u2013 Gef\u00e4hrliche Sch\u00fcsse beim \u00dcberfall"}]},{"@type":"WebSite","@id":"https:\/\/blog.zeit.de\/nsu-prozess-blog\/#website","url":"https:\/\/blog.zeit.de\/nsu-prozess-blog\/","name":"Das NSU-Prozess-Blog","description":"Alle Berichte zum Terrorverfahren in M\u00fcnchen","potentialAction":[{"@type":"SearchAction","target":{"@type":"EntryPoint","urlTemplate":"https:\/\/blog.zeit.de\/nsu-prozess-blog\/?s={search_term_string}"},"query-input":"required name=search_term_string"}],"inLanguage":"de"},{"@type":"Person","@id":"https:\/\/blog.zeit.de\/nsu-prozess-blog\/#\/schema\/person\/553ea9bb5d1fc2ae054c589bd59380a5","name":"Tom Sundermann","image":{"@type":"ImageObject","inLanguage":"de","@id":"https:\/\/blog.zeit.de\/nsu-prozess-blog\/#\/schema\/person\/image\/","url":"https:\/\/secure.gravatar.com\/avatar\/e108a3dc18766f719b2f797dc5d19093f06a1870c55b553ab6b7563f1f9a5e68?s=96&d=mm&r=g","contentUrl":"https:\/\/secure.gravatar.com\/avatar\/e108a3dc18766f719b2f797dc5d19093f06a1870c55b553ab6b7563f1f9a5e68?s=96&d=mm&r=g","caption":"Tom Sundermann"},"sameAs":["https:\/\/twitter.com\/messeticker"],"url":"https:\/\/blog.zeit.de\/nsu-prozess-blog\/author\/tsundermann\/"}]}},"jetpack_featured_media_url":"","jetpack_sharing_enabled":true,"_links":{"self":[{"href":"https:\/\/blog.zeit.de\/nsu-prozess-blog\/wp-json\/wp\/v2\/posts\/9339","targetHints":{"allow":["GET"]}}],"collection":[{"href":"https:\/\/blog.zeit.de\/nsu-prozess-blog\/wp-json\/wp\/v2\/posts"}],"about":[{"href":"https:\/\/blog.zeit.de\/nsu-prozess-blog\/wp-json\/wp\/v2\/types\/post"}],"author":[{"embeddable":true,"href":"https:\/\/blog.zeit.de\/nsu-prozess-blog\/wp-json\/wp\/v2\/users\/435"}],"replies":[{"embeddable":true,"href":"https:\/\/blog.zeit.de\/nsu-prozess-blog\/wp-json\/wp\/v2\/comments?post=9339"}],"version-history":[{"count":2,"href":"https:\/\/blog.zeit.de\/nsu-prozess-blog\/wp-json\/wp\/v2\/posts\/9339\/revisions"}],"predecessor-version":[{"id":9350,"href":"https:\/\/blog.zeit.de\/nsu-prozess-blog\/wp-json\/wp\/v2\/posts\/9339\/revisions\/9350"}],"wp:attachment":[{"href":"https:\/\/blog.zeit.de\/nsu-prozess-blog\/wp-json\/wp\/v2\/media?parent=9339"}],"wp:term":[{"taxonomy":"category","embeddable":true,"href":"https:\/\/blog.zeit.de\/nsu-prozess-blog\/wp-json\/wp\/v2\/categories?post=9339"},{"taxonomy":"post_tag","embeddable":true,"href":"https:\/\/blog.zeit.de\/nsu-prozess-blog\/wp-json\/wp\/v2\/tags?post=9339"}],"curies":[{"name":"wp","href":"https:\/\/api.w.org\/{rel}","templated":true}]}}