{"id":9345,"date":"2015-06-22T11:15:09","date_gmt":"2015-06-22T09:15:09","guid":{"rendered":"http:\/\/blog.zeit.de\/nsu-prozess-blog\/?p=9345"},"modified":"2015-06-22T11:15:09","modified_gmt":"2015-06-22T09:15:09","slug":"medienlog-zschaepe-beweise-verteidigung-johann-h","status":"publish","type":"post","link":"https:\/\/blog.zeit.de\/nsu-prozess-blog\/2015\/06\/22\/medienlog-zschaepe-beweise-verteidigung-johann-h\/","title":{"rendered":"Zsch\u00e4pe-Verteidigung gibt sich selbstbewusst \u2013 Das Medienlog vom Montag, 22. Juni 2015"},"content":{"rendered":"<p>Wie sind die Beweise aus zwei Jahren NSU-Prozess zu bewerten? W\u00e4hrend Nebenkl\u00e4ger mit einem Schuldspruch f\u00fcr Beate Zsch\u00e4pe rechnen, gibt sich ihr Anwalt Wolfgang Stahl gegen\u00fcber der Nachrichtenagentur <a href=\"http:\/\/www.augsburger-allgemeine.de\/bayern\/Beate-Zschaepe-und-ihre-rechtsextremen-Unterstuetzer-id34478837.html\" target=\"_blank\">dpa<\/a> selbstbewusst: &#8222;Wenn das alles so einfach w\u00e4re, w\u00e4re dieser Aufwand nicht n\u00f6tig&#8220;, sagt er. Zsch\u00e4pes Rolle als Helferin von Uwe Mundlos und Uwe B\u00f6hnhardt im Untergrund habe die Verteidigung immer wieder bestritten, hei\u00dft es, &#8222;ohne allerdings eine andere Erkl\u00e4rung zu liefern, warum ihre Mandantin 13 Jahre lang mit Mundlos und B\u00f6hnhardt in der Illegalit\u00e4t lebte&#8220;. Das Gericht versuche derzeit, eine solidere Wissensbasis \u00fcber den NSU zu erarbeiten.<\/p>\n<p><!--more--><\/p>\n<p><em>An jedem Werktag sichten wir f\u00fcr das NSU-Prozess-Blog die Medien und stellen wichtige Berichte, Blogs, Videos und Tweets zusammen. Wir freuen uns \u00fcber Hinweise via Twitter mit dem Hashtag #nsublog \u2013 oder per E-Mail an <a href=\"mailto:nsublog@zeit.de\">nsublog@zeit.de<\/a>.<\/em><\/p>\n<p>Stahl und sein Kollege Wolfgang Heer hatten sich in Schriftsachen auch gegen\u00fcber dem Gericht ge\u00e4u\u00dfert \u2013 zur Ablehnung Zsch\u00e4pes ihrer dritten <a href=\"https:\/\/blog.zeit.de\/nsu-prozess-blog\/2015\/06\/16\/hat-zschaepe-einen-neuen-anwalt-das-nsu-medienlog-vom-dienstag-16-juni-2015\/\" target=\"_blank\">Verteidigerin Anja Sturm<\/a>. In einer Stellungnahme schrieb Stahl, die Vorw\u00fcrfe gegen Sturm seien f\u00fcr ihn &#8222;nicht nachvollziehbar&#8220;, hei\u00dft es bei <a href=\"http:\/\/www.abendzeitung-muenchen.de\/inhalt.nsu-prozess-in-muenchen-anwaelte-von-zschaepes-kritisieren-ihre-mandantin.123b1106-8ff3-463b-a864-7679a6ba267f.html\" target=\"_blank\">dpa<\/a>. Heer l\u00e4sst das Gericht wissen, Sturm habe &#8222;zu keinem Zeitpunkt&#8220; vertrauliche Informationen im Gericht verwendet, wie von der Hauptangeklagten vorgeworfen. Unterdessen gab der Strafsenat ihr durch eine Fristverl\u00e4ngerung bis diesen Mittwoch Zeit, die Anschuldigungen gegen ihre Verteidigerin genauer zu erl\u00e4utern.<\/p>\n<p>Der K\u00f6lner V-Mann Johann H. <a href=\"https:\/\/blog.zeit.de\/nsu-prozess-blog\/2015\/06\/19\/medienlog-v-mann-probsteigasse\/\">bestreitet weiter<\/a> den Vorwurf, er sei in den <a href=\"https:\/\/blog.zeit.de\/nsu-prozess-blog\/2014\/06\/05\/das-raetsel-vom-mann-mit-dem-korb\/\">Anschlag<\/a> auf ein Gesch\u00e4ft in der K\u00f6lner Probsteigasse von 2000 verwickelt. Gegen\u00fcber J\u00f6rg Diehl und Roman Lehberger von <a href=\"http:\/\/www.spiegel.de\/panorama\/justiz\/nsu-anschlag-in-koelner-probsteigasse-v-mann-wehrt-sich-a-1039899.html\" target=\"_blank\"><em>Spiegel Online<\/em><\/a> sagte er, er habe mit der Tat &#8222;nichts zu tun&#8220;, zudem sei er niemals Neonazi gewesen. Den NSU habe er nicht gekannt, auch h\u00e4tten Zsch\u00e4pe, Mundlos und B\u00f6hnhardt keine Szeneveranstaltung im Rheinland besucht, wie kolportiert worden war. Der vor Kurzem als Informant enttarnte H. wurde Anfang 2015 vom Verfassungsschutz abgeschaltet, berichten die Autoren.<\/p>\n<p><em>Das n\u00e4chste Medienlog erscheint am Dienstag, 23. Juni 2015.<\/em><\/p>\n","protected":false},"excerpt":{"rendered":"<p>Wie sind die Beweise aus zwei Jahren NSU-Prozess zu bewerten? W\u00e4hrend Nebenkl\u00e4ger mit einem Schuldspruch f\u00fcr Beate Zsch\u00e4pe rechnen, gibt sich ihr Anwalt Wolfgang Stahl gegen\u00fcber der Nachrichtenagentur dpa selbstbewusst: &#8222;Wenn das alles so einfach w\u00e4re, w\u00e4re dieser Aufwand nicht n\u00f6tig&#8220;, sagt er. Zsch\u00e4pes Rolle als Helferin von Uwe Mundlos und Uwe B\u00f6hnhardt im Untergrund [&hellip;]<\/p>\n","protected":false},"author":435,"featured_media":0,"comment_status":"open","ping_status":"open","sticky":false,"template":"","format":"standard","meta":{"_jetpack_memberships_contains_paid_content":false,"footnotes":""},"categories":[27531],"tags":[17793,24914,1291,29521,17899,1836,29427],"class_list":["post-9345","post","type-post","status-publish","format-standard","hentry","category-medienschau","tag-beate-zschape","tag-koln","tag-nordrhein-westfalen","tag-probsteigasse","tag-v-mann","tag-verfassungsschutz","tag-wolfgang-stahl"],"yoast_head":"<!-- This site is optimized with the Yoast SEO plugin v21.0 - https:\/\/yoast.com\/wordpress\/plugins\/seo\/ -->\n<title>Zsch\u00e4pe-Verteidigung gibt sich selbstbewusst \u2013 Das Medienlog vom Montag, 22. Juni 2015 - Das NSU-Prozess-Blog<\/title>\n<meta name=\"robots\" content=\"index, follow, max-snippet:-1, max-image-preview:large, max-video-preview:-1\" \/>\n<link rel=\"canonical\" href=\"https:\/\/blog.zeit.de\/nsu-prozess-blog\/2015\/06\/22\/medienlog-zschaepe-beweise-verteidigung-johann-h\/\" \/>\n<meta property=\"og:locale\" content=\"de_DE\" \/>\n<meta property=\"og:type\" content=\"article\" \/>\n<meta property=\"og:title\" content=\"Zsch\u00e4pe-Verteidigung gibt sich selbstbewusst \u2013 Das Medienlog vom Montag, 22. Juni 2015 - Das NSU-Prozess-Blog\" \/>\n<meta property=\"og:description\" content=\"Wie sind die Beweise aus zwei Jahren NSU-Prozess zu bewerten? W\u00e4hrend Nebenkl\u00e4ger mit einem Schuldspruch f\u00fcr Beate Zsch\u00e4pe rechnen, gibt sich ihr Anwalt Wolfgang Stahl gegen\u00fcber der Nachrichtenagentur dpa selbstbewusst: &#8222;Wenn das alles so einfach w\u00e4re, w\u00e4re dieser Aufwand nicht n\u00f6tig&#8220;, sagt er. Zsch\u00e4pes Rolle als Helferin von Uwe Mundlos und Uwe B\u00f6hnhardt im Untergrund [&hellip;]\" \/>\n<meta property=\"og:url\" content=\"https:\/\/blog.zeit.de\/nsu-prozess-blog\/2015\/06\/22\/medienlog-zschaepe-beweise-verteidigung-johann-h\/\" \/>\n<meta property=\"og:site_name\" content=\"Das NSU-Prozess-Blog\" \/>\n<meta property=\"article:published_time\" content=\"2015-06-22T09:15:09+00:00\" \/>\n<meta name=\"author\" content=\"Tom Sundermann\" \/>\n<meta name=\"twitter:label1\" content=\"Geschrieben von\" \/>\n\t<meta name=\"twitter:data1\" content=\"Tom Sundermann\" \/>\n\t<meta name=\"twitter:label2\" content=\"Gesch\u00e4tzte Lesezeit\" \/>\n\t<meta name=\"twitter:data2\" content=\"2\u00a0Minuten\" \/>\n<script type=\"application\/ld+json\" class=\"yoast-schema-graph\">{\"@context\":\"https:\/\/schema.org\",\"@graph\":[{\"@type\":\"WebPage\",\"@id\":\"https:\/\/blog.zeit.de\/nsu-prozess-blog\/2015\/06\/22\/medienlog-zschaepe-beweise-verteidigung-johann-h\/\",\"url\":\"https:\/\/blog.zeit.de\/nsu-prozess-blog\/2015\/06\/22\/medienlog-zschaepe-beweise-verteidigung-johann-h\/\",\"name\":\"Zsch\u00e4pe-Verteidigung gibt sich selbstbewusst \u2013 Das Medienlog vom Montag, 22. Juni 2015 - Das NSU-Prozess-Blog\",\"isPartOf\":{\"@id\":\"https:\/\/blog.zeit.de\/nsu-prozess-blog\/#website\"},\"datePublished\":\"2015-06-22T09:15:09+00:00\",\"dateModified\":\"2015-06-22T09:15:09+00:00\",\"author\":{\"@id\":\"https:\/\/blog.zeit.de\/nsu-prozess-blog\/#\/schema\/person\/553ea9bb5d1fc2ae054c589bd59380a5\"},\"breadcrumb\":{\"@id\":\"https:\/\/blog.zeit.de\/nsu-prozess-blog\/2015\/06\/22\/medienlog-zschaepe-beweise-verteidigung-johann-h\/#breadcrumb\"},\"inLanguage\":\"de\",\"potentialAction\":[{\"@type\":\"ReadAction\",\"target\":[\"https:\/\/blog.zeit.de\/nsu-prozess-blog\/2015\/06\/22\/medienlog-zschaepe-beweise-verteidigung-johann-h\/\"]}]},{\"@type\":\"BreadcrumbList\",\"@id\":\"https:\/\/blog.zeit.de\/nsu-prozess-blog\/2015\/06\/22\/medienlog-zschaepe-beweise-verteidigung-johann-h\/#breadcrumb\",\"itemListElement\":[{\"@type\":\"ListItem\",\"position\":1,\"name\":\"Startseite\",\"item\":\"https:\/\/blog.zeit.de\/nsu-prozess-blog\/\"},{\"@type\":\"ListItem\",\"position\":2,\"name\":\"Zsch\u00e4pe-Verteidigung gibt sich selbstbewusst \u2013 Das Medienlog vom Montag, 22. Juni 2015\"}]},{\"@type\":\"WebSite\",\"@id\":\"https:\/\/blog.zeit.de\/nsu-prozess-blog\/#website\",\"url\":\"https:\/\/blog.zeit.de\/nsu-prozess-blog\/\",\"name\":\"Das NSU-Prozess-Blog\",\"description\":\"Alle Berichte zum Terrorverfahren in M\u00fcnchen\",\"potentialAction\":[{\"@type\":\"SearchAction\",\"target\":{\"@type\":\"EntryPoint\",\"urlTemplate\":\"https:\/\/blog.zeit.de\/nsu-prozess-blog\/?s={search_term_string}\"},\"query-input\":\"required name=search_term_string\"}],\"inLanguage\":\"de\"},{\"@type\":\"Person\",\"@id\":\"https:\/\/blog.zeit.de\/nsu-prozess-blog\/#\/schema\/person\/553ea9bb5d1fc2ae054c589bd59380a5\",\"name\":\"Tom Sundermann\",\"image\":{\"@type\":\"ImageObject\",\"inLanguage\":\"de\",\"@id\":\"https:\/\/blog.zeit.de\/nsu-prozess-blog\/#\/schema\/person\/image\/\",\"url\":\"https:\/\/secure.gravatar.com\/avatar\/e108a3dc18766f719b2f797dc5d19093f06a1870c55b553ab6b7563f1f9a5e68?s=96&d=mm&r=g\",\"contentUrl\":\"https:\/\/secure.gravatar.com\/avatar\/e108a3dc18766f719b2f797dc5d19093f06a1870c55b553ab6b7563f1f9a5e68?s=96&d=mm&r=g\",\"caption\":\"Tom Sundermann\"},\"sameAs\":[\"https:\/\/twitter.com\/messeticker\"],\"url\":\"https:\/\/blog.zeit.de\/nsu-prozess-blog\/author\/tsundermann\/\"}]}<\/script>\n<!-- \/ Yoast SEO plugin. -->","yoast_head_json":{"title":"Zsch\u00e4pe-Verteidigung gibt sich selbstbewusst \u2013 Das Medienlog vom Montag, 22. Juni 2015 - Das NSU-Prozess-Blog","robots":{"index":"index","follow":"follow","max-snippet":"max-snippet:-1","max-image-preview":"max-image-preview:large","max-video-preview":"max-video-preview:-1"},"canonical":"https:\/\/blog.zeit.de\/nsu-prozess-blog\/2015\/06\/22\/medienlog-zschaepe-beweise-verteidigung-johann-h\/","og_locale":"de_DE","og_type":"article","og_title":"Zsch\u00e4pe-Verteidigung gibt sich selbstbewusst \u2013 Das Medienlog vom Montag, 22. Juni 2015 - Das NSU-Prozess-Blog","og_description":"Wie sind die Beweise aus zwei Jahren NSU-Prozess zu bewerten? W\u00e4hrend Nebenkl\u00e4ger mit einem Schuldspruch f\u00fcr Beate Zsch\u00e4pe rechnen, gibt sich ihr Anwalt Wolfgang Stahl gegen\u00fcber der Nachrichtenagentur dpa selbstbewusst: &#8222;Wenn das alles so einfach w\u00e4re, w\u00e4re dieser Aufwand nicht n\u00f6tig&#8220;, sagt er. Zsch\u00e4pes Rolle als Helferin von Uwe Mundlos und Uwe B\u00f6hnhardt im Untergrund [&hellip;]","og_url":"https:\/\/blog.zeit.de\/nsu-prozess-blog\/2015\/06\/22\/medienlog-zschaepe-beweise-verteidigung-johann-h\/","og_site_name":"Das NSU-Prozess-Blog","article_published_time":"2015-06-22T09:15:09+00:00","author":"Tom Sundermann","twitter_misc":{"Geschrieben von":"Tom Sundermann","Gesch\u00e4tzte Lesezeit":"2\u00a0Minuten"},"schema":{"@context":"https:\/\/schema.org","@graph":[{"@type":"WebPage","@id":"https:\/\/blog.zeit.de\/nsu-prozess-blog\/2015\/06\/22\/medienlog-zschaepe-beweise-verteidigung-johann-h\/","url":"https:\/\/blog.zeit.de\/nsu-prozess-blog\/2015\/06\/22\/medienlog-zschaepe-beweise-verteidigung-johann-h\/","name":"Zsch\u00e4pe-Verteidigung gibt sich selbstbewusst \u2013 Das Medienlog vom Montag, 22. Juni 2015 - Das NSU-Prozess-Blog","isPartOf":{"@id":"https:\/\/blog.zeit.de\/nsu-prozess-blog\/#website"},"datePublished":"2015-06-22T09:15:09+00:00","dateModified":"2015-06-22T09:15:09+00:00","author":{"@id":"https:\/\/blog.zeit.de\/nsu-prozess-blog\/#\/schema\/person\/553ea9bb5d1fc2ae054c589bd59380a5"},"breadcrumb":{"@id":"https:\/\/blog.zeit.de\/nsu-prozess-blog\/2015\/06\/22\/medienlog-zschaepe-beweise-verteidigung-johann-h\/#breadcrumb"},"inLanguage":"de","potentialAction":[{"@type":"ReadAction","target":["https:\/\/blog.zeit.de\/nsu-prozess-blog\/2015\/06\/22\/medienlog-zschaepe-beweise-verteidigung-johann-h\/"]}]},{"@type":"BreadcrumbList","@id":"https:\/\/blog.zeit.de\/nsu-prozess-blog\/2015\/06\/22\/medienlog-zschaepe-beweise-verteidigung-johann-h\/#breadcrumb","itemListElement":[{"@type":"ListItem","position":1,"name":"Startseite","item":"https:\/\/blog.zeit.de\/nsu-prozess-blog\/"},{"@type":"ListItem","position":2,"name":"Zsch\u00e4pe-Verteidigung gibt sich selbstbewusst \u2013 Das Medienlog vom Montag, 22. Juni 2015"}]},{"@type":"WebSite","@id":"https:\/\/blog.zeit.de\/nsu-prozess-blog\/#website","url":"https:\/\/blog.zeit.de\/nsu-prozess-blog\/","name":"Das NSU-Prozess-Blog","description":"Alle Berichte zum Terrorverfahren in M\u00fcnchen","potentialAction":[{"@type":"SearchAction","target":{"@type":"EntryPoint","urlTemplate":"https:\/\/blog.zeit.de\/nsu-prozess-blog\/?s={search_term_string}"},"query-input":"required name=search_term_string"}],"inLanguage":"de"},{"@type":"Person","@id":"https:\/\/blog.zeit.de\/nsu-prozess-blog\/#\/schema\/person\/553ea9bb5d1fc2ae054c589bd59380a5","name":"Tom Sundermann","image":{"@type":"ImageObject","inLanguage":"de","@id":"https:\/\/blog.zeit.de\/nsu-prozess-blog\/#\/schema\/person\/image\/","url":"https:\/\/secure.gravatar.com\/avatar\/e108a3dc18766f719b2f797dc5d19093f06a1870c55b553ab6b7563f1f9a5e68?s=96&d=mm&r=g","contentUrl":"https:\/\/secure.gravatar.com\/avatar\/e108a3dc18766f719b2f797dc5d19093f06a1870c55b553ab6b7563f1f9a5e68?s=96&d=mm&r=g","caption":"Tom Sundermann"},"sameAs":["https:\/\/twitter.com\/messeticker"],"url":"https:\/\/blog.zeit.de\/nsu-prozess-blog\/author\/tsundermann\/"}]}},"jetpack_featured_media_url":"","jetpack_sharing_enabled":true,"_links":{"self":[{"href":"https:\/\/blog.zeit.de\/nsu-prozess-blog\/wp-json\/wp\/v2\/posts\/9345","targetHints":{"allow":["GET"]}}],"collection":[{"href":"https:\/\/blog.zeit.de\/nsu-prozess-blog\/wp-json\/wp\/v2\/posts"}],"about":[{"href":"https:\/\/blog.zeit.de\/nsu-prozess-blog\/wp-json\/wp\/v2\/types\/post"}],"author":[{"embeddable":true,"href":"https:\/\/blog.zeit.de\/nsu-prozess-blog\/wp-json\/wp\/v2\/users\/435"}],"replies":[{"embeddable":true,"href":"https:\/\/blog.zeit.de\/nsu-prozess-blog\/wp-json\/wp\/v2\/comments?post=9345"}],"version-history":[{"count":4,"href":"https:\/\/blog.zeit.de\/nsu-prozess-blog\/wp-json\/wp\/v2\/posts\/9345\/revisions"}],"predecessor-version":[{"id":9349,"href":"https:\/\/blog.zeit.de\/nsu-prozess-blog\/wp-json\/wp\/v2\/posts\/9345\/revisions\/9349"}],"wp:attachment":[{"href":"https:\/\/blog.zeit.de\/nsu-prozess-blog\/wp-json\/wp\/v2\/media?parent=9345"}],"wp:term":[{"taxonomy":"category","embeddable":true,"href":"https:\/\/blog.zeit.de\/nsu-prozess-blog\/wp-json\/wp\/v2\/categories?post=9345"},{"taxonomy":"post_tag","embeddable":true,"href":"https:\/\/blog.zeit.de\/nsu-prozess-blog\/wp-json\/wp\/v2\/tags?post=9345"}],"curies":[{"name":"wp","href":"https:\/\/api.w.org\/{rel}","templated":true}]}}