{"id":9359,"date":"2015-06-23T08:51:20","date_gmt":"2015-06-23T06:51:20","guid":{"rendered":"http:\/\/blog.zeit.de\/nsu-prozess-blog\/?p=9359"},"modified":"2015-06-23T09:22:33","modified_gmt":"2015-06-23T07:22:33","slug":"medienlog-zschaepe-aussage-brief-deal-nsu","status":"publish","type":"post","link":"https:\/\/blog.zeit.de\/nsu-prozess-blog\/2015\/06\/23\/medienlog-zschaepe-aussage-brief-deal-nsu\/","title":{"rendered":"Zsch\u00e4pes Brief: ein Angebot f\u00fcr den Richter? \u2013 Das Medienlog vom Dienstag, 23. Juni 2015"},"content":{"rendered":"<p>Ein <a href=\"http:\/\/www.zeit.de\/gesellschaft\/2015-06\/nsu-prozess-beate-zschaepe-aussage-prozess\">neuer Brief von Beate Zsch\u00e4pe<\/a> sorgt f\u00fcr Aufsehen: Sie wolle m\u00f6glicherweise &#8222;etwas aussagen&#8220;, schreibt sie in einer Begr\u00fcndung des <a href=\"https:\/\/blog.zeit.de\/nsu-prozess-blog\/2015\/06\/17\/zschaepe-ignoriert-ihre-anwaelte-medienlog-mittwoch\/\">Misstrauensantrags<\/a> gegen ihre Anw\u00e4ltin Anja Sturm an das Gericht. Die Hauptangeklagte betont, im Falle einer Aussage h\u00e4tten ihre drei Verteidiger mit einem Ende des Mandats gedroht. Bietet Zsch\u00e4pe dem Gericht also Worte f\u00fcr die K\u00f6pfe ihrer missliebigen Anw\u00e4lte an?<\/p>\n<p>Sie &#8222;h\u00e4lt dem Gericht wie einem m\u00fcden Pferd eine Mohrr\u00fcbe vor die Nase&#8220;, kommentiert Annette Ramelsberger von der <a href=\"http:\/\/www.sueddeutsche.de\/politik\/zschaepe-im-nsu-prozess-eine-mohrruebe-fuer-das-gericht-1.2533068\" target=\"_blank\"><em>S\u00fcddeutschen Zeitung<\/em><\/a>. Auf den Handel werde sich der Strafsenat jedoch nicht einlassen \u2013 denn f\u00fcr weitere Informationen werde Zsch\u00e4pe wohl noch einen h\u00f6heren Preis verlangen.<\/p>\n<p><!--more--><\/p>\n<p><em>An jedem Werktag sichten wir f\u00fcr das NSU-Prozess-Blog die Medien und stellen wichtige Berichte, Blogs, Videos und Tweets zusammen. Wir freuen uns \u00fcber Hinweise via Twitter mit dem Hashtag #nsublog \u2013 oder per E-Mail an <a href=\"mailto:nsublog@zeit.de\">nsublog@zeit.de<\/a>.<\/em><\/p>\n<p>Was w\u00fcrde passieren, parierten die Richter nach Zsch\u00e4pes Willen? &#8222;Erkl\u00e4ren sie das Vertrauensverh\u00e4ltnis zwischen der Hauptangeklagten und ihren Verteidigern f\u00fcr tief zerr\u00fcttet, ist der Prozess geplatzt&#8220;, analysiert Gisela Friedrichsen auf <a href=\"http:\/\/www.spiegel.de\/panorama\/justiz\/nsu-prozess-beate-zschaepe-macht-verteidiger-schwere-vorwuerfe-a-1040140.html\" target=\"_blank\"><em>Spiegel Online<\/em><\/a>. Den Vorsitzenden Richter Manfred G\u00f6tzl wolle Zsch\u00e4pe wom\u00f6glich unter Druck setzen. Gibt er nicht nach, w\u00e4re wohl &#8222;mit weiteren St\u00f6raktionen Zsch\u00e4pes zu rechnen&#8220;. Zudem sei ihr zuzutrauen, dass sie eine Aussage im Alleingang durchzieht.<\/p>\n<p>Holger Schmidt vom <a href=\"http:\/\/www.swr.de\/blog\/terrorismus\/2015\/06\/22\/beate-zschaepe-ueberlegt-etwas-auszusagen\/\" target=\"_blank\">S\u00fcdwestrundfunk<\/a> h\u00e4lt die Ank\u00fcndigung Zsch\u00e4pes eher f\u00fcr ein taktisches Man\u00f6ver und fragt sich, was sie dazu bringt, &#8222;verbal derart Amok zu laufen&#8220;. Er analysiert Zsch\u00e4pes Schreiben und die Erwiderung der drei Anw\u00e4lte, die das Gericht am Montag an die Prozessbeteiligten verschickte. F\u00fcr ihn wirke es, &#8222;als wolle Zsch\u00e4pe einerseits im Kern schweigen und andererseits ihre Sch\u00e4fchen ins Trockene bringen&#8220;. Dazu geh\u00f6re auch, mutma\u00dfliche Unterst\u00fctzer wie den Mitangeklagten <a href=\"https:\/\/blog.zeit.de\/nsu-prozess-blog\/2014\/10\/14\/beweise-im-schlafzimmer\/\">Andr\u00e9 E.<\/a> nicht zu belasten. Schmidt bringt als m\u00f6gliche Helfer f\u00fcr Zsch\u00e4pes Vorsto\u00df auch die Verteidiger des weiteren Angeklagten <a href=\"https:\/\/blog.zeit.de\/nsu-prozess-blog\/2015\/02\/04\/medienlog-wohlleben-enrico-r-ceska-chemnitz\/\">Ralf Wohlleben<\/a> ins Spiel.<\/p>\n<p>Hier bei <a href=\"https:\/\/blog.zeit.de\/nsu-prozess-blog\/2015\/06\/22\/zschaepe-spielt-auf-risiko\/\" target=\"_blank\">ZEIT ONLINE<\/a> beziehen wir in die Analyse auch die Folgen mit ein, die eine eventuelle Aussage h\u00e4tte. Demnach geht Zsch\u00e4pe ein hohes Risiko ein, wenn sie nicht plant, sich umfassend und vollst\u00e4ndig \u00fcber ihre Rolle im NSU befragen zu lassen: &#8222;Wer sich zur Aussage entschlie\u00dft, der muss die Hose herunterlassen und sie nicht nur aufkn\u00f6pfen.&#8220; Nun ist es wohl ein Machtspiel, das die Hauptangeklagte zu ihrer Mitteilung ans Gericht getrieben hat. Gleichwohl macht es den Eindruck, &#8222;als habe die Panik von Zsch\u00e4pe Besitz ergriffen&#8220; \u2013 mit dem Versuch, gegen anwaltlichen Rat einen Strategiewechsel herbeizuf\u00fchren.<\/p>\n<p>Auch Konrad Litschko von der <a href=\"http:\/\/www.taz.de\/!5205910\/\" target=\"_blank\"><em>taz<\/em><\/a> sieht in Zsch\u00e4pes Initiative &#8222;eine Art Deal&#8220;. Allerdings einen mit zweifelhaftem Nutzen: Dass die Verteidiger ausgetauscht werden, sei &#8222;unwahrscheinlich, denn mit g\u00e4nzlich neuen Anw\u00e4lten st\u00fcnde die Beweisaufnahme vor einem Neustart&#8220;. Und diese leidet aus Sicht der Anw\u00e4lte bereits im laufenden Verfahren darunter, dass die Mandantin ihren eigenen Rechtsbeist\u00e4nden nur wenige Informationen hat zukommen lassen: &#8222;Offenbar wissen selbst die Verteidiger bis heute nicht, welche Rolle Zsch\u00e4pe beim NSU spielte.&#8220;<\/p>\n<p>Seit seiner Entdeckung 2011 hat der NSU immer neue R\u00e4tsel produziert, die Geheimdienste blo\u00dfgestellt und Fragen um das Mitwissen von Beh\u00f6rden aufgeworfen. Den &#8222;sieben Mysterien des NSU-Prozesses&#8220; widmet sich Stefan Kreitewolf im <a href=\"http:\/\/www.handelsblatt.com\/politik\/deutschland\/terrorgruppe-die-sieben-mysterien-des-nsu-prozesses-\/11678032.html\" target=\"_blank\"><em>Handelsblatt<\/em><\/a> und greift dabei auch g\u00e4ngige Verschw\u00f6rungstheorien auf.<\/p>\n<p><em>Das n\u00e4chste Medienlog erscheint am Mittwoch, 24. Juni 2015.<\/em><\/p>\n","protected":false},"excerpt":{"rendered":"<p>Ein neuer Brief von Beate Zsch\u00e4pe sorgt f\u00fcr Aufsehen: Sie wolle m\u00f6glicherweise &#8222;etwas aussagen&#8220;, schreibt sie in einer Begr\u00fcndung des Misstrauensantrags gegen ihre Anw\u00e4ltin Anja Sturm an das Gericht. Die Hauptangeklagte betont, im Falle einer Aussage h\u00e4tten ihre drei Verteidiger mit einem Ende des Mandats gedroht. Bietet Zsch\u00e4pe dem Gericht also Worte f\u00fcr die K\u00f6pfe [&hellip;]<\/p>\n","protected":false},"author":435,"featured_media":0,"comment_status":"open","ping_status":"open","sticky":false,"template":"","format":"standard","meta":{"_jetpack_memberships_contains_paid_content":false,"footnotes":""},"categories":[27531],"tags":[27561,35361,17793,1981,27567,17772,31122],"class_list":["post-9359","post","type-post","status-publish","format-standard","hentry","category-medienschau","tag-andre-e","tag-aussage","tag-beate-zschape","tag-brief","tag-holger-schmidt","tag-ralf-wohlleben","tag-verschwoerungstheorie"],"yoast_head":"<!-- This site is optimized with the Yoast SEO plugin v21.0 - https:\/\/yoast.com\/wordpress\/plugins\/seo\/ -->\n<title>Zsch\u00e4pes Brief: ein Angebot f\u00fcr den Richter? \u2013 Das Medienlog vom Dienstag, 23. Juni 2015 - Das NSU-Prozess-Blog<\/title>\n<meta name=\"robots\" content=\"index, follow, max-snippet:-1, max-image-preview:large, max-video-preview:-1\" \/>\n<link rel=\"canonical\" href=\"https:\/\/blog.zeit.de\/nsu-prozess-blog\/2015\/06\/23\/medienlog-zschaepe-aussage-brief-deal-nsu\/\" \/>\n<meta property=\"og:locale\" content=\"de_DE\" \/>\n<meta property=\"og:type\" content=\"article\" \/>\n<meta property=\"og:title\" content=\"Zsch\u00e4pes Brief: ein Angebot f\u00fcr den Richter? \u2013 Das Medienlog vom Dienstag, 23. Juni 2015 - Das NSU-Prozess-Blog\" \/>\n<meta property=\"og:description\" content=\"Ein neuer Brief von Beate Zsch\u00e4pe sorgt f\u00fcr Aufsehen: Sie wolle m\u00f6glicherweise &#8222;etwas aussagen&#8220;, schreibt sie in einer Begr\u00fcndung des Misstrauensantrags gegen ihre Anw\u00e4ltin Anja Sturm an das Gericht. Die Hauptangeklagte betont, im Falle einer Aussage h\u00e4tten ihre drei Verteidiger mit einem Ende des Mandats gedroht. Bietet Zsch\u00e4pe dem Gericht also Worte f\u00fcr die K\u00f6pfe [&hellip;]\" \/>\n<meta property=\"og:url\" content=\"https:\/\/blog.zeit.de\/nsu-prozess-blog\/2015\/06\/23\/medienlog-zschaepe-aussage-brief-deal-nsu\/\" \/>\n<meta property=\"og:site_name\" content=\"Das NSU-Prozess-Blog\" \/>\n<meta property=\"article:published_time\" content=\"2015-06-23T06:51:20+00:00\" \/>\n<meta property=\"article:modified_time\" content=\"2015-06-23T07:22:33+00:00\" \/>\n<meta name=\"author\" content=\"Tom Sundermann\" \/>\n<meta name=\"twitter:label1\" content=\"Geschrieben von\" \/>\n\t<meta name=\"twitter:data1\" content=\"Tom Sundermann\" \/>\n\t<meta name=\"twitter:label2\" content=\"Gesch\u00e4tzte Lesezeit\" \/>\n\t<meta name=\"twitter:data2\" content=\"3\u00a0Minuten\" \/>\n<script type=\"application\/ld+json\" class=\"yoast-schema-graph\">{\"@context\":\"https:\/\/schema.org\",\"@graph\":[{\"@type\":\"WebPage\",\"@id\":\"https:\/\/blog.zeit.de\/nsu-prozess-blog\/2015\/06\/23\/medienlog-zschaepe-aussage-brief-deal-nsu\/\",\"url\":\"https:\/\/blog.zeit.de\/nsu-prozess-blog\/2015\/06\/23\/medienlog-zschaepe-aussage-brief-deal-nsu\/\",\"name\":\"Zsch\u00e4pes Brief: ein Angebot f\u00fcr den Richter? \u2013 Das Medienlog vom Dienstag, 23. Juni 2015 - Das NSU-Prozess-Blog\",\"isPartOf\":{\"@id\":\"https:\/\/blog.zeit.de\/nsu-prozess-blog\/#website\"},\"datePublished\":\"2015-06-23T06:51:20+00:00\",\"dateModified\":\"2015-06-23T07:22:33+00:00\",\"author\":{\"@id\":\"https:\/\/blog.zeit.de\/nsu-prozess-blog\/#\/schema\/person\/553ea9bb5d1fc2ae054c589bd59380a5\"},\"breadcrumb\":{\"@id\":\"https:\/\/blog.zeit.de\/nsu-prozess-blog\/2015\/06\/23\/medienlog-zschaepe-aussage-brief-deal-nsu\/#breadcrumb\"},\"inLanguage\":\"de\",\"potentialAction\":[{\"@type\":\"ReadAction\",\"target\":[\"https:\/\/blog.zeit.de\/nsu-prozess-blog\/2015\/06\/23\/medienlog-zschaepe-aussage-brief-deal-nsu\/\"]}]},{\"@type\":\"BreadcrumbList\",\"@id\":\"https:\/\/blog.zeit.de\/nsu-prozess-blog\/2015\/06\/23\/medienlog-zschaepe-aussage-brief-deal-nsu\/#breadcrumb\",\"itemListElement\":[{\"@type\":\"ListItem\",\"position\":1,\"name\":\"Startseite\",\"item\":\"https:\/\/blog.zeit.de\/nsu-prozess-blog\/\"},{\"@type\":\"ListItem\",\"position\":2,\"name\":\"Zsch\u00e4pes Brief: ein Angebot f\u00fcr den Richter? \u2013 Das Medienlog vom Dienstag, 23. Juni 2015\"}]},{\"@type\":\"WebSite\",\"@id\":\"https:\/\/blog.zeit.de\/nsu-prozess-blog\/#website\",\"url\":\"https:\/\/blog.zeit.de\/nsu-prozess-blog\/\",\"name\":\"Das NSU-Prozess-Blog\",\"description\":\"Alle Berichte zum Terrorverfahren in M\u00fcnchen\",\"potentialAction\":[{\"@type\":\"SearchAction\",\"target\":{\"@type\":\"EntryPoint\",\"urlTemplate\":\"https:\/\/blog.zeit.de\/nsu-prozess-blog\/?s={search_term_string}\"},\"query-input\":\"required name=search_term_string\"}],\"inLanguage\":\"de\"},{\"@type\":\"Person\",\"@id\":\"https:\/\/blog.zeit.de\/nsu-prozess-blog\/#\/schema\/person\/553ea9bb5d1fc2ae054c589bd59380a5\",\"name\":\"Tom Sundermann\",\"image\":{\"@type\":\"ImageObject\",\"inLanguage\":\"de\",\"@id\":\"https:\/\/blog.zeit.de\/nsu-prozess-blog\/#\/schema\/person\/image\/\",\"url\":\"https:\/\/secure.gravatar.com\/avatar\/e108a3dc18766f719b2f797dc5d19093f06a1870c55b553ab6b7563f1f9a5e68?s=96&d=mm&r=g\",\"contentUrl\":\"https:\/\/secure.gravatar.com\/avatar\/e108a3dc18766f719b2f797dc5d19093f06a1870c55b553ab6b7563f1f9a5e68?s=96&d=mm&r=g\",\"caption\":\"Tom Sundermann\"},\"sameAs\":[\"https:\/\/twitter.com\/messeticker\"],\"url\":\"https:\/\/blog.zeit.de\/nsu-prozess-blog\/author\/tsundermann\/\"}]}<\/script>\n<!-- \/ Yoast SEO plugin. -->","yoast_head_json":{"title":"Zsch\u00e4pes Brief: ein Angebot f\u00fcr den Richter? \u2013 Das Medienlog vom Dienstag, 23. Juni 2015 - Das NSU-Prozess-Blog","robots":{"index":"index","follow":"follow","max-snippet":"max-snippet:-1","max-image-preview":"max-image-preview:large","max-video-preview":"max-video-preview:-1"},"canonical":"https:\/\/blog.zeit.de\/nsu-prozess-blog\/2015\/06\/23\/medienlog-zschaepe-aussage-brief-deal-nsu\/","og_locale":"de_DE","og_type":"article","og_title":"Zsch\u00e4pes Brief: ein Angebot f\u00fcr den Richter? \u2013 Das Medienlog vom Dienstag, 23. Juni 2015 - Das NSU-Prozess-Blog","og_description":"Ein neuer Brief von Beate Zsch\u00e4pe sorgt f\u00fcr Aufsehen: Sie wolle m\u00f6glicherweise &#8222;etwas aussagen&#8220;, schreibt sie in einer Begr\u00fcndung des Misstrauensantrags gegen ihre Anw\u00e4ltin Anja Sturm an das Gericht. Die Hauptangeklagte betont, im Falle einer Aussage h\u00e4tten ihre drei Verteidiger mit einem Ende des Mandats gedroht. Bietet Zsch\u00e4pe dem Gericht also Worte f\u00fcr die K\u00f6pfe [&hellip;]","og_url":"https:\/\/blog.zeit.de\/nsu-prozess-blog\/2015\/06\/23\/medienlog-zschaepe-aussage-brief-deal-nsu\/","og_site_name":"Das NSU-Prozess-Blog","article_published_time":"2015-06-23T06:51:20+00:00","article_modified_time":"2015-06-23T07:22:33+00:00","author":"Tom Sundermann","twitter_misc":{"Geschrieben von":"Tom Sundermann","Gesch\u00e4tzte Lesezeit":"3\u00a0Minuten"},"schema":{"@context":"https:\/\/schema.org","@graph":[{"@type":"WebPage","@id":"https:\/\/blog.zeit.de\/nsu-prozess-blog\/2015\/06\/23\/medienlog-zschaepe-aussage-brief-deal-nsu\/","url":"https:\/\/blog.zeit.de\/nsu-prozess-blog\/2015\/06\/23\/medienlog-zschaepe-aussage-brief-deal-nsu\/","name":"Zsch\u00e4pes Brief: ein Angebot f\u00fcr den Richter? \u2013 Das Medienlog vom Dienstag, 23. Juni 2015 - Das NSU-Prozess-Blog","isPartOf":{"@id":"https:\/\/blog.zeit.de\/nsu-prozess-blog\/#website"},"datePublished":"2015-06-23T06:51:20+00:00","dateModified":"2015-06-23T07:22:33+00:00","author":{"@id":"https:\/\/blog.zeit.de\/nsu-prozess-blog\/#\/schema\/person\/553ea9bb5d1fc2ae054c589bd59380a5"},"breadcrumb":{"@id":"https:\/\/blog.zeit.de\/nsu-prozess-blog\/2015\/06\/23\/medienlog-zschaepe-aussage-brief-deal-nsu\/#breadcrumb"},"inLanguage":"de","potentialAction":[{"@type":"ReadAction","target":["https:\/\/blog.zeit.de\/nsu-prozess-blog\/2015\/06\/23\/medienlog-zschaepe-aussage-brief-deal-nsu\/"]}]},{"@type":"BreadcrumbList","@id":"https:\/\/blog.zeit.de\/nsu-prozess-blog\/2015\/06\/23\/medienlog-zschaepe-aussage-brief-deal-nsu\/#breadcrumb","itemListElement":[{"@type":"ListItem","position":1,"name":"Startseite","item":"https:\/\/blog.zeit.de\/nsu-prozess-blog\/"},{"@type":"ListItem","position":2,"name":"Zsch\u00e4pes Brief: ein Angebot f\u00fcr den Richter? \u2013 Das Medienlog vom Dienstag, 23. Juni 2015"}]},{"@type":"WebSite","@id":"https:\/\/blog.zeit.de\/nsu-prozess-blog\/#website","url":"https:\/\/blog.zeit.de\/nsu-prozess-blog\/","name":"Das NSU-Prozess-Blog","description":"Alle Berichte zum Terrorverfahren in M\u00fcnchen","potentialAction":[{"@type":"SearchAction","target":{"@type":"EntryPoint","urlTemplate":"https:\/\/blog.zeit.de\/nsu-prozess-blog\/?s={search_term_string}"},"query-input":"required name=search_term_string"}],"inLanguage":"de"},{"@type":"Person","@id":"https:\/\/blog.zeit.de\/nsu-prozess-blog\/#\/schema\/person\/553ea9bb5d1fc2ae054c589bd59380a5","name":"Tom Sundermann","image":{"@type":"ImageObject","inLanguage":"de","@id":"https:\/\/blog.zeit.de\/nsu-prozess-blog\/#\/schema\/person\/image\/","url":"https:\/\/secure.gravatar.com\/avatar\/e108a3dc18766f719b2f797dc5d19093f06a1870c55b553ab6b7563f1f9a5e68?s=96&d=mm&r=g","contentUrl":"https:\/\/secure.gravatar.com\/avatar\/e108a3dc18766f719b2f797dc5d19093f06a1870c55b553ab6b7563f1f9a5e68?s=96&d=mm&r=g","caption":"Tom Sundermann"},"sameAs":["https:\/\/twitter.com\/messeticker"],"url":"https:\/\/blog.zeit.de\/nsu-prozess-blog\/author\/tsundermann\/"}]}},"jetpack_featured_media_url":"","jetpack_sharing_enabled":true,"_links":{"self":[{"href":"https:\/\/blog.zeit.de\/nsu-prozess-blog\/wp-json\/wp\/v2\/posts\/9359","targetHints":{"allow":["GET"]}}],"collection":[{"href":"https:\/\/blog.zeit.de\/nsu-prozess-blog\/wp-json\/wp\/v2\/posts"}],"about":[{"href":"https:\/\/blog.zeit.de\/nsu-prozess-blog\/wp-json\/wp\/v2\/types\/post"}],"author":[{"embeddable":true,"href":"https:\/\/blog.zeit.de\/nsu-prozess-blog\/wp-json\/wp\/v2\/users\/435"}],"replies":[{"embeddable":true,"href":"https:\/\/blog.zeit.de\/nsu-prozess-blog\/wp-json\/wp\/v2\/comments?post=9359"}],"version-history":[{"count":10,"href":"https:\/\/blog.zeit.de\/nsu-prozess-blog\/wp-json\/wp\/v2\/posts\/9359\/revisions"}],"predecessor-version":[{"id":9369,"href":"https:\/\/blog.zeit.de\/nsu-prozess-blog\/wp-json\/wp\/v2\/posts\/9359\/revisions\/9369"}],"wp:attachment":[{"href":"https:\/\/blog.zeit.de\/nsu-prozess-blog\/wp-json\/wp\/v2\/media?parent=9359"}],"wp:term":[{"taxonomy":"category","embeddable":true,"href":"https:\/\/blog.zeit.de\/nsu-prozess-blog\/wp-json\/wp\/v2\/categories?post=9359"},{"taxonomy":"post_tag","embeddable":true,"href":"https:\/\/blog.zeit.de\/nsu-prozess-blog\/wp-json\/wp\/v2\/tags?post=9359"}],"curies":[{"name":"wp","href":"https:\/\/api.w.org\/{rel}","templated":true}]}}