{"id":9370,"date":"2015-06-24T08:36:08","date_gmt":"2015-06-24T06:36:08","guid":{"rendered":"http:\/\/blog.zeit.de\/nsu-prozess-blog\/?p=9370"},"modified":"2015-06-24T09:40:43","modified_gmt":"2015-06-24T07:40:43","slug":"medienlog-ueberfall-chemnitz-drei-taeter-zeuge","status":"publish","type":"post","link":"https:\/\/blog.zeit.de\/nsu-prozess-blog\/2015\/06\/24\/medienlog-ueberfall-chemnitz-drei-taeter-zeuge\/","title":{"rendered":"\u00dcberfall in Chemnitz: Zeuge beschreibt dritten T\u00e4ter \u2013 Das Medienlog vom Mittwoch, 24. Juni 2015"},"content":{"rendered":"<p>Der 212. Prozesstag war kurz: Nach anderthalb Stunden beendete Richter Manfred G\u00f6tzl die Sitzung, weil die Hauptangeklagte Beate Zsch\u00e4pe an Zahnschmerzen litt. Zuvor sagte der Zeuge Falco K. aus, der 1998 Zeuge <a href=\"https:\/\/blog.zeit.de\/nsu-prozess-blog\/2015\/05\/11\/die-erste-tat-des-nsu\/\">des ersten NSU-\u00dcberfalls<\/a> auf einen Chemnitzer Supermarkt geworden war. Einer der T\u00e4ter schoss mehrmals auf den damals 16-J\u00e4hrigen, verfehlte ihn jedoch.<\/p>\n<p>Vor Ort waren laut Anklage damals Uwe Mundlos und Uwe B\u00f6hnhardt \u2013 nun brachte K. jedoch einen weiteren T\u00e4ter ins Spiel: Drei Menschen seien aus dem Gesch\u00e4ft gerannt, berichtete der Zeuge. Damit erscheine es auch m\u00f6glich, &#8222;dass Beate Zsch\u00e4pe selbst an einem Tatort ins Geschehen eingriff&#8220;, schreibt Frank Jansen vom <a href=\"http:\/\/www.tagesspiegel.de\/politik\/212-verhandlungstag-im-nsu-prozess-gab-es-einen-weiteren-nsu-taeter\/11956790.html\" target=\"_blank\"><em>Tagesspiegel<\/em><\/a>.<\/p>\n<p><!--more--><\/p>\n<p><em>An jedem Werktag sichten wir f\u00fcr das NSU-Prozess-Blog die Medien und stellen wichtige Berichte, Blogs, Videos und Tweets zusammen. Wir freuen uns \u00fcber Hinweise via Twitter mit dem Hashtag #nsublog \u2013 oder per E-Mail an <a href=\"mailto:nsublog@zeit.de\">nsublog@zeit.de<\/a>.<\/em><\/p>\n<p>Die Beschreibung, die K. von der dritten Person abgab, blieb schemenhaft. Er konnte nicht sagen, ob es sich um einen Mann oder eine Frau handelte. Bei einer Befragung durch das Bundeskriminalamt Ende April sagte er allerdings aus, der Sch\u00fctze habe eine hohe m\u00e4nnliche Stimme gehabt, wie unter anderem bei <a href=\"http:\/\/www.spiegel.de\/panorama\/justiz\/nsu-prozess-beate-zschaepe-und-verteidiger-schweigen-a-1040273.html\" target=\"_blank\"><em>Spiegel Online<\/em><\/a> und der <a href=\"http:\/\/www.sueddeutsche.de\/politik\/nsu-prozess-drei-supermarkt-raeuber-drei-schuesse-1.2533955\" target=\"_blank\"><em>S\u00fcddeutschen Zeitung<\/em><\/a> nachzulesen ist. Er ist allerdings der erste \u00dcberfallzeuge, der sich zur Tat von 1998 an drei Menschen erinnert.<\/p>\n<p>&#8222;Seine Aussage macht hellh\u00f6rig, vor allem auch die Nebenkl\u00e4ger&#8220;, merkt Kai Mudra von der <a href=\"http:\/\/www.thueringer-allgemeine.de\/web\/zgt\/leben\/detail\/-\/specific\/NSU-Prozess-Einsatz-von-Waffen-wurde-8222-hemmungslos-8220-genutzt-1532351392\" target=\"_blank\"><em>Th\u00fcringer Allgemeinen<\/em><\/a> an. Eine m\u00f6gliche Beteiligung von Zsch\u00e4pe k\u00f6nne jedoch nur die Hauptangeklagte selbst aufkl\u00e4ren \u2013 und die schweigt weiterhin.<\/p>\n<p>Weiterhin sichtbar war der <a href=\"https:\/\/blog.zeit.de\/nsu-prozess-blog\/2015\/06\/22\/zschaepe-spielt-auf-risiko\/\">Disput zwischen Zsch\u00e4pe und ihren Anw\u00e4lten<\/a> als Folge des <a href=\"https:\/\/blog.zeit.de\/nsu-prozess-blog\/2015\/06\/17\/zschaepe-ignoriert-ihre-anwaelte-medienlog-mittwoch\/\">Misstrauensantrags<\/a> der Mandantin gegen ihre Verteidigerin Anja Sturm: Beide Konfliktparteien ignorierten sich geflissentlich. &#8222;Nun ist es un\u00fcbersehbar; sie haben sich nichts mehr zu sagen&#8220;, beobachtet Nina Gut vom <a href=\"http:\/\/www.merkur.de\/politik\/nsu-prozess-zschaepe-schweigt-weiterhin-5161497.html\" target=\"_blank\"><em>M\u00fcnchner Merkur<\/em><\/a>. Neue Hoffnung auf ein Ende des Schweigens macht ihr <a href=\"https:\/\/blog.zeit.de\/nsu-prozess-blog\/2015\/06\/23\/medienlog-zschaepe-aussage-brief-deal-nsu\/\">Brief an das Gericht<\/a>, in dem sie ihre Aussagebereitschaft andeutete: &#8222;Nun wird wohl jeden Prozesstag darauf gewartet werden, ob sie doch noch etwas sagt.&#8220;<\/p>\n<p><em>Das n\u00e4chste Medienlog erscheint am Donnerstag, 25. Juni 2015.<\/em><\/p>\n","protected":false},"excerpt":{"rendered":"<p>Der 212. Prozesstag war kurz: Nach anderthalb Stunden beendete Richter Manfred G\u00f6tzl die Sitzung, weil die Hauptangeklagte Beate Zsch\u00e4pe an Zahnschmerzen litt. Zuvor sagte der Zeuge Falco K. aus, der 1998 Zeuge des ersten NSU-\u00dcberfalls auf einen Chemnitzer Supermarkt geworden war. Einer der T\u00e4ter schoss mehrmals auf den damals 16-J\u00e4hrigen, verfehlte ihn jedoch. Vor Ort [&hellip;]<\/p>\n","protected":false},"author":435,"featured_media":0,"comment_status":"open","ping_status":"open","sticky":false,"template":"","format":"standard","meta":{"_jetpack_memberships_contains_paid_content":false,"footnotes":""},"categories":[27531],"tags":[17793,12745,29529],"class_list":["post-9370","post","type-post","status-publish","format-standard","hentry","category-medienschau","tag-beate-zschape","tag-chemnitz","tag-ueberfaelle"],"yoast_head":"<!-- This site is optimized with the Yoast SEO plugin v21.0 - https:\/\/yoast.com\/wordpress\/plugins\/seo\/ -->\n<title>\u00dcberfall in Chemnitz<\/title>\n<meta name=\"description\" content=\"Der Zeuge berichtet von drei M\u00e4nnern, die an dem NSU-\u00dcberfall in Chemnitz beteiligt gewesen seien.\" \/>\n<meta name=\"robots\" content=\"index, follow, max-snippet:-1, max-image-preview:large, max-video-preview:-1\" \/>\n<link rel=\"canonical\" href=\"https:\/\/blog.zeit.de\/nsu-prozess-blog\/2015\/06\/24\/medienlog-ueberfall-chemnitz-drei-taeter-zeuge\/\" \/>\n<meta property=\"og:locale\" content=\"de_DE\" \/>\n<meta property=\"og:type\" content=\"article\" \/>\n<meta property=\"og:title\" content=\"\u00dcberfall in Chemnitz\" \/>\n<meta property=\"og:description\" content=\"Der Zeuge berichtet von drei M\u00e4nnern, die an dem NSU-\u00dcberfall in Chemnitz beteiligt gewesen seien.\" \/>\n<meta property=\"og:url\" content=\"https:\/\/blog.zeit.de\/nsu-prozess-blog\/2015\/06\/24\/medienlog-ueberfall-chemnitz-drei-taeter-zeuge\/\" \/>\n<meta property=\"og:site_name\" content=\"Das NSU-Prozess-Blog\" \/>\n<meta property=\"article:published_time\" content=\"2015-06-24T06:36:08+00:00\" \/>\n<meta property=\"article:modified_time\" content=\"2015-06-24T07:40:43+00:00\" \/>\n<meta name=\"author\" content=\"Tom Sundermann\" \/>\n<meta name=\"twitter:label1\" content=\"Geschrieben von\" \/>\n\t<meta name=\"twitter:data1\" content=\"Tom Sundermann\" \/>\n\t<meta name=\"twitter:label2\" content=\"Gesch\u00e4tzte Lesezeit\" \/>\n\t<meta name=\"twitter:data2\" content=\"2\u00a0Minuten\" \/>\n<script type=\"application\/ld+json\" class=\"yoast-schema-graph\">{\"@context\":\"https:\/\/schema.org\",\"@graph\":[{\"@type\":\"WebPage\",\"@id\":\"https:\/\/blog.zeit.de\/nsu-prozess-blog\/2015\/06\/24\/medienlog-ueberfall-chemnitz-drei-taeter-zeuge\/\",\"url\":\"https:\/\/blog.zeit.de\/nsu-prozess-blog\/2015\/06\/24\/medienlog-ueberfall-chemnitz-drei-taeter-zeuge\/\",\"name\":\"\u00dcberfall in Chemnitz\",\"isPartOf\":{\"@id\":\"https:\/\/blog.zeit.de\/nsu-prozess-blog\/#website\"},\"datePublished\":\"2015-06-24T06:36:08+00:00\",\"dateModified\":\"2015-06-24T07:40:43+00:00\",\"author\":{\"@id\":\"https:\/\/blog.zeit.de\/nsu-prozess-blog\/#\/schema\/person\/553ea9bb5d1fc2ae054c589bd59380a5\"},\"description\":\"Der Zeuge berichtet von drei M\u00e4nnern, die an dem NSU-\u00dcberfall in Chemnitz beteiligt gewesen seien.\",\"breadcrumb\":{\"@id\":\"https:\/\/blog.zeit.de\/nsu-prozess-blog\/2015\/06\/24\/medienlog-ueberfall-chemnitz-drei-taeter-zeuge\/#breadcrumb\"},\"inLanguage\":\"de\",\"potentialAction\":[{\"@type\":\"ReadAction\",\"target\":[\"https:\/\/blog.zeit.de\/nsu-prozess-blog\/2015\/06\/24\/medienlog-ueberfall-chemnitz-drei-taeter-zeuge\/\"]}]},{\"@type\":\"BreadcrumbList\",\"@id\":\"https:\/\/blog.zeit.de\/nsu-prozess-blog\/2015\/06\/24\/medienlog-ueberfall-chemnitz-drei-taeter-zeuge\/#breadcrumb\",\"itemListElement\":[{\"@type\":\"ListItem\",\"position\":1,\"name\":\"Startseite\",\"item\":\"https:\/\/blog.zeit.de\/nsu-prozess-blog\/\"},{\"@type\":\"ListItem\",\"position\":2,\"name\":\"\u00dcberfall in Chemnitz: Zeuge beschreibt dritten T\u00e4ter \u2013 Das Medienlog vom Mittwoch, 24. Juni 2015\"}]},{\"@type\":\"WebSite\",\"@id\":\"https:\/\/blog.zeit.de\/nsu-prozess-blog\/#website\",\"url\":\"https:\/\/blog.zeit.de\/nsu-prozess-blog\/\",\"name\":\"Das NSU-Prozess-Blog\",\"description\":\"Alle Berichte zum Terrorverfahren in M\u00fcnchen\",\"potentialAction\":[{\"@type\":\"SearchAction\",\"target\":{\"@type\":\"EntryPoint\",\"urlTemplate\":\"https:\/\/blog.zeit.de\/nsu-prozess-blog\/?s={search_term_string}\"},\"query-input\":\"required name=search_term_string\"}],\"inLanguage\":\"de\"},{\"@type\":\"Person\",\"@id\":\"https:\/\/blog.zeit.de\/nsu-prozess-blog\/#\/schema\/person\/553ea9bb5d1fc2ae054c589bd59380a5\",\"name\":\"Tom Sundermann\",\"image\":{\"@type\":\"ImageObject\",\"inLanguage\":\"de\",\"@id\":\"https:\/\/blog.zeit.de\/nsu-prozess-blog\/#\/schema\/person\/image\/\",\"url\":\"https:\/\/secure.gravatar.com\/avatar\/e108a3dc18766f719b2f797dc5d19093f06a1870c55b553ab6b7563f1f9a5e68?s=96&d=mm&r=g\",\"contentUrl\":\"https:\/\/secure.gravatar.com\/avatar\/e108a3dc18766f719b2f797dc5d19093f06a1870c55b553ab6b7563f1f9a5e68?s=96&d=mm&r=g\",\"caption\":\"Tom Sundermann\"},\"sameAs\":[\"https:\/\/twitter.com\/messeticker\"],\"url\":\"https:\/\/blog.zeit.de\/nsu-prozess-blog\/author\/tsundermann\/\"}]}<\/script>\n<!-- \/ Yoast SEO plugin. -->","yoast_head_json":{"title":"\u00dcberfall in Chemnitz","description":"Der Zeuge berichtet von drei M\u00e4nnern, die an dem NSU-\u00dcberfall in Chemnitz beteiligt gewesen seien.","robots":{"index":"index","follow":"follow","max-snippet":"max-snippet:-1","max-image-preview":"max-image-preview:large","max-video-preview":"max-video-preview:-1"},"canonical":"https:\/\/blog.zeit.de\/nsu-prozess-blog\/2015\/06\/24\/medienlog-ueberfall-chemnitz-drei-taeter-zeuge\/","og_locale":"de_DE","og_type":"article","og_title":"\u00dcberfall in Chemnitz","og_description":"Der Zeuge berichtet von drei M\u00e4nnern, die an dem NSU-\u00dcberfall in Chemnitz beteiligt gewesen seien.","og_url":"https:\/\/blog.zeit.de\/nsu-prozess-blog\/2015\/06\/24\/medienlog-ueberfall-chemnitz-drei-taeter-zeuge\/","og_site_name":"Das NSU-Prozess-Blog","article_published_time":"2015-06-24T06:36:08+00:00","article_modified_time":"2015-06-24T07:40:43+00:00","author":"Tom Sundermann","twitter_misc":{"Geschrieben von":"Tom Sundermann","Gesch\u00e4tzte Lesezeit":"2\u00a0Minuten"},"schema":{"@context":"https:\/\/schema.org","@graph":[{"@type":"WebPage","@id":"https:\/\/blog.zeit.de\/nsu-prozess-blog\/2015\/06\/24\/medienlog-ueberfall-chemnitz-drei-taeter-zeuge\/","url":"https:\/\/blog.zeit.de\/nsu-prozess-blog\/2015\/06\/24\/medienlog-ueberfall-chemnitz-drei-taeter-zeuge\/","name":"\u00dcberfall in Chemnitz","isPartOf":{"@id":"https:\/\/blog.zeit.de\/nsu-prozess-blog\/#website"},"datePublished":"2015-06-24T06:36:08+00:00","dateModified":"2015-06-24T07:40:43+00:00","author":{"@id":"https:\/\/blog.zeit.de\/nsu-prozess-blog\/#\/schema\/person\/553ea9bb5d1fc2ae054c589bd59380a5"},"description":"Der Zeuge berichtet von drei M\u00e4nnern, die an dem NSU-\u00dcberfall in Chemnitz beteiligt gewesen seien.","breadcrumb":{"@id":"https:\/\/blog.zeit.de\/nsu-prozess-blog\/2015\/06\/24\/medienlog-ueberfall-chemnitz-drei-taeter-zeuge\/#breadcrumb"},"inLanguage":"de","potentialAction":[{"@type":"ReadAction","target":["https:\/\/blog.zeit.de\/nsu-prozess-blog\/2015\/06\/24\/medienlog-ueberfall-chemnitz-drei-taeter-zeuge\/"]}]},{"@type":"BreadcrumbList","@id":"https:\/\/blog.zeit.de\/nsu-prozess-blog\/2015\/06\/24\/medienlog-ueberfall-chemnitz-drei-taeter-zeuge\/#breadcrumb","itemListElement":[{"@type":"ListItem","position":1,"name":"Startseite","item":"https:\/\/blog.zeit.de\/nsu-prozess-blog\/"},{"@type":"ListItem","position":2,"name":"\u00dcberfall in Chemnitz: Zeuge beschreibt dritten T\u00e4ter \u2013 Das Medienlog vom Mittwoch, 24. Juni 2015"}]},{"@type":"WebSite","@id":"https:\/\/blog.zeit.de\/nsu-prozess-blog\/#website","url":"https:\/\/blog.zeit.de\/nsu-prozess-blog\/","name":"Das NSU-Prozess-Blog","description":"Alle Berichte zum Terrorverfahren in M\u00fcnchen","potentialAction":[{"@type":"SearchAction","target":{"@type":"EntryPoint","urlTemplate":"https:\/\/blog.zeit.de\/nsu-prozess-blog\/?s={search_term_string}"},"query-input":"required name=search_term_string"}],"inLanguage":"de"},{"@type":"Person","@id":"https:\/\/blog.zeit.de\/nsu-prozess-blog\/#\/schema\/person\/553ea9bb5d1fc2ae054c589bd59380a5","name":"Tom Sundermann","image":{"@type":"ImageObject","inLanguage":"de","@id":"https:\/\/blog.zeit.de\/nsu-prozess-blog\/#\/schema\/person\/image\/","url":"https:\/\/secure.gravatar.com\/avatar\/e108a3dc18766f719b2f797dc5d19093f06a1870c55b553ab6b7563f1f9a5e68?s=96&d=mm&r=g","contentUrl":"https:\/\/secure.gravatar.com\/avatar\/e108a3dc18766f719b2f797dc5d19093f06a1870c55b553ab6b7563f1f9a5e68?s=96&d=mm&r=g","caption":"Tom Sundermann"},"sameAs":["https:\/\/twitter.com\/messeticker"],"url":"https:\/\/blog.zeit.de\/nsu-prozess-blog\/author\/tsundermann\/"}]}},"jetpack_featured_media_url":"","jetpack_sharing_enabled":true,"_links":{"self":[{"href":"https:\/\/blog.zeit.de\/nsu-prozess-blog\/wp-json\/wp\/v2\/posts\/9370","targetHints":{"allow":["GET"]}}],"collection":[{"href":"https:\/\/blog.zeit.de\/nsu-prozess-blog\/wp-json\/wp\/v2\/posts"}],"about":[{"href":"https:\/\/blog.zeit.de\/nsu-prozess-blog\/wp-json\/wp\/v2\/types\/post"}],"author":[{"embeddable":true,"href":"https:\/\/blog.zeit.de\/nsu-prozess-blog\/wp-json\/wp\/v2\/users\/435"}],"replies":[{"embeddable":true,"href":"https:\/\/blog.zeit.de\/nsu-prozess-blog\/wp-json\/wp\/v2\/comments?post=9370"}],"version-history":[{"count":4,"href":"https:\/\/blog.zeit.de\/nsu-prozess-blog\/wp-json\/wp\/v2\/posts\/9370\/revisions"}],"predecessor-version":[{"id":9374,"href":"https:\/\/blog.zeit.de\/nsu-prozess-blog\/wp-json\/wp\/v2\/posts\/9370\/revisions\/9374"}],"wp:attachment":[{"href":"https:\/\/blog.zeit.de\/nsu-prozess-blog\/wp-json\/wp\/v2\/media?parent=9370"}],"wp:term":[{"taxonomy":"category","embeddable":true,"href":"https:\/\/blog.zeit.de\/nsu-prozess-blog\/wp-json\/wp\/v2\/categories?post=9370"},{"taxonomy":"post_tag","embeddable":true,"href":"https:\/\/blog.zeit.de\/nsu-prozess-blog\/wp-json\/wp\/v2\/tags?post=9370"}],"curies":[{"name":"wp","href":"https:\/\/api.w.org\/{rel}","templated":true}]}}