{"id":9382,"date":"2015-06-25T08:39:20","date_gmt":"2015-06-25T06:39:20","guid":{"rendered":"http:\/\/blog.zeit.de\/nsu-prozess-blog\/?p=9382"},"modified":"2015-06-25T09:21:12","modified_gmt":"2015-06-25T07:21:12","slug":"medienlog-andreas-t-verfassungsschutz-telefonat","status":"publish","type":"post","link":"https:\/\/blog.zeit.de\/nsu-prozess-blog\/2015\/06\/25\/medienlog-andreas-t-verfassungsschutz-telefonat\/","title":{"rendered":"Verfassungssch\u00fctzer liefert keine Aufkl\u00e4rung \u2013 Das Medienlog vom Donnerstag, 25. Juni 2015"},"content":{"rendered":"<p>Gut einen Monat nach dem Mord an Halit Yozgat in Kassel r\u00fcckte ein Telefonat den hessischen Verfassungsschutz ins Zwielicht: Der Quellenf\u00fchrer Andreas T., der innerhalb der Beh\u00f6rde den Kontakt zu V-M\u00e4nnern hielt, stand unter Mordverdacht und der Geheimschutzbeauftragte der Beh\u00f6rde, Gerold Hess, riet ihm: &#8222;Ich sage ja jedem: Wenn er wei\u00df, dass irgendwo so etwas passiert, bitte nicht vorbeifahren.&#8220; Ein Hinweis auf die Verwicklung der Beh\u00f6rde in den Fall? Am Mittwoch sagte Hess dazu vor Gericht aus. Er lieferte &#8222;mehrere Erkl\u00e4rungsversuche, sonderlich \u00fcberzeugend klangen sie allerdings nicht&#8220;, urteilt Bj\u00f6rn Hengst auf <a href=\"http:\/\/www.spiegel.de\/panorama\/justiz\/im-nsu-prozess-werden-abgehoerte-telefonate-vorgespielt-a-1040513.html\" target=\"_blank\"><em>Spiegel Online<\/em><\/a>.<\/p>\n<p><!--more--><\/p>\n<p><em>An jedem Werktag sichten wir f\u00fcr das NSU-Prozess-Blog die Medien und stellen wichtige Berichte, Blogs, Videos und Tweets zusammen. Wir freuen uns \u00fcber Hinweise via Twitter mit dem Hashtag #nsublog \u2013 oder per E-Mail an <a href=\"mailto:nsublog@zeit.de\">nsublog@zeit.de<\/a>.<\/em><\/p>\n<p>Das Gespr\u00e4ch ist eins von dreien, das die Polizei mitschnitt. Am Mittwoch wurden die Aufzeichnungen im Gerichtssaal vorgespielt. Hess deklarierte den Satz zwar als &#8222;ironische Er\u00f6ffnungsklausel&#8220; \u2013 konnte jedoch nicht erkl\u00e4ren, was ihn dazu brachte, derart drastische Empfehlungen abzugeben. Eine andere Formulierung, die er im Prozess pr\u00e4sentierte: &#8222;Wie kann man so bl\u00f6d sein, an einem Mordtatort vorbeizufahren!&#8220; Somit trug seine Aussage &#8222;kaum dazu bei, die merkw\u00fcrdige Rolle von Andreas T. aufzukl\u00e4ren&#8220;, kommentiert Hengst.<\/p>\n<p>Hess war daf\u00fcr zust\u00e4ndig, Ermittlungsanfragen innerhalb des Verfassungsschutzes weiterzuleiten. Dabei handelte er \u2013 freilich im Auftrag der Beh\u00f6rde \u2013 streng parteiisch: &#8222;Dem Schutz der Verfassungsschutz-Interessen ordnete der Zeuge (&#8230;) offenbar auch Mordermittlungen unter&#8220;, merkt Tim A\u00dfmann vom <a href=\"http:\/\/www.br.de\/nachrichten\/nsu-prozess\/150624-tagebuch-gerichtsreporter-100.html\" target=\"_blank\">Bayerischen Rundfunk<\/a> an. Ein anderer Satz, den Hess ebenfalls im Telefonat fallen lie\u00df, h\u00e4tte ihm selbst als Devise gut zu Gesicht gestanden: &#8222;Nahe an der Wahrheit bleiben!&#8220;<\/p>\n<p>Entsprechend gro\u00df war der Kl\u00e4rungsbedarf in der Sitzung. Richter Manfred G\u00f6tzl habe &#8222;mehrmals und zunehmend gereizt&#8220; nach der Bedeutung des Satzes fragen m\u00fcssen, hei\u00dft es beim <a href=\"http:\/\/www.hr-online.de\/website\/rubriken\/nachrichten\/indexhessen34938.jsp?rubrik=34954&amp;key=standard_document_55798527\" target=\"_blank\">Hessischen Rundfunk<\/a>. Letztlich sei nicht gekl\u00e4rt worden, was Hess genau gemeint habe.<\/p>\n<p>Als exemplarisch f\u00fcr das Gebaren der Beh\u00f6rde insgesamt betrachten wir bei <a href=\"http:\/\/www.zeit.de\/gesellschaft\/zeitgeschehen\/2015-06\/nsu-prozess-kassel-verfassungsschutz-yozgat\" target=\"_blank\">ZEIT ONLINE<\/a> das Telefonat. Denn damals &#8222;lief rund um T. die Geheimhaltungsmaschinerie an&#8220;. Schlie\u00dflich verteidigte sich Hess noch mit der Anmerkung, das Telefonat sei schlie\u00dflich nicht f\u00fcr die \u00d6ffentlichkeit bestimmt gewesen \u2013 war es also eine bizarre Unterhaltung zweier Insider? &#8222;Wenn in dem Satz tats\u00e4chlich Ironie steckte, dann wohl verpackt in einen fremdartig anmutenden Slang von Geheimdienstlern.&#8220;<\/p>\n<p>Der <a href=\"https:\/\/blog.zeit.de\/nsu-prozess-blog\/2015\/06\/23\/medienlog-zschaepe-aussage-brief-deal-nsu\/\">Misstrauensantrag<\/a> gegen ihre Anw\u00e4ltin Anja Sturm sage viel \u00fcber die Hauptangeklagte Beate Zsch\u00e4pe selbst aus, schreibt Hayke Lanwert von der <a href=\"http:\/\/www.derwesten.de\/politik\/zschaepe-streitet-mit-ihren-anwaelten-id10816308.html\" target=\"_blank\"><em>WAZ<\/em><\/a>. Der Nebenklageanwalt Mehmet Daimag\u00fcler etwa nennt Zsch\u00e4pe in dem Artikel eine &#8222;hochmanipulative Frau&#8220;. Dem Antrag, so hei\u00dft es, w\u00fcrden nur geringe Chancen einger\u00e4umt.<\/p>\n<p>Vor \u00fcber einem Jahr starb der V-Mann Thomas Ri. alias <a href=\"https:\/\/blog.zeit.de\/nsu-prozess-blog\/2015\/02\/03\/medienlog-corelli-innenausschuss-nrw-cd\/\">Corelli<\/a> unter Umst\u00e4nden, die viele Fragen aufwarfen. Er hatte dem Bundesverfassungsschutz bereits 2005, sechs Jahre vor dem Auffliegen des NSU, eine CD mit der Aufschrift <a href=\"https:\/\/blog.zeit.de\/nsu-prozess-blog\/2014\/10\/02\/medienlog-verfassungsschutz-cd-nsu-2005\/\">&#8222;NSDAP\/NSU&#8220;<\/a> geliefert. Die Geschichte von Corelli zeichnet Hendrik Kranert-Rydzy in der <a href=\"http:\/\/www.fr-online.de\/panorama\/-corelli--v-mann-mit-verbindung-zum-nsu,1472782,31022146.html\" target=\"_blank\"><em>Frankfurter Rundschau<\/em><\/a> nach.<\/p>\n<p><em>Das n\u00e4chste Medienlog erscheint am Freitag, 26. Juni 2015.<\/em><\/p>\n","protected":false},"excerpt":{"rendered":"<p>Gut einen Monat nach dem Mord an Halit Yozgat in Kassel r\u00fcckte ein Telefonat den hessischen Verfassungsschutz ins Zwielicht: Der Quellenf\u00fchrer Andreas T., der innerhalb der Beh\u00f6rde den Kontakt zu V-M\u00e4nnern hielt, stand unter Mordverdacht und der Geheimschutzbeauftragte der Beh\u00f6rde, Gerold Hess, riet ihm: &#8222;Ich sage ja jedem: Wenn er wei\u00df, dass irgendwo so etwas [&hellip;]<\/p>\n","protected":false},"author":435,"featured_media":0,"comment_status":"open","ping_status":"open","sticky":false,"template":"","format":"standard","meta":{"_jetpack_memberships_contains_paid_content":false,"footnotes":""},"categories":[27531],"tags":[29442,27575,17793,27772,29550,29435,1453,18863,35358,1836],"class_list":["post-9382","post","type-post","status-publish","format-standard","hentry","category-medienschau","tag-andreas-t","tag-anja-sturm","tag-beate-zschape","tag-bundesverfassungsschutz","tag-corelli","tag-halit-yozgat","tag-hessen","tag-kassel","tag-telefonat","tag-verfassungsschutz"],"yoast_head":"<!-- This site is optimized with the Yoast SEO plugin v21.0 - https:\/\/yoast.com\/wordpress\/plugins\/seo\/ -->\n<title>Verfassungssch\u00fctzer liefert keine Aufkl\u00e4rung \u2013 Das Medienlog vom Donnerstag, 25. Juni 2015 - Das NSU-Prozess-Blog<\/title>\n<meta name=\"robots\" content=\"index, follow, max-snippet:-1, max-image-preview:large, max-video-preview:-1\" \/>\n<link rel=\"canonical\" href=\"https:\/\/blog.zeit.de\/nsu-prozess-blog\/2015\/06\/25\/medienlog-andreas-t-verfassungsschutz-telefonat\/\" \/>\n<meta property=\"og:locale\" content=\"de_DE\" \/>\n<meta property=\"og:type\" content=\"article\" \/>\n<meta property=\"og:title\" content=\"Verfassungssch\u00fctzer liefert keine Aufkl\u00e4rung \u2013 Das Medienlog vom Donnerstag, 25. Juni 2015 - Das NSU-Prozess-Blog\" \/>\n<meta property=\"og:description\" content=\"Gut einen Monat nach dem Mord an Halit Yozgat in Kassel r\u00fcckte ein Telefonat den hessischen Verfassungsschutz ins Zwielicht: Der Quellenf\u00fchrer Andreas T., der innerhalb der Beh\u00f6rde den Kontakt zu V-M\u00e4nnern hielt, stand unter Mordverdacht und der Geheimschutzbeauftragte der Beh\u00f6rde, Gerold Hess, riet ihm: &#8222;Ich sage ja jedem: Wenn er wei\u00df, dass irgendwo so etwas [&hellip;]\" \/>\n<meta property=\"og:url\" content=\"https:\/\/blog.zeit.de\/nsu-prozess-blog\/2015\/06\/25\/medienlog-andreas-t-verfassungsschutz-telefonat\/\" \/>\n<meta property=\"og:site_name\" content=\"Das NSU-Prozess-Blog\" \/>\n<meta property=\"article:published_time\" content=\"2015-06-25T06:39:20+00:00\" \/>\n<meta property=\"article:modified_time\" content=\"2015-06-25T07:21:12+00:00\" \/>\n<meta name=\"author\" content=\"Tom Sundermann\" \/>\n<meta name=\"twitter:label1\" content=\"Geschrieben von\" \/>\n\t<meta name=\"twitter:data1\" content=\"Tom Sundermann\" \/>\n\t<meta name=\"twitter:label2\" content=\"Gesch\u00e4tzte Lesezeit\" \/>\n\t<meta name=\"twitter:data2\" content=\"3\u00a0Minuten\" \/>\n<script type=\"application\/ld+json\" class=\"yoast-schema-graph\">{\"@context\":\"https:\/\/schema.org\",\"@graph\":[{\"@type\":\"WebPage\",\"@id\":\"https:\/\/blog.zeit.de\/nsu-prozess-blog\/2015\/06\/25\/medienlog-andreas-t-verfassungsschutz-telefonat\/\",\"url\":\"https:\/\/blog.zeit.de\/nsu-prozess-blog\/2015\/06\/25\/medienlog-andreas-t-verfassungsschutz-telefonat\/\",\"name\":\"Verfassungssch\u00fctzer liefert keine Aufkl\u00e4rung \u2013 Das Medienlog vom Donnerstag, 25. Juni 2015 - Das NSU-Prozess-Blog\",\"isPartOf\":{\"@id\":\"https:\/\/blog.zeit.de\/nsu-prozess-blog\/#website\"},\"datePublished\":\"2015-06-25T06:39:20+00:00\",\"dateModified\":\"2015-06-25T07:21:12+00:00\",\"author\":{\"@id\":\"https:\/\/blog.zeit.de\/nsu-prozess-blog\/#\/schema\/person\/553ea9bb5d1fc2ae054c589bd59380a5\"},\"breadcrumb\":{\"@id\":\"https:\/\/blog.zeit.de\/nsu-prozess-blog\/2015\/06\/25\/medienlog-andreas-t-verfassungsschutz-telefonat\/#breadcrumb\"},\"inLanguage\":\"de\",\"potentialAction\":[{\"@type\":\"ReadAction\",\"target\":[\"https:\/\/blog.zeit.de\/nsu-prozess-blog\/2015\/06\/25\/medienlog-andreas-t-verfassungsschutz-telefonat\/\"]}]},{\"@type\":\"BreadcrumbList\",\"@id\":\"https:\/\/blog.zeit.de\/nsu-prozess-blog\/2015\/06\/25\/medienlog-andreas-t-verfassungsschutz-telefonat\/#breadcrumb\",\"itemListElement\":[{\"@type\":\"ListItem\",\"position\":1,\"name\":\"Startseite\",\"item\":\"https:\/\/blog.zeit.de\/nsu-prozess-blog\/\"},{\"@type\":\"ListItem\",\"position\":2,\"name\":\"Verfassungssch\u00fctzer liefert keine Aufkl\u00e4rung \u2013 Das Medienlog vom Donnerstag, 25. Juni 2015\"}]},{\"@type\":\"WebSite\",\"@id\":\"https:\/\/blog.zeit.de\/nsu-prozess-blog\/#website\",\"url\":\"https:\/\/blog.zeit.de\/nsu-prozess-blog\/\",\"name\":\"Das NSU-Prozess-Blog\",\"description\":\"Alle Berichte zum Terrorverfahren in M\u00fcnchen\",\"potentialAction\":[{\"@type\":\"SearchAction\",\"target\":{\"@type\":\"EntryPoint\",\"urlTemplate\":\"https:\/\/blog.zeit.de\/nsu-prozess-blog\/?s={search_term_string}\"},\"query-input\":\"required name=search_term_string\"}],\"inLanguage\":\"de\"},{\"@type\":\"Person\",\"@id\":\"https:\/\/blog.zeit.de\/nsu-prozess-blog\/#\/schema\/person\/553ea9bb5d1fc2ae054c589bd59380a5\",\"name\":\"Tom Sundermann\",\"image\":{\"@type\":\"ImageObject\",\"inLanguage\":\"de\",\"@id\":\"https:\/\/blog.zeit.de\/nsu-prozess-blog\/#\/schema\/person\/image\/\",\"url\":\"https:\/\/secure.gravatar.com\/avatar\/e108a3dc18766f719b2f797dc5d19093f06a1870c55b553ab6b7563f1f9a5e68?s=96&d=mm&r=g\",\"contentUrl\":\"https:\/\/secure.gravatar.com\/avatar\/e108a3dc18766f719b2f797dc5d19093f06a1870c55b553ab6b7563f1f9a5e68?s=96&d=mm&r=g\",\"caption\":\"Tom Sundermann\"},\"sameAs\":[\"https:\/\/twitter.com\/messeticker\"],\"url\":\"https:\/\/blog.zeit.de\/nsu-prozess-blog\/author\/tsundermann\/\"}]}<\/script>\n<!-- \/ Yoast SEO plugin. -->","yoast_head_json":{"title":"Verfassungssch\u00fctzer liefert keine Aufkl\u00e4rung \u2013 Das Medienlog vom Donnerstag, 25. Juni 2015 - Das NSU-Prozess-Blog","robots":{"index":"index","follow":"follow","max-snippet":"max-snippet:-1","max-image-preview":"max-image-preview:large","max-video-preview":"max-video-preview:-1"},"canonical":"https:\/\/blog.zeit.de\/nsu-prozess-blog\/2015\/06\/25\/medienlog-andreas-t-verfassungsschutz-telefonat\/","og_locale":"de_DE","og_type":"article","og_title":"Verfassungssch\u00fctzer liefert keine Aufkl\u00e4rung \u2013 Das Medienlog vom Donnerstag, 25. Juni 2015 - Das NSU-Prozess-Blog","og_description":"Gut einen Monat nach dem Mord an Halit Yozgat in Kassel r\u00fcckte ein Telefonat den hessischen Verfassungsschutz ins Zwielicht: Der Quellenf\u00fchrer Andreas T., der innerhalb der Beh\u00f6rde den Kontakt zu V-M\u00e4nnern hielt, stand unter Mordverdacht und der Geheimschutzbeauftragte der Beh\u00f6rde, Gerold Hess, riet ihm: &#8222;Ich sage ja jedem: Wenn er wei\u00df, dass irgendwo so etwas [&hellip;]","og_url":"https:\/\/blog.zeit.de\/nsu-prozess-blog\/2015\/06\/25\/medienlog-andreas-t-verfassungsschutz-telefonat\/","og_site_name":"Das NSU-Prozess-Blog","article_published_time":"2015-06-25T06:39:20+00:00","article_modified_time":"2015-06-25T07:21:12+00:00","author":"Tom Sundermann","twitter_misc":{"Geschrieben von":"Tom Sundermann","Gesch\u00e4tzte Lesezeit":"3\u00a0Minuten"},"schema":{"@context":"https:\/\/schema.org","@graph":[{"@type":"WebPage","@id":"https:\/\/blog.zeit.de\/nsu-prozess-blog\/2015\/06\/25\/medienlog-andreas-t-verfassungsschutz-telefonat\/","url":"https:\/\/blog.zeit.de\/nsu-prozess-blog\/2015\/06\/25\/medienlog-andreas-t-verfassungsschutz-telefonat\/","name":"Verfassungssch\u00fctzer liefert keine Aufkl\u00e4rung \u2013 Das Medienlog vom Donnerstag, 25. Juni 2015 - Das NSU-Prozess-Blog","isPartOf":{"@id":"https:\/\/blog.zeit.de\/nsu-prozess-blog\/#website"},"datePublished":"2015-06-25T06:39:20+00:00","dateModified":"2015-06-25T07:21:12+00:00","author":{"@id":"https:\/\/blog.zeit.de\/nsu-prozess-blog\/#\/schema\/person\/553ea9bb5d1fc2ae054c589bd59380a5"},"breadcrumb":{"@id":"https:\/\/blog.zeit.de\/nsu-prozess-blog\/2015\/06\/25\/medienlog-andreas-t-verfassungsschutz-telefonat\/#breadcrumb"},"inLanguage":"de","potentialAction":[{"@type":"ReadAction","target":["https:\/\/blog.zeit.de\/nsu-prozess-blog\/2015\/06\/25\/medienlog-andreas-t-verfassungsschutz-telefonat\/"]}]},{"@type":"BreadcrumbList","@id":"https:\/\/blog.zeit.de\/nsu-prozess-blog\/2015\/06\/25\/medienlog-andreas-t-verfassungsschutz-telefonat\/#breadcrumb","itemListElement":[{"@type":"ListItem","position":1,"name":"Startseite","item":"https:\/\/blog.zeit.de\/nsu-prozess-blog\/"},{"@type":"ListItem","position":2,"name":"Verfassungssch\u00fctzer liefert keine Aufkl\u00e4rung \u2013 Das Medienlog vom Donnerstag, 25. Juni 2015"}]},{"@type":"WebSite","@id":"https:\/\/blog.zeit.de\/nsu-prozess-blog\/#website","url":"https:\/\/blog.zeit.de\/nsu-prozess-blog\/","name":"Das NSU-Prozess-Blog","description":"Alle Berichte zum Terrorverfahren in M\u00fcnchen","potentialAction":[{"@type":"SearchAction","target":{"@type":"EntryPoint","urlTemplate":"https:\/\/blog.zeit.de\/nsu-prozess-blog\/?s={search_term_string}"},"query-input":"required name=search_term_string"}],"inLanguage":"de"},{"@type":"Person","@id":"https:\/\/blog.zeit.de\/nsu-prozess-blog\/#\/schema\/person\/553ea9bb5d1fc2ae054c589bd59380a5","name":"Tom Sundermann","image":{"@type":"ImageObject","inLanguage":"de","@id":"https:\/\/blog.zeit.de\/nsu-prozess-blog\/#\/schema\/person\/image\/","url":"https:\/\/secure.gravatar.com\/avatar\/e108a3dc18766f719b2f797dc5d19093f06a1870c55b553ab6b7563f1f9a5e68?s=96&d=mm&r=g","contentUrl":"https:\/\/secure.gravatar.com\/avatar\/e108a3dc18766f719b2f797dc5d19093f06a1870c55b553ab6b7563f1f9a5e68?s=96&d=mm&r=g","caption":"Tom Sundermann"},"sameAs":["https:\/\/twitter.com\/messeticker"],"url":"https:\/\/blog.zeit.de\/nsu-prozess-blog\/author\/tsundermann\/"}]}},"jetpack_featured_media_url":"","jetpack_sharing_enabled":true,"_links":{"self":[{"href":"https:\/\/blog.zeit.de\/nsu-prozess-blog\/wp-json\/wp\/v2\/posts\/9382","targetHints":{"allow":["GET"]}}],"collection":[{"href":"https:\/\/blog.zeit.de\/nsu-prozess-blog\/wp-json\/wp\/v2\/posts"}],"about":[{"href":"https:\/\/blog.zeit.de\/nsu-prozess-blog\/wp-json\/wp\/v2\/types\/post"}],"author":[{"embeddable":true,"href":"https:\/\/blog.zeit.de\/nsu-prozess-blog\/wp-json\/wp\/v2\/users\/435"}],"replies":[{"embeddable":true,"href":"https:\/\/blog.zeit.de\/nsu-prozess-blog\/wp-json\/wp\/v2\/comments?post=9382"}],"version-history":[{"count":9,"href":"https:\/\/blog.zeit.de\/nsu-prozess-blog\/wp-json\/wp\/v2\/posts\/9382\/revisions"}],"predecessor-version":[{"id":9392,"href":"https:\/\/blog.zeit.de\/nsu-prozess-blog\/wp-json\/wp\/v2\/posts\/9382\/revisions\/9392"}],"wp:attachment":[{"href":"https:\/\/blog.zeit.de\/nsu-prozess-blog\/wp-json\/wp\/v2\/media?parent=9382"}],"wp:term":[{"taxonomy":"category","embeddable":true,"href":"https:\/\/blog.zeit.de\/nsu-prozess-blog\/wp-json\/wp\/v2\/categories?post=9382"},{"taxonomy":"post_tag","embeddable":true,"href":"https:\/\/blog.zeit.de\/nsu-prozess-blog\/wp-json\/wp\/v2\/tags?post=9382"}],"curies":[{"name":"wp","href":"https:\/\/api.w.org\/{rel}","templated":true}]}}