{"id":9393,"date":"2015-07-01T07:00:03","date_gmt":"2015-07-01T05:00:03","guid":{"rendered":"http:\/\/blog.zeit.de\/nsu-prozess-blog\/?p=9393"},"modified":"2015-07-01T20:27:57","modified_gmt":"2015-07-01T18:27:57","slug":"215-prozesstag-v-mann-fuehrer-von-informant-piatto-geladen","status":"publish","type":"post","link":"https:\/\/blog.zeit.de\/nsu-prozess-blog\/2015\/07\/01\/215-prozesstag-v-mann-fuehrer-von-informant-piatto-geladen\/","title":{"rendered":"215. Prozesstag \u2013 V-Mann-F\u00fchrer von Informant Piatto geladen"},"content":{"rendered":"<p>Der <a href=\"https:\/\/blog.zeit.de\/nsu-prozess-blog\/2014\/12\/03\/ein-spion-mit-schlechtem-gewissen\/\">Rechtsextreme Carsten Sz.<\/a> ging in den Knast, weil er an der T\u00f6tung eines Menschen beteiligt war \u2013 und ziemlich schnell wieder heraus, weil er unter dem Decknamen Piatto f\u00fcr den Brandenburger Verfassungsschutz <a href=\"https:\/\/blog.zeit.de\/nsu-prozess-blog\/2014\/11\/04\/rechtsextrem-und-gewalttaetig-der-liebling-des-verfassungsschutzes\/\">exklusive Informationen aus der Szene<\/a> lieferte. Darunter befand sich auch ein <a href=\"https:\/\/blog.zeit.de\/nsu-prozess-blog\/2014\/10\/15\/der-zeuge-mit-dem-bums\/\">wertvoller Tipp<\/a> auf das untergetauchte NSU-Trio. Warum wurde die Information nicht genutzt, blieb das Trio unbehelligt? Diese Frage muss sich heute einer der V-Mann-F\u00fchrer von Sz. gefallen lassen. N. G\u00f6rlitz vom brandenburgischen Geheimdienst war daf\u00fcr zust\u00e4ndig, die Informationen von Piatto aufzunehmen, er ist als Zeuge in die Sitzung geladen.<\/p>\n<p>Ebenfalls als Zeuge tritt ein Polizist auf. Der Kommissar der Polizei Rastatt berichtet \u00fcber Beweisst\u00fccke aus dem Besitz des NSU-Trios, die er ausgewertet hatte.<\/p>\n<p><em>Informationen aus der Verhandlung gibt es <a href=\"https:\/\/twitter.com\/zeitonline\/lists\/nsu-prozess\">via Twitter hier<\/a>. Die Berichte dar\u00fcber fassen wir morgen im <a href=\"https:\/\/blog.zeit.de\/nsu-prozess-blog\/category\/medienschau\/\">NSU-Medienlog<\/a> zusammen.<\/em><\/p>\n","protected":false},"excerpt":{"rendered":"<p>Der Rechtsextreme Carsten Sz. ging in den Knast, weil er an der T\u00f6tung eines Menschen beteiligt war \u2013 und ziemlich schnell wieder heraus, weil er unter dem Decknamen Piatto f\u00fcr den Brandenburger Verfassungsschutz exklusive Informationen aus der Szene lieferte. Darunter befand sich auch ein wertvoller Tipp auf das untergetauchte NSU-Trio. Warum wurde die Information nicht [&hellip;]<\/p>\n","protected":false},"author":435,"featured_media":0,"comment_status":"open","ping_status":"open","sticky":false,"template":"","format":"standard","meta":{"_jetpack_memberships_contains_paid_content":false,"footnotes":""},"categories":[27532],"tags":[27562,1451,29554,17899,1836],"class_list":["post-9393","post","type-post","status-publish","format-standard","hentry","category-prozesstage","tag-bka","tag-brandenburg","tag-piatto","tag-v-mann","tag-verfassungsschutz"],"yoast_head":"<!-- This site is optimized with the Yoast SEO plugin v21.0 - https:\/\/yoast.com\/wordpress\/plugins\/seo\/ -->\n<title>215. Prozesstag \u2013 V-Mann-F\u00fchrer von Informant Piatto geladen - Das NSU-Prozess-Blog<\/title>\n<meta name=\"robots\" content=\"index, follow, max-snippet:-1, max-image-preview:large, max-video-preview:-1\" \/>\n<link rel=\"canonical\" href=\"https:\/\/blog.zeit.de\/nsu-prozess-blog\/2015\/07\/01\/215-prozesstag-v-mann-fuehrer-von-informant-piatto-geladen\/\" \/>\n<meta property=\"og:locale\" content=\"de_DE\" \/>\n<meta property=\"og:type\" content=\"article\" \/>\n<meta property=\"og:title\" content=\"215. Prozesstag \u2013 V-Mann-F\u00fchrer von Informant Piatto geladen - Das NSU-Prozess-Blog\" \/>\n<meta property=\"og:description\" content=\"Der Rechtsextreme Carsten Sz. ging in den Knast, weil er an der T\u00f6tung eines Menschen beteiligt war \u2013 und ziemlich schnell wieder heraus, weil er unter dem Decknamen Piatto f\u00fcr den Brandenburger Verfassungsschutz exklusive Informationen aus der Szene lieferte. Darunter befand sich auch ein wertvoller Tipp auf das untergetauchte NSU-Trio. Warum wurde die Information nicht [&hellip;]\" \/>\n<meta property=\"og:url\" content=\"https:\/\/blog.zeit.de\/nsu-prozess-blog\/2015\/07\/01\/215-prozesstag-v-mann-fuehrer-von-informant-piatto-geladen\/\" \/>\n<meta property=\"og:site_name\" content=\"Das NSU-Prozess-Blog\" \/>\n<meta property=\"article:published_time\" content=\"2015-07-01T05:00:03+00:00\" \/>\n<meta property=\"article:modified_time\" content=\"2015-07-01T18:27:57+00:00\" \/>\n<meta name=\"author\" content=\"Tom Sundermann\" \/>\n<meta name=\"twitter:label1\" content=\"Geschrieben von\" \/>\n\t<meta name=\"twitter:data1\" content=\"Tom Sundermann\" \/>\n\t<meta name=\"twitter:label2\" content=\"Gesch\u00e4tzte Lesezeit\" \/>\n\t<meta name=\"twitter:data2\" content=\"1\u00a0Minute\" \/>\n<script type=\"application\/ld+json\" class=\"yoast-schema-graph\">{\"@context\":\"https:\/\/schema.org\",\"@graph\":[{\"@type\":\"WebPage\",\"@id\":\"https:\/\/blog.zeit.de\/nsu-prozess-blog\/2015\/07\/01\/215-prozesstag-v-mann-fuehrer-von-informant-piatto-geladen\/\",\"url\":\"https:\/\/blog.zeit.de\/nsu-prozess-blog\/2015\/07\/01\/215-prozesstag-v-mann-fuehrer-von-informant-piatto-geladen\/\",\"name\":\"215. Prozesstag \u2013 V-Mann-F\u00fchrer von Informant Piatto geladen - Das NSU-Prozess-Blog\",\"isPartOf\":{\"@id\":\"https:\/\/blog.zeit.de\/nsu-prozess-blog\/#website\"},\"datePublished\":\"2015-07-01T05:00:03+00:00\",\"dateModified\":\"2015-07-01T18:27:57+00:00\",\"author\":{\"@id\":\"https:\/\/blog.zeit.de\/nsu-prozess-blog\/#\/schema\/person\/553ea9bb5d1fc2ae054c589bd59380a5\"},\"breadcrumb\":{\"@id\":\"https:\/\/blog.zeit.de\/nsu-prozess-blog\/2015\/07\/01\/215-prozesstag-v-mann-fuehrer-von-informant-piatto-geladen\/#breadcrumb\"},\"inLanguage\":\"de\",\"potentialAction\":[{\"@type\":\"ReadAction\",\"target\":[\"https:\/\/blog.zeit.de\/nsu-prozess-blog\/2015\/07\/01\/215-prozesstag-v-mann-fuehrer-von-informant-piatto-geladen\/\"]}]},{\"@type\":\"BreadcrumbList\",\"@id\":\"https:\/\/blog.zeit.de\/nsu-prozess-blog\/2015\/07\/01\/215-prozesstag-v-mann-fuehrer-von-informant-piatto-geladen\/#breadcrumb\",\"itemListElement\":[{\"@type\":\"ListItem\",\"position\":1,\"name\":\"Startseite\",\"item\":\"https:\/\/blog.zeit.de\/nsu-prozess-blog\/\"},{\"@type\":\"ListItem\",\"position\":2,\"name\":\"215. Prozesstag \u2013 V-Mann-F\u00fchrer von Informant Piatto geladen\"}]},{\"@type\":\"WebSite\",\"@id\":\"https:\/\/blog.zeit.de\/nsu-prozess-blog\/#website\",\"url\":\"https:\/\/blog.zeit.de\/nsu-prozess-blog\/\",\"name\":\"Das NSU-Prozess-Blog\",\"description\":\"Alle Berichte zum Terrorverfahren in M\u00fcnchen\",\"potentialAction\":[{\"@type\":\"SearchAction\",\"target\":{\"@type\":\"EntryPoint\",\"urlTemplate\":\"https:\/\/blog.zeit.de\/nsu-prozess-blog\/?s={search_term_string}\"},\"query-input\":\"required name=search_term_string\"}],\"inLanguage\":\"de\"},{\"@type\":\"Person\",\"@id\":\"https:\/\/blog.zeit.de\/nsu-prozess-blog\/#\/schema\/person\/553ea9bb5d1fc2ae054c589bd59380a5\",\"name\":\"Tom Sundermann\",\"image\":{\"@type\":\"ImageObject\",\"inLanguage\":\"de\",\"@id\":\"https:\/\/blog.zeit.de\/nsu-prozess-blog\/#\/schema\/person\/image\/\",\"url\":\"https:\/\/secure.gravatar.com\/avatar\/e108a3dc18766f719b2f797dc5d19093f06a1870c55b553ab6b7563f1f9a5e68?s=96&d=mm&r=g\",\"contentUrl\":\"https:\/\/secure.gravatar.com\/avatar\/e108a3dc18766f719b2f797dc5d19093f06a1870c55b553ab6b7563f1f9a5e68?s=96&d=mm&r=g\",\"caption\":\"Tom Sundermann\"},\"sameAs\":[\"https:\/\/twitter.com\/messeticker\"],\"url\":\"https:\/\/blog.zeit.de\/nsu-prozess-blog\/author\/tsundermann\/\"}]}<\/script>\n<!-- \/ Yoast SEO plugin. -->","yoast_head_json":{"title":"215. Prozesstag \u2013 V-Mann-F\u00fchrer von Informant Piatto geladen - Das NSU-Prozess-Blog","robots":{"index":"index","follow":"follow","max-snippet":"max-snippet:-1","max-image-preview":"max-image-preview:large","max-video-preview":"max-video-preview:-1"},"canonical":"https:\/\/blog.zeit.de\/nsu-prozess-blog\/2015\/07\/01\/215-prozesstag-v-mann-fuehrer-von-informant-piatto-geladen\/","og_locale":"de_DE","og_type":"article","og_title":"215. Prozesstag \u2013 V-Mann-F\u00fchrer von Informant Piatto geladen - Das NSU-Prozess-Blog","og_description":"Der Rechtsextreme Carsten Sz. ging in den Knast, weil er an der T\u00f6tung eines Menschen beteiligt war \u2013 und ziemlich schnell wieder heraus, weil er unter dem Decknamen Piatto f\u00fcr den Brandenburger Verfassungsschutz exklusive Informationen aus der Szene lieferte. Darunter befand sich auch ein wertvoller Tipp auf das untergetauchte NSU-Trio. Warum wurde die Information nicht [&hellip;]","og_url":"https:\/\/blog.zeit.de\/nsu-prozess-blog\/2015\/07\/01\/215-prozesstag-v-mann-fuehrer-von-informant-piatto-geladen\/","og_site_name":"Das NSU-Prozess-Blog","article_published_time":"2015-07-01T05:00:03+00:00","article_modified_time":"2015-07-01T18:27:57+00:00","author":"Tom Sundermann","twitter_misc":{"Geschrieben von":"Tom Sundermann","Gesch\u00e4tzte Lesezeit":"1\u00a0Minute"},"schema":{"@context":"https:\/\/schema.org","@graph":[{"@type":"WebPage","@id":"https:\/\/blog.zeit.de\/nsu-prozess-blog\/2015\/07\/01\/215-prozesstag-v-mann-fuehrer-von-informant-piatto-geladen\/","url":"https:\/\/blog.zeit.de\/nsu-prozess-blog\/2015\/07\/01\/215-prozesstag-v-mann-fuehrer-von-informant-piatto-geladen\/","name":"215. Prozesstag \u2013 V-Mann-F\u00fchrer von Informant Piatto geladen - Das NSU-Prozess-Blog","isPartOf":{"@id":"https:\/\/blog.zeit.de\/nsu-prozess-blog\/#website"},"datePublished":"2015-07-01T05:00:03+00:00","dateModified":"2015-07-01T18:27:57+00:00","author":{"@id":"https:\/\/blog.zeit.de\/nsu-prozess-blog\/#\/schema\/person\/553ea9bb5d1fc2ae054c589bd59380a5"},"breadcrumb":{"@id":"https:\/\/blog.zeit.de\/nsu-prozess-blog\/2015\/07\/01\/215-prozesstag-v-mann-fuehrer-von-informant-piatto-geladen\/#breadcrumb"},"inLanguage":"de","potentialAction":[{"@type":"ReadAction","target":["https:\/\/blog.zeit.de\/nsu-prozess-blog\/2015\/07\/01\/215-prozesstag-v-mann-fuehrer-von-informant-piatto-geladen\/"]}]},{"@type":"BreadcrumbList","@id":"https:\/\/blog.zeit.de\/nsu-prozess-blog\/2015\/07\/01\/215-prozesstag-v-mann-fuehrer-von-informant-piatto-geladen\/#breadcrumb","itemListElement":[{"@type":"ListItem","position":1,"name":"Startseite","item":"https:\/\/blog.zeit.de\/nsu-prozess-blog\/"},{"@type":"ListItem","position":2,"name":"215. Prozesstag \u2013 V-Mann-F\u00fchrer von Informant Piatto geladen"}]},{"@type":"WebSite","@id":"https:\/\/blog.zeit.de\/nsu-prozess-blog\/#website","url":"https:\/\/blog.zeit.de\/nsu-prozess-blog\/","name":"Das NSU-Prozess-Blog","description":"Alle Berichte zum Terrorverfahren in M\u00fcnchen","potentialAction":[{"@type":"SearchAction","target":{"@type":"EntryPoint","urlTemplate":"https:\/\/blog.zeit.de\/nsu-prozess-blog\/?s={search_term_string}"},"query-input":"required name=search_term_string"}],"inLanguage":"de"},{"@type":"Person","@id":"https:\/\/blog.zeit.de\/nsu-prozess-blog\/#\/schema\/person\/553ea9bb5d1fc2ae054c589bd59380a5","name":"Tom Sundermann","image":{"@type":"ImageObject","inLanguage":"de","@id":"https:\/\/blog.zeit.de\/nsu-prozess-blog\/#\/schema\/person\/image\/","url":"https:\/\/secure.gravatar.com\/avatar\/e108a3dc18766f719b2f797dc5d19093f06a1870c55b553ab6b7563f1f9a5e68?s=96&d=mm&r=g","contentUrl":"https:\/\/secure.gravatar.com\/avatar\/e108a3dc18766f719b2f797dc5d19093f06a1870c55b553ab6b7563f1f9a5e68?s=96&d=mm&r=g","caption":"Tom Sundermann"},"sameAs":["https:\/\/twitter.com\/messeticker"],"url":"https:\/\/blog.zeit.de\/nsu-prozess-blog\/author\/tsundermann\/"}]}},"jetpack_featured_media_url":"","jetpack_sharing_enabled":true,"_links":{"self":[{"href":"https:\/\/blog.zeit.de\/nsu-prozess-blog\/wp-json\/wp\/v2\/posts\/9393","targetHints":{"allow":["GET"]}}],"collection":[{"href":"https:\/\/blog.zeit.de\/nsu-prozess-blog\/wp-json\/wp\/v2\/posts"}],"about":[{"href":"https:\/\/blog.zeit.de\/nsu-prozess-blog\/wp-json\/wp\/v2\/types\/post"}],"author":[{"embeddable":true,"href":"https:\/\/blog.zeit.de\/nsu-prozess-blog\/wp-json\/wp\/v2\/users\/435"}],"replies":[{"embeddable":true,"href":"https:\/\/blog.zeit.de\/nsu-prozess-blog\/wp-json\/wp\/v2\/comments?post=9393"}],"version-history":[{"count":4,"href":"https:\/\/blog.zeit.de\/nsu-prozess-blog\/wp-json\/wp\/v2\/posts\/9393\/revisions"}],"predecessor-version":[{"id":9430,"href":"https:\/\/blog.zeit.de\/nsu-prozess-blog\/wp-json\/wp\/v2\/posts\/9393\/revisions\/9430"}],"wp:attachment":[{"href":"https:\/\/blog.zeit.de\/nsu-prozess-blog\/wp-json\/wp\/v2\/media?parent=9393"}],"wp:term":[{"taxonomy":"category","embeddable":true,"href":"https:\/\/blog.zeit.de\/nsu-prozess-blog\/wp-json\/wp\/v2\/categories?post=9393"},{"taxonomy":"post_tag","embeddable":true,"href":"https:\/\/blog.zeit.de\/nsu-prozess-blog\/wp-json\/wp\/v2\/tags?post=9393"}],"curies":[{"name":"wp","href":"https:\/\/api.w.org\/{rel}","templated":true}]}}