{"id":9395,"date":"2015-06-30T07:00:44","date_gmt":"2015-06-30T05:00:44","guid":{"rendered":"http:\/\/blog.zeit.de\/nsu-prozess-blog\/?p=9395"},"modified":"2015-06-25T14:26:27","modified_gmt":"2015-06-25T12:26:27","slug":"214-prozesstag-verfassungsschuetzer-andreas-t-und-seine-frau","status":"publish","type":"post","link":"https:\/\/blog.zeit.de\/nsu-prozess-blog\/2015\/06\/30\/214-prozesstag-verfassungsschuetzer-andreas-t-und-seine-frau\/","title":{"rendered":"214. Prozesstag \u2013 Verfassungssch\u00fctzer Andreas T. und seine Frau"},"content":{"rendered":"<p>Es ist bereits sein sechster Auftritt im NSU-Prozess: Der fr\u00fchere hessische Verfassungssch\u00fctzer <a href=\"https:\/\/blog.zeit.de\/nsu-prozess-blog\/2015\/05\/22\/medienlog-mord-halit-yozgat-andreas-t-ladung\/\">Andreas T.<\/a> muss erneut als Zeuge aussagen. Auch seine Ehefrau ist geladen. T. war Gast im Internetcaf\u00e9 des Kasselers <a href=\"https:\/\/blog.zeit.de\/nsu-prozess-blog\/2013\/10\/02\/ismail-yozgat-andreas-t\/\">Halit Yozgat<\/a>, als dieser am 6. April 2006 erschossen wurde \u2013 will die t\u00f6dlichen Sch\u00fcsse jedoch nicht geh\u00f6rt haben. Deshalb galt er kurzzeitig als Beschuldigter.<\/p>\n<p>Hintergrund der neuen Ladung ist eine Detailfrage: Zeugen hatten sich erinnert, dass T. bei seinem Besuch eine Plastikt\u00fcte mit sich f\u00fchrte, in der sich ein schwerer Gegenstand abzeichnete. Anw\u00e4lte der Nebenklage wollen abkl\u00e4ren, ob es sich dabei um die Tatpistole gehandelt haben k\u00f6nnte \u2013 was zu dem Schluss f\u00fchren w\u00fcrde, das T. in die Tat verwickelt gewesen w\u00e4re. Seine Frau erinnerte sich in einem abgeh\u00f6rten <a href=\"http:\/\/www.zeit.de\/gesellschaft\/zeitgeschehen\/2015-06\/nsu-prozess-kassel-verfassungsschutz-yozgat\">Telefonat<\/a>, dass er mit einer T\u00fcte unterwegs war. Heute muss der ehemalige Geheimdienstler dazu auch selbst sein Ged\u00e4chtnis bem\u00fchen.<\/p>\n<p>Ein weiterer Zeuge ist Aleksander H., ein Schulkamerad des NSU-Mitglieds Uwe Mundlos. Es ist sein dritter Termin in M\u00fcnchen. Bei den ersten beiden Vernehmungen hatte er Fragmente von <a href=\"https:\/\/blog.zeit.de\/nsu-prozess-blog\/2015\/04\/15\/wenn-ein-freund-zum-neonazi-wird\/\">Mundlos&#8216; Weg in die rechte Szene<\/a> nachgezeichnet, auch \u00fcber die <a href=\"https:\/\/blog.zeit.de\/nsu-prozess-blog\/2015\/05\/13\/beate-zschaepe-medienlog-aleksander-h\/\">Hauptangeklagte Beate Zsch\u00e4pe sprach er<\/a>. Dabei beschrieb er sie als selbstbewusst, teils auch aggressiv.<\/p>\n<p><em>ZEIT ONLINE berichtet aus M\u00fcnchen und fasst den Prozesstag am Abend auf diesem Blog zusammen. Informationen aus der Verhandlung gibt es <a href=\"https:\/\/twitter.com\/zeitonline\/lists\/nsu-prozess\">via Twitter hier<\/a>. Weitere Berichte stellen wir morgen im <a href=\"https:\/\/blog.zeit.de\/nsu-prozess-blog\/category\/medienschau\/\">NSU-Medienlog<\/a> zusammen.<\/em><\/p>\n","protected":false},"excerpt":{"rendered":"<p>Es ist bereits sein sechster Auftritt im NSU-Prozess: Der fr\u00fchere hessische Verfassungssch\u00fctzer Andreas T. muss erneut als Zeuge aussagen. Auch seine Ehefrau ist geladen. T. war Gast im Internetcaf\u00e9 des Kasselers Halit Yozgat, als dieser am 6. April 2006 erschossen wurde \u2013 will die t\u00f6dlichen Sch\u00fcsse jedoch nicht geh\u00f6rt haben. Deshalb galt er kurzzeitig als [&hellip;]<\/p>\n","protected":false},"author":435,"featured_media":0,"comment_status":"open","ping_status":"open","sticky":false,"template":"","format":"standard","meta":{"_jetpack_memberships_contains_paid_content":false,"footnotes":""},"categories":[27532],"tags":[29442,17793,29435,1453,18863,22859,1836,29492],"class_list":["post-9395","post","type-post","status-publish","format-standard","hentry","category-prozesstage","tag-andreas-t","tag-beate-zschape","tag-halit-yozgat","tag-hessen","tag-kassel","tag-uwe-mundlos","tag-verfassungsschutz","tag-waffe"],"yoast_head":"<!-- This site is optimized with the Yoast SEO plugin v21.0 - https:\/\/yoast.com\/wordpress\/plugins\/seo\/ -->\n<title>214. Prozesstag \u2013 Verfassungssch\u00fctzer Andreas T. und seine Frau - Das NSU-Prozess-Blog<\/title>\n<meta name=\"robots\" content=\"index, follow, max-snippet:-1, max-image-preview:large, max-video-preview:-1\" \/>\n<link rel=\"canonical\" href=\"https:\/\/blog.zeit.de\/nsu-prozess-blog\/2015\/06\/30\/214-prozesstag-verfassungsschuetzer-andreas-t-und-seine-frau\/\" \/>\n<meta property=\"og:locale\" content=\"de_DE\" \/>\n<meta property=\"og:type\" content=\"article\" \/>\n<meta property=\"og:title\" content=\"214. Prozesstag \u2013 Verfassungssch\u00fctzer Andreas T. und seine Frau - Das NSU-Prozess-Blog\" \/>\n<meta property=\"og:description\" content=\"Es ist bereits sein sechster Auftritt im NSU-Prozess: Der fr\u00fchere hessische Verfassungssch\u00fctzer Andreas T. muss erneut als Zeuge aussagen. Auch seine Ehefrau ist geladen. T. war Gast im Internetcaf\u00e9 des Kasselers Halit Yozgat, als dieser am 6. April 2006 erschossen wurde \u2013 will die t\u00f6dlichen Sch\u00fcsse jedoch nicht geh\u00f6rt haben. Deshalb galt er kurzzeitig als [&hellip;]\" \/>\n<meta property=\"og:url\" content=\"https:\/\/blog.zeit.de\/nsu-prozess-blog\/2015\/06\/30\/214-prozesstag-verfassungsschuetzer-andreas-t-und-seine-frau\/\" \/>\n<meta property=\"og:site_name\" content=\"Das NSU-Prozess-Blog\" \/>\n<meta property=\"article:published_time\" content=\"2015-06-30T05:00:44+00:00\" \/>\n<meta property=\"article:modified_time\" content=\"2015-06-25T12:26:27+00:00\" \/>\n<meta name=\"author\" content=\"Tom Sundermann\" \/>\n<meta name=\"twitter:label1\" content=\"Geschrieben von\" \/>\n\t<meta name=\"twitter:data1\" content=\"Tom Sundermann\" \/>\n\t<meta name=\"twitter:label2\" content=\"Gesch\u00e4tzte Lesezeit\" \/>\n\t<meta name=\"twitter:data2\" content=\"1\u00a0Minute\" \/>\n<script type=\"application\/ld+json\" class=\"yoast-schema-graph\">{\"@context\":\"https:\/\/schema.org\",\"@graph\":[{\"@type\":\"WebPage\",\"@id\":\"https:\/\/blog.zeit.de\/nsu-prozess-blog\/2015\/06\/30\/214-prozesstag-verfassungsschuetzer-andreas-t-und-seine-frau\/\",\"url\":\"https:\/\/blog.zeit.de\/nsu-prozess-blog\/2015\/06\/30\/214-prozesstag-verfassungsschuetzer-andreas-t-und-seine-frau\/\",\"name\":\"214. Prozesstag \u2013 Verfassungssch\u00fctzer Andreas T. und seine Frau - Das NSU-Prozess-Blog\",\"isPartOf\":{\"@id\":\"https:\/\/blog.zeit.de\/nsu-prozess-blog\/#website\"},\"datePublished\":\"2015-06-30T05:00:44+00:00\",\"dateModified\":\"2015-06-25T12:26:27+00:00\",\"author\":{\"@id\":\"https:\/\/blog.zeit.de\/nsu-prozess-blog\/#\/schema\/person\/553ea9bb5d1fc2ae054c589bd59380a5\"},\"breadcrumb\":{\"@id\":\"https:\/\/blog.zeit.de\/nsu-prozess-blog\/2015\/06\/30\/214-prozesstag-verfassungsschuetzer-andreas-t-und-seine-frau\/#breadcrumb\"},\"inLanguage\":\"de\",\"potentialAction\":[{\"@type\":\"ReadAction\",\"target\":[\"https:\/\/blog.zeit.de\/nsu-prozess-blog\/2015\/06\/30\/214-prozesstag-verfassungsschuetzer-andreas-t-und-seine-frau\/\"]}]},{\"@type\":\"BreadcrumbList\",\"@id\":\"https:\/\/blog.zeit.de\/nsu-prozess-blog\/2015\/06\/30\/214-prozesstag-verfassungsschuetzer-andreas-t-und-seine-frau\/#breadcrumb\",\"itemListElement\":[{\"@type\":\"ListItem\",\"position\":1,\"name\":\"Startseite\",\"item\":\"https:\/\/blog.zeit.de\/nsu-prozess-blog\/\"},{\"@type\":\"ListItem\",\"position\":2,\"name\":\"214. Prozesstag \u2013 Verfassungssch\u00fctzer Andreas T. und seine Frau\"}]},{\"@type\":\"WebSite\",\"@id\":\"https:\/\/blog.zeit.de\/nsu-prozess-blog\/#website\",\"url\":\"https:\/\/blog.zeit.de\/nsu-prozess-blog\/\",\"name\":\"Das NSU-Prozess-Blog\",\"description\":\"Alle Berichte zum Terrorverfahren in M\u00fcnchen\",\"potentialAction\":[{\"@type\":\"SearchAction\",\"target\":{\"@type\":\"EntryPoint\",\"urlTemplate\":\"https:\/\/blog.zeit.de\/nsu-prozess-blog\/?s={search_term_string}\"},\"query-input\":\"required name=search_term_string\"}],\"inLanguage\":\"de\"},{\"@type\":\"Person\",\"@id\":\"https:\/\/blog.zeit.de\/nsu-prozess-blog\/#\/schema\/person\/553ea9bb5d1fc2ae054c589bd59380a5\",\"name\":\"Tom Sundermann\",\"image\":{\"@type\":\"ImageObject\",\"inLanguage\":\"de\",\"@id\":\"https:\/\/blog.zeit.de\/nsu-prozess-blog\/#\/schema\/person\/image\/\",\"url\":\"https:\/\/secure.gravatar.com\/avatar\/e108a3dc18766f719b2f797dc5d19093f06a1870c55b553ab6b7563f1f9a5e68?s=96&d=mm&r=g\",\"contentUrl\":\"https:\/\/secure.gravatar.com\/avatar\/e108a3dc18766f719b2f797dc5d19093f06a1870c55b553ab6b7563f1f9a5e68?s=96&d=mm&r=g\",\"caption\":\"Tom Sundermann\"},\"sameAs\":[\"https:\/\/twitter.com\/messeticker\"],\"url\":\"https:\/\/blog.zeit.de\/nsu-prozess-blog\/author\/tsundermann\/\"}]}<\/script>\n<!-- \/ Yoast SEO plugin. -->","yoast_head_json":{"title":"214. Prozesstag \u2013 Verfassungssch\u00fctzer Andreas T. und seine Frau - Das NSU-Prozess-Blog","robots":{"index":"index","follow":"follow","max-snippet":"max-snippet:-1","max-image-preview":"max-image-preview:large","max-video-preview":"max-video-preview:-1"},"canonical":"https:\/\/blog.zeit.de\/nsu-prozess-blog\/2015\/06\/30\/214-prozesstag-verfassungsschuetzer-andreas-t-und-seine-frau\/","og_locale":"de_DE","og_type":"article","og_title":"214. Prozesstag \u2013 Verfassungssch\u00fctzer Andreas T. und seine Frau - Das NSU-Prozess-Blog","og_description":"Es ist bereits sein sechster Auftritt im NSU-Prozess: Der fr\u00fchere hessische Verfassungssch\u00fctzer Andreas T. muss erneut als Zeuge aussagen. Auch seine Ehefrau ist geladen. T. war Gast im Internetcaf\u00e9 des Kasselers Halit Yozgat, als dieser am 6. April 2006 erschossen wurde \u2013 will die t\u00f6dlichen Sch\u00fcsse jedoch nicht geh\u00f6rt haben. Deshalb galt er kurzzeitig als [&hellip;]","og_url":"https:\/\/blog.zeit.de\/nsu-prozess-blog\/2015\/06\/30\/214-prozesstag-verfassungsschuetzer-andreas-t-und-seine-frau\/","og_site_name":"Das NSU-Prozess-Blog","article_published_time":"2015-06-30T05:00:44+00:00","article_modified_time":"2015-06-25T12:26:27+00:00","author":"Tom Sundermann","twitter_misc":{"Geschrieben von":"Tom Sundermann","Gesch\u00e4tzte Lesezeit":"1\u00a0Minute"},"schema":{"@context":"https:\/\/schema.org","@graph":[{"@type":"WebPage","@id":"https:\/\/blog.zeit.de\/nsu-prozess-blog\/2015\/06\/30\/214-prozesstag-verfassungsschuetzer-andreas-t-und-seine-frau\/","url":"https:\/\/blog.zeit.de\/nsu-prozess-blog\/2015\/06\/30\/214-prozesstag-verfassungsschuetzer-andreas-t-und-seine-frau\/","name":"214. Prozesstag \u2013 Verfassungssch\u00fctzer Andreas T. und seine Frau - Das NSU-Prozess-Blog","isPartOf":{"@id":"https:\/\/blog.zeit.de\/nsu-prozess-blog\/#website"},"datePublished":"2015-06-30T05:00:44+00:00","dateModified":"2015-06-25T12:26:27+00:00","author":{"@id":"https:\/\/blog.zeit.de\/nsu-prozess-blog\/#\/schema\/person\/553ea9bb5d1fc2ae054c589bd59380a5"},"breadcrumb":{"@id":"https:\/\/blog.zeit.de\/nsu-prozess-blog\/2015\/06\/30\/214-prozesstag-verfassungsschuetzer-andreas-t-und-seine-frau\/#breadcrumb"},"inLanguage":"de","potentialAction":[{"@type":"ReadAction","target":["https:\/\/blog.zeit.de\/nsu-prozess-blog\/2015\/06\/30\/214-prozesstag-verfassungsschuetzer-andreas-t-und-seine-frau\/"]}]},{"@type":"BreadcrumbList","@id":"https:\/\/blog.zeit.de\/nsu-prozess-blog\/2015\/06\/30\/214-prozesstag-verfassungsschuetzer-andreas-t-und-seine-frau\/#breadcrumb","itemListElement":[{"@type":"ListItem","position":1,"name":"Startseite","item":"https:\/\/blog.zeit.de\/nsu-prozess-blog\/"},{"@type":"ListItem","position":2,"name":"214. Prozesstag \u2013 Verfassungssch\u00fctzer Andreas T. und seine Frau"}]},{"@type":"WebSite","@id":"https:\/\/blog.zeit.de\/nsu-prozess-blog\/#website","url":"https:\/\/blog.zeit.de\/nsu-prozess-blog\/","name":"Das NSU-Prozess-Blog","description":"Alle Berichte zum Terrorverfahren in M\u00fcnchen","potentialAction":[{"@type":"SearchAction","target":{"@type":"EntryPoint","urlTemplate":"https:\/\/blog.zeit.de\/nsu-prozess-blog\/?s={search_term_string}"},"query-input":"required name=search_term_string"}],"inLanguage":"de"},{"@type":"Person","@id":"https:\/\/blog.zeit.de\/nsu-prozess-blog\/#\/schema\/person\/553ea9bb5d1fc2ae054c589bd59380a5","name":"Tom Sundermann","image":{"@type":"ImageObject","inLanguage":"de","@id":"https:\/\/blog.zeit.de\/nsu-prozess-blog\/#\/schema\/person\/image\/","url":"https:\/\/secure.gravatar.com\/avatar\/e108a3dc18766f719b2f797dc5d19093f06a1870c55b553ab6b7563f1f9a5e68?s=96&d=mm&r=g","contentUrl":"https:\/\/secure.gravatar.com\/avatar\/e108a3dc18766f719b2f797dc5d19093f06a1870c55b553ab6b7563f1f9a5e68?s=96&d=mm&r=g","caption":"Tom Sundermann"},"sameAs":["https:\/\/twitter.com\/messeticker"],"url":"https:\/\/blog.zeit.de\/nsu-prozess-blog\/author\/tsundermann\/"}]}},"jetpack_featured_media_url":"","jetpack_sharing_enabled":true,"_links":{"self":[{"href":"https:\/\/blog.zeit.de\/nsu-prozess-blog\/wp-json\/wp\/v2\/posts\/9395","targetHints":{"allow":["GET"]}}],"collection":[{"href":"https:\/\/blog.zeit.de\/nsu-prozess-blog\/wp-json\/wp\/v2\/posts"}],"about":[{"href":"https:\/\/blog.zeit.de\/nsu-prozess-blog\/wp-json\/wp\/v2\/types\/post"}],"author":[{"embeddable":true,"href":"https:\/\/blog.zeit.de\/nsu-prozess-blog\/wp-json\/wp\/v2\/users\/435"}],"replies":[{"embeddable":true,"href":"https:\/\/blog.zeit.de\/nsu-prozess-blog\/wp-json\/wp\/v2\/comments?post=9395"}],"version-history":[{"count":1,"href":"https:\/\/blog.zeit.de\/nsu-prozess-blog\/wp-json\/wp\/v2\/posts\/9395\/revisions"}],"predecessor-version":[{"id":9396,"href":"https:\/\/blog.zeit.de\/nsu-prozess-blog\/wp-json\/wp\/v2\/posts\/9395\/revisions\/9396"}],"wp:attachment":[{"href":"https:\/\/blog.zeit.de\/nsu-prozess-blog\/wp-json\/wp\/v2\/media?parent=9395"}],"wp:term":[{"taxonomy":"category","embeddable":true,"href":"https:\/\/blog.zeit.de\/nsu-prozess-blog\/wp-json\/wp\/v2\/categories?post=9395"},{"taxonomy":"post_tag","embeddable":true,"href":"https:\/\/blog.zeit.de\/nsu-prozess-blog\/wp-json\/wp\/v2\/tags?post=9395"}],"curies":[{"name":"wp","href":"https:\/\/api.w.org\/{rel}","templated":true}]}}