{"id":9399,"date":"2015-06-29T09:45:36","date_gmt":"2015-06-29T07:45:36","guid":{"rendered":"http:\/\/blog.zeit.de\/nsu-prozess-blog\/?p=9399"},"modified":"2015-06-29T10:51:30","modified_gmt":"2015-06-29T08:51:30","slug":"medienlog-beate-zschaepe-neuer-anwalt","status":"publish","type":"post","link":"https:\/\/blog.zeit.de\/nsu-prozess-blog\/2015\/06\/29\/medienlog-beate-zschaepe-neuer-anwalt\/","title":{"rendered":"Ein vierter Verteidiger f\u00fcr Beate Zsch\u00e4pe? \u2013 Das Medienlog vom Montag, 29. Juni 2015"},"content":{"rendered":"<p>Ein neuer Name k\u00f6nnte im NSU-Prozess sehr wichtig werden: Mathias Grasel. Der M\u00fcnchner Anwalt k\u00f6nnte als vierter Pflichtverteidiger zum Anwaltsteam der Hauptangeklagten Beate Zsch\u00e4pe dazukommen, wie Frank Jansen im <a href=\"http:\/\/www.tagesspiegel.de\/politik\/nsu-prozess-beate-zschaepe-bekommt-womoeglich-vierten-verteidiger\/11979158.html\" target=\"_blank\"><em>Tagesspiegel<\/em><\/a> berichtet. Zuvor war bekannt geworden, dass Zsch\u00e4pe mit ihrem <a href=\"https:\/\/blog.zeit.de\/nsu-prozess-blog\/2015\/06\/17\/zschaepe-ignoriert-ihre-anwaelte-medienlog-mittwoch\/\">Antrag auf Abberufung<\/a> ihrer Anw\u00e4ltin Anja Sturm beim Gericht gescheitert ist. Die Entscheidung k\u00f6nne bereits am Dienstag fallen, sagte der Jurist der Zeitung.<\/p>\n<p><!--more--><\/p>\n<p><em>An jedem Werktag sichten wir f\u00fcr das NSU-Prozess-Blog die Medien und stellen wichtige Berichte, Blogs, Videos und Tweets zusammen. Wir freuen uns \u00fcber Hinweise via Twitter mit dem Hashtag #nsublog \u2013 oder per E-Mail an <a href=\"mailto:nsublog@zeit.de\">nsublog@zeit.de<\/a>.<\/em><\/p>\n<p>Auf den Neuen, sofern er tats\u00e4chlich von den Richtern berufen wird, kommt viel Arbeit zu: Er m\u00fcsste sich in den Stoff aus \u00fcber zwei Jahren Prozess einarbeiten und sich mit Tausenden Akten vertraut machen. Eine Aufgabe, der sich Grasel gewachsen f\u00fchlt: Er &#8222;w\u00fcrde sich nicht scheuen, als Neuling in dem Mammutverfahren (&#8230;) aufzutreten&#8220;, schreibt Jansen. Das bisherige Gef\u00fcge und die Strategie der drei Verteidiger Sturm, Wolfgang Heer und Wolfgang Stahl sei damit im Umbruch. Der Vorsitzende Richter Manfred G\u00f6tzl k\u00f6nne der Bestellung eines weiteren Anwalts zustimmen, &#8222;um den Konflikt Zsch\u00e4pes mit ihren bisherigen Verteidigern zu neutralisieren&#8220;.<\/p>\n<p>Die Entscheidung, dass Anja Sturm ihren Posten an Zsch\u00e4pes Seite beh\u00e4lt, f\u00e4llte das Gericht am Freitag. Anders als Zsch\u00e4pe behauptet hatte, best\u00fcnden keine &#8222;konkreten, hinreichenden und nachgewiesenen Anhaltspunkte daf\u00fcr, dass das Vertrauensverh\u00e4ltnis&#8220; zwischen ihr und Sturm gest\u00f6rt sei, zitiert Tanjev Schultz von der <a href=\"http:\/\/www.sueddeutsche.de\/politik\/nsu-prozess-zschaepe-muss-sturm-behalten-1.2540299\" target=\"_blank\"><em>S\u00fcddeutschen Zeitung<\/em><\/a> aus dem Papier. Nun m\u00fcssten sich Mandantin und Anw\u00e4ltin arrangieren, alldieweil ihre Schwierigkeiten nach wie vor sichtbar seien: &#8222;Die Atmosph\u00e4re wirkte zuletzt weiterhin frostig.&#8220;<\/p>\n<p>Die <a href=\"http:\/\/www.welt.de\/politik\/deutschland\/article143203169\/Ein-geheimer-Mitarbeiter-sorgt-fuer-Verwirrung.html\" target=\"_blank\"><em>Welt am Sonntag<\/em><\/a> greift erneut den Fall des K\u00f6lner V-Manns <a href=\"https:\/\/blog.zeit.de\/nsu-prozess-blog\/2015\/06\/22\/medienlog-zschaepe-beweise-verteidigung-johann-h\/\">Johann H.<\/a> auf, der im Verdacht stand, am <a href=\"https:\/\/blog.zeit.de\/nsu-prozess-blog\/2014\/06\/05\/das-raetsel-vom-mann-mit-dem-korb\/\">NSU-Bombenanschlag von 2000<\/a> beteiligt zu sein. Gegen\u00fcber dem Blatt bestritt sein Anwalt wie schon zuvor, dass H. ein Rechtsradikaler gewesen sei.<\/p>\n<p>Welche Lehren sind aus der NSU-Mordserie und ihrer Aufkl\u00e4rung zu ziehen? Mit dieser Frage besch\u00e4ftigt sich die Istanbuler Soziologie-Professorin Yasemin \u0130nceo\u011flu, die ihre Eindr\u00fccke in einem Interview mit <a href=\"http:\/\/www.spiegel.de\/panorama\/gesellschaft\/nsu-yasemin-inceoglu-ueber-die-aufarbeitung-in-deutschland-a-1040772.html\" target=\"_blank\"><em>Spiegel Online<\/em><\/a> schildert. Sie w\u00fcnscht sich, dass Gewalttaten wie die der rechtsextremen Serie kritischer hinterfragt werden, wie es in der T\u00fcrkei der Fall sei: Dort gebe es &#8222;kein Urvertrauen in den Staat&#8220;, sie hoffe auf eine Gesellschaft, die &#8222;mehr zweifelt und mehr anklagt&#8220;.<\/p>\n<p><em>Das n\u00e4chste Medienlog erscheint am Dienstag, 30. Juni 2015.<\/em><\/p>\n","protected":false},"excerpt":{"rendered":"<p>Ein neuer Name k\u00f6nnte im NSU-Prozess sehr wichtig werden: Mathias Grasel. Der M\u00fcnchner Anwalt k\u00f6nnte als vierter Pflichtverteidiger zum Anwaltsteam der Hauptangeklagten Beate Zsch\u00e4pe dazukommen, wie Frank Jansen im Tagesspiegel berichtet. Zuvor war bekannt geworden, dass Zsch\u00e4pe mit ihrem Antrag auf Abberufung ihrer Anw\u00e4ltin Anja Sturm beim Gericht gescheitert ist. Die Entscheidung k\u00f6nne bereits am [&hellip;]<\/p>\n","protected":false},"author":435,"featured_media":0,"comment_status":"open","ping_status":"open","sticky":false,"template":"","format":"standard","meta":{"_jetpack_memberships_contains_paid_content":false,"footnotes":""},"categories":[27531],"tags":[27575,17793,29533,24914,35363,29521,35362,17899,1836],"class_list":["post-9399","post","type-post","status-publish","format-standard","hentry","category-medienschau","tag-anja-sturm","tag-beate-zschape","tag-entpflichtung","tag-koln","tag-mathias-grasel","tag-probsteigasse","tag-tuerkei","tag-v-mann","tag-verfassungsschutz"],"yoast_head":"<!-- This site is optimized with the Yoast SEO plugin v21.0 - https:\/\/yoast.com\/wordpress\/plugins\/seo\/ -->\n<title>Ein vierter Verteidiger f\u00fcr Beate Zsch\u00e4pe? \u2013 Das Medienlog vom Montag, 29. Juni 2015 - Das NSU-Prozess-Blog<\/title>\n<meta name=\"robots\" content=\"index, follow, max-snippet:-1, max-image-preview:large, max-video-preview:-1\" \/>\n<link rel=\"canonical\" href=\"https:\/\/blog.zeit.de\/nsu-prozess-blog\/2015\/06\/29\/medienlog-beate-zschaepe-neuer-anwalt\/\" \/>\n<meta property=\"og:locale\" content=\"de_DE\" \/>\n<meta property=\"og:type\" content=\"article\" \/>\n<meta property=\"og:title\" content=\"Ein vierter Verteidiger f\u00fcr Beate Zsch\u00e4pe? \u2013 Das Medienlog vom Montag, 29. Juni 2015 - Das NSU-Prozess-Blog\" \/>\n<meta property=\"og:description\" content=\"Ein neuer Name k\u00f6nnte im NSU-Prozess sehr wichtig werden: Mathias Grasel. Der M\u00fcnchner Anwalt k\u00f6nnte als vierter Pflichtverteidiger zum Anwaltsteam der Hauptangeklagten Beate Zsch\u00e4pe dazukommen, wie Frank Jansen im Tagesspiegel berichtet. Zuvor war bekannt geworden, dass Zsch\u00e4pe mit ihrem Antrag auf Abberufung ihrer Anw\u00e4ltin Anja Sturm beim Gericht gescheitert ist. Die Entscheidung k\u00f6nne bereits am [&hellip;]\" \/>\n<meta property=\"og:url\" content=\"https:\/\/blog.zeit.de\/nsu-prozess-blog\/2015\/06\/29\/medienlog-beate-zschaepe-neuer-anwalt\/\" \/>\n<meta property=\"og:site_name\" content=\"Das NSU-Prozess-Blog\" \/>\n<meta property=\"article:published_time\" content=\"2015-06-29T07:45:36+00:00\" \/>\n<meta property=\"article:modified_time\" content=\"2015-06-29T08:51:30+00:00\" \/>\n<meta name=\"author\" content=\"Tom Sundermann\" \/>\n<meta name=\"twitter:label1\" content=\"Geschrieben von\" \/>\n\t<meta name=\"twitter:data1\" content=\"Tom Sundermann\" \/>\n\t<meta name=\"twitter:label2\" content=\"Gesch\u00e4tzte Lesezeit\" \/>\n\t<meta name=\"twitter:data2\" content=\"2\u00a0Minuten\" \/>\n<script type=\"application\/ld+json\" class=\"yoast-schema-graph\">{\"@context\":\"https:\/\/schema.org\",\"@graph\":[{\"@type\":\"WebPage\",\"@id\":\"https:\/\/blog.zeit.de\/nsu-prozess-blog\/2015\/06\/29\/medienlog-beate-zschaepe-neuer-anwalt\/\",\"url\":\"https:\/\/blog.zeit.de\/nsu-prozess-blog\/2015\/06\/29\/medienlog-beate-zschaepe-neuer-anwalt\/\",\"name\":\"Ein vierter Verteidiger f\u00fcr Beate Zsch\u00e4pe? \u2013 Das Medienlog vom Montag, 29. Juni 2015 - Das NSU-Prozess-Blog\",\"isPartOf\":{\"@id\":\"https:\/\/blog.zeit.de\/nsu-prozess-blog\/#website\"},\"datePublished\":\"2015-06-29T07:45:36+00:00\",\"dateModified\":\"2015-06-29T08:51:30+00:00\",\"author\":{\"@id\":\"https:\/\/blog.zeit.de\/nsu-prozess-blog\/#\/schema\/person\/553ea9bb5d1fc2ae054c589bd59380a5\"},\"breadcrumb\":{\"@id\":\"https:\/\/blog.zeit.de\/nsu-prozess-blog\/2015\/06\/29\/medienlog-beate-zschaepe-neuer-anwalt\/#breadcrumb\"},\"inLanguage\":\"de\",\"potentialAction\":[{\"@type\":\"ReadAction\",\"target\":[\"https:\/\/blog.zeit.de\/nsu-prozess-blog\/2015\/06\/29\/medienlog-beate-zschaepe-neuer-anwalt\/\"]}]},{\"@type\":\"BreadcrumbList\",\"@id\":\"https:\/\/blog.zeit.de\/nsu-prozess-blog\/2015\/06\/29\/medienlog-beate-zschaepe-neuer-anwalt\/#breadcrumb\",\"itemListElement\":[{\"@type\":\"ListItem\",\"position\":1,\"name\":\"Startseite\",\"item\":\"https:\/\/blog.zeit.de\/nsu-prozess-blog\/\"},{\"@type\":\"ListItem\",\"position\":2,\"name\":\"Ein vierter Verteidiger f\u00fcr Beate Zsch\u00e4pe? \u2013 Das Medienlog vom Montag, 29. Juni 2015\"}]},{\"@type\":\"WebSite\",\"@id\":\"https:\/\/blog.zeit.de\/nsu-prozess-blog\/#website\",\"url\":\"https:\/\/blog.zeit.de\/nsu-prozess-blog\/\",\"name\":\"Das NSU-Prozess-Blog\",\"description\":\"Alle Berichte zum Terrorverfahren in M\u00fcnchen\",\"potentialAction\":[{\"@type\":\"SearchAction\",\"target\":{\"@type\":\"EntryPoint\",\"urlTemplate\":\"https:\/\/blog.zeit.de\/nsu-prozess-blog\/?s={search_term_string}\"},\"query-input\":\"required name=search_term_string\"}],\"inLanguage\":\"de\"},{\"@type\":\"Person\",\"@id\":\"https:\/\/blog.zeit.de\/nsu-prozess-blog\/#\/schema\/person\/553ea9bb5d1fc2ae054c589bd59380a5\",\"name\":\"Tom Sundermann\",\"image\":{\"@type\":\"ImageObject\",\"inLanguage\":\"de\",\"@id\":\"https:\/\/blog.zeit.de\/nsu-prozess-blog\/#\/schema\/person\/image\/\",\"url\":\"https:\/\/secure.gravatar.com\/avatar\/e108a3dc18766f719b2f797dc5d19093f06a1870c55b553ab6b7563f1f9a5e68?s=96&d=mm&r=g\",\"contentUrl\":\"https:\/\/secure.gravatar.com\/avatar\/e108a3dc18766f719b2f797dc5d19093f06a1870c55b553ab6b7563f1f9a5e68?s=96&d=mm&r=g\",\"caption\":\"Tom Sundermann\"},\"sameAs\":[\"https:\/\/twitter.com\/messeticker\"],\"url\":\"https:\/\/blog.zeit.de\/nsu-prozess-blog\/author\/tsundermann\/\"}]}<\/script>\n<!-- \/ Yoast SEO plugin. -->","yoast_head_json":{"title":"Ein vierter Verteidiger f\u00fcr Beate Zsch\u00e4pe? \u2013 Das Medienlog vom Montag, 29. Juni 2015 - Das NSU-Prozess-Blog","robots":{"index":"index","follow":"follow","max-snippet":"max-snippet:-1","max-image-preview":"max-image-preview:large","max-video-preview":"max-video-preview:-1"},"canonical":"https:\/\/blog.zeit.de\/nsu-prozess-blog\/2015\/06\/29\/medienlog-beate-zschaepe-neuer-anwalt\/","og_locale":"de_DE","og_type":"article","og_title":"Ein vierter Verteidiger f\u00fcr Beate Zsch\u00e4pe? \u2013 Das Medienlog vom Montag, 29. Juni 2015 - Das NSU-Prozess-Blog","og_description":"Ein neuer Name k\u00f6nnte im NSU-Prozess sehr wichtig werden: Mathias Grasel. Der M\u00fcnchner Anwalt k\u00f6nnte als vierter Pflichtverteidiger zum Anwaltsteam der Hauptangeklagten Beate Zsch\u00e4pe dazukommen, wie Frank Jansen im Tagesspiegel berichtet. Zuvor war bekannt geworden, dass Zsch\u00e4pe mit ihrem Antrag auf Abberufung ihrer Anw\u00e4ltin Anja Sturm beim Gericht gescheitert ist. Die Entscheidung k\u00f6nne bereits am [&hellip;]","og_url":"https:\/\/blog.zeit.de\/nsu-prozess-blog\/2015\/06\/29\/medienlog-beate-zschaepe-neuer-anwalt\/","og_site_name":"Das NSU-Prozess-Blog","article_published_time":"2015-06-29T07:45:36+00:00","article_modified_time":"2015-06-29T08:51:30+00:00","author":"Tom Sundermann","twitter_misc":{"Geschrieben von":"Tom Sundermann","Gesch\u00e4tzte Lesezeit":"2\u00a0Minuten"},"schema":{"@context":"https:\/\/schema.org","@graph":[{"@type":"WebPage","@id":"https:\/\/blog.zeit.de\/nsu-prozess-blog\/2015\/06\/29\/medienlog-beate-zschaepe-neuer-anwalt\/","url":"https:\/\/blog.zeit.de\/nsu-prozess-blog\/2015\/06\/29\/medienlog-beate-zschaepe-neuer-anwalt\/","name":"Ein vierter Verteidiger f\u00fcr Beate Zsch\u00e4pe? \u2013 Das Medienlog vom Montag, 29. Juni 2015 - Das NSU-Prozess-Blog","isPartOf":{"@id":"https:\/\/blog.zeit.de\/nsu-prozess-blog\/#website"},"datePublished":"2015-06-29T07:45:36+00:00","dateModified":"2015-06-29T08:51:30+00:00","author":{"@id":"https:\/\/blog.zeit.de\/nsu-prozess-blog\/#\/schema\/person\/553ea9bb5d1fc2ae054c589bd59380a5"},"breadcrumb":{"@id":"https:\/\/blog.zeit.de\/nsu-prozess-blog\/2015\/06\/29\/medienlog-beate-zschaepe-neuer-anwalt\/#breadcrumb"},"inLanguage":"de","potentialAction":[{"@type":"ReadAction","target":["https:\/\/blog.zeit.de\/nsu-prozess-blog\/2015\/06\/29\/medienlog-beate-zschaepe-neuer-anwalt\/"]}]},{"@type":"BreadcrumbList","@id":"https:\/\/blog.zeit.de\/nsu-prozess-blog\/2015\/06\/29\/medienlog-beate-zschaepe-neuer-anwalt\/#breadcrumb","itemListElement":[{"@type":"ListItem","position":1,"name":"Startseite","item":"https:\/\/blog.zeit.de\/nsu-prozess-blog\/"},{"@type":"ListItem","position":2,"name":"Ein vierter Verteidiger f\u00fcr Beate Zsch\u00e4pe? \u2013 Das Medienlog vom Montag, 29. Juni 2015"}]},{"@type":"WebSite","@id":"https:\/\/blog.zeit.de\/nsu-prozess-blog\/#website","url":"https:\/\/blog.zeit.de\/nsu-prozess-blog\/","name":"Das NSU-Prozess-Blog","description":"Alle Berichte zum Terrorverfahren in M\u00fcnchen","potentialAction":[{"@type":"SearchAction","target":{"@type":"EntryPoint","urlTemplate":"https:\/\/blog.zeit.de\/nsu-prozess-blog\/?s={search_term_string}"},"query-input":"required name=search_term_string"}],"inLanguage":"de"},{"@type":"Person","@id":"https:\/\/blog.zeit.de\/nsu-prozess-blog\/#\/schema\/person\/553ea9bb5d1fc2ae054c589bd59380a5","name":"Tom Sundermann","image":{"@type":"ImageObject","inLanguage":"de","@id":"https:\/\/blog.zeit.de\/nsu-prozess-blog\/#\/schema\/person\/image\/","url":"https:\/\/secure.gravatar.com\/avatar\/e108a3dc18766f719b2f797dc5d19093f06a1870c55b553ab6b7563f1f9a5e68?s=96&d=mm&r=g","contentUrl":"https:\/\/secure.gravatar.com\/avatar\/e108a3dc18766f719b2f797dc5d19093f06a1870c55b553ab6b7563f1f9a5e68?s=96&d=mm&r=g","caption":"Tom Sundermann"},"sameAs":["https:\/\/twitter.com\/messeticker"],"url":"https:\/\/blog.zeit.de\/nsu-prozess-blog\/author\/tsundermann\/"}]}},"jetpack_featured_media_url":"","jetpack_sharing_enabled":true,"_links":{"self":[{"href":"https:\/\/blog.zeit.de\/nsu-prozess-blog\/wp-json\/wp\/v2\/posts\/9399","targetHints":{"allow":["GET"]}}],"collection":[{"href":"https:\/\/blog.zeit.de\/nsu-prozess-blog\/wp-json\/wp\/v2\/posts"}],"about":[{"href":"https:\/\/blog.zeit.de\/nsu-prozess-blog\/wp-json\/wp\/v2\/types\/post"}],"author":[{"embeddable":true,"href":"https:\/\/blog.zeit.de\/nsu-prozess-blog\/wp-json\/wp\/v2\/users\/435"}],"replies":[{"embeddable":true,"href":"https:\/\/blog.zeit.de\/nsu-prozess-blog\/wp-json\/wp\/v2\/comments?post=9399"}],"version-history":[{"count":3,"href":"https:\/\/blog.zeit.de\/nsu-prozess-blog\/wp-json\/wp\/v2\/posts\/9399\/revisions"}],"predecessor-version":[{"id":9402,"href":"https:\/\/blog.zeit.de\/nsu-prozess-blog\/wp-json\/wp\/v2\/posts\/9399\/revisions\/9402"}],"wp:attachment":[{"href":"https:\/\/blog.zeit.de\/nsu-prozess-blog\/wp-json\/wp\/v2\/media?parent=9399"}],"wp:term":[{"taxonomy":"category","embeddable":true,"href":"https:\/\/blog.zeit.de\/nsu-prozess-blog\/wp-json\/wp\/v2\/categories?post=9399"},{"taxonomy":"post_tag","embeddable":true,"href":"https:\/\/blog.zeit.de\/nsu-prozess-blog\/wp-json\/wp\/v2\/tags?post=9399"}],"curies":[{"name":"wp","href":"https:\/\/api.w.org\/{rel}","templated":true}]}}