{"id":9403,"date":"2015-06-30T09:25:48","date_gmt":"2015-06-30T07:25:48","guid":{"rendered":"http:\/\/blog.zeit.de\/nsu-prozess-blog\/?p=9403"},"modified":"2015-06-30T09:25:48","modified_gmt":"2015-06-30T07:25:48","slug":"extra-anwalt-fuer-zschaepe-zu-wenig-erfahrung-das-medienlog-vom-dienstag-30-juni-2015","status":"publish","type":"post","link":"https:\/\/blog.zeit.de\/nsu-prozess-blog\/2015\/06\/30\/extra-anwalt-fuer-zschaepe-zu-wenig-erfahrung-das-medienlog-vom-dienstag-30-juni-2015\/","title":{"rendered":"Extra-Anwalt f\u00fcr Zsch\u00e4pe: zu wenig Erfahrung? \u2013 Das Medienlog vom Dienstag, 30. Juni 2015"},"content":{"rendered":"<p>Die Hinweise auf einen <a href=\"https:\/\/blog.zeit.de\/nsu-prozess-blog\/2015\/06\/29\/medienlog-beate-zschaepe-neuer-anwalt\/\">Zuwachs in Beate Zsch\u00e4pes Verteidigerteam<\/a> verdichten sich: Der Vorsitzende Richter im NSU-Prozess, Manfred G\u00f6tzl, teilte den Prozessbeteiligten mit, der M\u00fcnchner Anwalt Mathias Grasel k\u00f6nnte als vierter Rechtsbeistand hinzusto\u00dfen. Grasel unterscheidet sich in einigen Punkten vom derzeitigen Anwaltstrio aus Anja Sturm, Wolfgang Heer und Wolfgang Stahl \u2013 dabei geht es auch um seine Vita: &#8222;Man tritt Grasel mit der Vermutung sicher nicht zu nahe, seine Erfahrung als Strafverteidiger eher begrenzt zu nennen&#8220;, schreibt Gisela Friedrichsen auf <a href=\"http:\/\/www.spiegel.de\/panorama\/justiz\/nsu-prozess-zschaepe-koennte-weiteren-anwalt-grasel-bekommen-a-1041217.html\" target=\"_blank\"><em>Spiegel Online<\/em><\/a>. Er wurde 2011 als Rechtsanwalt zugelassen. Gleichwohl gebe es kaum einen Zweifel, dass das Gericht ihn einsetzen werde.<\/p>\n<p><!--more--><\/p>\n<p><em>An jedem Werktag sichten wir f\u00fcr das NSU-Prozess-Blog die Medien und stellen wichtige Berichte, Blogs, Videos und Tweets zusammen. Wir freuen uns \u00fcber Hinweise via Twitter mit dem Hashtag #nsublog \u2013 oder per E-Mail an <a href=\"mailto:nsublog@zeit.de\">nsublog@zeit.de<\/a>.<\/em><\/p>\n<p>Ausgangspunkt der Personalnovelle ist der gescheiterte <a href=\"https:\/\/blog.zeit.de\/nsu-prozess-blog\/2015\/06\/23\/medienlog-zschaepe-aussage-brief-deal-nsu\/\">Misstrauensantrag<\/a> von Zsch\u00e4pe gegen Sturm. Bei dessen Abfassung, so hei\u00dfe es, habe Grasel die Angeklagte bereits unterst\u00fctzt. Auch deshalb ist fraglich, wie die Zusammenarbeit zwischen vier Anw\u00e4lten aussehen w\u00fcrde: &#8222;Wie werden die bisherigen Verteidiger reagieren, wenn ihnen ein Kollege vor die Nase gesetzt wird, der zwar Zsch\u00e4pes Vertrauen genie\u00dfen mag, sonst aber ein ziemlich unbeschriebenes Blatt ist?&#8220;, fragt Friedrichsen.<\/p>\n<p><em>Das n\u00e4chste Medienlog erscheint am Mittwoch, 1. Juli 2015.<\/em><\/p>\n","protected":false},"excerpt":{"rendered":"<p>Die Hinweise auf einen Zuwachs in Beate Zsch\u00e4pes Verteidigerteam verdichten sich: Der Vorsitzende Richter im NSU-Prozess, Manfred G\u00f6tzl, teilte den Prozessbeteiligten mit, der M\u00fcnchner Anwalt Mathias Grasel k\u00f6nnte als vierter Rechtsbeistand hinzusto\u00dfen. Grasel unterscheidet sich in einigen Punkten vom derzeitigen Anwaltstrio aus Anja Sturm, Wolfgang Heer und Wolfgang Stahl \u2013 dabei geht es auch um [&hellip;]<\/p>\n","protected":false},"author":435,"featured_media":0,"comment_status":"open","ping_status":"open","sticky":false,"template":"","format":"standard","meta":{"_jetpack_memberships_contains_paid_content":false,"footnotes":""},"categories":[27531],"tags":[27575,17793,29533,35363],"class_list":["post-9403","post","type-post","status-publish","format-standard","hentry","category-medienschau","tag-anja-sturm","tag-beate-zschape","tag-entpflichtung","tag-mathias-grasel"],"yoast_head":"<!-- This site is optimized with the Yoast SEO plugin v21.0 - https:\/\/yoast.com\/wordpress\/plugins\/seo\/ -->\n<title>Extra-Anwalt f\u00fcr Zsch\u00e4pe: zu wenig Erfahrung? \u2013 Das Medienlog vom Dienstag, 30. Juni 2015 - Das NSU-Prozess-Blog<\/title>\n<meta name=\"robots\" content=\"index, follow, max-snippet:-1, max-image-preview:large, max-video-preview:-1\" \/>\n<link rel=\"canonical\" href=\"https:\/\/blog.zeit.de\/nsu-prozess-blog\/2015\/06\/30\/extra-anwalt-fuer-zschaepe-zu-wenig-erfahrung-das-medienlog-vom-dienstag-30-juni-2015\/\" \/>\n<meta property=\"og:locale\" content=\"de_DE\" \/>\n<meta property=\"og:type\" content=\"article\" \/>\n<meta property=\"og:title\" content=\"Extra-Anwalt f\u00fcr Zsch\u00e4pe: zu wenig Erfahrung? \u2013 Das Medienlog vom Dienstag, 30. Juni 2015 - Das NSU-Prozess-Blog\" \/>\n<meta property=\"og:description\" content=\"Die Hinweise auf einen Zuwachs in Beate Zsch\u00e4pes Verteidigerteam verdichten sich: Der Vorsitzende Richter im NSU-Prozess, Manfred G\u00f6tzl, teilte den Prozessbeteiligten mit, der M\u00fcnchner Anwalt Mathias Grasel k\u00f6nnte als vierter Rechtsbeistand hinzusto\u00dfen. Grasel unterscheidet sich in einigen Punkten vom derzeitigen Anwaltstrio aus Anja Sturm, Wolfgang Heer und Wolfgang Stahl \u2013 dabei geht es auch um [&hellip;]\" \/>\n<meta property=\"og:url\" content=\"https:\/\/blog.zeit.de\/nsu-prozess-blog\/2015\/06\/30\/extra-anwalt-fuer-zschaepe-zu-wenig-erfahrung-das-medienlog-vom-dienstag-30-juni-2015\/\" \/>\n<meta property=\"og:site_name\" content=\"Das NSU-Prozess-Blog\" \/>\n<meta property=\"article:published_time\" content=\"2015-06-30T07:25:48+00:00\" \/>\n<meta name=\"author\" content=\"Tom Sundermann\" \/>\n<meta name=\"twitter:label1\" content=\"Geschrieben von\" \/>\n\t<meta name=\"twitter:data1\" content=\"Tom Sundermann\" \/>\n\t<meta name=\"twitter:label2\" content=\"Gesch\u00e4tzte Lesezeit\" \/>\n\t<meta name=\"twitter:data2\" content=\"1\u00a0Minute\" \/>\n<script type=\"application\/ld+json\" class=\"yoast-schema-graph\">{\"@context\":\"https:\/\/schema.org\",\"@graph\":[{\"@type\":\"WebPage\",\"@id\":\"https:\/\/blog.zeit.de\/nsu-prozess-blog\/2015\/06\/30\/extra-anwalt-fuer-zschaepe-zu-wenig-erfahrung-das-medienlog-vom-dienstag-30-juni-2015\/\",\"url\":\"https:\/\/blog.zeit.de\/nsu-prozess-blog\/2015\/06\/30\/extra-anwalt-fuer-zschaepe-zu-wenig-erfahrung-das-medienlog-vom-dienstag-30-juni-2015\/\",\"name\":\"Extra-Anwalt f\u00fcr Zsch\u00e4pe: zu wenig Erfahrung? \u2013 Das Medienlog vom Dienstag, 30. Juni 2015 - Das NSU-Prozess-Blog\",\"isPartOf\":{\"@id\":\"https:\/\/blog.zeit.de\/nsu-prozess-blog\/#website\"},\"datePublished\":\"2015-06-30T07:25:48+00:00\",\"dateModified\":\"2015-06-30T07:25:48+00:00\",\"author\":{\"@id\":\"https:\/\/blog.zeit.de\/nsu-prozess-blog\/#\/schema\/person\/553ea9bb5d1fc2ae054c589bd59380a5\"},\"breadcrumb\":{\"@id\":\"https:\/\/blog.zeit.de\/nsu-prozess-blog\/2015\/06\/30\/extra-anwalt-fuer-zschaepe-zu-wenig-erfahrung-das-medienlog-vom-dienstag-30-juni-2015\/#breadcrumb\"},\"inLanguage\":\"de\",\"potentialAction\":[{\"@type\":\"ReadAction\",\"target\":[\"https:\/\/blog.zeit.de\/nsu-prozess-blog\/2015\/06\/30\/extra-anwalt-fuer-zschaepe-zu-wenig-erfahrung-das-medienlog-vom-dienstag-30-juni-2015\/\"]}]},{\"@type\":\"BreadcrumbList\",\"@id\":\"https:\/\/blog.zeit.de\/nsu-prozess-blog\/2015\/06\/30\/extra-anwalt-fuer-zschaepe-zu-wenig-erfahrung-das-medienlog-vom-dienstag-30-juni-2015\/#breadcrumb\",\"itemListElement\":[{\"@type\":\"ListItem\",\"position\":1,\"name\":\"Startseite\",\"item\":\"https:\/\/blog.zeit.de\/nsu-prozess-blog\/\"},{\"@type\":\"ListItem\",\"position\":2,\"name\":\"Extra-Anwalt f\u00fcr Zsch\u00e4pe: zu wenig Erfahrung? \u2013 Das Medienlog vom Dienstag, 30. Juni 2015\"}]},{\"@type\":\"WebSite\",\"@id\":\"https:\/\/blog.zeit.de\/nsu-prozess-blog\/#website\",\"url\":\"https:\/\/blog.zeit.de\/nsu-prozess-blog\/\",\"name\":\"Das NSU-Prozess-Blog\",\"description\":\"Alle Berichte zum Terrorverfahren in M\u00fcnchen\",\"potentialAction\":[{\"@type\":\"SearchAction\",\"target\":{\"@type\":\"EntryPoint\",\"urlTemplate\":\"https:\/\/blog.zeit.de\/nsu-prozess-blog\/?s={search_term_string}\"},\"query-input\":\"required name=search_term_string\"}],\"inLanguage\":\"de\"},{\"@type\":\"Person\",\"@id\":\"https:\/\/blog.zeit.de\/nsu-prozess-blog\/#\/schema\/person\/553ea9bb5d1fc2ae054c589bd59380a5\",\"name\":\"Tom Sundermann\",\"image\":{\"@type\":\"ImageObject\",\"inLanguage\":\"de\",\"@id\":\"https:\/\/blog.zeit.de\/nsu-prozess-blog\/#\/schema\/person\/image\/\",\"url\":\"https:\/\/secure.gravatar.com\/avatar\/e108a3dc18766f719b2f797dc5d19093f06a1870c55b553ab6b7563f1f9a5e68?s=96&d=mm&r=g\",\"contentUrl\":\"https:\/\/secure.gravatar.com\/avatar\/e108a3dc18766f719b2f797dc5d19093f06a1870c55b553ab6b7563f1f9a5e68?s=96&d=mm&r=g\",\"caption\":\"Tom Sundermann\"},\"sameAs\":[\"https:\/\/twitter.com\/messeticker\"],\"url\":\"https:\/\/blog.zeit.de\/nsu-prozess-blog\/author\/tsundermann\/\"}]}<\/script>\n<!-- \/ Yoast SEO plugin. -->","yoast_head_json":{"title":"Extra-Anwalt f\u00fcr Zsch\u00e4pe: zu wenig Erfahrung? \u2013 Das Medienlog vom Dienstag, 30. Juni 2015 - Das NSU-Prozess-Blog","robots":{"index":"index","follow":"follow","max-snippet":"max-snippet:-1","max-image-preview":"max-image-preview:large","max-video-preview":"max-video-preview:-1"},"canonical":"https:\/\/blog.zeit.de\/nsu-prozess-blog\/2015\/06\/30\/extra-anwalt-fuer-zschaepe-zu-wenig-erfahrung-das-medienlog-vom-dienstag-30-juni-2015\/","og_locale":"de_DE","og_type":"article","og_title":"Extra-Anwalt f\u00fcr Zsch\u00e4pe: zu wenig Erfahrung? \u2013 Das Medienlog vom Dienstag, 30. Juni 2015 - Das NSU-Prozess-Blog","og_description":"Die Hinweise auf einen Zuwachs in Beate Zsch\u00e4pes Verteidigerteam verdichten sich: Der Vorsitzende Richter im NSU-Prozess, Manfred G\u00f6tzl, teilte den Prozessbeteiligten mit, der M\u00fcnchner Anwalt Mathias Grasel k\u00f6nnte als vierter Rechtsbeistand hinzusto\u00dfen. Grasel unterscheidet sich in einigen Punkten vom derzeitigen Anwaltstrio aus Anja Sturm, Wolfgang Heer und Wolfgang Stahl \u2013 dabei geht es auch um [&hellip;]","og_url":"https:\/\/blog.zeit.de\/nsu-prozess-blog\/2015\/06\/30\/extra-anwalt-fuer-zschaepe-zu-wenig-erfahrung-das-medienlog-vom-dienstag-30-juni-2015\/","og_site_name":"Das NSU-Prozess-Blog","article_published_time":"2015-06-30T07:25:48+00:00","author":"Tom Sundermann","twitter_misc":{"Geschrieben von":"Tom Sundermann","Gesch\u00e4tzte Lesezeit":"1\u00a0Minute"},"schema":{"@context":"https:\/\/schema.org","@graph":[{"@type":"WebPage","@id":"https:\/\/blog.zeit.de\/nsu-prozess-blog\/2015\/06\/30\/extra-anwalt-fuer-zschaepe-zu-wenig-erfahrung-das-medienlog-vom-dienstag-30-juni-2015\/","url":"https:\/\/blog.zeit.de\/nsu-prozess-blog\/2015\/06\/30\/extra-anwalt-fuer-zschaepe-zu-wenig-erfahrung-das-medienlog-vom-dienstag-30-juni-2015\/","name":"Extra-Anwalt f\u00fcr Zsch\u00e4pe: zu wenig Erfahrung? \u2013 Das Medienlog vom Dienstag, 30. Juni 2015 - Das NSU-Prozess-Blog","isPartOf":{"@id":"https:\/\/blog.zeit.de\/nsu-prozess-blog\/#website"},"datePublished":"2015-06-30T07:25:48+00:00","dateModified":"2015-06-30T07:25:48+00:00","author":{"@id":"https:\/\/blog.zeit.de\/nsu-prozess-blog\/#\/schema\/person\/553ea9bb5d1fc2ae054c589bd59380a5"},"breadcrumb":{"@id":"https:\/\/blog.zeit.de\/nsu-prozess-blog\/2015\/06\/30\/extra-anwalt-fuer-zschaepe-zu-wenig-erfahrung-das-medienlog-vom-dienstag-30-juni-2015\/#breadcrumb"},"inLanguage":"de","potentialAction":[{"@type":"ReadAction","target":["https:\/\/blog.zeit.de\/nsu-prozess-blog\/2015\/06\/30\/extra-anwalt-fuer-zschaepe-zu-wenig-erfahrung-das-medienlog-vom-dienstag-30-juni-2015\/"]}]},{"@type":"BreadcrumbList","@id":"https:\/\/blog.zeit.de\/nsu-prozess-blog\/2015\/06\/30\/extra-anwalt-fuer-zschaepe-zu-wenig-erfahrung-das-medienlog-vom-dienstag-30-juni-2015\/#breadcrumb","itemListElement":[{"@type":"ListItem","position":1,"name":"Startseite","item":"https:\/\/blog.zeit.de\/nsu-prozess-blog\/"},{"@type":"ListItem","position":2,"name":"Extra-Anwalt f\u00fcr Zsch\u00e4pe: zu wenig Erfahrung? \u2013 Das Medienlog vom Dienstag, 30. Juni 2015"}]},{"@type":"WebSite","@id":"https:\/\/blog.zeit.de\/nsu-prozess-blog\/#website","url":"https:\/\/blog.zeit.de\/nsu-prozess-blog\/","name":"Das NSU-Prozess-Blog","description":"Alle Berichte zum Terrorverfahren in M\u00fcnchen","potentialAction":[{"@type":"SearchAction","target":{"@type":"EntryPoint","urlTemplate":"https:\/\/blog.zeit.de\/nsu-prozess-blog\/?s={search_term_string}"},"query-input":"required name=search_term_string"}],"inLanguage":"de"},{"@type":"Person","@id":"https:\/\/blog.zeit.de\/nsu-prozess-blog\/#\/schema\/person\/553ea9bb5d1fc2ae054c589bd59380a5","name":"Tom Sundermann","image":{"@type":"ImageObject","inLanguage":"de","@id":"https:\/\/blog.zeit.de\/nsu-prozess-blog\/#\/schema\/person\/image\/","url":"https:\/\/secure.gravatar.com\/avatar\/e108a3dc18766f719b2f797dc5d19093f06a1870c55b553ab6b7563f1f9a5e68?s=96&d=mm&r=g","contentUrl":"https:\/\/secure.gravatar.com\/avatar\/e108a3dc18766f719b2f797dc5d19093f06a1870c55b553ab6b7563f1f9a5e68?s=96&d=mm&r=g","caption":"Tom Sundermann"},"sameAs":["https:\/\/twitter.com\/messeticker"],"url":"https:\/\/blog.zeit.de\/nsu-prozess-blog\/author\/tsundermann\/"}]}},"jetpack_featured_media_url":"","jetpack_sharing_enabled":true,"_links":{"self":[{"href":"https:\/\/blog.zeit.de\/nsu-prozess-blog\/wp-json\/wp\/v2\/posts\/9403","targetHints":{"allow":["GET"]}}],"collection":[{"href":"https:\/\/blog.zeit.de\/nsu-prozess-blog\/wp-json\/wp\/v2\/posts"}],"about":[{"href":"https:\/\/blog.zeit.de\/nsu-prozess-blog\/wp-json\/wp\/v2\/types\/post"}],"author":[{"embeddable":true,"href":"https:\/\/blog.zeit.de\/nsu-prozess-blog\/wp-json\/wp\/v2\/users\/435"}],"replies":[{"embeddable":true,"href":"https:\/\/blog.zeit.de\/nsu-prozess-blog\/wp-json\/wp\/v2\/comments?post=9403"}],"version-history":[{"count":5,"href":"https:\/\/blog.zeit.de\/nsu-prozess-blog\/wp-json\/wp\/v2\/posts\/9403\/revisions"}],"predecessor-version":[{"id":9408,"href":"https:\/\/blog.zeit.de\/nsu-prozess-blog\/wp-json\/wp\/v2\/posts\/9403\/revisions\/9408"}],"wp:attachment":[{"href":"https:\/\/blog.zeit.de\/nsu-prozess-blog\/wp-json\/wp\/v2\/media?parent=9403"}],"wp:term":[{"taxonomy":"category","embeddable":true,"href":"https:\/\/blog.zeit.de\/nsu-prozess-blog\/wp-json\/wp\/v2\/categories?post=9403"},{"taxonomy":"post_tag","embeddable":true,"href":"https:\/\/blog.zeit.de\/nsu-prozess-blog\/wp-json\/wp\/v2\/tags?post=9403"}],"curies":[{"name":"wp","href":"https:\/\/api.w.org\/{rel}","templated":true}]}}