{"id":9411,"date":"2015-06-30T19:46:39","date_gmt":"2015-06-30T17:46:39","guid":{"rendered":"http:\/\/blog.zeit.de\/nsu-prozess-blog\/?p=9411"},"modified":"2015-07-23T20:00:18","modified_gmt":"2015-07-23T18:00:18","slug":"dieser-mann-luegt","status":"publish","type":"post","link":"https:\/\/blog.zeit.de\/nsu-prozess-blog\/2015\/06\/30\/dieser-mann-luegt\/","title":{"rendered":"&#8222;Dieser Mann l\u00fcgt!&#8220;"},"content":{"rendered":"<p><strong>K\u00f6nnte der Verfassungssch\u00fctzer Andreas T. eine Pistole zum Tatort gebracht haben? Ein Telefonat zeigt, wie dieser Verdacht Zweifel in seiner Familie s\u00e4te \u2013 und Beate Zsch\u00e4pe rebelliert gegen das Gericht.<\/strong><\/p>\n<p>Es ist wohl nicht die Schuld des Verfassungssch\u00fctzers Andreas T., dass der Deutscht\u00fcrke Halit Yozgat im April 2006 in seinem Kasseler Internetcaf\u00e9 erschossen wurde. Soweit der offizielle Stand der Bundesanwaltschaft. Dass diese Tat beinahe T.s Leben zerst\u00f6rte, dass sie ihn seinen Arbeitsplatz kostete und das Vertrauen seiner Frau, dass sie peinliche Angelegenheiten aus seinem Privatleben in die \u00d6ffentlichkeit schwemmte, das allerdings hat sich T. sehr wohl selbst zuzuschreiben.<\/p>\n<p>W\u00e4hrend seine Frau hochschwanger zu Hause war, chattete T. in dem Internetcaf\u00e9 mit einer Fremden. Bevor er ging, fielen zwei Sch\u00fcsse, sie trafen Yozgat in den Kopf. Abgefeuert haben sollen sie die NSU-Mitglieder Uwe Mundlos und Uwe B\u00f6hnhardt. T. behauptet bis heute, er habe weder Ger\u00e4usche geh\u00f6rt noch den Toten gesehen.<\/p>\n<p><!--more--><\/p>\n<p>Das allerdings nimmt T. kaum jemand ab. Die meisten glauben, dass T. damals alles versuchte, die Chat-Aff\u00e4re vor seiner Frau geheim zu halten. Ein halbes Jahr vor der Tat von Kassel hatten sie geheiratet, Eva S. nahm einen Doppelnamen an. Nun muss sie im NSU-Prozess als Zeugin aussagen, auch ihr Mann ist geladen \u2013 zum sechsten Mal.<\/p>\n<p>Die Hauptangeklagte Beate Zsch\u00e4pe wollte diese Befragung verhindern. Zu Beginn des Verhandlungstags verliest Richter Manfred G\u00f6tzl einen Antrag, den sie selbst eingereicht hat. Sie fordert, &#8222;die Befragung von weiteren Zeugen erst nach Beiordnung von Rechtsanwalt Mathias Grasel fortzuf\u00fchren \u2013 mit freundlichen Gr\u00fc\u00dfen: Beate Zsch\u00e4pe.&#8220; Grasel ist der Anwalt, den das Gericht ihr aller Wahrscheinlichkeit nach als vierten Pflichtverteidiger zur Seite stellen wird, praktisch als eine Art Vertrauensmann in der Krise nach Zsch\u00e4pes Absetzungsantrag gegen ihre Anw\u00e4ltin Anja Sturm. Der eigenm\u00e4chtige Antrag der Angeklagten ist ein neuer Schlag gegen ihre bisherigen Verteidiger \u2013 doch er bleibt wirkungslos: G\u00f6tzl lehnt ihn ab.<\/p>\n<p>Auftritt also von Eva S., einer Frau, die 2006 v\u00f6llig \u00fcberrumpelt wurde. Der Mordverdacht der Kasseler Polizei hatte sich damals zeitweise gegen ihren Mann gerichtet. &#8222;Ich war in der Badewanne, hochschwanger. Er kam rein und sagte: Ich muss nach Kassel. Und am n\u00e4chsten Tag war er erst zur\u00fcck&#8220;, sagt die 43-J\u00e4hrige. Die Eheleute hatten in der Zeitung vom Mord an Yozgat gelesen. T. meldete sich dennoch nicht bei der Polizei. Als die sich stattdessen bei ihm meldete, muss ihm klar geworden sein, dass seine Internetflirts nicht mehr geheim zu halten waren \u2013 bis heute steht er f\u00fcr seinen Vertuschungsversuch im Zwielicht.<\/p>\n<p>Seine Frau gibt sich zumindest davon \u00fcberzeugt, dass T. die Tat nicht begangen hat: &#8222;Ich sage wie jede Ehefrau der Welt: Mein Mann war es nicht.&#8220; Doch sie f\u00fcgt einen Satz an, in dem ihre Zweifel durchscheinen: &#8222;Es sagt auch jeder Hundebesitzer: Mein Hund bei\u00dft nicht.&#8220;<\/p>\n<p>Erheblich gr\u00f6\u00dfer sind die Zweifel der Nebenklageanw\u00e4lte von Familie Yozgat, die das Ehepaar nach M\u00fcnchen haben laden lassen. Doris Dierbach, Thomas Bliwier und Alexander Kienzle klammern sich an ein Detail aus einer Zeugenvernehmung, das heute unm\u00f6glich aufzukl\u00e4ren ist. Demnach sagte ein anderer Kunde des Internetcaf\u00e9s, T. habe eine Plastikt\u00fcte mitgebracht, in der sich ein schwerer Gegenstand abgezeichnet habe. Die Tatwaffe? Der Beweis, dass T. und mit ihm der hessische Verfassungsschutz in die Tat verstrickt waren? Ob es sich um eine Pistole handelte oder einen von Millionen anderen denkbaren Gegenst\u00e4nden, konnte der Zeuge nicht erkennen.<\/p>\n<p>Allerdings hatten auch Polizisten T. nach der T\u00fcte gefragt. Der erz\u00e4hlte seiner Frau davon, die sich in einem zweieinhalbst\u00fcndigen Telefonat mit ihrer Schwester dar\u00fcber aufregte. Ein Auszug aus dem Gespr\u00e4ch l\u00e4sst Richter Manfred G\u00f6tzl im Gericht vorspielen, es fand rund eine Woche nach T.s kurzzeitiger Festnahme statt. &#8222;Ich sag noch, nimm keine Plastikt\u00fcte!&#8220;, habe sie ihren Mann angeherrscht, erz\u00e4hlte sie damals. St\u00e4ndig nehme er beim Einkaufen T\u00fcten, das sehe &#8222;so assi aus&#8220;.<\/p>\n<p>Andreas T. bestreitet sp\u00e4ter, eine T\u00fcte mit sich gef\u00fchrt zu haben. Es gibt keine \u00dcberwachungsbilder, nur die Aussage des jugendlichen Zeugen, der sp\u00e4ter zugab, damals bekifft gewesen zu sein. Juristisch l\u00e4sst sich daraus nichts machen.<\/p>\n<p>Daf\u00fcr bietet die Aufzeichnung des Telefongespr\u00e4chs einen Einblick in das, was T. daheim bl\u00fchte. Offenbar stotterte er sich vor seiner Frau nur langsam in Richtung Wahrheit. &#8222;Ich hab ja nicht und ich wollte ja nicht und ich hab ja nicht gesollt&#8220;, so beschreibt S. in der Aufnahme das kl\u00e4rende Gespr\u00e4ch. Sie will ihm daraufhin vorgehalten haben: &#8222;Du hast unsere Zeit verplempert in so &#8217;ner Assi-Bude bei &#8217;nem Dreckst\u00fcrken?&#8220;<\/p>\n<p>Die rassistische Sprache, sagt S., tue ihr heute leid. Die P\u00f6beleien waren f\u00fcr sie anscheinend eine Art des Stressabbaus. &#8222;Ich bin nicht gut mit ihm umgegangen, weil er schuld an dem Chaos in meinem Leben war.&#8220; Andreas T. sagt sp\u00e4ter: &#8222;Das war f\u00fcr uns eine sehr traumatische, sehr belastende Zeit.&#8220; In Gang gesetzt hatte er sie selbst.<\/p>\n<p>Der Vater des Mordopfers, Ismail Yozgat, hat die Verhandlungen auch an diesem Tag verfolgt. Wie schon mehrmals im NSU-Prozess ergreift er im Anschluss das Wort. Er fragt, wie es sein konnte, dass T. seinen blutenden Sohn nicht auf dem Boden liegen sah. &#8222;Dieser Mann, Herr T., l\u00fcgt&#8220;, schlie\u00dft er, und das w\u00fcssten alle. Er fordert, dass der Strafsenat eine Tatortbegehung macht, um das Ladenlokal in Augenschein zu nehmen. F\u00fcr den erregten Vater ist T. offenbar zu einer Schl\u00fcsselfigur geworden, ein Mitverantwortlicher f\u00fcr seine Trauer. &#8222;Warum wollen wir die Wahrheit nicht sehen?&#8220;<\/p>\n","protected":false},"excerpt":{"rendered":"<p>K\u00f6nnte der Verfassungssch\u00fctzer Andreas T. eine Pistole zum Tatort gebracht haben? Ein Telefonat zeigt, wie dieser Verdacht Zweifel in seiner Familie s\u00e4te \u2013 und Beate Zsch\u00e4pe rebelliert gegen das Gericht. Es ist wohl nicht die Schuld des Verfassungssch\u00fctzers Andreas T., dass der Deutscht\u00fcrke Halit Yozgat im April 2006 in seinem Kasseler Internetcaf\u00e9 erschossen wurde. Soweit [&hellip;]<\/p>\n","protected":false},"author":435,"featured_media":0,"comment_status":"open","ping_status":"open","sticky":false,"template":"","format":"standard","meta":{"_jetpack_memberships_contains_paid_content":false,"footnotes":""},"categories":[27532],"tags":[],"class_list":["post-9411","post","type-post","status-publish","format-standard","hentry","category-prozesstage"],"yoast_head":"<!-- This site is optimized with the Yoast SEO plugin v21.0 - https:\/\/yoast.com\/wordpress\/plugins\/seo\/ -->\n<title>&quot;Dieser Mann l\u00fcgt!&quot; - Das NSU-Prozess-Blog<\/title>\n<meta name=\"robots\" content=\"index, follow, max-snippet:-1, max-image-preview:large, max-video-preview:-1\" \/>\n<link rel=\"canonical\" href=\"https:\/\/blog.zeit.de\/nsu-prozess-blog\/2015\/06\/30\/dieser-mann-luegt\/\" \/>\n<meta property=\"og:locale\" content=\"de_DE\" \/>\n<meta property=\"og:type\" content=\"article\" \/>\n<meta property=\"og:title\" content=\"&quot;Dieser Mann l\u00fcgt!&quot; - Das NSU-Prozess-Blog\" \/>\n<meta property=\"og:description\" content=\"K\u00f6nnte der Verfassungssch\u00fctzer Andreas T. eine Pistole zum Tatort gebracht haben? Ein Telefonat zeigt, wie dieser Verdacht Zweifel in seiner Familie s\u00e4te \u2013 und Beate Zsch\u00e4pe rebelliert gegen das Gericht. Es ist wohl nicht die Schuld des Verfassungssch\u00fctzers Andreas T., dass der Deutscht\u00fcrke Halit Yozgat im April 2006 in seinem Kasseler Internetcaf\u00e9 erschossen wurde. Soweit [&hellip;]\" \/>\n<meta property=\"og:url\" content=\"https:\/\/blog.zeit.de\/nsu-prozess-blog\/2015\/06\/30\/dieser-mann-luegt\/\" \/>\n<meta property=\"og:site_name\" content=\"Das NSU-Prozess-Blog\" \/>\n<meta property=\"article:published_time\" content=\"2015-06-30T17:46:39+00:00\" \/>\n<meta property=\"article:modified_time\" content=\"2015-07-23T18:00:18+00:00\" \/>\n<meta name=\"author\" content=\"Tom Sundermann\" \/>\n<meta name=\"twitter:label1\" content=\"Geschrieben von\" \/>\n\t<meta name=\"twitter:data1\" content=\"Tom Sundermann\" \/>\n\t<meta name=\"twitter:label2\" content=\"Gesch\u00e4tzte Lesezeit\" \/>\n\t<meta name=\"twitter:data2\" content=\"5\u00a0Minuten\" \/>\n<script type=\"application\/ld+json\" class=\"yoast-schema-graph\">{\"@context\":\"https:\/\/schema.org\",\"@graph\":[{\"@type\":\"WebPage\",\"@id\":\"https:\/\/blog.zeit.de\/nsu-prozess-blog\/2015\/06\/30\/dieser-mann-luegt\/\",\"url\":\"https:\/\/blog.zeit.de\/nsu-prozess-blog\/2015\/06\/30\/dieser-mann-luegt\/\",\"name\":\"\\\"Dieser Mann l\u00fcgt!\\\" - Das NSU-Prozess-Blog\",\"isPartOf\":{\"@id\":\"https:\/\/blog.zeit.de\/nsu-prozess-blog\/#website\"},\"datePublished\":\"2015-06-30T17:46:39+00:00\",\"dateModified\":\"2015-07-23T18:00:18+00:00\",\"author\":{\"@id\":\"https:\/\/blog.zeit.de\/nsu-prozess-blog\/#\/schema\/person\/553ea9bb5d1fc2ae054c589bd59380a5\"},\"breadcrumb\":{\"@id\":\"https:\/\/blog.zeit.de\/nsu-prozess-blog\/2015\/06\/30\/dieser-mann-luegt\/#breadcrumb\"},\"inLanguage\":\"de\",\"potentialAction\":[{\"@type\":\"ReadAction\",\"target\":[\"https:\/\/blog.zeit.de\/nsu-prozess-blog\/2015\/06\/30\/dieser-mann-luegt\/\"]}]},{\"@type\":\"BreadcrumbList\",\"@id\":\"https:\/\/blog.zeit.de\/nsu-prozess-blog\/2015\/06\/30\/dieser-mann-luegt\/#breadcrumb\",\"itemListElement\":[{\"@type\":\"ListItem\",\"position\":1,\"name\":\"Startseite\",\"item\":\"https:\/\/blog.zeit.de\/nsu-prozess-blog\/\"},{\"@type\":\"ListItem\",\"position\":2,\"name\":\"&#8222;Dieser Mann l\u00fcgt!&#8220;\"}]},{\"@type\":\"WebSite\",\"@id\":\"https:\/\/blog.zeit.de\/nsu-prozess-blog\/#website\",\"url\":\"https:\/\/blog.zeit.de\/nsu-prozess-blog\/\",\"name\":\"Das NSU-Prozess-Blog\",\"description\":\"Alle Berichte zum Terrorverfahren in M\u00fcnchen\",\"potentialAction\":[{\"@type\":\"SearchAction\",\"target\":{\"@type\":\"EntryPoint\",\"urlTemplate\":\"https:\/\/blog.zeit.de\/nsu-prozess-blog\/?s={search_term_string}\"},\"query-input\":\"required name=search_term_string\"}],\"inLanguage\":\"de\"},{\"@type\":\"Person\",\"@id\":\"https:\/\/blog.zeit.de\/nsu-prozess-blog\/#\/schema\/person\/553ea9bb5d1fc2ae054c589bd59380a5\",\"name\":\"Tom Sundermann\",\"image\":{\"@type\":\"ImageObject\",\"inLanguage\":\"de\",\"@id\":\"https:\/\/blog.zeit.de\/nsu-prozess-blog\/#\/schema\/person\/image\/\",\"url\":\"https:\/\/secure.gravatar.com\/avatar\/e108a3dc18766f719b2f797dc5d19093f06a1870c55b553ab6b7563f1f9a5e68?s=96&d=mm&r=g\",\"contentUrl\":\"https:\/\/secure.gravatar.com\/avatar\/e108a3dc18766f719b2f797dc5d19093f06a1870c55b553ab6b7563f1f9a5e68?s=96&d=mm&r=g\",\"caption\":\"Tom Sundermann\"},\"sameAs\":[\"https:\/\/twitter.com\/messeticker\"],\"url\":\"https:\/\/blog.zeit.de\/nsu-prozess-blog\/author\/tsundermann\/\"}]}<\/script>\n<!-- \/ Yoast SEO plugin. -->","yoast_head_json":{"title":"\"Dieser Mann l\u00fcgt!\" - Das NSU-Prozess-Blog","robots":{"index":"index","follow":"follow","max-snippet":"max-snippet:-1","max-image-preview":"max-image-preview:large","max-video-preview":"max-video-preview:-1"},"canonical":"https:\/\/blog.zeit.de\/nsu-prozess-blog\/2015\/06\/30\/dieser-mann-luegt\/","og_locale":"de_DE","og_type":"article","og_title":"\"Dieser Mann l\u00fcgt!\" - Das NSU-Prozess-Blog","og_description":"K\u00f6nnte der Verfassungssch\u00fctzer Andreas T. eine Pistole zum Tatort gebracht haben? Ein Telefonat zeigt, wie dieser Verdacht Zweifel in seiner Familie s\u00e4te \u2013 und Beate Zsch\u00e4pe rebelliert gegen das Gericht. Es ist wohl nicht die Schuld des Verfassungssch\u00fctzers Andreas T., dass der Deutscht\u00fcrke Halit Yozgat im April 2006 in seinem Kasseler Internetcaf\u00e9 erschossen wurde. Soweit [&hellip;]","og_url":"https:\/\/blog.zeit.de\/nsu-prozess-blog\/2015\/06\/30\/dieser-mann-luegt\/","og_site_name":"Das NSU-Prozess-Blog","article_published_time":"2015-06-30T17:46:39+00:00","article_modified_time":"2015-07-23T18:00:18+00:00","author":"Tom Sundermann","twitter_misc":{"Geschrieben von":"Tom Sundermann","Gesch\u00e4tzte Lesezeit":"5\u00a0Minuten"},"schema":{"@context":"https:\/\/schema.org","@graph":[{"@type":"WebPage","@id":"https:\/\/blog.zeit.de\/nsu-prozess-blog\/2015\/06\/30\/dieser-mann-luegt\/","url":"https:\/\/blog.zeit.de\/nsu-prozess-blog\/2015\/06\/30\/dieser-mann-luegt\/","name":"\"Dieser Mann l\u00fcgt!\" - Das NSU-Prozess-Blog","isPartOf":{"@id":"https:\/\/blog.zeit.de\/nsu-prozess-blog\/#website"},"datePublished":"2015-06-30T17:46:39+00:00","dateModified":"2015-07-23T18:00:18+00:00","author":{"@id":"https:\/\/blog.zeit.de\/nsu-prozess-blog\/#\/schema\/person\/553ea9bb5d1fc2ae054c589bd59380a5"},"breadcrumb":{"@id":"https:\/\/blog.zeit.de\/nsu-prozess-blog\/2015\/06\/30\/dieser-mann-luegt\/#breadcrumb"},"inLanguage":"de","potentialAction":[{"@type":"ReadAction","target":["https:\/\/blog.zeit.de\/nsu-prozess-blog\/2015\/06\/30\/dieser-mann-luegt\/"]}]},{"@type":"BreadcrumbList","@id":"https:\/\/blog.zeit.de\/nsu-prozess-blog\/2015\/06\/30\/dieser-mann-luegt\/#breadcrumb","itemListElement":[{"@type":"ListItem","position":1,"name":"Startseite","item":"https:\/\/blog.zeit.de\/nsu-prozess-blog\/"},{"@type":"ListItem","position":2,"name":"&#8222;Dieser Mann l\u00fcgt!&#8220;"}]},{"@type":"WebSite","@id":"https:\/\/blog.zeit.de\/nsu-prozess-blog\/#website","url":"https:\/\/blog.zeit.de\/nsu-prozess-blog\/","name":"Das NSU-Prozess-Blog","description":"Alle Berichte zum Terrorverfahren in M\u00fcnchen","potentialAction":[{"@type":"SearchAction","target":{"@type":"EntryPoint","urlTemplate":"https:\/\/blog.zeit.de\/nsu-prozess-blog\/?s={search_term_string}"},"query-input":"required name=search_term_string"}],"inLanguage":"de"},{"@type":"Person","@id":"https:\/\/blog.zeit.de\/nsu-prozess-blog\/#\/schema\/person\/553ea9bb5d1fc2ae054c589bd59380a5","name":"Tom Sundermann","image":{"@type":"ImageObject","inLanguage":"de","@id":"https:\/\/blog.zeit.de\/nsu-prozess-blog\/#\/schema\/person\/image\/","url":"https:\/\/secure.gravatar.com\/avatar\/e108a3dc18766f719b2f797dc5d19093f06a1870c55b553ab6b7563f1f9a5e68?s=96&d=mm&r=g","contentUrl":"https:\/\/secure.gravatar.com\/avatar\/e108a3dc18766f719b2f797dc5d19093f06a1870c55b553ab6b7563f1f9a5e68?s=96&d=mm&r=g","caption":"Tom Sundermann"},"sameAs":["https:\/\/twitter.com\/messeticker"],"url":"https:\/\/blog.zeit.de\/nsu-prozess-blog\/author\/tsundermann\/"}]}},"jetpack_featured_media_url":"","jetpack_sharing_enabled":true,"_links":{"self":[{"href":"https:\/\/blog.zeit.de\/nsu-prozess-blog\/wp-json\/wp\/v2\/posts\/9411","targetHints":{"allow":["GET"]}}],"collection":[{"href":"https:\/\/blog.zeit.de\/nsu-prozess-blog\/wp-json\/wp\/v2\/posts"}],"about":[{"href":"https:\/\/blog.zeit.de\/nsu-prozess-blog\/wp-json\/wp\/v2\/types\/post"}],"author":[{"embeddable":true,"href":"https:\/\/blog.zeit.de\/nsu-prozess-blog\/wp-json\/wp\/v2\/users\/435"}],"replies":[{"embeddable":true,"href":"https:\/\/blog.zeit.de\/nsu-prozess-blog\/wp-json\/wp\/v2\/comments?post=9411"}],"version-history":[{"count":8,"href":"https:\/\/blog.zeit.de\/nsu-prozess-blog\/wp-json\/wp\/v2\/posts\/9411\/revisions"}],"predecessor-version":[{"id":9421,"href":"https:\/\/blog.zeit.de\/nsu-prozess-blog\/wp-json\/wp\/v2\/posts\/9411\/revisions\/9421"}],"wp:attachment":[{"href":"https:\/\/blog.zeit.de\/nsu-prozess-blog\/wp-json\/wp\/v2\/media?parent=9411"}],"wp:term":[{"taxonomy":"category","embeddable":true,"href":"https:\/\/blog.zeit.de\/nsu-prozess-blog\/wp-json\/wp\/v2\/categories?post=9411"},{"taxonomy":"post_tag","embeddable":true,"href":"https:\/\/blog.zeit.de\/nsu-prozess-blog\/wp-json\/wp\/v2\/tags?post=9411"}],"curies":[{"name":"wp","href":"https:\/\/api.w.org\/{rel}","templated":true}]}}