{"id":9431,"date":"2015-07-02T08:17:22","date_gmt":"2015-07-02T06:17:22","guid":{"rendered":"http:\/\/blog.zeit.de\/nsu-prozess-blog\/?p=9431"},"modified":"2015-07-02T08:27:22","modified_gmt":"2015-07-02T06:27:22","slug":"medienlog-piatto-ausschluss-verfassungsschutz","status":"publish","type":"post","link":"https:\/\/blog.zeit.de\/nsu-prozess-blog\/2015\/07\/02\/medienlog-piatto-ausschluss-verfassungsschutz\/","title":{"rendered":"Verfassungssch\u00fctzer sagt hinter verschlossenen T\u00fcren aus \u2013 Das Medienlog vom Donnerstag, 2. Juli 2015"},"content":{"rendered":"<p>Der Neonazi <a href=\"https:\/\/blog.zeit.de\/nsu-prozess-blog\/2014\/12\/03\/ein-spion-mit-schlechtem-gewissen\/\">Carsten Sz.<\/a> war als Informant t\u00e4tig im Dienste des brandenburgischen Verfassungsschutzes \u2013 und lieferte dabei einen <a href=\"https:\/\/blog.zeit.de\/nsu-prozess-blog\/2014\/10\/15\/der-zeuge-mit-dem-bums\/\">Hinweis auf das 1998 untergetauchte NSU-Trio<\/a>. Nun sagte der Quellenf\u00fchrer aus, der den V-Mann mit Decknamen Piatto damals betreute. Was der Beamte aussagte, erfuhr die \u00d6ffentlichkeit nur zum Teil: Am Nachmittag wurden Zuschauer und Journalisten erstmals im Prozess von der Verhandlung ausgeschlossen, auf Antrag der Verteidiger des Mitangeklagten Ralf Wohlleben.<\/p>\n<p>Die eher ergebnislose Befragung wurde jedoch auch im Geheimen nicht brisanter. Nach dem Ausschluss &#8222;passierte dort offenbar nicht viel&#8220;, schreibt Frank Jansen vom <a href=\"http:\/\/www.tagesspiegel.de\/politik\/215-verhandlungstag-im-nsu-prozess-hinweise-auf-drei-saechsische-skinheads-blieben-unbeachtet\/11998420.html\" target=\"_blank\"><em>Tagesspiegel<\/em><\/a> unter Berufung auf Informationen.<\/p>\n<p><!--more--><\/p>\n<p><em>An jedem Werktag sichten wir f\u00fcr das NSU-Prozess-Blog die Medien und stellen wichtige Berichte, Blogs, Videos und Tweets zusammen. Wir freuen uns \u00fcber Hinweise via Twitter mit dem Hashtag #nsublog \u2013 oder per E-Mail an <a href=\"mailto:nsublog@zeit.de\">nsublog@zeit.de<\/a>.<\/em><\/p>\n<p>Gegenstand der geheimen Befragung war offenbar nur die Er\u00f6rterung der Frage, ob dem Zeugen Vorhalte aus geheimem Sitzungen des Bundestags-Untersuchungsausschusses gemacht werden k\u00f6nnen, wo er ebenfalls ausgesagt hatte. F\u00fcr Turbulenzen im Prozess sorgte schlie\u00dflich noch die Tatsache, dass der Verfassungssch\u00fctzer sich mithilfe von acht Aktenordnern auf die Befragung vorbereiten konnte. Anw\u00e4lte der Nebenklage beschwerten sich, sie h\u00e4tten die Dokumente nur in Ausz\u00fcgen vorliegen.<\/p>\n<p>Auch im \u00f6ffentlichen Teil war dem Zeugen nicht viel zu entlocken. Er wurde \u2013 &#8222;je mehr ihn die Nebenklageanw\u00e4lte in die Zange zu nehmen versuchten \u2013 immer maulfauler&#8220;, beobachtet Oliver Bendixen vom <a href=\"http:\/\/www.br.de\/nachrichten\/nsu-prozess\/150701-tagebuch-gerichtsreporter-100.html\" target=\"_blank\">Bayerischen Rundfunk<\/a>. Die Nebenklageanw\u00e4lte argumentierten in der Verhandlung, die NSU-Taten seien erst dadurch erm\u00f6glicht worden, dass die Beh\u00f6rden einen wichtigen Hinweis von Piatto ignoriert h\u00e4tten. Mit diesem w\u00e4re es wom\u00f6glich gelungen, das Trio kurz nach dem Untertauchen festzunehmen. Es war eine These, &#8222;der sich fast begeistert auch die Anw\u00e4lte des Mitangeklagten Ralf Wohlleben anschlie\u00dfen mochten&#8220;.<\/p>\n<p><em>Das n\u00e4chste Medienlog erscheint am Freitag, 3. Juli 2015.<\/em><\/p>\n","protected":false},"excerpt":{"rendered":"<p>Der Neonazi Carsten Sz. war als Informant t\u00e4tig im Dienste des brandenburgischen Verfassungsschutzes \u2013 und lieferte dabei einen Hinweis auf das 1998 untergetauchte NSU-Trio. Nun sagte der Quellenf\u00fchrer aus, der den V-Mann mit Decknamen Piatto damals betreute. Was der Beamte aussagte, erfuhr die \u00d6ffentlichkeit nur zum Teil: Am Nachmittag wurden Zuschauer und Journalisten erstmals im [&hellip;]<\/p>\n","protected":false},"author":435,"featured_media":0,"comment_status":"open","ping_status":"open","sticky":false,"template":"","format":"standard","meta":{"_jetpack_memberships_contains_paid_content":false,"footnotes":""},"categories":[27531],"tags":[1451,35364,29554,17899,1836],"class_list":["post-9431","post","type-post","status-publish","format-standard","hentry","category-medienschau","tag-brandenburg","tag-oeffentlichkeitsausschluss","tag-piatto","tag-v-mann","tag-verfassungsschutz"],"yoast_head":"<!-- This site is optimized with the Yoast SEO plugin v21.0 - https:\/\/yoast.com\/wordpress\/plugins\/seo\/ -->\n<title>Verfassungssch\u00fctzer sagt hinter verschlossenen T\u00fcren aus \u2013 Das Medienlog vom Donnerstag, 2. Juli 2015 - Das NSU-Prozess-Blog<\/title>\n<meta name=\"robots\" content=\"index, follow, max-snippet:-1, max-image-preview:large, max-video-preview:-1\" \/>\n<link rel=\"canonical\" href=\"https:\/\/blog.zeit.de\/nsu-prozess-blog\/2015\/07\/02\/medienlog-piatto-ausschluss-verfassungsschutz\/\" \/>\n<meta property=\"og:locale\" content=\"de_DE\" \/>\n<meta property=\"og:type\" content=\"article\" \/>\n<meta property=\"og:title\" content=\"Verfassungssch\u00fctzer sagt hinter verschlossenen T\u00fcren aus \u2013 Das Medienlog vom Donnerstag, 2. Juli 2015 - Das NSU-Prozess-Blog\" \/>\n<meta property=\"og:description\" content=\"Der Neonazi Carsten Sz. war als Informant t\u00e4tig im Dienste des brandenburgischen Verfassungsschutzes \u2013 und lieferte dabei einen Hinweis auf das 1998 untergetauchte NSU-Trio. Nun sagte der Quellenf\u00fchrer aus, der den V-Mann mit Decknamen Piatto damals betreute. Was der Beamte aussagte, erfuhr die \u00d6ffentlichkeit nur zum Teil: Am Nachmittag wurden Zuschauer und Journalisten erstmals im [&hellip;]\" \/>\n<meta property=\"og:url\" content=\"https:\/\/blog.zeit.de\/nsu-prozess-blog\/2015\/07\/02\/medienlog-piatto-ausschluss-verfassungsschutz\/\" \/>\n<meta property=\"og:site_name\" content=\"Das NSU-Prozess-Blog\" \/>\n<meta property=\"article:published_time\" content=\"2015-07-02T06:17:22+00:00\" \/>\n<meta property=\"article:modified_time\" content=\"2015-07-02T06:27:22+00:00\" \/>\n<meta name=\"author\" content=\"Tom Sundermann\" \/>\n<meta name=\"twitter:label1\" content=\"Geschrieben von\" \/>\n\t<meta name=\"twitter:data1\" content=\"Tom Sundermann\" \/>\n\t<meta name=\"twitter:label2\" content=\"Gesch\u00e4tzte Lesezeit\" \/>\n\t<meta name=\"twitter:data2\" content=\"2\u00a0Minuten\" \/>\n<script type=\"application\/ld+json\" class=\"yoast-schema-graph\">{\"@context\":\"https:\/\/schema.org\",\"@graph\":[{\"@type\":\"WebPage\",\"@id\":\"https:\/\/blog.zeit.de\/nsu-prozess-blog\/2015\/07\/02\/medienlog-piatto-ausschluss-verfassungsschutz\/\",\"url\":\"https:\/\/blog.zeit.de\/nsu-prozess-blog\/2015\/07\/02\/medienlog-piatto-ausschluss-verfassungsschutz\/\",\"name\":\"Verfassungssch\u00fctzer sagt hinter verschlossenen T\u00fcren aus \u2013 Das Medienlog vom Donnerstag, 2. Juli 2015 - Das NSU-Prozess-Blog\",\"isPartOf\":{\"@id\":\"https:\/\/blog.zeit.de\/nsu-prozess-blog\/#website\"},\"datePublished\":\"2015-07-02T06:17:22+00:00\",\"dateModified\":\"2015-07-02T06:27:22+00:00\",\"author\":{\"@id\":\"https:\/\/blog.zeit.de\/nsu-prozess-blog\/#\/schema\/person\/553ea9bb5d1fc2ae054c589bd59380a5\"},\"breadcrumb\":{\"@id\":\"https:\/\/blog.zeit.de\/nsu-prozess-blog\/2015\/07\/02\/medienlog-piatto-ausschluss-verfassungsschutz\/#breadcrumb\"},\"inLanguage\":\"de\",\"potentialAction\":[{\"@type\":\"ReadAction\",\"target\":[\"https:\/\/blog.zeit.de\/nsu-prozess-blog\/2015\/07\/02\/medienlog-piatto-ausschluss-verfassungsschutz\/\"]}]},{\"@type\":\"BreadcrumbList\",\"@id\":\"https:\/\/blog.zeit.de\/nsu-prozess-blog\/2015\/07\/02\/medienlog-piatto-ausschluss-verfassungsschutz\/#breadcrumb\",\"itemListElement\":[{\"@type\":\"ListItem\",\"position\":1,\"name\":\"Startseite\",\"item\":\"https:\/\/blog.zeit.de\/nsu-prozess-blog\/\"},{\"@type\":\"ListItem\",\"position\":2,\"name\":\"Verfassungssch\u00fctzer sagt hinter verschlossenen T\u00fcren aus \u2013 Das Medienlog vom Donnerstag, 2. Juli 2015\"}]},{\"@type\":\"WebSite\",\"@id\":\"https:\/\/blog.zeit.de\/nsu-prozess-blog\/#website\",\"url\":\"https:\/\/blog.zeit.de\/nsu-prozess-blog\/\",\"name\":\"Das NSU-Prozess-Blog\",\"description\":\"Alle Berichte zum Terrorverfahren in M\u00fcnchen\",\"potentialAction\":[{\"@type\":\"SearchAction\",\"target\":{\"@type\":\"EntryPoint\",\"urlTemplate\":\"https:\/\/blog.zeit.de\/nsu-prozess-blog\/?s={search_term_string}\"},\"query-input\":\"required name=search_term_string\"}],\"inLanguage\":\"de\"},{\"@type\":\"Person\",\"@id\":\"https:\/\/blog.zeit.de\/nsu-prozess-blog\/#\/schema\/person\/553ea9bb5d1fc2ae054c589bd59380a5\",\"name\":\"Tom Sundermann\",\"image\":{\"@type\":\"ImageObject\",\"inLanguage\":\"de\",\"@id\":\"https:\/\/blog.zeit.de\/nsu-prozess-blog\/#\/schema\/person\/image\/\",\"url\":\"https:\/\/secure.gravatar.com\/avatar\/e108a3dc18766f719b2f797dc5d19093f06a1870c55b553ab6b7563f1f9a5e68?s=96&d=mm&r=g\",\"contentUrl\":\"https:\/\/secure.gravatar.com\/avatar\/e108a3dc18766f719b2f797dc5d19093f06a1870c55b553ab6b7563f1f9a5e68?s=96&d=mm&r=g\",\"caption\":\"Tom Sundermann\"},\"sameAs\":[\"https:\/\/twitter.com\/messeticker\"],\"url\":\"https:\/\/blog.zeit.de\/nsu-prozess-blog\/author\/tsundermann\/\"}]}<\/script>\n<!-- \/ Yoast SEO plugin. -->","yoast_head_json":{"title":"Verfassungssch\u00fctzer sagt hinter verschlossenen T\u00fcren aus \u2013 Das Medienlog vom Donnerstag, 2. Juli 2015 - Das NSU-Prozess-Blog","robots":{"index":"index","follow":"follow","max-snippet":"max-snippet:-1","max-image-preview":"max-image-preview:large","max-video-preview":"max-video-preview:-1"},"canonical":"https:\/\/blog.zeit.de\/nsu-prozess-blog\/2015\/07\/02\/medienlog-piatto-ausschluss-verfassungsschutz\/","og_locale":"de_DE","og_type":"article","og_title":"Verfassungssch\u00fctzer sagt hinter verschlossenen T\u00fcren aus \u2013 Das Medienlog vom Donnerstag, 2. Juli 2015 - Das NSU-Prozess-Blog","og_description":"Der Neonazi Carsten Sz. war als Informant t\u00e4tig im Dienste des brandenburgischen Verfassungsschutzes \u2013 und lieferte dabei einen Hinweis auf das 1998 untergetauchte NSU-Trio. Nun sagte der Quellenf\u00fchrer aus, der den V-Mann mit Decknamen Piatto damals betreute. Was der Beamte aussagte, erfuhr die \u00d6ffentlichkeit nur zum Teil: Am Nachmittag wurden Zuschauer und Journalisten erstmals im [&hellip;]","og_url":"https:\/\/blog.zeit.de\/nsu-prozess-blog\/2015\/07\/02\/medienlog-piatto-ausschluss-verfassungsschutz\/","og_site_name":"Das NSU-Prozess-Blog","article_published_time":"2015-07-02T06:17:22+00:00","article_modified_time":"2015-07-02T06:27:22+00:00","author":"Tom Sundermann","twitter_misc":{"Geschrieben von":"Tom Sundermann","Gesch\u00e4tzte Lesezeit":"2\u00a0Minuten"},"schema":{"@context":"https:\/\/schema.org","@graph":[{"@type":"WebPage","@id":"https:\/\/blog.zeit.de\/nsu-prozess-blog\/2015\/07\/02\/medienlog-piatto-ausschluss-verfassungsschutz\/","url":"https:\/\/blog.zeit.de\/nsu-prozess-blog\/2015\/07\/02\/medienlog-piatto-ausschluss-verfassungsschutz\/","name":"Verfassungssch\u00fctzer sagt hinter verschlossenen T\u00fcren aus \u2013 Das Medienlog vom Donnerstag, 2. Juli 2015 - Das NSU-Prozess-Blog","isPartOf":{"@id":"https:\/\/blog.zeit.de\/nsu-prozess-blog\/#website"},"datePublished":"2015-07-02T06:17:22+00:00","dateModified":"2015-07-02T06:27:22+00:00","author":{"@id":"https:\/\/blog.zeit.de\/nsu-prozess-blog\/#\/schema\/person\/553ea9bb5d1fc2ae054c589bd59380a5"},"breadcrumb":{"@id":"https:\/\/blog.zeit.de\/nsu-prozess-blog\/2015\/07\/02\/medienlog-piatto-ausschluss-verfassungsschutz\/#breadcrumb"},"inLanguage":"de","potentialAction":[{"@type":"ReadAction","target":["https:\/\/blog.zeit.de\/nsu-prozess-blog\/2015\/07\/02\/medienlog-piatto-ausschluss-verfassungsschutz\/"]}]},{"@type":"BreadcrumbList","@id":"https:\/\/blog.zeit.de\/nsu-prozess-blog\/2015\/07\/02\/medienlog-piatto-ausschluss-verfassungsschutz\/#breadcrumb","itemListElement":[{"@type":"ListItem","position":1,"name":"Startseite","item":"https:\/\/blog.zeit.de\/nsu-prozess-blog\/"},{"@type":"ListItem","position":2,"name":"Verfassungssch\u00fctzer sagt hinter verschlossenen T\u00fcren aus \u2013 Das Medienlog vom Donnerstag, 2. Juli 2015"}]},{"@type":"WebSite","@id":"https:\/\/blog.zeit.de\/nsu-prozess-blog\/#website","url":"https:\/\/blog.zeit.de\/nsu-prozess-blog\/","name":"Das NSU-Prozess-Blog","description":"Alle Berichte zum Terrorverfahren in M\u00fcnchen","potentialAction":[{"@type":"SearchAction","target":{"@type":"EntryPoint","urlTemplate":"https:\/\/blog.zeit.de\/nsu-prozess-blog\/?s={search_term_string}"},"query-input":"required name=search_term_string"}],"inLanguage":"de"},{"@type":"Person","@id":"https:\/\/blog.zeit.de\/nsu-prozess-blog\/#\/schema\/person\/553ea9bb5d1fc2ae054c589bd59380a5","name":"Tom Sundermann","image":{"@type":"ImageObject","inLanguage":"de","@id":"https:\/\/blog.zeit.de\/nsu-prozess-blog\/#\/schema\/person\/image\/","url":"https:\/\/secure.gravatar.com\/avatar\/e108a3dc18766f719b2f797dc5d19093f06a1870c55b553ab6b7563f1f9a5e68?s=96&d=mm&r=g","contentUrl":"https:\/\/secure.gravatar.com\/avatar\/e108a3dc18766f719b2f797dc5d19093f06a1870c55b553ab6b7563f1f9a5e68?s=96&d=mm&r=g","caption":"Tom Sundermann"},"sameAs":["https:\/\/twitter.com\/messeticker"],"url":"https:\/\/blog.zeit.de\/nsu-prozess-blog\/author\/tsundermann\/"}]}},"jetpack_featured_media_url":"","jetpack_sharing_enabled":true,"_links":{"self":[{"href":"https:\/\/blog.zeit.de\/nsu-prozess-blog\/wp-json\/wp\/v2\/posts\/9431","targetHints":{"allow":["GET"]}}],"collection":[{"href":"https:\/\/blog.zeit.de\/nsu-prozess-blog\/wp-json\/wp\/v2\/posts"}],"about":[{"href":"https:\/\/blog.zeit.de\/nsu-prozess-blog\/wp-json\/wp\/v2\/types\/post"}],"author":[{"embeddable":true,"href":"https:\/\/blog.zeit.de\/nsu-prozess-blog\/wp-json\/wp\/v2\/users\/435"}],"replies":[{"embeddable":true,"href":"https:\/\/blog.zeit.de\/nsu-prozess-blog\/wp-json\/wp\/v2\/comments?post=9431"}],"version-history":[{"count":4,"href":"https:\/\/blog.zeit.de\/nsu-prozess-blog\/wp-json\/wp\/v2\/posts\/9431\/revisions"}],"predecessor-version":[{"id":9435,"href":"https:\/\/blog.zeit.de\/nsu-prozess-blog\/wp-json\/wp\/v2\/posts\/9431\/revisions\/9435"}],"wp:attachment":[{"href":"https:\/\/blog.zeit.de\/nsu-prozess-blog\/wp-json\/wp\/v2\/media?parent=9431"}],"wp:term":[{"taxonomy":"category","embeddable":true,"href":"https:\/\/blog.zeit.de\/nsu-prozess-blog\/wp-json\/wp\/v2\/categories?post=9431"},{"taxonomy":"post_tag","embeddable":true,"href":"https:\/\/blog.zeit.de\/nsu-prozess-blog\/wp-json\/wp\/v2\/tags?post=9431"}],"curies":[{"name":"wp","href":"https:\/\/api.w.org\/{rel}","templated":true}]}}