{"id":9472,"date":"2015-07-08T09:46:12","date_gmt":"2015-07-08T07:46:12","guid":{"rendered":"http:\/\/blog.zeit.de\/nsu-prozess-blog\/?p=9472"},"modified":"2015-07-08T14:03:23","modified_gmt":"2015-07-08T12:03:23","slug":"medienlog-mathias-grasel-zschaepe-unterbrechung-nsu","status":"publish","type":"post","link":"https:\/\/blog.zeit.de\/nsu-prozess-blog\/2015\/07\/08\/medienlog-mathias-grasel-zschaepe-unterbrechung-nsu\/","title":{"rendered":"Neuer Zsch\u00e4pe-Verteidiger macht Anwaltstrio zu Statisten \u2013 Das Medienlog vom Mittwoch, 8. Juli 2015"},"content":{"rendered":"<p>Es war ein kurzer Auftritt, aber ein auff\u00e4lliger: Am Dienstag nahm zum ersten Mal der <a href=\"https:\/\/blog.zeit.de\/nsu-prozess-blog\/2015\/07\/07\/medienlog-mathias-grasel-zschaepe-anwalt\/\">neue, zus\u00e4tzliche Verteidiger von Beate Zsch\u00e4pe<\/a>, Mathias Grasel, auf der Anklagebank Platz. Er beantragte als Erstes eine Prozessunterbrechung, um sich in den komplexen Verfahrensstoff einarbeiten zu k\u00f6nnen. Richter Manfred G\u00f6tzl entschied, den NSU-Prozess f\u00fcr diese Woche pausieren zu lassen. Die Reporter blicken aus diesem Anlass auf das Verh\u00e4ltnis zwischen Grasel und dem angestammten Anwaltstrio <a href=\"https:\/\/blog.zeit.de\/nsu-prozess-blog\/2015\/06\/17\/zschaepe-ignoriert-ihre-anwaelte-medienlog-mittwoch\/\">Anja Sturm<\/a>, Wolfgang Heer und Wolfgang Stahl: &#8222;An Selbstbewusstsein scheint es dem (\u2026) Anwalt ebenso wenig zu mangeln wie seinen drei Kollegen&#8220;, beobachtet Karin Truscheit von der <a href=\"http:\/\/www.faz.net\/aktuell\/politik\/nsu-prozess\/beate-zschaepe-hat-im-nsu-prozess-einen-vierten-anwalt-bekommen-13690202.html\" target=\"_blank\"><em>Frankfurter Allgemeinen Zeitung<\/em><\/a>.<\/p>\n<p><!--more--><\/p>\n<p><em>An jedem Werktag sichten wir f\u00fcr das NSU-Prozess-Blog die Medien und stellen wichtige Berichte, Blogs, Videos und Tweets zusammen. Wir freuen uns \u00fcber Hinweise via Twitter mit dem Hashtag #nsublog \u2013 oder per E-Mail an <a href=\"mailto:nsublog@zeit.de\">nsublog@zeit.de<\/a>.<\/em><\/p>\n<p>Der neue Pflichtverteidiger und seine Mandantin h\u00e4tten sich im Gerichtssaal angeregt unterhalten, so wie Zsch\u00e4pe und Heer es fr\u00fcher taten. &#8222;Doch Heer und seinen Kollegen bleibt am Dienstag nur noch die Beobachterrolle&#8220;, schreibt Truscheit. Au\u00dfer Grasel \u00e4u\u00dferte sich an diesem Tag niemand zur Erweiterung des Anwaltsteams. &#8222;Wie gefrustet und sauer sie sind, ist Anja Sturm, Wolfgang Heer und Wolfgang Stahl aber auch so anzusehen&#8220;, schreibt Christoph Arnowski vom <a href=\"http:\/\/www.br.de\/nachrichten\/nsu-prozess\/150707-tagebuch-gerichtsreporter-100.html\" target=\"_blank\">Bayerischen Rundfunk<\/a>. Sie seien nun &#8222;Statisten, die keine gro\u00dfe Einflussm\u00f6glichkeit mehr haben&#8220;. Dennoch w\u00fcrde der Prozess ohne sie platzen, weil sie mit der Materie vertraut sind.<\/p>\n<p>Grasel wirke &#8222;zumindest an seinem ersten Tag wie ihr Gegenentwurf&#8220;, schreibt Kai Mudra von der <a href=\"http:\/\/www.thueringer-allgemeine.de\/startseite\/detail\/-\/specific\/Neuer-Verteidiger-zerstoert-vorerst-Hoffnung-auf-eine-Aussage-von-Beate-Zschaepe-1620760714\" target=\"_blank\"><em>Th\u00fcringer Allgemeinen<\/em><\/a>. Der Jurist k\u00f6nne &#8222;es als ersten kleinen Erfolg verbuchen&#8220;, dass das Gericht seinem Antrag auf eine Unterbrechung der Verhandlung stattgab.<\/p>\n<p>Zsch\u00e4pe hatte vor einiger Zeit eine m\u00f6gliche Aussage in Aussicht gestellt. Deshalb &#8222;w\u00e4chst bei Anw\u00e4lten der Nebenkl\u00e4ger die Hoffnung, die Angeklagte werde (\u2026) endlich reden&#8220;, hei\u00dft es im Bericht von Frank Jansen im <a href=\"http:\/\/www.tagesspiegel.de\/politik\/216-verhandlungstag-im-nsu-prozess-der-kurze-auftritt-des-neuen-zschaepe-verteidigers\/12022108.html\" target=\"_blank\"><em>Tagesspiegel<\/em><\/a>. Grasel allerdings sagte Journalisten, derzeit gebe es keine andere Option als zu schweigen.<\/p>\n<p>Was aber, wenn nicht eine neue Strategie, ist der Mehrwert eines zus\u00e4tzlichen Verteidigers? &#8222;Es liegt auf der Hand, dass Grasel Zsch\u00e4pes W\u00fcnsche durchsetzen soll&#8220;, schrieb ich bei <a href=\"https:\/\/blog.zeit.de\/nsu-prozess-blog\/2015\/07\/07\/anwalt-im-blindflug\/\" target=\"_blank\">ZEIT ONLINE<\/a>. Schlie\u00dflich war es die Hauptangeklagte, die den M\u00fcnchner Anwalt als Erg\u00e4nzung durchgesetzt hatte. Unklar ist, auf welche Weise Grasel anhand des bisher verhandelten Stoffs aus 216 Prozesstagen mitarbeiten kann \u2013 denn diesen zu verstehen, ist eine Flei\u00dfarbeit: &#8222;Wie der Jurist sich vern\u00fcnftig auf ihre Verteidigung vorbereiten will, ist zweifelhaft.&#8220;<\/p>\n<p>Auff\u00e4llig war die Reaktion Zsch\u00e4pes auf Grasels Anwesenheit. Sie schien &#8222;wie ausgewechselt&#8220; neben dem &#8222;eher spr\u00f6de wirkenden Anwalt&#8220;, schreibt Jansen vom <em>Tagesspiegel<\/em>. Noch deutlicher wird Tanjev Schultz von der <a href=\"http:\/\/www.sueddeutsche.de\/politik\/neuer-verteidiger-im-nsu-prozess-zschaepe-zeigt-sich-geloest-1.2554581\" target=\"_blank\"><em>S\u00fcddeutschen Zeitung<\/em><\/a>: &#8222;Zsch\u00e4pe nimmt die Haltung einer Flirtenden ein, der Anwalt wirkt zur\u00fcckhaltend, aber zugewandt.&#8220; Nun wirke es, &#8222;als genie\u00dfe sie ihren kleinen Triumph&#8220;. Zuvor war sie mit dem Antrag auf Absetzung ihrer Anw\u00e4ltin Anja Sturm gescheitert.<\/p>\n<p>Der Kasseler Strafverteidiger Knuth Pfeiffer findet es allerdings &#8222;vermessen&#8220;, zu einem derart sp\u00e4ten Zeitpunkt ins Verfahren einzusteigen. Er habe Zweifel daran, dass Grasel neben dem Aktenstudium genug Zeit f\u00fcr Zsch\u00e4pes Verteidigung hat, sagte er der <a href=\"http:\/\/www.hna.de\/politik\/eines-teuersten-verfahren-5212938.html\" target=\"_blank\"><em>Hessischen\/Nieders\u00e4chsischen Allgemeinen<\/em><\/a>. In jedem Fall halte er die Bestellung von vier Anw\u00e4lten f\u00fcr einen Angeklagten f\u00fcr sehr ungew\u00f6hnlich.<\/p>\n<p><em>Das n\u00e4chste Medienlog erscheint am Donnerstag, 9. Juli 2015.<\/em><\/p>\n","protected":false},"excerpt":{"rendered":"<p>Es war ein kurzer Auftritt, aber ein auff\u00e4lliger: Am Dienstag nahm zum ersten Mal der neue, zus\u00e4tzliche Verteidiger von Beate Zsch\u00e4pe, Mathias Grasel, auf der Anklagebank Platz. Er beantragte als Erstes eine Prozessunterbrechung, um sich in den komplexen Verfahrensstoff einarbeiten zu k\u00f6nnen. Richter Manfred G\u00f6tzl entschied, den NSU-Prozess f\u00fcr diese Woche pausieren zu lassen. Die [&hellip;]<\/p>\n","protected":false},"author":435,"featured_media":0,"comment_status":"open","ping_status":"open","sticky":false,"template":"","format":"standard","meta":{"_jetpack_memberships_contains_paid_content":false,"footnotes":""},"categories":[27531],"tags":[29424,17793,35363],"class_list":["post-9472","post","type-post","status-publish","format-standard","hentry","category-medienschau","tag-anwalte","tag-beate-zschape","tag-mathias-grasel"],"yoast_head":"<!-- This site is optimized with the Yoast SEO plugin v21.0 - https:\/\/yoast.com\/wordpress\/plugins\/seo\/ -->\n<title>Mathias Grasel macht Anwaltstrio zu Statisten<\/title>\n<meta name=\"description\" content=\"Wie schl\u00e4gt sich der neue Zsch\u00e4pe-Verteidiger Mathias Grasel an seinem ersten NSU-Prozesstag?\" \/>\n<meta name=\"robots\" content=\"index, follow, max-snippet:-1, max-image-preview:large, max-video-preview:-1\" \/>\n<link rel=\"canonical\" href=\"https:\/\/blog.zeit.de\/nsu-prozess-blog\/2015\/07\/08\/medienlog-mathias-grasel-zschaepe-unterbrechung-nsu\/\" \/>\n<meta property=\"og:locale\" content=\"de_DE\" \/>\n<meta property=\"og:type\" content=\"article\" \/>\n<meta property=\"og:title\" content=\"Mathias Grasel macht Anwaltstrio zu Statisten\" \/>\n<meta property=\"og:description\" content=\"Wie schl\u00e4gt sich der neue Zsch\u00e4pe-Verteidiger Mathias Grasel an seinem ersten NSU-Prozesstag?\" \/>\n<meta property=\"og:url\" content=\"https:\/\/blog.zeit.de\/nsu-prozess-blog\/2015\/07\/08\/medienlog-mathias-grasel-zschaepe-unterbrechung-nsu\/\" \/>\n<meta property=\"og:site_name\" content=\"Das NSU-Prozess-Blog\" \/>\n<meta property=\"article:published_time\" content=\"2015-07-08T07:46:12+00:00\" \/>\n<meta property=\"article:modified_time\" content=\"2015-07-08T12:03:23+00:00\" \/>\n<meta name=\"author\" content=\"Tom Sundermann\" \/>\n<meta name=\"twitter:label1\" content=\"Geschrieben von\" \/>\n\t<meta name=\"twitter:data1\" content=\"Tom Sundermann\" \/>\n\t<meta name=\"twitter:label2\" content=\"Gesch\u00e4tzte Lesezeit\" \/>\n\t<meta name=\"twitter:data2\" content=\"3\u00a0Minuten\" \/>\n<script type=\"application\/ld+json\" class=\"yoast-schema-graph\">{\"@context\":\"https:\/\/schema.org\",\"@graph\":[{\"@type\":\"WebPage\",\"@id\":\"https:\/\/blog.zeit.de\/nsu-prozess-blog\/2015\/07\/08\/medienlog-mathias-grasel-zschaepe-unterbrechung-nsu\/\",\"url\":\"https:\/\/blog.zeit.de\/nsu-prozess-blog\/2015\/07\/08\/medienlog-mathias-grasel-zschaepe-unterbrechung-nsu\/\",\"name\":\"Mathias Grasel macht Anwaltstrio zu Statisten\",\"isPartOf\":{\"@id\":\"https:\/\/blog.zeit.de\/nsu-prozess-blog\/#website\"},\"datePublished\":\"2015-07-08T07:46:12+00:00\",\"dateModified\":\"2015-07-08T12:03:23+00:00\",\"author\":{\"@id\":\"https:\/\/blog.zeit.de\/nsu-prozess-blog\/#\/schema\/person\/553ea9bb5d1fc2ae054c589bd59380a5\"},\"description\":\"Wie schl\u00e4gt sich der neue Zsch\u00e4pe-Verteidiger Mathias Grasel an seinem ersten NSU-Prozesstag?\",\"breadcrumb\":{\"@id\":\"https:\/\/blog.zeit.de\/nsu-prozess-blog\/2015\/07\/08\/medienlog-mathias-grasel-zschaepe-unterbrechung-nsu\/#breadcrumb\"},\"inLanguage\":\"de\",\"potentialAction\":[{\"@type\":\"ReadAction\",\"target\":[\"https:\/\/blog.zeit.de\/nsu-prozess-blog\/2015\/07\/08\/medienlog-mathias-grasel-zschaepe-unterbrechung-nsu\/\"]}]},{\"@type\":\"BreadcrumbList\",\"@id\":\"https:\/\/blog.zeit.de\/nsu-prozess-blog\/2015\/07\/08\/medienlog-mathias-grasel-zschaepe-unterbrechung-nsu\/#breadcrumb\",\"itemListElement\":[{\"@type\":\"ListItem\",\"position\":1,\"name\":\"Startseite\",\"item\":\"https:\/\/blog.zeit.de\/nsu-prozess-blog\/\"},{\"@type\":\"ListItem\",\"position\":2,\"name\":\"Neuer Zsch\u00e4pe-Verteidiger macht Anwaltstrio zu Statisten \u2013 Das Medienlog vom Mittwoch, 8. Juli 2015\"}]},{\"@type\":\"WebSite\",\"@id\":\"https:\/\/blog.zeit.de\/nsu-prozess-blog\/#website\",\"url\":\"https:\/\/blog.zeit.de\/nsu-prozess-blog\/\",\"name\":\"Das NSU-Prozess-Blog\",\"description\":\"Alle Berichte zum Terrorverfahren in M\u00fcnchen\",\"potentialAction\":[{\"@type\":\"SearchAction\",\"target\":{\"@type\":\"EntryPoint\",\"urlTemplate\":\"https:\/\/blog.zeit.de\/nsu-prozess-blog\/?s={search_term_string}\"},\"query-input\":\"required name=search_term_string\"}],\"inLanguage\":\"de\"},{\"@type\":\"Person\",\"@id\":\"https:\/\/blog.zeit.de\/nsu-prozess-blog\/#\/schema\/person\/553ea9bb5d1fc2ae054c589bd59380a5\",\"name\":\"Tom Sundermann\",\"image\":{\"@type\":\"ImageObject\",\"inLanguage\":\"de\",\"@id\":\"https:\/\/blog.zeit.de\/nsu-prozess-blog\/#\/schema\/person\/image\/\",\"url\":\"https:\/\/secure.gravatar.com\/avatar\/e108a3dc18766f719b2f797dc5d19093f06a1870c55b553ab6b7563f1f9a5e68?s=96&d=mm&r=g\",\"contentUrl\":\"https:\/\/secure.gravatar.com\/avatar\/e108a3dc18766f719b2f797dc5d19093f06a1870c55b553ab6b7563f1f9a5e68?s=96&d=mm&r=g\",\"caption\":\"Tom Sundermann\"},\"sameAs\":[\"https:\/\/twitter.com\/messeticker\"],\"url\":\"https:\/\/blog.zeit.de\/nsu-prozess-blog\/author\/tsundermann\/\"}]}<\/script>\n<!-- \/ Yoast SEO plugin. -->","yoast_head_json":{"title":"Mathias Grasel macht Anwaltstrio zu Statisten","description":"Wie schl\u00e4gt sich der neue Zsch\u00e4pe-Verteidiger Mathias Grasel an seinem ersten NSU-Prozesstag?","robots":{"index":"index","follow":"follow","max-snippet":"max-snippet:-1","max-image-preview":"max-image-preview:large","max-video-preview":"max-video-preview:-1"},"canonical":"https:\/\/blog.zeit.de\/nsu-prozess-blog\/2015\/07\/08\/medienlog-mathias-grasel-zschaepe-unterbrechung-nsu\/","og_locale":"de_DE","og_type":"article","og_title":"Mathias Grasel macht Anwaltstrio zu Statisten","og_description":"Wie schl\u00e4gt sich der neue Zsch\u00e4pe-Verteidiger Mathias Grasel an seinem ersten NSU-Prozesstag?","og_url":"https:\/\/blog.zeit.de\/nsu-prozess-blog\/2015\/07\/08\/medienlog-mathias-grasel-zschaepe-unterbrechung-nsu\/","og_site_name":"Das NSU-Prozess-Blog","article_published_time":"2015-07-08T07:46:12+00:00","article_modified_time":"2015-07-08T12:03:23+00:00","author":"Tom Sundermann","twitter_misc":{"Geschrieben von":"Tom Sundermann","Gesch\u00e4tzte Lesezeit":"3\u00a0Minuten"},"schema":{"@context":"https:\/\/schema.org","@graph":[{"@type":"WebPage","@id":"https:\/\/blog.zeit.de\/nsu-prozess-blog\/2015\/07\/08\/medienlog-mathias-grasel-zschaepe-unterbrechung-nsu\/","url":"https:\/\/blog.zeit.de\/nsu-prozess-blog\/2015\/07\/08\/medienlog-mathias-grasel-zschaepe-unterbrechung-nsu\/","name":"Mathias Grasel macht Anwaltstrio zu Statisten","isPartOf":{"@id":"https:\/\/blog.zeit.de\/nsu-prozess-blog\/#website"},"datePublished":"2015-07-08T07:46:12+00:00","dateModified":"2015-07-08T12:03:23+00:00","author":{"@id":"https:\/\/blog.zeit.de\/nsu-prozess-blog\/#\/schema\/person\/553ea9bb5d1fc2ae054c589bd59380a5"},"description":"Wie schl\u00e4gt sich der neue Zsch\u00e4pe-Verteidiger Mathias Grasel an seinem ersten NSU-Prozesstag?","breadcrumb":{"@id":"https:\/\/blog.zeit.de\/nsu-prozess-blog\/2015\/07\/08\/medienlog-mathias-grasel-zschaepe-unterbrechung-nsu\/#breadcrumb"},"inLanguage":"de","potentialAction":[{"@type":"ReadAction","target":["https:\/\/blog.zeit.de\/nsu-prozess-blog\/2015\/07\/08\/medienlog-mathias-grasel-zschaepe-unterbrechung-nsu\/"]}]},{"@type":"BreadcrumbList","@id":"https:\/\/blog.zeit.de\/nsu-prozess-blog\/2015\/07\/08\/medienlog-mathias-grasel-zschaepe-unterbrechung-nsu\/#breadcrumb","itemListElement":[{"@type":"ListItem","position":1,"name":"Startseite","item":"https:\/\/blog.zeit.de\/nsu-prozess-blog\/"},{"@type":"ListItem","position":2,"name":"Neuer Zsch\u00e4pe-Verteidiger macht Anwaltstrio zu Statisten \u2013 Das Medienlog vom Mittwoch, 8. Juli 2015"}]},{"@type":"WebSite","@id":"https:\/\/blog.zeit.de\/nsu-prozess-blog\/#website","url":"https:\/\/blog.zeit.de\/nsu-prozess-blog\/","name":"Das NSU-Prozess-Blog","description":"Alle Berichte zum Terrorverfahren in M\u00fcnchen","potentialAction":[{"@type":"SearchAction","target":{"@type":"EntryPoint","urlTemplate":"https:\/\/blog.zeit.de\/nsu-prozess-blog\/?s={search_term_string}"},"query-input":"required name=search_term_string"}],"inLanguage":"de"},{"@type":"Person","@id":"https:\/\/blog.zeit.de\/nsu-prozess-blog\/#\/schema\/person\/553ea9bb5d1fc2ae054c589bd59380a5","name":"Tom Sundermann","image":{"@type":"ImageObject","inLanguage":"de","@id":"https:\/\/blog.zeit.de\/nsu-prozess-blog\/#\/schema\/person\/image\/","url":"https:\/\/secure.gravatar.com\/avatar\/e108a3dc18766f719b2f797dc5d19093f06a1870c55b553ab6b7563f1f9a5e68?s=96&d=mm&r=g","contentUrl":"https:\/\/secure.gravatar.com\/avatar\/e108a3dc18766f719b2f797dc5d19093f06a1870c55b553ab6b7563f1f9a5e68?s=96&d=mm&r=g","caption":"Tom Sundermann"},"sameAs":["https:\/\/twitter.com\/messeticker"],"url":"https:\/\/blog.zeit.de\/nsu-prozess-blog\/author\/tsundermann\/"}]}},"jetpack_featured_media_url":"","jetpack_sharing_enabled":true,"_links":{"self":[{"href":"https:\/\/blog.zeit.de\/nsu-prozess-blog\/wp-json\/wp\/v2\/posts\/9472","targetHints":{"allow":["GET"]}}],"collection":[{"href":"https:\/\/blog.zeit.de\/nsu-prozess-blog\/wp-json\/wp\/v2\/posts"}],"about":[{"href":"https:\/\/blog.zeit.de\/nsu-prozess-blog\/wp-json\/wp\/v2\/types\/post"}],"author":[{"embeddable":true,"href":"https:\/\/blog.zeit.de\/nsu-prozess-blog\/wp-json\/wp\/v2\/users\/435"}],"replies":[{"embeddable":true,"href":"https:\/\/blog.zeit.de\/nsu-prozess-blog\/wp-json\/wp\/v2\/comments?post=9472"}],"version-history":[{"count":9,"href":"https:\/\/blog.zeit.de\/nsu-prozess-blog\/wp-json\/wp\/v2\/posts\/9472\/revisions"}],"predecessor-version":[{"id":9482,"href":"https:\/\/blog.zeit.de\/nsu-prozess-blog\/wp-json\/wp\/v2\/posts\/9472\/revisions\/9482"}],"wp:attachment":[{"href":"https:\/\/blog.zeit.de\/nsu-prozess-blog\/wp-json\/wp\/v2\/media?parent=9472"}],"wp:term":[{"taxonomy":"category","embeddable":true,"href":"https:\/\/blog.zeit.de\/nsu-prozess-blog\/wp-json\/wp\/v2\/categories?post=9472"},{"taxonomy":"post_tag","embeddable":true,"href":"https:\/\/blog.zeit.de\/nsu-prozess-blog\/wp-json\/wp\/v2\/tags?post=9472"}],"curies":[{"name":"wp","href":"https:\/\/api.w.org\/{rel}","templated":true}]}}