{"id":9541,"date":"2015-07-16T07:40:09","date_gmt":"2015-07-16T05:40:09","guid":{"rendered":"http:\/\/blog.zeit.de\/nsu-prozess-blog\/?p=9541"},"modified":"2015-12-03T13:23:57","modified_gmt":"2015-12-03T12:23:57","slug":"zschaepes-angebliche-vorlieben-das-medienlog-vom-donnerstag-16-juli-2015","status":"publish","type":"post","link":"https:\/\/blog.zeit.de\/nsu-prozess-blog\/2015\/07\/16\/zschaepes-angebliche-vorlieben-das-medienlog-vom-donnerstag-16-juli-2015\/","title":{"rendered":"Zsch\u00e4pes angebliche Vorlieben \u2013 Das Medienlog vom Donnerstag, 16. Juli 2015"},"content":{"rendered":"<p>Den Aufschlag des Tages bildete ein Bericht \u00fcber die angeblichen YouTube-Vorlieben von Beate Zsch\u00e4pe. Die Bundesanwaltschaft habe bei dem Internetkonzern ihren Nutzerverlauf angefordert, um ihn auszuwerten, berichtete die <em>Bild, <\/em>der Verlauf liege dem Blatt vor. Zsch\u00e4pe habe sich Filmbeitr\u00e4ge \u00fcber den Mordfall der Polizistin Michele Kiesewetter angesehen, aber auch rechtsradikale Clips und eine gr\u00f6\u00dfere Zahl Pornos. Doch ob das stimmt?<\/p>\n<p><!--more--><\/p>\n<p>Viele Medien griffen den<em> Bild-<\/em>Bericht auf, fragten aber bei der Bundesanwaltschaft nach. Die lie\u00df wissen, auf Anfrage in den USA habe man &#8222;lediglich die Auskunft erhalten, es l\u00e4gen keine Verkehrsdaten zu dem Konto vor&#8220;, berichtet unter anderem die <em>FAZ<\/em>.<\/p>\n<p>Die <i>Bild<\/i>-Zeitung, die sonst keine Rolle im Verfahren gegen den NSU spielt, sei am Mittwoch pl\u00f6tzlich begehrt gewesen im Gerichtssaal, schreibt Annette Ramelsberger von der <a href=\"http:\/\/www.sueddeutsche.de\/politik\/nsu-prozess-und-beate-zschaepe-schaut-youtube-1.2567221\" target=\"_blank\"><em>S\u00fcddeutschen Zeitung<\/em><\/a>. Auch Zsch\u00e4pes Anw\u00e4lte h\u00e4tten sie sich besorgt, am Nachmittag h\u00e4tten Anwalt Grasel und Zsch\u00e4pe sie intensiv studiert. Ramelsberger h\u00e4lt die Daten f\u00fcr echt und schreibt, sie seien verr\u00e4terisch: Denn Zsch\u00e4pes Nutzungsverhalten lasse R\u00fcckschl\u00fcsse darauf zu, dass sie sich bis <span class=\"nowrap\">2011<\/span> nicht vom Rechtsextremismus abgewandt\u00a0hatte. Allerdings: Woher die YouTube-Daten letztlich kamen, die es angeblich nicht gab, pr\u00fcfe die Bundesanwaltschaft noch.<\/p>\n<p>Das YouTube-Thema \u00fcberlagerte in den Berichten die Vernehmung eines Zeugen, der zum Th\u00fcringer Heimatschutz geh\u00f6rte. Mario B. habe versucht, die Rolle von Zsch\u00e4pe im NSU kleinzureden, schreibt Ramelsberger. Er h\u00e4tte ihr keine &#8222;tiefergehende Vertrauensstellung&#8220; zu Mundlos und B\u00f6hnhardt zugetraut. Sie habe nicht nach oben gestrebt.<\/p>\n<p><strong>Rechtsextremer Zeuge mit Arroganz<\/strong><\/p>\n<p>B. sei ein rechtsextremer Zeuge mit einer Arroganz, die kaum zu \u00fcbertreffen sein d\u00fcrfte, schreibt Frank Jansen im <a href=\"http:\/\/www.tagesspiegel.de\/politik\/218-tag-im-nsu-prozess-wilde-partys-in-der-chemnitzer-wohnung\/12060466.html\" target=\"_blank\"><em>Tagesspiegel.<\/em><\/a> Schon auf die Frage nach seinen Personalien habe Mario B. in herablassendem Ton nur unvollst\u00e4ndig geantwortet. Auf eine Ermahnung des Vorsitzenden Richters Manfred G\u00f6tzl entgegnete er h\u00f6hnisch: &#8222;Beruhigen Sie sich mal.&#8220; Der &#8222;szeneuntypisch wie ein Gesch\u00e4ftsmann im dunkelblauen Anzug und mit Krawatte auftretende Zeuge pr\u00e4sentierte ungeniert seine krude Gesinnung. In der selbst die NPD als zu lasch gilt&#8220;. \u00c4hnlich unversch\u00e4mt wirkte der Zeuge auf Oliver Bendixen vom <a href=\"http:\/\/www.br.de\/nachrichten\/nsu-prozess\/150715-nsu-prozess-verhandlungstag-218-100.html\" target=\"_blank\">Bayerischen Rundfunk<\/a>.<\/p>\n<p>Seine Schilderungen zu den mutma\u00dflichen NSU-Todessch\u00fctzen Mundlos und B\u00f6hnhardt h\u00e4tten streckenweise wie Nachrufe geklungen, schreibt <a href=\"http:\/\/www.spiegel.de\/panorama\/justiz\/nsu-prozess-zeuge-will-nichts-negatives-ueber-zschaepe-sagen-a-1043869.html\" target=\"_blank\"><em>Spiegel Online:<\/em><\/a> &#8222;Mundlos habe viel gelacht und viel geredet, sodass er dessen Nachnamen zun\u00e4chst f\u00fcr einen Spitznamen gehalten habe.&#8220; \u00dcber B\u00f6hnhardt, den bisher fast alle Zeugen als reizbar und cholerisch schilderten, habe der Zeuge gesagt, der sei ein &#8222;angenehmer Zeitgeselle&#8220; gewesen.<\/p>\n<p>Dem heute b\u00fcrgerlich auftretenden B. sei der Jargon des neo-nationalsozialistischen Agitators &#8222;sehr fl\u00fcssig von den Lippen&#8220; gekommen, schreibt das Blog <em>NSU-Nebenklage<\/em> <a href=\"http:\/\/www.nsu-nebenklage.de\/blog\/2015\/07\/15\/15-07-2015\/?utm_source=twitterfeed&amp;utm_medium=twitter\" target=\"_blank\">in einer Tageszusammenfassung<\/a>.\u00a0Durch sein bisheriges Verhalten sei der Zeuge insgesamt vollkommen unglaubw\u00fcrdig.<\/p>\n<p>Frank Jansen vom <em>Tagesspiegel<\/em> beleuchtet auch die lauten Partys, die Mundlos, B\u00f6hnhardt und Zsch\u00e4pe in einer Wohnung in Chemnitz gefeiert haben sollen \u2013 in dem Haus Wolgograder Allee 76 in Chemnitz, in dem Mundlos, B\u00f6hnhardt und Zsch\u00e4pe laut Anklage von April 1999 bis Juli oder August 2000 gelebt haben. Die Wohnung unter dem Dach soll der mitangeklagte Rechtsextremist Andr\u00e9 E. gemietet haben. Das Trio h\u00e4tte auffliegen k\u00f6nnen, wenn jemand wegen des L\u00e4rms die Polizei gerufen h\u00e4tte. Die drei scheinen sich sicher gef\u00fchlt zu haben, schreibt Jansen.<\/p>\n<p><em>Das n\u00e4chste Medienlog erscheint am Freitag, 20. Juli 2015<\/em><\/p>\n<p>&nbsp;<\/p>\n","protected":false},"excerpt":{"rendered":"<p>Den Aufschlag des Tages bildete ein Bericht \u00fcber die angeblichen YouTube-Vorlieben von Beate Zsch\u00e4pe. Die Bundesanwaltschaft habe bei dem Internetkonzern ihren Nutzerverlauf angefordert, um ihn auszuwerten, berichtete die Bild, der Verlauf liege dem Blatt vor. Zsch\u00e4pe habe sich Filmbeitr\u00e4ge \u00fcber den Mordfall der Polizistin Michele Kiesewetter angesehen, aber auch rechtsradikale Clips und eine gr\u00f6\u00dfere Zahl [&hellip;]<\/p>\n","protected":false},"author":191,"featured_media":0,"comment_status":"open","ping_status":"open","sticky":false,"template":"","format":"standard","meta":{"_jetpack_memberships_contains_paid_content":false,"footnotes":""},"categories":[27531],"tags":[17793,27559,35367,35363],"class_list":["post-9541","post","type-post","status-publish","format-standard","hentry","category-medienschau","tag-beate-zschape","tag-manfred-gotzl","tag-mario-b","tag-mathias-grasel"],"yoast_head":"<!-- This site is optimized with the Yoast SEO plugin v21.0 - https:\/\/yoast.com\/wordpress\/plugins\/seo\/ -->\n<title>Zsch\u00e4pes angebliche Vorlieben \u2013 Das Medienlog vom Donnerstag, 16. Juli 2015 - Das NSU-Prozess-Blog<\/title>\n<meta name=\"robots\" content=\"index, follow, max-snippet:-1, max-image-preview:large, max-video-preview:-1\" \/>\n<link rel=\"canonical\" href=\"https:\/\/blog.zeit.de\/nsu-prozess-blog\/2015\/07\/16\/zschaepes-angebliche-vorlieben-das-medienlog-vom-donnerstag-16-juli-2015\/\" \/>\n<meta property=\"og:locale\" content=\"de_DE\" \/>\n<meta property=\"og:type\" content=\"article\" \/>\n<meta property=\"og:title\" content=\"Zsch\u00e4pes angebliche Vorlieben \u2013 Das Medienlog vom Donnerstag, 16. Juli 2015 - Das NSU-Prozess-Blog\" \/>\n<meta property=\"og:description\" content=\"Den Aufschlag des Tages bildete ein Bericht \u00fcber die angeblichen YouTube-Vorlieben von Beate Zsch\u00e4pe. Die Bundesanwaltschaft habe bei dem Internetkonzern ihren Nutzerverlauf angefordert, um ihn auszuwerten, berichtete die Bild, der Verlauf liege dem Blatt vor. Zsch\u00e4pe habe sich Filmbeitr\u00e4ge \u00fcber den Mordfall der Polizistin Michele Kiesewetter angesehen, aber auch rechtsradikale Clips und eine gr\u00f6\u00dfere Zahl [&hellip;]\" \/>\n<meta property=\"og:url\" content=\"https:\/\/blog.zeit.de\/nsu-prozess-blog\/2015\/07\/16\/zschaepes-angebliche-vorlieben-das-medienlog-vom-donnerstag-16-juli-2015\/\" \/>\n<meta property=\"og:site_name\" content=\"Das NSU-Prozess-Blog\" \/>\n<meta property=\"article:published_time\" content=\"2015-07-16T05:40:09+00:00\" \/>\n<meta property=\"article:modified_time\" content=\"2015-12-03T12:23:57+00:00\" \/>\n<meta name=\"author\" content=\"Tilman Steffen\" \/>\n<meta name=\"twitter:label1\" content=\"Geschrieben von\" \/>\n\t<meta name=\"twitter:data1\" content=\"Tilman Steffen\" \/>\n\t<meta name=\"twitter:label2\" content=\"Gesch\u00e4tzte Lesezeit\" \/>\n\t<meta name=\"twitter:data2\" content=\"3\u00a0Minuten\" \/>\n<script type=\"application\/ld+json\" class=\"yoast-schema-graph\">{\"@context\":\"https:\/\/schema.org\",\"@graph\":[{\"@type\":\"WebPage\",\"@id\":\"https:\/\/blog.zeit.de\/nsu-prozess-blog\/2015\/07\/16\/zschaepes-angebliche-vorlieben-das-medienlog-vom-donnerstag-16-juli-2015\/\",\"url\":\"https:\/\/blog.zeit.de\/nsu-prozess-blog\/2015\/07\/16\/zschaepes-angebliche-vorlieben-das-medienlog-vom-donnerstag-16-juli-2015\/\",\"name\":\"Zsch\u00e4pes angebliche Vorlieben \u2013 Das Medienlog vom Donnerstag, 16. Juli 2015 - Das NSU-Prozess-Blog\",\"isPartOf\":{\"@id\":\"https:\/\/blog.zeit.de\/nsu-prozess-blog\/#website\"},\"datePublished\":\"2015-07-16T05:40:09+00:00\",\"dateModified\":\"2015-12-03T12:23:57+00:00\",\"author\":{\"@id\":\"https:\/\/blog.zeit.de\/nsu-prozess-blog\/#\/schema\/person\/110e2fe4d5ec4e01f71931b64f570c54\"},\"breadcrumb\":{\"@id\":\"https:\/\/blog.zeit.de\/nsu-prozess-blog\/2015\/07\/16\/zschaepes-angebliche-vorlieben-das-medienlog-vom-donnerstag-16-juli-2015\/#breadcrumb\"},\"inLanguage\":\"de\",\"potentialAction\":[{\"@type\":\"ReadAction\",\"target\":[\"https:\/\/blog.zeit.de\/nsu-prozess-blog\/2015\/07\/16\/zschaepes-angebliche-vorlieben-das-medienlog-vom-donnerstag-16-juli-2015\/\"]}]},{\"@type\":\"BreadcrumbList\",\"@id\":\"https:\/\/blog.zeit.de\/nsu-prozess-blog\/2015\/07\/16\/zschaepes-angebliche-vorlieben-das-medienlog-vom-donnerstag-16-juli-2015\/#breadcrumb\",\"itemListElement\":[{\"@type\":\"ListItem\",\"position\":1,\"name\":\"Startseite\",\"item\":\"https:\/\/blog.zeit.de\/nsu-prozess-blog\/\"},{\"@type\":\"ListItem\",\"position\":2,\"name\":\"Zsch\u00e4pes angebliche Vorlieben \u2013 Das Medienlog vom Donnerstag, 16. Juli 2015\"}]},{\"@type\":\"WebSite\",\"@id\":\"https:\/\/blog.zeit.de\/nsu-prozess-blog\/#website\",\"url\":\"https:\/\/blog.zeit.de\/nsu-prozess-blog\/\",\"name\":\"Das NSU-Prozess-Blog\",\"description\":\"Alle Berichte zum Terrorverfahren in M\u00fcnchen\",\"potentialAction\":[{\"@type\":\"SearchAction\",\"target\":{\"@type\":\"EntryPoint\",\"urlTemplate\":\"https:\/\/blog.zeit.de\/nsu-prozess-blog\/?s={search_term_string}\"},\"query-input\":\"required name=search_term_string\"}],\"inLanguage\":\"de\"},{\"@type\":\"Person\",\"@id\":\"https:\/\/blog.zeit.de\/nsu-prozess-blog\/#\/schema\/person\/110e2fe4d5ec4e01f71931b64f570c54\",\"name\":\"Tilman Steffen\",\"image\":{\"@type\":\"ImageObject\",\"inLanguage\":\"de\",\"@id\":\"https:\/\/blog.zeit.de\/nsu-prozess-blog\/#\/schema\/person\/image\/\",\"url\":\"https:\/\/secure.gravatar.com\/avatar\/8c4becdd9d412e3bd74354093718744070721ed0cb4054b7a8b7b12fa1a4b347?s=96&d=mm&r=g\",\"contentUrl\":\"https:\/\/secure.gravatar.com\/avatar\/8c4becdd9d412e3bd74354093718744070721ed0cb4054b7a8b7b12fa1a4b347?s=96&d=mm&r=g\",\"caption\":\"Tilman Steffen\"},\"description\":\"Redakteur bei ZEIT ONLINE seit 2009. Zuvor bei der Netzeitung. Nach der Journalistenschule Arbeit als Printautor und Fotograf; Redakteur und Reporter f\u00fcr epd, Beitr\u00e4ge f\u00fcr ZDF, n-tv, XXP, Mitarbeiter bei Reuters TV. \u2013 Orgelbauer, Kulturmanager, Journalist. Geboren, als Willy Brandt die deutsche Teilung anerkannte. Gro\u00df geworden in Deutschlands S\u00fcdosten \u2013 erwachsen seit dem Mauerfall. Drei Berufe gelernt, zwei Kinder gezeugt, ein Kulturzentrum gegr\u00fcndet \u2013 und dabei zum Journalisten geworden.\",\"sameAs\":[\"http:\/\/www.tilmansteffen.de\"],\"url\":\"https:\/\/blog.zeit.de\/nsu-prozess-blog\/author\/tilman-steffen\/\"}]}<\/script>\n<!-- \/ Yoast SEO plugin. -->","yoast_head_json":{"title":"Zsch\u00e4pes angebliche Vorlieben \u2013 Das Medienlog vom Donnerstag, 16. Juli 2015 - Das NSU-Prozess-Blog","robots":{"index":"index","follow":"follow","max-snippet":"max-snippet:-1","max-image-preview":"max-image-preview:large","max-video-preview":"max-video-preview:-1"},"canonical":"https:\/\/blog.zeit.de\/nsu-prozess-blog\/2015\/07\/16\/zschaepes-angebliche-vorlieben-das-medienlog-vom-donnerstag-16-juli-2015\/","og_locale":"de_DE","og_type":"article","og_title":"Zsch\u00e4pes angebliche Vorlieben \u2013 Das Medienlog vom Donnerstag, 16. Juli 2015 - Das NSU-Prozess-Blog","og_description":"Den Aufschlag des Tages bildete ein Bericht \u00fcber die angeblichen YouTube-Vorlieben von Beate Zsch\u00e4pe. Die Bundesanwaltschaft habe bei dem Internetkonzern ihren Nutzerverlauf angefordert, um ihn auszuwerten, berichtete die Bild, der Verlauf liege dem Blatt vor. Zsch\u00e4pe habe sich Filmbeitr\u00e4ge \u00fcber den Mordfall der Polizistin Michele Kiesewetter angesehen, aber auch rechtsradikale Clips und eine gr\u00f6\u00dfere Zahl [&hellip;]","og_url":"https:\/\/blog.zeit.de\/nsu-prozess-blog\/2015\/07\/16\/zschaepes-angebliche-vorlieben-das-medienlog-vom-donnerstag-16-juli-2015\/","og_site_name":"Das NSU-Prozess-Blog","article_published_time":"2015-07-16T05:40:09+00:00","article_modified_time":"2015-12-03T12:23:57+00:00","author":"Tilman Steffen","twitter_misc":{"Geschrieben von":"Tilman Steffen","Gesch\u00e4tzte Lesezeit":"3\u00a0Minuten"},"schema":{"@context":"https:\/\/schema.org","@graph":[{"@type":"WebPage","@id":"https:\/\/blog.zeit.de\/nsu-prozess-blog\/2015\/07\/16\/zschaepes-angebliche-vorlieben-das-medienlog-vom-donnerstag-16-juli-2015\/","url":"https:\/\/blog.zeit.de\/nsu-prozess-blog\/2015\/07\/16\/zschaepes-angebliche-vorlieben-das-medienlog-vom-donnerstag-16-juli-2015\/","name":"Zsch\u00e4pes angebliche Vorlieben \u2013 Das Medienlog vom Donnerstag, 16. Juli 2015 - Das NSU-Prozess-Blog","isPartOf":{"@id":"https:\/\/blog.zeit.de\/nsu-prozess-blog\/#website"},"datePublished":"2015-07-16T05:40:09+00:00","dateModified":"2015-12-03T12:23:57+00:00","author":{"@id":"https:\/\/blog.zeit.de\/nsu-prozess-blog\/#\/schema\/person\/110e2fe4d5ec4e01f71931b64f570c54"},"breadcrumb":{"@id":"https:\/\/blog.zeit.de\/nsu-prozess-blog\/2015\/07\/16\/zschaepes-angebliche-vorlieben-das-medienlog-vom-donnerstag-16-juli-2015\/#breadcrumb"},"inLanguage":"de","potentialAction":[{"@type":"ReadAction","target":["https:\/\/blog.zeit.de\/nsu-prozess-blog\/2015\/07\/16\/zschaepes-angebliche-vorlieben-das-medienlog-vom-donnerstag-16-juli-2015\/"]}]},{"@type":"BreadcrumbList","@id":"https:\/\/blog.zeit.de\/nsu-prozess-blog\/2015\/07\/16\/zschaepes-angebliche-vorlieben-das-medienlog-vom-donnerstag-16-juli-2015\/#breadcrumb","itemListElement":[{"@type":"ListItem","position":1,"name":"Startseite","item":"https:\/\/blog.zeit.de\/nsu-prozess-blog\/"},{"@type":"ListItem","position":2,"name":"Zsch\u00e4pes angebliche Vorlieben \u2013 Das Medienlog vom Donnerstag, 16. Juli 2015"}]},{"@type":"WebSite","@id":"https:\/\/blog.zeit.de\/nsu-prozess-blog\/#website","url":"https:\/\/blog.zeit.de\/nsu-prozess-blog\/","name":"Das NSU-Prozess-Blog","description":"Alle Berichte zum Terrorverfahren in M\u00fcnchen","potentialAction":[{"@type":"SearchAction","target":{"@type":"EntryPoint","urlTemplate":"https:\/\/blog.zeit.de\/nsu-prozess-blog\/?s={search_term_string}"},"query-input":"required name=search_term_string"}],"inLanguage":"de"},{"@type":"Person","@id":"https:\/\/blog.zeit.de\/nsu-prozess-blog\/#\/schema\/person\/110e2fe4d5ec4e01f71931b64f570c54","name":"Tilman Steffen","image":{"@type":"ImageObject","inLanguage":"de","@id":"https:\/\/blog.zeit.de\/nsu-prozess-blog\/#\/schema\/person\/image\/","url":"https:\/\/secure.gravatar.com\/avatar\/8c4becdd9d412e3bd74354093718744070721ed0cb4054b7a8b7b12fa1a4b347?s=96&d=mm&r=g","contentUrl":"https:\/\/secure.gravatar.com\/avatar\/8c4becdd9d412e3bd74354093718744070721ed0cb4054b7a8b7b12fa1a4b347?s=96&d=mm&r=g","caption":"Tilman Steffen"},"description":"Redakteur bei ZEIT ONLINE seit 2009. Zuvor bei der Netzeitung. Nach der Journalistenschule Arbeit als Printautor und Fotograf; Redakteur und Reporter f\u00fcr epd, Beitr\u00e4ge f\u00fcr ZDF, n-tv, XXP, Mitarbeiter bei Reuters TV. \u2013 Orgelbauer, Kulturmanager, Journalist. Geboren, als Willy Brandt die deutsche Teilung anerkannte. Gro\u00df geworden in Deutschlands S\u00fcdosten \u2013 erwachsen seit dem Mauerfall. Drei Berufe gelernt, zwei Kinder gezeugt, ein Kulturzentrum gegr\u00fcndet \u2013 und dabei zum Journalisten geworden.","sameAs":["http:\/\/www.tilmansteffen.de"],"url":"https:\/\/blog.zeit.de\/nsu-prozess-blog\/author\/tilman-steffen\/"}]}},"jetpack_featured_media_url":"","jetpack_sharing_enabled":true,"_links":{"self":[{"href":"https:\/\/blog.zeit.de\/nsu-prozess-blog\/wp-json\/wp\/v2\/posts\/9541","targetHints":{"allow":["GET"]}}],"collection":[{"href":"https:\/\/blog.zeit.de\/nsu-prozess-blog\/wp-json\/wp\/v2\/posts"}],"about":[{"href":"https:\/\/blog.zeit.de\/nsu-prozess-blog\/wp-json\/wp\/v2\/types\/post"}],"author":[{"embeddable":true,"href":"https:\/\/blog.zeit.de\/nsu-prozess-blog\/wp-json\/wp\/v2\/users\/191"}],"replies":[{"embeddable":true,"href":"https:\/\/blog.zeit.de\/nsu-prozess-blog\/wp-json\/wp\/v2\/comments?post=9541"}],"version-history":[{"count":12,"href":"https:\/\/blog.zeit.de\/nsu-prozess-blog\/wp-json\/wp\/v2\/posts\/9541\/revisions"}],"predecessor-version":[{"id":9562,"href":"https:\/\/blog.zeit.de\/nsu-prozess-blog\/wp-json\/wp\/v2\/posts\/9541\/revisions\/9562"}],"wp:attachment":[{"href":"https:\/\/blog.zeit.de\/nsu-prozess-blog\/wp-json\/wp\/v2\/media?parent=9541"}],"wp:term":[{"taxonomy":"category","embeddable":true,"href":"https:\/\/blog.zeit.de\/nsu-prozess-blog\/wp-json\/wp\/v2\/categories?post=9541"},{"taxonomy":"post_tag","embeddable":true,"href":"https:\/\/blog.zeit.de\/nsu-prozess-blog\/wp-json\/wp\/v2\/tags?post=9541"}],"curies":[{"name":"wp","href":"https:\/\/api.w.org\/{rel}","templated":true}]}}