{"id":9565,"date":"2015-07-21T07:00:00","date_gmt":"2015-07-21T05:00:00","guid":{"rendered":"http:\/\/blog.zeit.de\/nsu-prozess-blog\/?p=9565"},"modified":"2015-07-21T15:11:10","modified_gmt":"2015-07-21T13:11:10","slug":"220-prozesstag-wer-stellte-den-bombenkoffer-ab","status":"publish","type":"post","link":"https:\/\/blog.zeit.de\/nsu-prozess-blog\/2015\/07\/21\/220-prozesstag-wer-stellte-den-bombenkoffer-ab\/","title":{"rendered":"220. Prozesstag \u2013 Wer stellte den Bombenkoffer ab?"},"content":{"rendered":"<p><em>Update: Der Zeuge Rene S. wurde auf einen anderen Termin umgeladen.<\/em><\/p>\n<p>Es war eine der ersten Taten, mit der die sp\u00e4tere Terrorgruppe NSU in Erscheinung trat: Im September 1997 wurde ein Koffer, in dem sich eine Bombe befand, auf dem Vorplatz des Theaters in Jena gefunden. Der Sprengsatz war zwar nicht mit Z\u00fcnder versehen, setzte jedoch ein <a href=\"https:\/\/blog.zeit.de\/nsu-prozess-blog\/2014\/09\/04\/ermittler-zoegern-nazis-fluechten\/\">deutliches Signal f\u00fcr die Rechtsextremen<\/a>. Beteiligt waren damals nicht nur Beate Zsch\u00e4pe, Uwe Mundlos und Uwe B\u00f6hnhardt, sondern auch weitere <a href=\"https:\/\/blog.zeit.de\/nsu-prozess-blog\/2014\/11\/18\/wie-die-kameraden-boehnhardt-deckten\/\">Kameraden der Neonazi-Szene<\/a> \u2013 darunter Henning H., der am Dienstag als Zeuge im NSU-Prozess aussagen muss.<\/p>\n<p>Zu einer noch fr\u00fcheren Tat ist der Zeuge Rene S. geladen. Gegen ihn wurde in einem Verfahren ermittelt, das die Staatsanwaltschaft wegen einer Bombenattrappe f\u00fchrte. Dabei handelte es sich um eine Holzkiste mit der Aufschrift &#8222;Bombe&#8220;, die Kinder auf einem Fu\u00dfballplatz in Jena gefunden hatten. Nebenkl\u00e4ger und Gericht erhoffen sich von den beiden M\u00e4nnern Hinweise auf die Ideologie, der Zsch\u00e4pe, Mundlos und B\u00f6hnhardt damals folgten. Bald darauf, im Januar 1998, tauchte das Trio auf der Flucht vor der Polizei in den Untergrund ab.<\/p>\n<p>Zudem sagt eine Kommissarin des Bundeskriminalamts aus. Sie wertete Beweise aus, die in der ausgebrannten Zwickauer Wohnung des NSU-Trios gefunden worden waren.<\/p>\n<p><em>ZEIT ONLINE berichtet aus M\u00fcnchen und fasst den Prozesstag am Abend auf diesem Blog zusammen. Informationen aus der Verhandlung gibt es <\/em><a href=\"https:\/\/twitter.com\/zeitonline\/lists\/nsu-prozess\"><em>via Twitter hier<\/em><\/a><em>. Weitere Berichte stellen wir morgen im <\/em><a href=\"https:\/\/blog.zeit.de\/nsu-prozess-blog\/category\/medienschau\/\"><em>NSU-Medienlog<\/em><\/a><em> zusammen.<\/em><\/p>\n","protected":false},"excerpt":{"rendered":"<p>Update: Der Zeuge Rene S. wurde auf einen anderen Termin umgeladen. Es war eine der ersten Taten, mit der die sp\u00e4tere Terrorgruppe NSU in Erscheinung trat: Im September 1997 wurde ein Koffer, in dem sich eine Bombe befand, auf dem Vorplatz des Theaters in Jena gefunden. Der Sprengsatz war zwar nicht mit Z\u00fcnder versehen, setzte [&hellip;]<\/p>\n","protected":false},"author":435,"featured_media":0,"comment_status":"open","ping_status":"open","sticky":false,"template":"","format":"standard","meta":{"_jetpack_memberships_contains_paid_content":false,"footnotes":""},"categories":[27532],"tags":[26571,35370,1626,1449],"class_list":["post-9565","post","type-post","status-publish","format-standard","hentry","category-prozesstage","tag-bombe","tag-bundeskriminalamt","tag-jena","tag-unterstutzer"],"yoast_head":"<!-- This site is optimized with the Yoast SEO plugin v21.0 - https:\/\/yoast.com\/wordpress\/plugins\/seo\/ -->\n<title>220. Prozesstag \u2013 Wer stellte den Bombenkoffer ab? - Das NSU-Prozess-Blog<\/title>\n<meta name=\"robots\" content=\"index, follow, max-snippet:-1, max-image-preview:large, max-video-preview:-1\" \/>\n<link rel=\"canonical\" href=\"https:\/\/blog.zeit.de\/nsu-prozess-blog\/2015\/07\/21\/220-prozesstag-wer-stellte-den-bombenkoffer-ab\/\" \/>\n<meta property=\"og:locale\" content=\"de_DE\" \/>\n<meta property=\"og:type\" content=\"article\" \/>\n<meta property=\"og:title\" content=\"220. Prozesstag \u2013 Wer stellte den Bombenkoffer ab? - Das NSU-Prozess-Blog\" \/>\n<meta property=\"og:description\" content=\"Update: Der Zeuge Rene S. wurde auf einen anderen Termin umgeladen. Es war eine der ersten Taten, mit der die sp\u00e4tere Terrorgruppe NSU in Erscheinung trat: Im September 1997 wurde ein Koffer, in dem sich eine Bombe befand, auf dem Vorplatz des Theaters in Jena gefunden. Der Sprengsatz war zwar nicht mit Z\u00fcnder versehen, setzte [&hellip;]\" \/>\n<meta property=\"og:url\" content=\"https:\/\/blog.zeit.de\/nsu-prozess-blog\/2015\/07\/21\/220-prozesstag-wer-stellte-den-bombenkoffer-ab\/\" \/>\n<meta property=\"og:site_name\" content=\"Das NSU-Prozess-Blog\" \/>\n<meta property=\"article:published_time\" content=\"2015-07-21T05:00:00+00:00\" \/>\n<meta property=\"article:modified_time\" content=\"2015-07-21T13:11:10+00:00\" \/>\n<meta name=\"author\" content=\"Tom Sundermann\" \/>\n<meta name=\"twitter:label1\" content=\"Geschrieben von\" \/>\n\t<meta name=\"twitter:data1\" content=\"Tom Sundermann\" \/>\n\t<meta name=\"twitter:label2\" content=\"Gesch\u00e4tzte Lesezeit\" \/>\n\t<meta name=\"twitter:data2\" content=\"1\u00a0Minute\" \/>\n<script type=\"application\/ld+json\" class=\"yoast-schema-graph\">{\"@context\":\"https:\/\/schema.org\",\"@graph\":[{\"@type\":\"WebPage\",\"@id\":\"https:\/\/blog.zeit.de\/nsu-prozess-blog\/2015\/07\/21\/220-prozesstag-wer-stellte-den-bombenkoffer-ab\/\",\"url\":\"https:\/\/blog.zeit.de\/nsu-prozess-blog\/2015\/07\/21\/220-prozesstag-wer-stellte-den-bombenkoffer-ab\/\",\"name\":\"220. Prozesstag \u2013 Wer stellte den Bombenkoffer ab? - Das NSU-Prozess-Blog\",\"isPartOf\":{\"@id\":\"https:\/\/blog.zeit.de\/nsu-prozess-blog\/#website\"},\"datePublished\":\"2015-07-21T05:00:00+00:00\",\"dateModified\":\"2015-07-21T13:11:10+00:00\",\"author\":{\"@id\":\"https:\/\/blog.zeit.de\/nsu-prozess-blog\/#\/schema\/person\/553ea9bb5d1fc2ae054c589bd59380a5\"},\"breadcrumb\":{\"@id\":\"https:\/\/blog.zeit.de\/nsu-prozess-blog\/2015\/07\/21\/220-prozesstag-wer-stellte-den-bombenkoffer-ab\/#breadcrumb\"},\"inLanguage\":\"de\",\"potentialAction\":[{\"@type\":\"ReadAction\",\"target\":[\"https:\/\/blog.zeit.de\/nsu-prozess-blog\/2015\/07\/21\/220-prozesstag-wer-stellte-den-bombenkoffer-ab\/\"]}]},{\"@type\":\"BreadcrumbList\",\"@id\":\"https:\/\/blog.zeit.de\/nsu-prozess-blog\/2015\/07\/21\/220-prozesstag-wer-stellte-den-bombenkoffer-ab\/#breadcrumb\",\"itemListElement\":[{\"@type\":\"ListItem\",\"position\":1,\"name\":\"Startseite\",\"item\":\"https:\/\/blog.zeit.de\/nsu-prozess-blog\/\"},{\"@type\":\"ListItem\",\"position\":2,\"name\":\"220. Prozesstag \u2013 Wer stellte den Bombenkoffer ab?\"}]},{\"@type\":\"WebSite\",\"@id\":\"https:\/\/blog.zeit.de\/nsu-prozess-blog\/#website\",\"url\":\"https:\/\/blog.zeit.de\/nsu-prozess-blog\/\",\"name\":\"Das NSU-Prozess-Blog\",\"description\":\"Alle Berichte zum Terrorverfahren in M\u00fcnchen\",\"potentialAction\":[{\"@type\":\"SearchAction\",\"target\":{\"@type\":\"EntryPoint\",\"urlTemplate\":\"https:\/\/blog.zeit.de\/nsu-prozess-blog\/?s={search_term_string}\"},\"query-input\":\"required name=search_term_string\"}],\"inLanguage\":\"de\"},{\"@type\":\"Person\",\"@id\":\"https:\/\/blog.zeit.de\/nsu-prozess-blog\/#\/schema\/person\/553ea9bb5d1fc2ae054c589bd59380a5\",\"name\":\"Tom Sundermann\",\"image\":{\"@type\":\"ImageObject\",\"inLanguage\":\"de\",\"@id\":\"https:\/\/blog.zeit.de\/nsu-prozess-blog\/#\/schema\/person\/image\/\",\"url\":\"https:\/\/secure.gravatar.com\/avatar\/e108a3dc18766f719b2f797dc5d19093f06a1870c55b553ab6b7563f1f9a5e68?s=96&d=mm&r=g\",\"contentUrl\":\"https:\/\/secure.gravatar.com\/avatar\/e108a3dc18766f719b2f797dc5d19093f06a1870c55b553ab6b7563f1f9a5e68?s=96&d=mm&r=g\",\"caption\":\"Tom Sundermann\"},\"sameAs\":[\"https:\/\/twitter.com\/messeticker\"],\"url\":\"https:\/\/blog.zeit.de\/nsu-prozess-blog\/author\/tsundermann\/\"}]}<\/script>\n<!-- \/ Yoast SEO plugin. -->","yoast_head_json":{"title":"220. Prozesstag \u2013 Wer stellte den Bombenkoffer ab? - Das NSU-Prozess-Blog","robots":{"index":"index","follow":"follow","max-snippet":"max-snippet:-1","max-image-preview":"max-image-preview:large","max-video-preview":"max-video-preview:-1"},"canonical":"https:\/\/blog.zeit.de\/nsu-prozess-blog\/2015\/07\/21\/220-prozesstag-wer-stellte-den-bombenkoffer-ab\/","og_locale":"de_DE","og_type":"article","og_title":"220. Prozesstag \u2013 Wer stellte den Bombenkoffer ab? - Das NSU-Prozess-Blog","og_description":"Update: Der Zeuge Rene S. wurde auf einen anderen Termin umgeladen. Es war eine der ersten Taten, mit der die sp\u00e4tere Terrorgruppe NSU in Erscheinung trat: Im September 1997 wurde ein Koffer, in dem sich eine Bombe befand, auf dem Vorplatz des Theaters in Jena gefunden. Der Sprengsatz war zwar nicht mit Z\u00fcnder versehen, setzte [&hellip;]","og_url":"https:\/\/blog.zeit.de\/nsu-prozess-blog\/2015\/07\/21\/220-prozesstag-wer-stellte-den-bombenkoffer-ab\/","og_site_name":"Das NSU-Prozess-Blog","article_published_time":"2015-07-21T05:00:00+00:00","article_modified_time":"2015-07-21T13:11:10+00:00","author":"Tom Sundermann","twitter_misc":{"Geschrieben von":"Tom Sundermann","Gesch\u00e4tzte Lesezeit":"1\u00a0Minute"},"schema":{"@context":"https:\/\/schema.org","@graph":[{"@type":"WebPage","@id":"https:\/\/blog.zeit.de\/nsu-prozess-blog\/2015\/07\/21\/220-prozesstag-wer-stellte-den-bombenkoffer-ab\/","url":"https:\/\/blog.zeit.de\/nsu-prozess-blog\/2015\/07\/21\/220-prozesstag-wer-stellte-den-bombenkoffer-ab\/","name":"220. Prozesstag \u2013 Wer stellte den Bombenkoffer ab? - Das NSU-Prozess-Blog","isPartOf":{"@id":"https:\/\/blog.zeit.de\/nsu-prozess-blog\/#website"},"datePublished":"2015-07-21T05:00:00+00:00","dateModified":"2015-07-21T13:11:10+00:00","author":{"@id":"https:\/\/blog.zeit.de\/nsu-prozess-blog\/#\/schema\/person\/553ea9bb5d1fc2ae054c589bd59380a5"},"breadcrumb":{"@id":"https:\/\/blog.zeit.de\/nsu-prozess-blog\/2015\/07\/21\/220-prozesstag-wer-stellte-den-bombenkoffer-ab\/#breadcrumb"},"inLanguage":"de","potentialAction":[{"@type":"ReadAction","target":["https:\/\/blog.zeit.de\/nsu-prozess-blog\/2015\/07\/21\/220-prozesstag-wer-stellte-den-bombenkoffer-ab\/"]}]},{"@type":"BreadcrumbList","@id":"https:\/\/blog.zeit.de\/nsu-prozess-blog\/2015\/07\/21\/220-prozesstag-wer-stellte-den-bombenkoffer-ab\/#breadcrumb","itemListElement":[{"@type":"ListItem","position":1,"name":"Startseite","item":"https:\/\/blog.zeit.de\/nsu-prozess-blog\/"},{"@type":"ListItem","position":2,"name":"220. Prozesstag \u2013 Wer stellte den Bombenkoffer ab?"}]},{"@type":"WebSite","@id":"https:\/\/blog.zeit.de\/nsu-prozess-blog\/#website","url":"https:\/\/blog.zeit.de\/nsu-prozess-blog\/","name":"Das NSU-Prozess-Blog","description":"Alle Berichte zum Terrorverfahren in M\u00fcnchen","potentialAction":[{"@type":"SearchAction","target":{"@type":"EntryPoint","urlTemplate":"https:\/\/blog.zeit.de\/nsu-prozess-blog\/?s={search_term_string}"},"query-input":"required name=search_term_string"}],"inLanguage":"de"},{"@type":"Person","@id":"https:\/\/blog.zeit.de\/nsu-prozess-blog\/#\/schema\/person\/553ea9bb5d1fc2ae054c589bd59380a5","name":"Tom Sundermann","image":{"@type":"ImageObject","inLanguage":"de","@id":"https:\/\/blog.zeit.de\/nsu-prozess-blog\/#\/schema\/person\/image\/","url":"https:\/\/secure.gravatar.com\/avatar\/e108a3dc18766f719b2f797dc5d19093f06a1870c55b553ab6b7563f1f9a5e68?s=96&d=mm&r=g","contentUrl":"https:\/\/secure.gravatar.com\/avatar\/e108a3dc18766f719b2f797dc5d19093f06a1870c55b553ab6b7563f1f9a5e68?s=96&d=mm&r=g","caption":"Tom Sundermann"},"sameAs":["https:\/\/twitter.com\/messeticker"],"url":"https:\/\/blog.zeit.de\/nsu-prozess-blog\/author\/tsundermann\/"}]}},"jetpack_featured_media_url":"","jetpack_sharing_enabled":true,"_links":{"self":[{"href":"https:\/\/blog.zeit.de\/nsu-prozess-blog\/wp-json\/wp\/v2\/posts\/9565","targetHints":{"allow":["GET"]}}],"collection":[{"href":"https:\/\/blog.zeit.de\/nsu-prozess-blog\/wp-json\/wp\/v2\/posts"}],"about":[{"href":"https:\/\/blog.zeit.de\/nsu-prozess-blog\/wp-json\/wp\/v2\/types\/post"}],"author":[{"embeddable":true,"href":"https:\/\/blog.zeit.de\/nsu-prozess-blog\/wp-json\/wp\/v2\/users\/435"}],"replies":[{"embeddable":true,"href":"https:\/\/blog.zeit.de\/nsu-prozess-blog\/wp-json\/wp\/v2\/comments?post=9565"}],"version-history":[{"count":2,"href":"https:\/\/blog.zeit.de\/nsu-prozess-blog\/wp-json\/wp\/v2\/posts\/9565\/revisions"}],"predecessor-version":[{"id":9590,"href":"https:\/\/blog.zeit.de\/nsu-prozess-blog\/wp-json\/wp\/v2\/posts\/9565\/revisions\/9590"}],"wp:attachment":[{"href":"https:\/\/blog.zeit.de\/nsu-prozess-blog\/wp-json\/wp\/v2\/media?parent=9565"}],"wp:term":[{"taxonomy":"category","embeddable":true,"href":"https:\/\/blog.zeit.de\/nsu-prozess-blog\/wp-json\/wp\/v2\/categories?post=9565"},{"taxonomy":"post_tag","embeddable":true,"href":"https:\/\/blog.zeit.de\/nsu-prozess-blog\/wp-json\/wp\/v2\/tags?post=9565"}],"curies":[{"name":"wp","href":"https:\/\/api.w.org\/{rel}","templated":true}]}}