{"id":9615,"date":"2015-07-28T07:00:11","date_gmt":"2015-07-28T05:00:11","guid":{"rendered":"http:\/\/blog.zeit.de\/nsu-prozess-blog\/?p=9615"},"modified":"2015-07-23T13:06:32","modified_gmt":"2015-07-23T11:06:32","slug":"221-prozesstag-die-tarnnamen-von-zschaepe-mundlos-und-boehnhardt","status":"publish","type":"post","link":"https:\/\/blog.zeit.de\/nsu-prozess-blog\/2015\/07\/28\/221-prozesstag-die-tarnnamen-von-zschaepe-mundlos-und-boehnhardt\/","title":{"rendered":"221. Prozesstag \u2013 Die Tarnnamen von Zsch\u00e4pe, Mundlos und B\u00f6hnhardt"},"content":{"rendered":"<p>Ralph B., Andreas F., Ringo K. \u2013 Namen wie diese benutzte das NSU-Trio aus Beate Zsch\u00e4pe, Uwe Mundlos und Uwe B\u00f6hnhardt, um sich im Untergrund zu tarnen. Mehrere mutma\u00dfliche <a href=\"https:\/\/blog.zeit.de\/nsu-prozess-blog\/die-helfer\/\">Unterst\u00fctzer<\/a>, die den Rechtsextremen ihre <a href=\"https:\/\/blog.zeit.de\/nsu-prozess-blog\/2014\/07\/09\/naives-opfer-oder-williger-helfer-fuer-terror-trio\/\">Personalien zur Verf\u00fcgung gestellt<\/a> hatten, haben bereits als Zeugen ausgesagt, zum Teil sitzen sie deswegen auf der Anklagebank. Ein ganze Reihe von weiteren Scheinidentit\u00e4ten untersucht das Gericht am Dienstag. Dazu sagt eine Kommissarin des Bundeskriminalamts aus, die das Versteckspiel des NSU im Rahmen der Ermittlungen untersucht hat.<\/p>\n<p>Ein weiterer Zeuge ist Sandro T. Er soll Informationen zu einer <a href=\"https:\/\/blog.zeit.de\/nsu-prozess-blog\/2015\/05\/13\/das-rechtsextreme-grossmuetterchen\/\">Schulungsveranstaltung der NPD<\/a> liefern, an der im Januar 2000 die bekannte Rechtsextremistin Edda Schmidt teilnahm. Sie soll dort einen mysteri\u00f6sen <a href=\"https:\/\/blog.zeit.de\/nsu-prozess-blog\/2015\/03\/04\/mysterioeser-hinweis-auf-zschaepe\/\">Hinweis zum Aufenthaltsort<\/a> der Untergetauchten gemacht haben: Den dreien gehe es gut und sie lebten in Chemnitz. Schmidt bestritt den Vorhalt in ihrer eigenen Vernehmung.<\/p>\n<p><em>ZEIT ONLINE berichtet aus M\u00fcnchen und fasst den Prozesstag am Abend auf diesem Blog zusammen. Informationen aus der Verhandlung gibt es <a href=\"https:\/\/twitter.com\/zeitonline\/lists\/nsu-prozess\">via Twitter hier<\/a>. Weitere Berichte stellen wir morgen im <a href=\"https:\/\/blog.zeit.de\/nsu-prozess-blog\/category\/medienschau\/\">NSU-Medienlog<\/a> zusammen.<\/em><\/p>\n","protected":false},"excerpt":{"rendered":"<p>Ralph B., Andreas F., Ringo K. \u2013 Namen wie diese benutzte das NSU-Trio aus Beate Zsch\u00e4pe, Uwe Mundlos und Uwe B\u00f6hnhardt, um sich im Untergrund zu tarnen. Mehrere mutma\u00dfliche Unterst\u00fctzer, die den Rechtsextremen ihre Personalien zur Verf\u00fcgung gestellt hatten, haben bereits als Zeugen ausgesagt, zum Teil sitzen sie deswegen auf der Anklagebank. Ein ganze Reihe [&hellip;]<\/p>\n","protected":false},"author":435,"featured_media":0,"comment_status":"open","ping_status":"open","sticky":false,"template":"","format":"standard","meta":{"_jetpack_memberships_contains_paid_content":false,"footnotes":""},"categories":[27532],"tags":[35371,27562,29421,1716,27134,1449],"class_list":["post-9615","post","type-post","status-publish","format-standard","hentry","category-prozesstage","tag-alias","tag-bka","tag-namen","tag-npd","tag-untergrund","tag-unterstutzer"],"yoast_head":"<!-- This site is optimized with the Yoast SEO plugin v21.0 - https:\/\/yoast.com\/wordpress\/plugins\/seo\/ -->\n<title>221. Prozesstag \u2013 Die Tarnnamen von Zsch\u00e4pe, Mundlos und B\u00f6hnhardt - Das NSU-Prozess-Blog<\/title>\n<meta name=\"robots\" content=\"index, follow, max-snippet:-1, max-image-preview:large, max-video-preview:-1\" \/>\n<link rel=\"canonical\" href=\"https:\/\/blog.zeit.de\/nsu-prozess-blog\/2015\/07\/28\/221-prozesstag-die-tarnnamen-von-zschaepe-mundlos-und-boehnhardt\/\" \/>\n<meta property=\"og:locale\" content=\"de_DE\" \/>\n<meta property=\"og:type\" content=\"article\" \/>\n<meta property=\"og:title\" content=\"221. Prozesstag \u2013 Die Tarnnamen von Zsch\u00e4pe, Mundlos und B\u00f6hnhardt - Das NSU-Prozess-Blog\" \/>\n<meta property=\"og:description\" content=\"Ralph B., Andreas F., Ringo K. \u2013 Namen wie diese benutzte das NSU-Trio aus Beate Zsch\u00e4pe, Uwe Mundlos und Uwe B\u00f6hnhardt, um sich im Untergrund zu tarnen. Mehrere mutma\u00dfliche Unterst\u00fctzer, die den Rechtsextremen ihre Personalien zur Verf\u00fcgung gestellt hatten, haben bereits als Zeugen ausgesagt, zum Teil sitzen sie deswegen auf der Anklagebank. Ein ganze Reihe [&hellip;]\" \/>\n<meta property=\"og:url\" content=\"https:\/\/blog.zeit.de\/nsu-prozess-blog\/2015\/07\/28\/221-prozesstag-die-tarnnamen-von-zschaepe-mundlos-und-boehnhardt\/\" \/>\n<meta property=\"og:site_name\" content=\"Das NSU-Prozess-Blog\" \/>\n<meta property=\"article:published_time\" content=\"2015-07-28T05:00:11+00:00\" \/>\n<meta property=\"article:modified_time\" content=\"2015-07-23T11:06:32+00:00\" \/>\n<meta name=\"author\" content=\"Tom Sundermann\" \/>\n<meta name=\"twitter:label1\" content=\"Geschrieben von\" \/>\n\t<meta name=\"twitter:data1\" content=\"Tom Sundermann\" \/>\n\t<meta name=\"twitter:label2\" content=\"Gesch\u00e4tzte Lesezeit\" \/>\n\t<meta name=\"twitter:data2\" content=\"1\u00a0Minute\" \/>\n<script type=\"application\/ld+json\" class=\"yoast-schema-graph\">{\"@context\":\"https:\/\/schema.org\",\"@graph\":[{\"@type\":\"WebPage\",\"@id\":\"https:\/\/blog.zeit.de\/nsu-prozess-blog\/2015\/07\/28\/221-prozesstag-die-tarnnamen-von-zschaepe-mundlos-und-boehnhardt\/\",\"url\":\"https:\/\/blog.zeit.de\/nsu-prozess-blog\/2015\/07\/28\/221-prozesstag-die-tarnnamen-von-zschaepe-mundlos-und-boehnhardt\/\",\"name\":\"221. Prozesstag \u2013 Die Tarnnamen von Zsch\u00e4pe, Mundlos und B\u00f6hnhardt - Das NSU-Prozess-Blog\",\"isPartOf\":{\"@id\":\"https:\/\/blog.zeit.de\/nsu-prozess-blog\/#website\"},\"datePublished\":\"2015-07-28T05:00:11+00:00\",\"dateModified\":\"2015-07-23T11:06:32+00:00\",\"author\":{\"@id\":\"https:\/\/blog.zeit.de\/nsu-prozess-blog\/#\/schema\/person\/553ea9bb5d1fc2ae054c589bd59380a5\"},\"breadcrumb\":{\"@id\":\"https:\/\/blog.zeit.de\/nsu-prozess-blog\/2015\/07\/28\/221-prozesstag-die-tarnnamen-von-zschaepe-mundlos-und-boehnhardt\/#breadcrumb\"},\"inLanguage\":\"de\",\"potentialAction\":[{\"@type\":\"ReadAction\",\"target\":[\"https:\/\/blog.zeit.de\/nsu-prozess-blog\/2015\/07\/28\/221-prozesstag-die-tarnnamen-von-zschaepe-mundlos-und-boehnhardt\/\"]}]},{\"@type\":\"BreadcrumbList\",\"@id\":\"https:\/\/blog.zeit.de\/nsu-prozess-blog\/2015\/07\/28\/221-prozesstag-die-tarnnamen-von-zschaepe-mundlos-und-boehnhardt\/#breadcrumb\",\"itemListElement\":[{\"@type\":\"ListItem\",\"position\":1,\"name\":\"Startseite\",\"item\":\"https:\/\/blog.zeit.de\/nsu-prozess-blog\/\"},{\"@type\":\"ListItem\",\"position\":2,\"name\":\"221. Prozesstag \u2013 Die Tarnnamen von Zsch\u00e4pe, Mundlos und B\u00f6hnhardt\"}]},{\"@type\":\"WebSite\",\"@id\":\"https:\/\/blog.zeit.de\/nsu-prozess-blog\/#website\",\"url\":\"https:\/\/blog.zeit.de\/nsu-prozess-blog\/\",\"name\":\"Das NSU-Prozess-Blog\",\"description\":\"Alle Berichte zum Terrorverfahren in M\u00fcnchen\",\"potentialAction\":[{\"@type\":\"SearchAction\",\"target\":{\"@type\":\"EntryPoint\",\"urlTemplate\":\"https:\/\/blog.zeit.de\/nsu-prozess-blog\/?s={search_term_string}\"},\"query-input\":\"required name=search_term_string\"}],\"inLanguage\":\"de\"},{\"@type\":\"Person\",\"@id\":\"https:\/\/blog.zeit.de\/nsu-prozess-blog\/#\/schema\/person\/553ea9bb5d1fc2ae054c589bd59380a5\",\"name\":\"Tom Sundermann\",\"image\":{\"@type\":\"ImageObject\",\"inLanguage\":\"de\",\"@id\":\"https:\/\/blog.zeit.de\/nsu-prozess-blog\/#\/schema\/person\/image\/\",\"url\":\"https:\/\/secure.gravatar.com\/avatar\/e108a3dc18766f719b2f797dc5d19093f06a1870c55b553ab6b7563f1f9a5e68?s=96&d=mm&r=g\",\"contentUrl\":\"https:\/\/secure.gravatar.com\/avatar\/e108a3dc18766f719b2f797dc5d19093f06a1870c55b553ab6b7563f1f9a5e68?s=96&d=mm&r=g\",\"caption\":\"Tom Sundermann\"},\"sameAs\":[\"https:\/\/twitter.com\/messeticker\"],\"url\":\"https:\/\/blog.zeit.de\/nsu-prozess-blog\/author\/tsundermann\/\"}]}<\/script>\n<!-- \/ Yoast SEO plugin. -->","yoast_head_json":{"title":"221. Prozesstag \u2013 Die Tarnnamen von Zsch\u00e4pe, Mundlos und B\u00f6hnhardt - Das NSU-Prozess-Blog","robots":{"index":"index","follow":"follow","max-snippet":"max-snippet:-1","max-image-preview":"max-image-preview:large","max-video-preview":"max-video-preview:-1"},"canonical":"https:\/\/blog.zeit.de\/nsu-prozess-blog\/2015\/07\/28\/221-prozesstag-die-tarnnamen-von-zschaepe-mundlos-und-boehnhardt\/","og_locale":"de_DE","og_type":"article","og_title":"221. Prozesstag \u2013 Die Tarnnamen von Zsch\u00e4pe, Mundlos und B\u00f6hnhardt - Das NSU-Prozess-Blog","og_description":"Ralph B., Andreas F., Ringo K. \u2013 Namen wie diese benutzte das NSU-Trio aus Beate Zsch\u00e4pe, Uwe Mundlos und Uwe B\u00f6hnhardt, um sich im Untergrund zu tarnen. Mehrere mutma\u00dfliche Unterst\u00fctzer, die den Rechtsextremen ihre Personalien zur Verf\u00fcgung gestellt hatten, haben bereits als Zeugen ausgesagt, zum Teil sitzen sie deswegen auf der Anklagebank. Ein ganze Reihe [&hellip;]","og_url":"https:\/\/blog.zeit.de\/nsu-prozess-blog\/2015\/07\/28\/221-prozesstag-die-tarnnamen-von-zschaepe-mundlos-und-boehnhardt\/","og_site_name":"Das NSU-Prozess-Blog","article_published_time":"2015-07-28T05:00:11+00:00","article_modified_time":"2015-07-23T11:06:32+00:00","author":"Tom Sundermann","twitter_misc":{"Geschrieben von":"Tom Sundermann","Gesch\u00e4tzte Lesezeit":"1\u00a0Minute"},"schema":{"@context":"https:\/\/schema.org","@graph":[{"@type":"WebPage","@id":"https:\/\/blog.zeit.de\/nsu-prozess-blog\/2015\/07\/28\/221-prozesstag-die-tarnnamen-von-zschaepe-mundlos-und-boehnhardt\/","url":"https:\/\/blog.zeit.de\/nsu-prozess-blog\/2015\/07\/28\/221-prozesstag-die-tarnnamen-von-zschaepe-mundlos-und-boehnhardt\/","name":"221. Prozesstag \u2013 Die Tarnnamen von Zsch\u00e4pe, Mundlos und B\u00f6hnhardt - Das NSU-Prozess-Blog","isPartOf":{"@id":"https:\/\/blog.zeit.de\/nsu-prozess-blog\/#website"},"datePublished":"2015-07-28T05:00:11+00:00","dateModified":"2015-07-23T11:06:32+00:00","author":{"@id":"https:\/\/blog.zeit.de\/nsu-prozess-blog\/#\/schema\/person\/553ea9bb5d1fc2ae054c589bd59380a5"},"breadcrumb":{"@id":"https:\/\/blog.zeit.de\/nsu-prozess-blog\/2015\/07\/28\/221-prozesstag-die-tarnnamen-von-zschaepe-mundlos-und-boehnhardt\/#breadcrumb"},"inLanguage":"de","potentialAction":[{"@type":"ReadAction","target":["https:\/\/blog.zeit.de\/nsu-prozess-blog\/2015\/07\/28\/221-prozesstag-die-tarnnamen-von-zschaepe-mundlos-und-boehnhardt\/"]}]},{"@type":"BreadcrumbList","@id":"https:\/\/blog.zeit.de\/nsu-prozess-blog\/2015\/07\/28\/221-prozesstag-die-tarnnamen-von-zschaepe-mundlos-und-boehnhardt\/#breadcrumb","itemListElement":[{"@type":"ListItem","position":1,"name":"Startseite","item":"https:\/\/blog.zeit.de\/nsu-prozess-blog\/"},{"@type":"ListItem","position":2,"name":"221. Prozesstag \u2013 Die Tarnnamen von Zsch\u00e4pe, Mundlos und B\u00f6hnhardt"}]},{"@type":"WebSite","@id":"https:\/\/blog.zeit.de\/nsu-prozess-blog\/#website","url":"https:\/\/blog.zeit.de\/nsu-prozess-blog\/","name":"Das NSU-Prozess-Blog","description":"Alle Berichte zum Terrorverfahren in M\u00fcnchen","potentialAction":[{"@type":"SearchAction","target":{"@type":"EntryPoint","urlTemplate":"https:\/\/blog.zeit.de\/nsu-prozess-blog\/?s={search_term_string}"},"query-input":"required name=search_term_string"}],"inLanguage":"de"},{"@type":"Person","@id":"https:\/\/blog.zeit.de\/nsu-prozess-blog\/#\/schema\/person\/553ea9bb5d1fc2ae054c589bd59380a5","name":"Tom Sundermann","image":{"@type":"ImageObject","inLanguage":"de","@id":"https:\/\/blog.zeit.de\/nsu-prozess-blog\/#\/schema\/person\/image\/","url":"https:\/\/secure.gravatar.com\/avatar\/e108a3dc18766f719b2f797dc5d19093f06a1870c55b553ab6b7563f1f9a5e68?s=96&d=mm&r=g","contentUrl":"https:\/\/secure.gravatar.com\/avatar\/e108a3dc18766f719b2f797dc5d19093f06a1870c55b553ab6b7563f1f9a5e68?s=96&d=mm&r=g","caption":"Tom Sundermann"},"sameAs":["https:\/\/twitter.com\/messeticker"],"url":"https:\/\/blog.zeit.de\/nsu-prozess-blog\/author\/tsundermann\/"}]}},"jetpack_featured_media_url":"","jetpack_sharing_enabled":true,"_links":{"self":[{"href":"https:\/\/blog.zeit.de\/nsu-prozess-blog\/wp-json\/wp\/v2\/posts\/9615","targetHints":{"allow":["GET"]}}],"collection":[{"href":"https:\/\/blog.zeit.de\/nsu-prozess-blog\/wp-json\/wp\/v2\/posts"}],"about":[{"href":"https:\/\/blog.zeit.de\/nsu-prozess-blog\/wp-json\/wp\/v2\/types\/post"}],"author":[{"embeddable":true,"href":"https:\/\/blog.zeit.de\/nsu-prozess-blog\/wp-json\/wp\/v2\/users\/435"}],"replies":[{"embeddable":true,"href":"https:\/\/blog.zeit.de\/nsu-prozess-blog\/wp-json\/wp\/v2\/comments?post=9615"}],"version-history":[{"count":1,"href":"https:\/\/blog.zeit.de\/nsu-prozess-blog\/wp-json\/wp\/v2\/posts\/9615\/revisions"}],"predecessor-version":[{"id":9617,"href":"https:\/\/blog.zeit.de\/nsu-prozess-blog\/wp-json\/wp\/v2\/posts\/9615\/revisions\/9617"}],"wp:attachment":[{"href":"https:\/\/blog.zeit.de\/nsu-prozess-blog\/wp-json\/wp\/v2\/media?parent=9615"}],"wp:term":[{"taxonomy":"category","embeddable":true,"href":"https:\/\/blog.zeit.de\/nsu-prozess-blog\/wp-json\/wp\/v2\/categories?post=9615"},{"taxonomy":"post_tag","embeddable":true,"href":"https:\/\/blog.zeit.de\/nsu-prozess-blog\/wp-json\/wp\/v2\/tags?post=9615"}],"curies":[{"name":"wp","href":"https:\/\/api.w.org\/{rel}","templated":true}]}}