{"id":9618,"date":"2015-07-29T07:00:51","date_gmt":"2015-07-29T05:00:51","guid":{"rendered":"http:\/\/blog.zeit.de\/nsu-prozess-blog\/?p=9618"},"modified":"2015-07-23T13:24:00","modified_gmt":"2015-07-23T11:24:00","slug":"222-prozesstag-wie-der-nsu-seine-opfer-ausspaehte","status":"publish","type":"post","link":"https:\/\/blog.zeit.de\/nsu-prozess-blog\/2015\/07\/29\/222-prozesstag-wie-der-nsu-seine-opfer-ausspaehte\/","title":{"rendered":"222. Prozesstag \u2013 Wie der NSU seine Opfer aussp\u00e4hte"},"content":{"rendered":"<p>In <a href=\"http:\/\/www.zeit.de\/politik\/2014-05\/nsu-terror-orte\">ganz Deutschland<\/a> ver\u00fcbte der NSU laut Anklage Morde und Anschl\u00e4ge. Wie aber suchten sich die T\u00e4ter daf\u00fcr die passenden Ziele aus? Den Taten vorausgegangen sein muss eine extrem aufw\u00e4ndige Sp\u00e4harbeit. Das belegen Adresslisten und Stadtpl\u00e4ne, die in der Zwickauer Wohnung des NSU gefunden wurden. Am Mittwoch sagt dazu ein Beamter des Bundeskriminalamts aus. Er hatte in der Ermittlungsgruppe &#8222;Trio&#8220; die umfangreiche Informationssammlung der mutma\u00dflichen Terroristen ausgewertet. Eine weitere Polizistin liefert Ausk\u00fcnfte \u00fcber Uwe Mundlos und Uwe B\u00f6hnhardt.<\/p>\n<p>Zum zweiten Mal geladen ist der V-Mann-F\u00fchrer des <a href=\"https:\/\/blog.zeit.de\/nsu-prozess-blog\/2014\/12\/03\/ein-spion-mit-schlechtem-gewissen\/\">Rechtsextremen Carsten Sz.<\/a>, der <a href=\"https:\/\/blog.zeit.de\/nsu-prozess-blog\/2014\/11\/04\/rechtsextrem-und-gewalttaetig-der-liebling-des-verfassungsschutzes\/\">Informationen aus der Szene<\/a> an den Brandenburger Verfassungsschutz geliefert hatte. Bei der <a href=\"https:\/\/blog.zeit.de\/nsu-prozess-blog\/2015\/07\/02\/medienlog-piatto-ausschluss-verfassungsschutz\/\">ersten Befragung<\/a> des Beamten, kam es zu einigem Aufsehen, als die Zuschauer zeitweise von der Vernehmung ausgeschlossen wurden. Dazu k\u00f6nnte es auch heute kommen.<\/p>\n<p><em>Informationen aus der Verhandlung gibt es <a href=\"https:\/\/twitter.com\/zeitonline\/lists\/nsu-prozess\">via Twitter hier<\/a>. Die Berichte dar\u00fcber fassen wir morgen im <a href=\"https:\/\/blog.zeit.de\/nsu-prozess-blog\/category\/medienschau\/\">NSU-Medienlog<\/a> zusammen.<\/em><\/p>\n","protected":false},"excerpt":{"rendered":"<p>In ganz Deutschland ver\u00fcbte der NSU laut Anklage Morde und Anschl\u00e4ge. Wie aber suchten sich die T\u00e4ter daf\u00fcr die passenden Ziele aus? Den Taten vorausgegangen sein muss eine extrem aufw\u00e4ndige Sp\u00e4harbeit. Das belegen Adresslisten und Stadtpl\u00e4ne, die in der Zwickauer Wohnung des NSU gefunden wurden. Am Mittwoch sagt dazu ein Beamter des Bundeskriminalamts aus. Er [&hellip;]<\/p>\n","protected":false},"author":435,"featured_media":0,"comment_status":"open","ping_status":"open","sticky":false,"template":"","format":"standard","meta":{"_jetpack_memberships_contains_paid_content":false,"footnotes":""},"categories":[27532],"tags":[33571,1451,29480,29554,17899,1836],"class_list":["post-9618","post","type-post","status-publish","format-standard","hentry","category-prozesstage","tag-anschlagsplanung","tag-brandenburg","tag-opfer","tag-piatto","tag-v-mann","tag-verfassungsschutz"],"yoast_head":"<!-- This site is optimized with the Yoast SEO plugin v21.0 - https:\/\/yoast.com\/wordpress\/plugins\/seo\/ -->\n<title>222. Prozesstag \u2013 Wie der NSU seine Opfer aussp\u00e4hte - Das NSU-Prozess-Blog<\/title>\n<meta name=\"robots\" content=\"index, follow, max-snippet:-1, max-image-preview:large, max-video-preview:-1\" \/>\n<link rel=\"canonical\" href=\"https:\/\/blog.zeit.de\/nsu-prozess-blog\/2015\/07\/29\/222-prozesstag-wie-der-nsu-seine-opfer-ausspaehte\/\" \/>\n<meta property=\"og:locale\" content=\"de_DE\" \/>\n<meta property=\"og:type\" content=\"article\" \/>\n<meta property=\"og:title\" content=\"222. Prozesstag \u2013 Wie der NSU seine Opfer aussp\u00e4hte - Das NSU-Prozess-Blog\" \/>\n<meta property=\"og:description\" content=\"In ganz Deutschland ver\u00fcbte der NSU laut Anklage Morde und Anschl\u00e4ge. Wie aber suchten sich die T\u00e4ter daf\u00fcr die passenden Ziele aus? Den Taten vorausgegangen sein muss eine extrem aufw\u00e4ndige Sp\u00e4harbeit. Das belegen Adresslisten und Stadtpl\u00e4ne, die in der Zwickauer Wohnung des NSU gefunden wurden. Am Mittwoch sagt dazu ein Beamter des Bundeskriminalamts aus. Er [&hellip;]\" \/>\n<meta property=\"og:url\" content=\"https:\/\/blog.zeit.de\/nsu-prozess-blog\/2015\/07\/29\/222-prozesstag-wie-der-nsu-seine-opfer-ausspaehte\/\" \/>\n<meta property=\"og:site_name\" content=\"Das NSU-Prozess-Blog\" \/>\n<meta property=\"article:published_time\" content=\"2015-07-29T05:00:51+00:00\" \/>\n<meta property=\"article:modified_time\" content=\"2015-07-23T11:24:00+00:00\" \/>\n<meta name=\"author\" content=\"Tom Sundermann\" \/>\n<meta name=\"twitter:label1\" content=\"Geschrieben von\" \/>\n\t<meta name=\"twitter:data1\" content=\"Tom Sundermann\" \/>\n\t<meta name=\"twitter:label2\" content=\"Gesch\u00e4tzte Lesezeit\" \/>\n\t<meta name=\"twitter:data2\" content=\"1\u00a0Minute\" \/>\n<script type=\"application\/ld+json\" class=\"yoast-schema-graph\">{\"@context\":\"https:\/\/schema.org\",\"@graph\":[{\"@type\":\"WebPage\",\"@id\":\"https:\/\/blog.zeit.de\/nsu-prozess-blog\/2015\/07\/29\/222-prozesstag-wie-der-nsu-seine-opfer-ausspaehte\/\",\"url\":\"https:\/\/blog.zeit.de\/nsu-prozess-blog\/2015\/07\/29\/222-prozesstag-wie-der-nsu-seine-opfer-ausspaehte\/\",\"name\":\"222. Prozesstag \u2013 Wie der NSU seine Opfer aussp\u00e4hte - Das NSU-Prozess-Blog\",\"isPartOf\":{\"@id\":\"https:\/\/blog.zeit.de\/nsu-prozess-blog\/#website\"},\"datePublished\":\"2015-07-29T05:00:51+00:00\",\"dateModified\":\"2015-07-23T11:24:00+00:00\",\"author\":{\"@id\":\"https:\/\/blog.zeit.de\/nsu-prozess-blog\/#\/schema\/person\/553ea9bb5d1fc2ae054c589bd59380a5\"},\"breadcrumb\":{\"@id\":\"https:\/\/blog.zeit.de\/nsu-prozess-blog\/2015\/07\/29\/222-prozesstag-wie-der-nsu-seine-opfer-ausspaehte\/#breadcrumb\"},\"inLanguage\":\"de\",\"potentialAction\":[{\"@type\":\"ReadAction\",\"target\":[\"https:\/\/blog.zeit.de\/nsu-prozess-blog\/2015\/07\/29\/222-prozesstag-wie-der-nsu-seine-opfer-ausspaehte\/\"]}]},{\"@type\":\"BreadcrumbList\",\"@id\":\"https:\/\/blog.zeit.de\/nsu-prozess-blog\/2015\/07\/29\/222-prozesstag-wie-der-nsu-seine-opfer-ausspaehte\/#breadcrumb\",\"itemListElement\":[{\"@type\":\"ListItem\",\"position\":1,\"name\":\"Startseite\",\"item\":\"https:\/\/blog.zeit.de\/nsu-prozess-blog\/\"},{\"@type\":\"ListItem\",\"position\":2,\"name\":\"222. Prozesstag \u2013 Wie der NSU seine Opfer aussp\u00e4hte\"}]},{\"@type\":\"WebSite\",\"@id\":\"https:\/\/blog.zeit.de\/nsu-prozess-blog\/#website\",\"url\":\"https:\/\/blog.zeit.de\/nsu-prozess-blog\/\",\"name\":\"Das NSU-Prozess-Blog\",\"description\":\"Alle Berichte zum Terrorverfahren in M\u00fcnchen\",\"potentialAction\":[{\"@type\":\"SearchAction\",\"target\":{\"@type\":\"EntryPoint\",\"urlTemplate\":\"https:\/\/blog.zeit.de\/nsu-prozess-blog\/?s={search_term_string}\"},\"query-input\":\"required name=search_term_string\"}],\"inLanguage\":\"de\"},{\"@type\":\"Person\",\"@id\":\"https:\/\/blog.zeit.de\/nsu-prozess-blog\/#\/schema\/person\/553ea9bb5d1fc2ae054c589bd59380a5\",\"name\":\"Tom Sundermann\",\"image\":{\"@type\":\"ImageObject\",\"inLanguage\":\"de\",\"@id\":\"https:\/\/blog.zeit.de\/nsu-prozess-blog\/#\/schema\/person\/image\/\",\"url\":\"https:\/\/secure.gravatar.com\/avatar\/e108a3dc18766f719b2f797dc5d19093f06a1870c55b553ab6b7563f1f9a5e68?s=96&d=mm&r=g\",\"contentUrl\":\"https:\/\/secure.gravatar.com\/avatar\/e108a3dc18766f719b2f797dc5d19093f06a1870c55b553ab6b7563f1f9a5e68?s=96&d=mm&r=g\",\"caption\":\"Tom Sundermann\"},\"sameAs\":[\"https:\/\/twitter.com\/messeticker\"],\"url\":\"https:\/\/blog.zeit.de\/nsu-prozess-blog\/author\/tsundermann\/\"}]}<\/script>\n<!-- \/ Yoast SEO plugin. -->","yoast_head_json":{"title":"222. Prozesstag \u2013 Wie der NSU seine Opfer aussp\u00e4hte - Das NSU-Prozess-Blog","robots":{"index":"index","follow":"follow","max-snippet":"max-snippet:-1","max-image-preview":"max-image-preview:large","max-video-preview":"max-video-preview:-1"},"canonical":"https:\/\/blog.zeit.de\/nsu-prozess-blog\/2015\/07\/29\/222-prozesstag-wie-der-nsu-seine-opfer-ausspaehte\/","og_locale":"de_DE","og_type":"article","og_title":"222. Prozesstag \u2013 Wie der NSU seine Opfer aussp\u00e4hte - Das NSU-Prozess-Blog","og_description":"In ganz Deutschland ver\u00fcbte der NSU laut Anklage Morde und Anschl\u00e4ge. Wie aber suchten sich die T\u00e4ter daf\u00fcr die passenden Ziele aus? Den Taten vorausgegangen sein muss eine extrem aufw\u00e4ndige Sp\u00e4harbeit. Das belegen Adresslisten und Stadtpl\u00e4ne, die in der Zwickauer Wohnung des NSU gefunden wurden. Am Mittwoch sagt dazu ein Beamter des Bundeskriminalamts aus. Er [&hellip;]","og_url":"https:\/\/blog.zeit.de\/nsu-prozess-blog\/2015\/07\/29\/222-prozesstag-wie-der-nsu-seine-opfer-ausspaehte\/","og_site_name":"Das NSU-Prozess-Blog","article_published_time":"2015-07-29T05:00:51+00:00","article_modified_time":"2015-07-23T11:24:00+00:00","author":"Tom Sundermann","twitter_misc":{"Geschrieben von":"Tom Sundermann","Gesch\u00e4tzte Lesezeit":"1\u00a0Minute"},"schema":{"@context":"https:\/\/schema.org","@graph":[{"@type":"WebPage","@id":"https:\/\/blog.zeit.de\/nsu-prozess-blog\/2015\/07\/29\/222-prozesstag-wie-der-nsu-seine-opfer-ausspaehte\/","url":"https:\/\/blog.zeit.de\/nsu-prozess-blog\/2015\/07\/29\/222-prozesstag-wie-der-nsu-seine-opfer-ausspaehte\/","name":"222. Prozesstag \u2013 Wie der NSU seine Opfer aussp\u00e4hte - Das NSU-Prozess-Blog","isPartOf":{"@id":"https:\/\/blog.zeit.de\/nsu-prozess-blog\/#website"},"datePublished":"2015-07-29T05:00:51+00:00","dateModified":"2015-07-23T11:24:00+00:00","author":{"@id":"https:\/\/blog.zeit.de\/nsu-prozess-blog\/#\/schema\/person\/553ea9bb5d1fc2ae054c589bd59380a5"},"breadcrumb":{"@id":"https:\/\/blog.zeit.de\/nsu-prozess-blog\/2015\/07\/29\/222-prozesstag-wie-der-nsu-seine-opfer-ausspaehte\/#breadcrumb"},"inLanguage":"de","potentialAction":[{"@type":"ReadAction","target":["https:\/\/blog.zeit.de\/nsu-prozess-blog\/2015\/07\/29\/222-prozesstag-wie-der-nsu-seine-opfer-ausspaehte\/"]}]},{"@type":"BreadcrumbList","@id":"https:\/\/blog.zeit.de\/nsu-prozess-blog\/2015\/07\/29\/222-prozesstag-wie-der-nsu-seine-opfer-ausspaehte\/#breadcrumb","itemListElement":[{"@type":"ListItem","position":1,"name":"Startseite","item":"https:\/\/blog.zeit.de\/nsu-prozess-blog\/"},{"@type":"ListItem","position":2,"name":"222. Prozesstag \u2013 Wie der NSU seine Opfer aussp\u00e4hte"}]},{"@type":"WebSite","@id":"https:\/\/blog.zeit.de\/nsu-prozess-blog\/#website","url":"https:\/\/blog.zeit.de\/nsu-prozess-blog\/","name":"Das NSU-Prozess-Blog","description":"Alle Berichte zum Terrorverfahren in M\u00fcnchen","potentialAction":[{"@type":"SearchAction","target":{"@type":"EntryPoint","urlTemplate":"https:\/\/blog.zeit.de\/nsu-prozess-blog\/?s={search_term_string}"},"query-input":"required name=search_term_string"}],"inLanguage":"de"},{"@type":"Person","@id":"https:\/\/blog.zeit.de\/nsu-prozess-blog\/#\/schema\/person\/553ea9bb5d1fc2ae054c589bd59380a5","name":"Tom Sundermann","image":{"@type":"ImageObject","inLanguage":"de","@id":"https:\/\/blog.zeit.de\/nsu-prozess-blog\/#\/schema\/person\/image\/","url":"https:\/\/secure.gravatar.com\/avatar\/e108a3dc18766f719b2f797dc5d19093f06a1870c55b553ab6b7563f1f9a5e68?s=96&d=mm&r=g","contentUrl":"https:\/\/secure.gravatar.com\/avatar\/e108a3dc18766f719b2f797dc5d19093f06a1870c55b553ab6b7563f1f9a5e68?s=96&d=mm&r=g","caption":"Tom Sundermann"},"sameAs":["https:\/\/twitter.com\/messeticker"],"url":"https:\/\/blog.zeit.de\/nsu-prozess-blog\/author\/tsundermann\/"}]}},"jetpack_featured_media_url":"","jetpack_sharing_enabled":true,"_links":{"self":[{"href":"https:\/\/blog.zeit.de\/nsu-prozess-blog\/wp-json\/wp\/v2\/posts\/9618","targetHints":{"allow":["GET"]}}],"collection":[{"href":"https:\/\/blog.zeit.de\/nsu-prozess-blog\/wp-json\/wp\/v2\/posts"}],"about":[{"href":"https:\/\/blog.zeit.de\/nsu-prozess-blog\/wp-json\/wp\/v2\/types\/post"}],"author":[{"embeddable":true,"href":"https:\/\/blog.zeit.de\/nsu-prozess-blog\/wp-json\/wp\/v2\/users\/435"}],"replies":[{"embeddable":true,"href":"https:\/\/blog.zeit.de\/nsu-prozess-blog\/wp-json\/wp\/v2\/comments?post=9618"}],"version-history":[{"count":1,"href":"https:\/\/blog.zeit.de\/nsu-prozess-blog\/wp-json\/wp\/v2\/posts\/9618\/revisions"}],"predecessor-version":[{"id":9620,"href":"https:\/\/blog.zeit.de\/nsu-prozess-blog\/wp-json\/wp\/v2\/posts\/9618\/revisions\/9620"}],"wp:attachment":[{"href":"https:\/\/blog.zeit.de\/nsu-prozess-blog\/wp-json\/wp\/v2\/media?parent=9618"}],"wp:term":[{"taxonomy":"category","embeddable":true,"href":"https:\/\/blog.zeit.de\/nsu-prozess-blog\/wp-json\/wp\/v2\/categories?post=9618"},{"taxonomy":"post_tag","embeddable":true,"href":"https:\/\/blog.zeit.de\/nsu-prozess-blog\/wp-json\/wp\/v2\/tags?post=9618"}],"curies":[{"name":"wp","href":"https:\/\/api.w.org\/{rel}","templated":true}]}}