{"id":9621,"date":"2015-07-24T08:27:14","date_gmt":"2015-07-24T06:27:14","guid":{"rendered":"http:\/\/blog.zeit.de\/nsu-prozess-blog\/?p=9621"},"modified":"2015-07-24T08:27:14","modified_gmt":"2015-07-24T06:27:14","slug":"medienlog-zschaepe-daimagueler-krise","status":"publish","type":"post","link":"https:\/\/blog.zeit.de\/nsu-prozess-blog\/2015\/07\/24\/medienlog-zschaepe-daimagueler-krise\/","title":{"rendered":"Zsch\u00e4pe: manipulativ und aussagebereit? \u2013 Das Medienlog vom Freitag, 24. Juli 2015"},"content":{"rendered":"<p>Die <a href=\"https:\/\/blog.zeit.de\/nsu-prozess-blog\/2015\/07\/22\/medienlog-zschaepe-anwaelte-heer-krise\/\">Vertrauenskrise<\/a> zwischen Beate Zsch\u00e4pe und ihren Verteidigern schwelt weiter. Was sagen die Scharm\u00fctzel \u00fcber die Hauptangeklagte aus? Der Nebenklageanwalt Mehmet Daimag\u00fcler erkennt in Zsch\u00e4pe eine Frau, &#8222;die nicht aus einer Laune heraus handelt, sondern sehr durchdacht, ja manipulativ&#8220;. Das sagt er im Interview mit Miguel Sanches vom <a href=\"http:\/\/m.abendblatt.de\/politik\/deutschland\/article205497977\/Bei-Zschaepe-muss-man-immer-mit-dem-Schlimmsten-rechnen.html\" target=\"_blank\"><em>Hamburger Abendblatt<\/em><\/a>. Daimag\u00fcler schlie\u00dft dabei nicht aus, dass die Rechtsextremistin sich noch <a href=\"https:\/\/blog.zeit.de\/nsu-prozess-blog\/2015\/06\/22\/zschaepe-spielt-auf-risiko\/\">zu einer Aussage entschlie\u00dft<\/a>. Dann allerdings werde sie nicht die ganze Wahrheit sagen.<\/p>\n<p><em>An jedem Werktag sichten wir f\u00fcr das NSU-Prozess-Blog die Medien und stellen wichtige Berichte, Blogs, Videos und Tweets zusammen. Wir freuen uns \u00fcber Hinweise via Twitter mit dem Hashtag #nsublog \u2013 oder per E-Mail an <a href=\"mailto:nsublog@zeit.de\">nsublog@zeit.de<\/a>.<\/em><\/p>\n<p><em>Das n\u00e4chste Medienlog erscheint am Montag, 27. Juli 2015.<\/em><\/p>\n","protected":false},"excerpt":{"rendered":"<p>Die Vertrauenskrise zwischen Beate Zsch\u00e4pe und ihren Verteidigern schwelt weiter. Was sagen die Scharm\u00fctzel \u00fcber die Hauptangeklagte aus? Der Nebenklageanwalt Mehmet Daimag\u00fcler erkennt in Zsch\u00e4pe eine Frau, &#8222;die nicht aus einer Laune heraus handelt, sondern sehr durchdacht, ja manipulativ&#8220;. Das sagt er im Interview mit Miguel Sanches vom Hamburger Abendblatt. Daimag\u00fcler schlie\u00dft dabei nicht aus, [&hellip;]<\/p>\n","protected":false},"author":435,"featured_media":0,"comment_status":"open","ping_status":"open","sticky":false,"template":"","format":"standard","meta":{"_jetpack_memberships_contains_paid_content":false,"footnotes":""},"categories":[27531],"tags":[29424,17793,29533,35372,29426],"class_list":["post-9621","post","type-post","status-publish","format-standard","hentry","category-medienschau","tag-anwalte","tag-beate-zschape","tag-entpflichtung","tag-mehmet-daimagueler","tag-nebenklage"],"yoast_head":"<!-- This site is optimized with the Yoast SEO plugin v21.0 - https:\/\/yoast.com\/wordpress\/plugins\/seo\/ -->\n<title>Zsch\u00e4pe: manipulativ und aussagebereit? \u2013 Das Medienlog vom Freitag, 24. Juli 2015 - Das NSU-Prozess-Blog<\/title>\n<meta name=\"robots\" content=\"index, follow, max-snippet:-1, max-image-preview:large, max-video-preview:-1\" \/>\n<link rel=\"canonical\" href=\"https:\/\/blog.zeit.de\/nsu-prozess-blog\/2015\/07\/24\/medienlog-zschaepe-daimagueler-krise\/\" \/>\n<meta property=\"og:locale\" content=\"de_DE\" \/>\n<meta property=\"og:type\" content=\"article\" \/>\n<meta property=\"og:title\" content=\"Zsch\u00e4pe: manipulativ und aussagebereit? \u2013 Das Medienlog vom Freitag, 24. Juli 2015 - Das NSU-Prozess-Blog\" \/>\n<meta property=\"og:description\" content=\"Die Vertrauenskrise zwischen Beate Zsch\u00e4pe und ihren Verteidigern schwelt weiter. Was sagen die Scharm\u00fctzel \u00fcber die Hauptangeklagte aus? Der Nebenklageanwalt Mehmet Daimag\u00fcler erkennt in Zsch\u00e4pe eine Frau, &#8222;die nicht aus einer Laune heraus handelt, sondern sehr durchdacht, ja manipulativ&#8220;. Das sagt er im Interview mit Miguel Sanches vom Hamburger Abendblatt. Daimag\u00fcler schlie\u00dft dabei nicht aus, [&hellip;]\" \/>\n<meta property=\"og:url\" content=\"https:\/\/blog.zeit.de\/nsu-prozess-blog\/2015\/07\/24\/medienlog-zschaepe-daimagueler-krise\/\" \/>\n<meta property=\"og:site_name\" content=\"Das NSU-Prozess-Blog\" \/>\n<meta property=\"article:published_time\" content=\"2015-07-24T06:27:14+00:00\" \/>\n<meta name=\"author\" content=\"Tom Sundermann\" \/>\n<meta name=\"twitter:label1\" content=\"Geschrieben von\" \/>\n\t<meta name=\"twitter:data1\" content=\"Tom Sundermann\" \/>\n\t<meta name=\"twitter:label2\" content=\"Gesch\u00e4tzte Lesezeit\" \/>\n\t<meta name=\"twitter:data2\" content=\"1\u00a0Minute\" \/>\n<script type=\"application\/ld+json\" class=\"yoast-schema-graph\">{\"@context\":\"https:\/\/schema.org\",\"@graph\":[{\"@type\":\"WebPage\",\"@id\":\"https:\/\/blog.zeit.de\/nsu-prozess-blog\/2015\/07\/24\/medienlog-zschaepe-daimagueler-krise\/\",\"url\":\"https:\/\/blog.zeit.de\/nsu-prozess-blog\/2015\/07\/24\/medienlog-zschaepe-daimagueler-krise\/\",\"name\":\"Zsch\u00e4pe: manipulativ und aussagebereit? \u2013 Das Medienlog vom Freitag, 24. Juli 2015 - Das NSU-Prozess-Blog\",\"isPartOf\":{\"@id\":\"https:\/\/blog.zeit.de\/nsu-prozess-blog\/#website\"},\"datePublished\":\"2015-07-24T06:27:14+00:00\",\"dateModified\":\"2015-07-24T06:27:14+00:00\",\"author\":{\"@id\":\"https:\/\/blog.zeit.de\/nsu-prozess-blog\/#\/schema\/person\/553ea9bb5d1fc2ae054c589bd59380a5\"},\"breadcrumb\":{\"@id\":\"https:\/\/blog.zeit.de\/nsu-prozess-blog\/2015\/07\/24\/medienlog-zschaepe-daimagueler-krise\/#breadcrumb\"},\"inLanguage\":\"de\",\"potentialAction\":[{\"@type\":\"ReadAction\",\"target\":[\"https:\/\/blog.zeit.de\/nsu-prozess-blog\/2015\/07\/24\/medienlog-zschaepe-daimagueler-krise\/\"]}]},{\"@type\":\"BreadcrumbList\",\"@id\":\"https:\/\/blog.zeit.de\/nsu-prozess-blog\/2015\/07\/24\/medienlog-zschaepe-daimagueler-krise\/#breadcrumb\",\"itemListElement\":[{\"@type\":\"ListItem\",\"position\":1,\"name\":\"Startseite\",\"item\":\"https:\/\/blog.zeit.de\/nsu-prozess-blog\/\"},{\"@type\":\"ListItem\",\"position\":2,\"name\":\"Zsch\u00e4pe: manipulativ und aussagebereit? \u2013 Das Medienlog vom Freitag, 24. Juli 2015\"}]},{\"@type\":\"WebSite\",\"@id\":\"https:\/\/blog.zeit.de\/nsu-prozess-blog\/#website\",\"url\":\"https:\/\/blog.zeit.de\/nsu-prozess-blog\/\",\"name\":\"Das NSU-Prozess-Blog\",\"description\":\"Alle Berichte zum Terrorverfahren in M\u00fcnchen\",\"potentialAction\":[{\"@type\":\"SearchAction\",\"target\":{\"@type\":\"EntryPoint\",\"urlTemplate\":\"https:\/\/blog.zeit.de\/nsu-prozess-blog\/?s={search_term_string}\"},\"query-input\":\"required name=search_term_string\"}],\"inLanguage\":\"de\"},{\"@type\":\"Person\",\"@id\":\"https:\/\/blog.zeit.de\/nsu-prozess-blog\/#\/schema\/person\/553ea9bb5d1fc2ae054c589bd59380a5\",\"name\":\"Tom Sundermann\",\"image\":{\"@type\":\"ImageObject\",\"inLanguage\":\"de\",\"@id\":\"https:\/\/blog.zeit.de\/nsu-prozess-blog\/#\/schema\/person\/image\/\",\"url\":\"https:\/\/secure.gravatar.com\/avatar\/e108a3dc18766f719b2f797dc5d19093f06a1870c55b553ab6b7563f1f9a5e68?s=96&d=mm&r=g\",\"contentUrl\":\"https:\/\/secure.gravatar.com\/avatar\/e108a3dc18766f719b2f797dc5d19093f06a1870c55b553ab6b7563f1f9a5e68?s=96&d=mm&r=g\",\"caption\":\"Tom Sundermann\"},\"sameAs\":[\"https:\/\/twitter.com\/messeticker\"],\"url\":\"https:\/\/blog.zeit.de\/nsu-prozess-blog\/author\/tsundermann\/\"}]}<\/script>\n<!-- \/ Yoast SEO plugin. -->","yoast_head_json":{"title":"Zsch\u00e4pe: manipulativ und aussagebereit? \u2013 Das Medienlog vom Freitag, 24. Juli 2015 - Das NSU-Prozess-Blog","robots":{"index":"index","follow":"follow","max-snippet":"max-snippet:-1","max-image-preview":"max-image-preview:large","max-video-preview":"max-video-preview:-1"},"canonical":"https:\/\/blog.zeit.de\/nsu-prozess-blog\/2015\/07\/24\/medienlog-zschaepe-daimagueler-krise\/","og_locale":"de_DE","og_type":"article","og_title":"Zsch\u00e4pe: manipulativ und aussagebereit? \u2013 Das Medienlog vom Freitag, 24. Juli 2015 - Das NSU-Prozess-Blog","og_description":"Die Vertrauenskrise zwischen Beate Zsch\u00e4pe und ihren Verteidigern schwelt weiter. Was sagen die Scharm\u00fctzel \u00fcber die Hauptangeklagte aus? Der Nebenklageanwalt Mehmet Daimag\u00fcler erkennt in Zsch\u00e4pe eine Frau, &#8222;die nicht aus einer Laune heraus handelt, sondern sehr durchdacht, ja manipulativ&#8220;. Das sagt er im Interview mit Miguel Sanches vom Hamburger Abendblatt. Daimag\u00fcler schlie\u00dft dabei nicht aus, [&hellip;]","og_url":"https:\/\/blog.zeit.de\/nsu-prozess-blog\/2015\/07\/24\/medienlog-zschaepe-daimagueler-krise\/","og_site_name":"Das NSU-Prozess-Blog","article_published_time":"2015-07-24T06:27:14+00:00","author":"Tom Sundermann","twitter_misc":{"Geschrieben von":"Tom Sundermann","Gesch\u00e4tzte Lesezeit":"1\u00a0Minute"},"schema":{"@context":"https:\/\/schema.org","@graph":[{"@type":"WebPage","@id":"https:\/\/blog.zeit.de\/nsu-prozess-blog\/2015\/07\/24\/medienlog-zschaepe-daimagueler-krise\/","url":"https:\/\/blog.zeit.de\/nsu-prozess-blog\/2015\/07\/24\/medienlog-zschaepe-daimagueler-krise\/","name":"Zsch\u00e4pe: manipulativ und aussagebereit? \u2013 Das Medienlog vom Freitag, 24. Juli 2015 - Das NSU-Prozess-Blog","isPartOf":{"@id":"https:\/\/blog.zeit.de\/nsu-prozess-blog\/#website"},"datePublished":"2015-07-24T06:27:14+00:00","dateModified":"2015-07-24T06:27:14+00:00","author":{"@id":"https:\/\/blog.zeit.de\/nsu-prozess-blog\/#\/schema\/person\/553ea9bb5d1fc2ae054c589bd59380a5"},"breadcrumb":{"@id":"https:\/\/blog.zeit.de\/nsu-prozess-blog\/2015\/07\/24\/medienlog-zschaepe-daimagueler-krise\/#breadcrumb"},"inLanguage":"de","potentialAction":[{"@type":"ReadAction","target":["https:\/\/blog.zeit.de\/nsu-prozess-blog\/2015\/07\/24\/medienlog-zschaepe-daimagueler-krise\/"]}]},{"@type":"BreadcrumbList","@id":"https:\/\/blog.zeit.de\/nsu-prozess-blog\/2015\/07\/24\/medienlog-zschaepe-daimagueler-krise\/#breadcrumb","itemListElement":[{"@type":"ListItem","position":1,"name":"Startseite","item":"https:\/\/blog.zeit.de\/nsu-prozess-blog\/"},{"@type":"ListItem","position":2,"name":"Zsch\u00e4pe: manipulativ und aussagebereit? \u2013 Das Medienlog vom Freitag, 24. Juli 2015"}]},{"@type":"WebSite","@id":"https:\/\/blog.zeit.de\/nsu-prozess-blog\/#website","url":"https:\/\/blog.zeit.de\/nsu-prozess-blog\/","name":"Das NSU-Prozess-Blog","description":"Alle Berichte zum Terrorverfahren in M\u00fcnchen","potentialAction":[{"@type":"SearchAction","target":{"@type":"EntryPoint","urlTemplate":"https:\/\/blog.zeit.de\/nsu-prozess-blog\/?s={search_term_string}"},"query-input":"required name=search_term_string"}],"inLanguage":"de"},{"@type":"Person","@id":"https:\/\/blog.zeit.de\/nsu-prozess-blog\/#\/schema\/person\/553ea9bb5d1fc2ae054c589bd59380a5","name":"Tom Sundermann","image":{"@type":"ImageObject","inLanguage":"de","@id":"https:\/\/blog.zeit.de\/nsu-prozess-blog\/#\/schema\/person\/image\/","url":"https:\/\/secure.gravatar.com\/avatar\/e108a3dc18766f719b2f797dc5d19093f06a1870c55b553ab6b7563f1f9a5e68?s=96&d=mm&r=g","contentUrl":"https:\/\/secure.gravatar.com\/avatar\/e108a3dc18766f719b2f797dc5d19093f06a1870c55b553ab6b7563f1f9a5e68?s=96&d=mm&r=g","caption":"Tom Sundermann"},"sameAs":["https:\/\/twitter.com\/messeticker"],"url":"https:\/\/blog.zeit.de\/nsu-prozess-blog\/author\/tsundermann\/"}]}},"jetpack_featured_media_url":"","jetpack_sharing_enabled":true,"_links":{"self":[{"href":"https:\/\/blog.zeit.de\/nsu-prozess-blog\/wp-json\/wp\/v2\/posts\/9621","targetHints":{"allow":["GET"]}}],"collection":[{"href":"https:\/\/blog.zeit.de\/nsu-prozess-blog\/wp-json\/wp\/v2\/posts"}],"about":[{"href":"https:\/\/blog.zeit.de\/nsu-prozess-blog\/wp-json\/wp\/v2\/types\/post"}],"author":[{"embeddable":true,"href":"https:\/\/blog.zeit.de\/nsu-prozess-blog\/wp-json\/wp\/v2\/users\/435"}],"replies":[{"embeddable":true,"href":"https:\/\/blog.zeit.de\/nsu-prozess-blog\/wp-json\/wp\/v2\/comments?post=9621"}],"version-history":[{"count":5,"href":"https:\/\/blog.zeit.de\/nsu-prozess-blog\/wp-json\/wp\/v2\/posts\/9621\/revisions"}],"predecessor-version":[{"id":9626,"href":"https:\/\/blog.zeit.de\/nsu-prozess-blog\/wp-json\/wp\/v2\/posts\/9621\/revisions\/9626"}],"wp:attachment":[{"href":"https:\/\/blog.zeit.de\/nsu-prozess-blog\/wp-json\/wp\/v2\/media?parent=9621"}],"wp:term":[{"taxonomy":"category","embeddable":true,"href":"https:\/\/blog.zeit.de\/nsu-prozess-blog\/wp-json\/wp\/v2\/categories?post=9621"},{"taxonomy":"post_tag","embeddable":true,"href":"https:\/\/blog.zeit.de\/nsu-prozess-blog\/wp-json\/wp\/v2\/tags?post=9621"}],"curies":[{"name":"wp","href":"https:\/\/api.w.org\/{rel}","templated":true}]}}