{"id":9653,"date":"2015-07-28T08:30:07","date_gmt":"2015-07-28T06:30:07","guid":{"rendered":"http:\/\/blog.zeit.de\/nsu-prozess-blog\/?p=9653"},"modified":"2015-07-28T10:09:50","modified_gmt":"2015-07-28T08:09:50","slug":"medienlog-verteidiger-ueberforderung-zschaepe-krise","status":"publish","type":"post","link":"https:\/\/blog.zeit.de\/nsu-prozess-blog\/2015\/07\/28\/medienlog-verteidiger-ueberforderung-zschaepe-krise\/","title":{"rendered":"\u00dcberforderte Anw\u00e4lte, \u00fcberm\u00fctige Zsch\u00e4pe \u2013 Das Medienlog vom Dienstag, 28. Juli 2015"},"content":{"rendered":"<p>Im vergangenen Monat l\u00f6ste die Hauptangeklagte Beate Zsch\u00e4pe die \u00f6ffentliche <a href=\"https:\/\/blog.zeit.de\/nsu-prozess-blog\/2015\/07\/27\/medienlog-zschaepe-verteidiger-anzeige-nsu-krise\/\">Vertrauenskrise<\/a> zwischen ihr und ihren drei alten Verteidigern aus. Nun\u00a0r\u00e4chten sich diese in der vergangenen Woche, indem sie erfolglos <a href=\"https:\/\/blog.zeit.de\/nsu-prozess-blog\/2015\/07\/20\/gegenschlag-der-anwaelte\/\">um ihre eigene Entpflichtung baten<\/a>. Ein zu diesem Zeitpunkt ungl\u00fccklicher Zug, findet Jost M\u00fcller-Neuhof vom <a href=\"http:\/\/www.tagesspiegel.de\/meinung\/nsu-prozess-sie-haben-ausgespielt\/12104474.html\" target=\"_blank\"><em>Tagesspiegel<\/em><\/a>: &#8222;Das Trio wollte einen au\u00dfergew\u00f6hnlichen Fall, jetzt hat es ihn \u2013 und sendet Zeichen der \u00dcberforderung.&#8220; Es habe sich dabei um ein reines Signal an die \u00d6ffentlichkeit gehandelt, mit dem die Verteidiger den Druck aus dem Verh\u00e4ltnis zur Mandantin nach au\u00dfen getragen h\u00e4tten.<\/p>\n<p><!--more--><\/p>\n<p>Die Nachrichtenagentur dpa widmet sich <a href=\"http:\/\/www.thueringer-allgemeine.de\/web\/zgt\/leben\/detail\/-\/specific\/NSU-Prozess-Zschaepe-gefaehrdet-sich-mir-ihrer-Taktik-selbst-1835955428\" target=\"_blank\">in einer Analyse<\/a> der Beziehung zwischen Zsch\u00e4pe, Richter Manfred G\u00f6tzl und den Anw\u00e4lten. Das Ergebnis mehrerer Antr\u00e4ge und <a href=\"https:\/\/blog.zeit.de\/nsu-prozess-blog\/2015\/07\/24\/zschaepe-wird-die-justiz-nicht-besiegen\/\">einer Strafanzeige<\/a>: &#8222;Die Zukunft des NSU-Prozesses ist noch einmal fraglicher geworden.&#8220; Die Wahrscheinlichkeit einer Revision sei gestiegen. Zsch\u00e4pes Motivation bleibe dennoch weiter unklar. &#8222;Am Ende k\u00f6nnten diese Man\u00f6ver ein Urteil zu ihren Ungunsten beeinflussen.&#8220; Sie habe zudem gezeigt, dass ihr das Leid der Opfer gleichg\u00fcltig sei.<\/p>\n<p>Die Ermittlungen zum Fall NSU laufen trotz des Verfahrens in M\u00fcnchen weiter: Im Auftrag des Generalbundesanwalts wurden bislang 112 Zeugen vernommen und Wohnungen durchsucht, wie die Bundesregierung auf eine parlamentarische Anfrage der Linken antwortete. Das berichtet die <a href=\"http:\/\/www.sueddeutsche.de\/politik\/rechtsextremismus-weiteres-nsu-verfahren-1.2584331\" target=\"_blank\"><em>S\u00fcddeutsche Zeitung<\/em><\/a>. In dem Ermittlungsverfahren gegen <a href=\"https:\/\/blog.zeit.de\/nsu-prozess-blog\/die-helfer\/\">m\u00f6gliche Unterst\u00fctzer<\/a> der Terrorzelle wurden demnach unter anderem drei V-Personen vernommen.<\/p>\n<p>Die Verlosung der 50 Pl\u00e4tze f\u00fcr Journalisten im NSU-Prozess war kontrovers diskutiert worden \u2013 vor allem wegen ihres Ausgangs: Nur wenige hatten etwa zuvor etwas vom Weimarer B\u00fcrgersender <a href=\"http:\/\/www.radiolotte.de\/\" target=\"_blank\">Radio Lotte<\/a>\u00a0geh\u00f6rt, der zu den Gewinnern der Platzlotterie geh\u00f6rte. Aus dem Arbeitsalltag von Lotte-Reporter Friedrich Burschel, der im Gegensatz zu vielen anderen Losprofiteuren noch immer regelm\u00e4\u00dfig in den Prozess kommt, berichtet Henry Bernhard im <a href=\"http:\/\/www.deutschlandfunk.de\/nsu-prozess-keine-haeme-mehr-fuer-radio-lotte.862.de.html?dram:article_id=326506\" target=\"_blank\">Deutschlandfunk<\/a>.<\/p>\n<p><em>An jedem Werktag sichten wir f\u00fcr das NSU-Prozess-Blog die Medien und stellen wichtige Berichte, Blogs, Videos und Tweets zusammen. Wir freuen uns \u00fcber Hinweise via Twitter mit dem Hashtag #nsublog \u2013 oder per E-Mail an <a href=\"mailto:nsublog@zeit.de\">nsublog@zeit.de<\/a>.<\/em><\/p>\n<p><em>Das n\u00e4chste Medienlog erscheint am Mittwoch, 29. Juli 2015.<\/em><\/p>\n","protected":false},"excerpt":{"rendered":"<p>Im vergangenen Monat l\u00f6ste die Hauptangeklagte Beate Zsch\u00e4pe die \u00f6ffentliche Vertrauenskrise zwischen ihr und ihren drei alten Verteidigern aus. Nun\u00a0r\u00e4chten sich diese in der vergangenen Woche, indem sie erfolglos um ihre eigene Entpflichtung baten. Ein zu diesem Zeitpunkt ungl\u00fccklicher Zug, findet Jost M\u00fcller-Neuhof vom Tagesspiegel: &#8222;Das Trio wollte einen au\u00dfergew\u00f6hnlichen Fall, jetzt hat es ihn [&hellip;]<\/p>\n","protected":false},"author":435,"featured_media":0,"comment_status":"open","ping_status":"open","sticky":false,"template":"","format":"standard","meta":{"_jetpack_memberships_contains_paid_content":false,"footnotes":""},"categories":[27531],"tags":[29424,17793,29495,29533,26520,27559,30433,27545,1449,17899,1836],"class_list":["post-9653","post","type-post","status-publish","format-standard","hentry","category-medienschau","tag-anwalte","tag-beate-zschape","tag-bundesanwaltschaft","tag-entpflichtung","tag-ermittlungen","tag-manfred-gotzl","tag-presse","tag-sitzplatzvergabe","tag-unterstutzer","tag-v-mann","tag-verfassungsschutz"],"yoast_head":"<!-- This site is optimized with the Yoast SEO plugin v21.0 - https:\/\/yoast.com\/wordpress\/plugins\/seo\/ -->\n<title>\u00dcberforderte Anw\u00e4lte, \u00fcberm\u00fctige Zsch\u00e4pe \u2013 Das Medienlog vom Dienstag, 28. Juli 2015 - Das NSU-Prozess-Blog<\/title>\n<meta name=\"robots\" content=\"index, follow, max-snippet:-1, max-image-preview:large, max-video-preview:-1\" \/>\n<link rel=\"canonical\" href=\"https:\/\/blog.zeit.de\/nsu-prozess-blog\/2015\/07\/28\/medienlog-verteidiger-ueberforderung-zschaepe-krise\/\" \/>\n<meta property=\"og:locale\" content=\"de_DE\" \/>\n<meta property=\"og:type\" content=\"article\" \/>\n<meta property=\"og:title\" content=\"\u00dcberforderte Anw\u00e4lte, \u00fcberm\u00fctige Zsch\u00e4pe \u2013 Das Medienlog vom Dienstag, 28. Juli 2015 - Das NSU-Prozess-Blog\" \/>\n<meta property=\"og:description\" content=\"Im vergangenen Monat l\u00f6ste die Hauptangeklagte Beate Zsch\u00e4pe die \u00f6ffentliche Vertrauenskrise zwischen ihr und ihren drei alten Verteidigern aus. Nun\u00a0r\u00e4chten sich diese in der vergangenen Woche, indem sie erfolglos um ihre eigene Entpflichtung baten. Ein zu diesem Zeitpunkt ungl\u00fccklicher Zug, findet Jost M\u00fcller-Neuhof vom Tagesspiegel: &#8222;Das Trio wollte einen au\u00dfergew\u00f6hnlichen Fall, jetzt hat es ihn [&hellip;]\" \/>\n<meta property=\"og:url\" content=\"https:\/\/blog.zeit.de\/nsu-prozess-blog\/2015\/07\/28\/medienlog-verteidiger-ueberforderung-zschaepe-krise\/\" \/>\n<meta property=\"og:site_name\" content=\"Das NSU-Prozess-Blog\" \/>\n<meta property=\"article:published_time\" content=\"2015-07-28T06:30:07+00:00\" \/>\n<meta property=\"article:modified_time\" content=\"2015-07-28T08:09:50+00:00\" \/>\n<meta name=\"author\" content=\"Tom Sundermann\" \/>\n<meta name=\"twitter:label1\" content=\"Geschrieben von\" \/>\n\t<meta name=\"twitter:data1\" content=\"Tom Sundermann\" \/>\n\t<meta name=\"twitter:label2\" content=\"Gesch\u00e4tzte Lesezeit\" \/>\n\t<meta name=\"twitter:data2\" content=\"2\u00a0Minuten\" \/>\n<script type=\"application\/ld+json\" class=\"yoast-schema-graph\">{\"@context\":\"https:\/\/schema.org\",\"@graph\":[{\"@type\":\"WebPage\",\"@id\":\"https:\/\/blog.zeit.de\/nsu-prozess-blog\/2015\/07\/28\/medienlog-verteidiger-ueberforderung-zschaepe-krise\/\",\"url\":\"https:\/\/blog.zeit.de\/nsu-prozess-blog\/2015\/07\/28\/medienlog-verteidiger-ueberforderung-zschaepe-krise\/\",\"name\":\"\u00dcberforderte Anw\u00e4lte, \u00fcberm\u00fctige Zsch\u00e4pe \u2013 Das Medienlog vom Dienstag, 28. Juli 2015 - Das NSU-Prozess-Blog\",\"isPartOf\":{\"@id\":\"https:\/\/blog.zeit.de\/nsu-prozess-blog\/#website\"},\"datePublished\":\"2015-07-28T06:30:07+00:00\",\"dateModified\":\"2015-07-28T08:09:50+00:00\",\"author\":{\"@id\":\"https:\/\/blog.zeit.de\/nsu-prozess-blog\/#\/schema\/person\/553ea9bb5d1fc2ae054c589bd59380a5\"},\"breadcrumb\":{\"@id\":\"https:\/\/blog.zeit.de\/nsu-prozess-blog\/2015\/07\/28\/medienlog-verteidiger-ueberforderung-zschaepe-krise\/#breadcrumb\"},\"inLanguage\":\"de\",\"potentialAction\":[{\"@type\":\"ReadAction\",\"target\":[\"https:\/\/blog.zeit.de\/nsu-prozess-blog\/2015\/07\/28\/medienlog-verteidiger-ueberforderung-zschaepe-krise\/\"]}]},{\"@type\":\"BreadcrumbList\",\"@id\":\"https:\/\/blog.zeit.de\/nsu-prozess-blog\/2015\/07\/28\/medienlog-verteidiger-ueberforderung-zschaepe-krise\/#breadcrumb\",\"itemListElement\":[{\"@type\":\"ListItem\",\"position\":1,\"name\":\"Startseite\",\"item\":\"https:\/\/blog.zeit.de\/nsu-prozess-blog\/\"},{\"@type\":\"ListItem\",\"position\":2,\"name\":\"\u00dcberforderte Anw\u00e4lte, \u00fcberm\u00fctige Zsch\u00e4pe \u2013 Das Medienlog vom Dienstag, 28. Juli 2015\"}]},{\"@type\":\"WebSite\",\"@id\":\"https:\/\/blog.zeit.de\/nsu-prozess-blog\/#website\",\"url\":\"https:\/\/blog.zeit.de\/nsu-prozess-blog\/\",\"name\":\"Das NSU-Prozess-Blog\",\"description\":\"Alle Berichte zum Terrorverfahren in M\u00fcnchen\",\"potentialAction\":[{\"@type\":\"SearchAction\",\"target\":{\"@type\":\"EntryPoint\",\"urlTemplate\":\"https:\/\/blog.zeit.de\/nsu-prozess-blog\/?s={search_term_string}\"},\"query-input\":\"required name=search_term_string\"}],\"inLanguage\":\"de\"},{\"@type\":\"Person\",\"@id\":\"https:\/\/blog.zeit.de\/nsu-prozess-blog\/#\/schema\/person\/553ea9bb5d1fc2ae054c589bd59380a5\",\"name\":\"Tom Sundermann\",\"image\":{\"@type\":\"ImageObject\",\"inLanguage\":\"de\",\"@id\":\"https:\/\/blog.zeit.de\/nsu-prozess-blog\/#\/schema\/person\/image\/\",\"url\":\"https:\/\/secure.gravatar.com\/avatar\/e108a3dc18766f719b2f797dc5d19093f06a1870c55b553ab6b7563f1f9a5e68?s=96&d=mm&r=g\",\"contentUrl\":\"https:\/\/secure.gravatar.com\/avatar\/e108a3dc18766f719b2f797dc5d19093f06a1870c55b553ab6b7563f1f9a5e68?s=96&d=mm&r=g\",\"caption\":\"Tom Sundermann\"},\"sameAs\":[\"https:\/\/twitter.com\/messeticker\"],\"url\":\"https:\/\/blog.zeit.de\/nsu-prozess-blog\/author\/tsundermann\/\"}]}<\/script>\n<!-- \/ Yoast SEO plugin. -->","yoast_head_json":{"title":"\u00dcberforderte Anw\u00e4lte, \u00fcberm\u00fctige Zsch\u00e4pe \u2013 Das Medienlog vom Dienstag, 28. Juli 2015 - Das NSU-Prozess-Blog","robots":{"index":"index","follow":"follow","max-snippet":"max-snippet:-1","max-image-preview":"max-image-preview:large","max-video-preview":"max-video-preview:-1"},"canonical":"https:\/\/blog.zeit.de\/nsu-prozess-blog\/2015\/07\/28\/medienlog-verteidiger-ueberforderung-zschaepe-krise\/","og_locale":"de_DE","og_type":"article","og_title":"\u00dcberforderte Anw\u00e4lte, \u00fcberm\u00fctige Zsch\u00e4pe \u2013 Das Medienlog vom Dienstag, 28. Juli 2015 - Das NSU-Prozess-Blog","og_description":"Im vergangenen Monat l\u00f6ste die Hauptangeklagte Beate Zsch\u00e4pe die \u00f6ffentliche Vertrauenskrise zwischen ihr und ihren drei alten Verteidigern aus. Nun\u00a0r\u00e4chten sich diese in der vergangenen Woche, indem sie erfolglos um ihre eigene Entpflichtung baten. Ein zu diesem Zeitpunkt ungl\u00fccklicher Zug, findet Jost M\u00fcller-Neuhof vom Tagesspiegel: &#8222;Das Trio wollte einen au\u00dfergew\u00f6hnlichen Fall, jetzt hat es ihn [&hellip;]","og_url":"https:\/\/blog.zeit.de\/nsu-prozess-blog\/2015\/07\/28\/medienlog-verteidiger-ueberforderung-zschaepe-krise\/","og_site_name":"Das NSU-Prozess-Blog","article_published_time":"2015-07-28T06:30:07+00:00","article_modified_time":"2015-07-28T08:09:50+00:00","author":"Tom Sundermann","twitter_misc":{"Geschrieben von":"Tom Sundermann","Gesch\u00e4tzte Lesezeit":"2\u00a0Minuten"},"schema":{"@context":"https:\/\/schema.org","@graph":[{"@type":"WebPage","@id":"https:\/\/blog.zeit.de\/nsu-prozess-blog\/2015\/07\/28\/medienlog-verteidiger-ueberforderung-zschaepe-krise\/","url":"https:\/\/blog.zeit.de\/nsu-prozess-blog\/2015\/07\/28\/medienlog-verteidiger-ueberforderung-zschaepe-krise\/","name":"\u00dcberforderte Anw\u00e4lte, \u00fcberm\u00fctige Zsch\u00e4pe \u2013 Das Medienlog vom Dienstag, 28. Juli 2015 - Das NSU-Prozess-Blog","isPartOf":{"@id":"https:\/\/blog.zeit.de\/nsu-prozess-blog\/#website"},"datePublished":"2015-07-28T06:30:07+00:00","dateModified":"2015-07-28T08:09:50+00:00","author":{"@id":"https:\/\/blog.zeit.de\/nsu-prozess-blog\/#\/schema\/person\/553ea9bb5d1fc2ae054c589bd59380a5"},"breadcrumb":{"@id":"https:\/\/blog.zeit.de\/nsu-prozess-blog\/2015\/07\/28\/medienlog-verteidiger-ueberforderung-zschaepe-krise\/#breadcrumb"},"inLanguage":"de","potentialAction":[{"@type":"ReadAction","target":["https:\/\/blog.zeit.de\/nsu-prozess-blog\/2015\/07\/28\/medienlog-verteidiger-ueberforderung-zschaepe-krise\/"]}]},{"@type":"BreadcrumbList","@id":"https:\/\/blog.zeit.de\/nsu-prozess-blog\/2015\/07\/28\/medienlog-verteidiger-ueberforderung-zschaepe-krise\/#breadcrumb","itemListElement":[{"@type":"ListItem","position":1,"name":"Startseite","item":"https:\/\/blog.zeit.de\/nsu-prozess-blog\/"},{"@type":"ListItem","position":2,"name":"\u00dcberforderte Anw\u00e4lte, \u00fcberm\u00fctige Zsch\u00e4pe \u2013 Das Medienlog vom Dienstag, 28. Juli 2015"}]},{"@type":"WebSite","@id":"https:\/\/blog.zeit.de\/nsu-prozess-blog\/#website","url":"https:\/\/blog.zeit.de\/nsu-prozess-blog\/","name":"Das NSU-Prozess-Blog","description":"Alle Berichte zum Terrorverfahren in M\u00fcnchen","potentialAction":[{"@type":"SearchAction","target":{"@type":"EntryPoint","urlTemplate":"https:\/\/blog.zeit.de\/nsu-prozess-blog\/?s={search_term_string}"},"query-input":"required name=search_term_string"}],"inLanguage":"de"},{"@type":"Person","@id":"https:\/\/blog.zeit.de\/nsu-prozess-blog\/#\/schema\/person\/553ea9bb5d1fc2ae054c589bd59380a5","name":"Tom Sundermann","image":{"@type":"ImageObject","inLanguage":"de","@id":"https:\/\/blog.zeit.de\/nsu-prozess-blog\/#\/schema\/person\/image\/","url":"https:\/\/secure.gravatar.com\/avatar\/e108a3dc18766f719b2f797dc5d19093f06a1870c55b553ab6b7563f1f9a5e68?s=96&d=mm&r=g","contentUrl":"https:\/\/secure.gravatar.com\/avatar\/e108a3dc18766f719b2f797dc5d19093f06a1870c55b553ab6b7563f1f9a5e68?s=96&d=mm&r=g","caption":"Tom Sundermann"},"sameAs":["https:\/\/twitter.com\/messeticker"],"url":"https:\/\/blog.zeit.de\/nsu-prozess-blog\/author\/tsundermann\/"}]}},"jetpack_featured_media_url":"","jetpack_sharing_enabled":true,"_links":{"self":[{"href":"https:\/\/blog.zeit.de\/nsu-prozess-blog\/wp-json\/wp\/v2\/posts\/9653","targetHints":{"allow":["GET"]}}],"collection":[{"href":"https:\/\/blog.zeit.de\/nsu-prozess-blog\/wp-json\/wp\/v2\/posts"}],"about":[{"href":"https:\/\/blog.zeit.de\/nsu-prozess-blog\/wp-json\/wp\/v2\/types\/post"}],"author":[{"embeddable":true,"href":"https:\/\/blog.zeit.de\/nsu-prozess-blog\/wp-json\/wp\/v2\/users\/435"}],"replies":[{"embeddable":true,"href":"https:\/\/blog.zeit.de\/nsu-prozess-blog\/wp-json\/wp\/v2\/comments?post=9653"}],"version-history":[{"count":13,"href":"https:\/\/blog.zeit.de\/nsu-prozess-blog\/wp-json\/wp\/v2\/posts\/9653\/revisions"}],"predecessor-version":[{"id":9666,"href":"https:\/\/blog.zeit.de\/nsu-prozess-blog\/wp-json\/wp\/v2\/posts\/9653\/revisions\/9666"}],"wp:attachment":[{"href":"https:\/\/blog.zeit.de\/nsu-prozess-blog\/wp-json\/wp\/v2\/media?parent=9653"}],"wp:term":[{"taxonomy":"category","embeddable":true,"href":"https:\/\/blog.zeit.de\/nsu-prozess-blog\/wp-json\/wp\/v2\/categories?post=9653"},{"taxonomy":"post_tag","embeddable":true,"href":"https:\/\/blog.zeit.de\/nsu-prozess-blog\/wp-json\/wp\/v2\/tags?post=9653"}],"curies":[{"name":"wp","href":"https:\/\/api.w.org\/{rel}","templated":true}]}}