{"id":9668,"date":"2015-07-28T19:06:48","date_gmt":"2015-07-28T17:06:48","guid":{"rendered":"http:\/\/blog.zeit.de\/nsu-prozess-blog\/?p=9668"},"modified":"2015-07-28T22:13:51","modified_gmt":"2015-07-28T20:13:51","slug":"die-aufklaerung-darf-nicht-aufhoeren","status":"publish","type":"post","link":"https:\/\/blog.zeit.de\/nsu-prozess-blog\/2015\/07\/28\/die-aufklaerung-darf-nicht-aufhoeren\/","title":{"rendered":"Kleine Gesten der Verachtung"},"content":{"rendered":"<p><strong>Eisiges Schweigen, Gesten der Verachtung: Der Bruch zwischen Beate Zsch\u00e4pe und ihren Anw\u00e4lten ist im Gericht nicht mehr zu \u00fcbersehen. Der NSU-Prozess geht dennoch weiter. <\/strong><\/p>\n<p>Vielleicht wiegen kleine Gesten viel schwerer <a href=\"https:\/\/blog.zeit.de\/nsu-prozess-blog\/2015\/07\/20\/gegenschlag-der-anwaelte\/\">als pomp\u00f6se Antr\u00e4ge<\/a>. Auch in einem Verfahren wie dem M\u00fcnchner NSU-Prozess gibt es Sticheleien und Gemeinheiten, auch hier kann man einander bedeutungsreich ignorieren. Beate Zsch\u00e4pes neu beigeordneter Anwalt Mathias Grasel steht auf, als seine Mandantin eintritt und sich vom Pulk der Fotografen im Gerichtssaal abwendet. Ihre drei alten Verteidiger ziehen nicht einmal die Roben an, bis die Fotografen verschwunden sind. Anwalt Wolfgang Stahl vertieft sich in die Zeitung. Blo\u00df nichts wahrnehmen.<\/p>\n<p><!--more--><\/p>\n<p>Wer dem anderen Beachtung schenkt, verliert, gibt sich die Bl\u00f6\u00dfe. Das scheint das Spiel zu sein, das Zsch\u00e4pe und ihre Stammverteidiger spielen. Sie will die Anw\u00e4lte loswerden, und die w\u00fcrden den Job am liebsten aufgeben.<\/p>\n<p>Was wird nach dem Urteil vom NSU-Verfahren in Erinnerung bleiben? Die Knalleffekte der Konflikte auf der Anklagebank? Oder die durchaus ambitionierte Aufkl\u00e4rungsarbeit \u00fcber das Umfeld, in dem der Nationalsozialistische Untergrund in den neunziger Jahren erwuchs? Aktuell jedenfalls stellen Formalien das in den Schatten, was das Gericht \u00fcber die Terrorserie mit Akribie ans Tageslicht bef\u00f6rdert hat.<\/p>\n<p>Neue Scharm\u00fctzel, immerhin, gibt es am ersten Prozesstag nach der Anzeige nicht. Daf\u00fcr verteilen Wachtmeister am Vormittag die Kopie eines handschriftlichen Briefs aus Zsch\u00e4pes Feder. Das einseitige Dokument ist die Erwiderung auf eine Stellungnahme ihrer Anw\u00e4lte. Es scheint, als w\u00fcrden zumindest wieder Argumente ausgetauscht.<\/p>\n<p>Fast schon vergessen geglaubte Sachlichkeit auch bei der Zeugenvernehmung: Tats\u00e4chlich ist am 221. Prozesstag etwas zu erfahren \u00fcber die Zeit, in der Zsch\u00e4pe, Uwe Mundlos und Uwe B\u00f6hnhardt eine eingeschworene Gemeinschaft namens NSU schmiedeten. Der 40-j\u00e4hrige Sandro T. mischte damals kr\u00e4ftig in der Szene mit, heute lebt er nach eigenen Angaben in Kuwait. Vom Gedankengut allerdings hat sich der Zeuge nicht entfernt. &#8222;Die nationale Bewegung w\u00e4re viel weiter, h\u00e4tte es diese Vorf\u00e4lle nicht gegeben&#8220;, sagt er \u00fcber die Morde, die der Terrorzelle zugeschrieben werden. Es klingt nach Bedauern.<\/p>\n<p>W\u00e4hrend sich andere Rechtsextreme mit Verweigerung und Ausfl\u00fcchten durch die Verhandlung wurschteln, gibt T., Mitglied der NPD, reichlich Auskunft. Die rechte Szene der neunziger Jahre gibt er in lieblichen T\u00f6nen wieder.<\/p>\n<p><strong>&#8222;Der NSU war ein Tabuthema&#8220; sagt Zeuge T.<\/strong><\/p>\n<p>Zsch\u00e4pe war demnach &#8222;sehr lustig und spa\u00dfig&#8220;, Uwe B\u00f6hnhardt entgegen aller bisher geh\u00f6rten Beschreibungen unauff\u00e4llig und friedfertig, Uwe Mundlos habe Organisationstalent besessen. Die Beschreibungen seiner Kameraden klingen wie aus dem Arbeitszeugnis. Im Januar 1998 setzten sich die drei nach einem Sprengstofffund in Zsch\u00e4pes Garage in den Untergrund ab. In der Szene, erz\u00e4hlt T., habe man damals von zwei Fl\u00fcchtigen gesprochen \u2013 Mundlos und B\u00f6hnhardt. F\u00fcr Zsch\u00e4pe habe man die Erkl\u00e4rung gehabt, dass sie \u201eaus reiner Abenteuerlust mit auf die Flucht gegangen ist\u201c.<\/p>\n<p>Wenn die Kameraden \u00fcberhaupt mal \u00fcber die abgetauchten Mitstreiter sprachen. Denn in der Szene habe man alle Gespr\u00e4che \u00fcber sie sofort abgeb\u00fcgelt: &#8222;Das war ein Tabuthema.&#8220; Jeder in den rechten Kreisen sei als Spitzel verd\u00e4chtig gewesen. Das hatte zur Folge, dass kaum eine Erz\u00e4hlung \u00fcber Ger\u00fcchte hinausging. &#8222;Man hat keinem getraut und man wollte eigentlich auch gar nichts wissen \u00fcber die ganze Geschichte.&#8220;<\/p>\n<p>Glaubt man T., das sollte man jedoch nicht unbedarft, waren die abgetauchten Drei in der Szene keineswegs Helden. Denn die politisch engagierten Kameraden h\u00e4tten Gewalt &#8222;komplett abgelehnt&#8220; \u2013 f\u00fcr Exzesse seien stets Polizei und Linksradikale verantwortlich gewesen. In der rechten Vereinigung Th\u00fcringer Heimatschutz h\u00e4tten sich ausschlie\u00dflich Idealisten versammelt. Die Organisation hatte T.s Kumpel Tino Brandt gegr\u00fcndet, der wie er aus dem th\u00fcringischen Rudolstadt stammte.<\/p>\n<p>Die Stammtische des Heimatschutzes besuchten auch Zsch\u00e4pe, Mundlos und B\u00f6hnhardt. Auch, wenn es viele der damals Anwesenden gern bestreiten: Die sp\u00e4teren mutma\u00dflichen Terroristen radikalisierten sich vor den Augen ihrer Kameraden \u2013 denen Gewalt als Argument wohl doch lieber war, als sie heute zugeben.<\/p>\n","protected":false},"excerpt":{"rendered":"<p>Eisiges Schweigen, Gesten der Verachtung: Der Bruch zwischen Beate Zsch\u00e4pe und ihren Anw\u00e4lten ist im Gericht nicht mehr zu \u00fcbersehen. Der NSU-Prozess geht dennoch weiter. Vielleicht wiegen kleine Gesten viel schwerer als pomp\u00f6se Antr\u00e4ge. Auch in einem Verfahren wie dem M\u00fcnchner NSU-Prozess gibt es Sticheleien und Gemeinheiten, auch hier kann man einander bedeutungsreich ignorieren. Beate [&hellip;]<\/p>\n","protected":false},"author":435,"featured_media":0,"comment_status":"open","ping_status":"open","sticky":false,"template":"","format":"standard","meta":{"_jetpack_memberships_contains_paid_content":false,"footnotes":""},"categories":[27532],"tags":[],"class_list":["post-9668","post","type-post","status-publish","format-standard","hentry","category-prozesstage"],"yoast_head":"<!-- This site is optimized with the Yoast SEO plugin v21.0 - https:\/\/yoast.com\/wordpress\/plugins\/seo\/ -->\n<title>Kleine Gesten der Verachtung - Das NSU-Prozess-Blog<\/title>\n<meta name=\"description\" content=\"Im NSU-Prozess herrscht zwischen Zsch\u00e4pe und ihren Verteidigern eisiges Schweigen und Verachtung.\" \/>\n<meta name=\"robots\" content=\"index, follow, max-snippet:-1, max-image-preview:large, max-video-preview:-1\" \/>\n<link rel=\"canonical\" href=\"https:\/\/blog.zeit.de\/nsu-prozess-blog\/2015\/07\/28\/die-aufklaerung-darf-nicht-aufhoeren\/\" \/>\n<meta property=\"og:locale\" content=\"de_DE\" \/>\n<meta property=\"og:type\" content=\"article\" \/>\n<meta property=\"og:title\" content=\"Kleine Gesten der Verachtung - Das NSU-Prozess-Blog\" \/>\n<meta property=\"og:description\" content=\"Im NSU-Prozess herrscht zwischen Zsch\u00e4pe und ihren Verteidigern eisiges Schweigen und Verachtung.\" \/>\n<meta property=\"og:url\" content=\"https:\/\/blog.zeit.de\/nsu-prozess-blog\/2015\/07\/28\/die-aufklaerung-darf-nicht-aufhoeren\/\" \/>\n<meta property=\"og:site_name\" content=\"Das NSU-Prozess-Blog\" \/>\n<meta property=\"article:published_time\" content=\"2015-07-28T17:06:48+00:00\" \/>\n<meta property=\"article:modified_time\" content=\"2015-07-28T20:13:51+00:00\" \/>\n<meta name=\"author\" content=\"Tom Sundermann\" \/>\n<meta name=\"twitter:label1\" content=\"Geschrieben von\" \/>\n\t<meta name=\"twitter:data1\" content=\"Tom Sundermann\" \/>\n\t<meta name=\"twitter:label2\" content=\"Gesch\u00e4tzte Lesezeit\" \/>\n\t<meta name=\"twitter:data2\" content=\"3\u00a0Minuten\" \/>\n<script type=\"application\/ld+json\" class=\"yoast-schema-graph\">{\"@context\":\"https:\/\/schema.org\",\"@graph\":[{\"@type\":\"WebPage\",\"@id\":\"https:\/\/blog.zeit.de\/nsu-prozess-blog\/2015\/07\/28\/die-aufklaerung-darf-nicht-aufhoeren\/\",\"url\":\"https:\/\/blog.zeit.de\/nsu-prozess-blog\/2015\/07\/28\/die-aufklaerung-darf-nicht-aufhoeren\/\",\"name\":\"Kleine Gesten der Verachtung - Das NSU-Prozess-Blog\",\"isPartOf\":{\"@id\":\"https:\/\/blog.zeit.de\/nsu-prozess-blog\/#website\"},\"datePublished\":\"2015-07-28T17:06:48+00:00\",\"dateModified\":\"2015-07-28T20:13:51+00:00\",\"author\":{\"@id\":\"https:\/\/blog.zeit.de\/nsu-prozess-blog\/#\/schema\/person\/553ea9bb5d1fc2ae054c589bd59380a5\"},\"description\":\"Im NSU-Prozess herrscht zwischen Zsch\u00e4pe und ihren Verteidigern eisiges Schweigen und Verachtung.\",\"breadcrumb\":{\"@id\":\"https:\/\/blog.zeit.de\/nsu-prozess-blog\/2015\/07\/28\/die-aufklaerung-darf-nicht-aufhoeren\/#breadcrumb\"},\"inLanguage\":\"de\",\"potentialAction\":[{\"@type\":\"ReadAction\",\"target\":[\"https:\/\/blog.zeit.de\/nsu-prozess-blog\/2015\/07\/28\/die-aufklaerung-darf-nicht-aufhoeren\/\"]}]},{\"@type\":\"BreadcrumbList\",\"@id\":\"https:\/\/blog.zeit.de\/nsu-prozess-blog\/2015\/07\/28\/die-aufklaerung-darf-nicht-aufhoeren\/#breadcrumb\",\"itemListElement\":[{\"@type\":\"ListItem\",\"position\":1,\"name\":\"Startseite\",\"item\":\"https:\/\/blog.zeit.de\/nsu-prozess-blog\/\"},{\"@type\":\"ListItem\",\"position\":2,\"name\":\"Kleine Gesten der Verachtung\"}]},{\"@type\":\"WebSite\",\"@id\":\"https:\/\/blog.zeit.de\/nsu-prozess-blog\/#website\",\"url\":\"https:\/\/blog.zeit.de\/nsu-prozess-blog\/\",\"name\":\"Das NSU-Prozess-Blog\",\"description\":\"Alle Berichte zum Terrorverfahren in M\u00fcnchen\",\"potentialAction\":[{\"@type\":\"SearchAction\",\"target\":{\"@type\":\"EntryPoint\",\"urlTemplate\":\"https:\/\/blog.zeit.de\/nsu-prozess-blog\/?s={search_term_string}\"},\"query-input\":\"required name=search_term_string\"}],\"inLanguage\":\"de\"},{\"@type\":\"Person\",\"@id\":\"https:\/\/blog.zeit.de\/nsu-prozess-blog\/#\/schema\/person\/553ea9bb5d1fc2ae054c589bd59380a5\",\"name\":\"Tom Sundermann\",\"image\":{\"@type\":\"ImageObject\",\"inLanguage\":\"de\",\"@id\":\"https:\/\/blog.zeit.de\/nsu-prozess-blog\/#\/schema\/person\/image\/\",\"url\":\"https:\/\/secure.gravatar.com\/avatar\/e108a3dc18766f719b2f797dc5d19093f06a1870c55b553ab6b7563f1f9a5e68?s=96&d=mm&r=g\",\"contentUrl\":\"https:\/\/secure.gravatar.com\/avatar\/e108a3dc18766f719b2f797dc5d19093f06a1870c55b553ab6b7563f1f9a5e68?s=96&d=mm&r=g\",\"caption\":\"Tom Sundermann\"},\"sameAs\":[\"https:\/\/twitter.com\/messeticker\"],\"url\":\"https:\/\/blog.zeit.de\/nsu-prozess-blog\/author\/tsundermann\/\"}]}<\/script>\n<!-- \/ Yoast SEO plugin. -->","yoast_head_json":{"title":"Kleine Gesten der Verachtung - Das NSU-Prozess-Blog","description":"Im NSU-Prozess herrscht zwischen Zsch\u00e4pe und ihren Verteidigern eisiges Schweigen und Verachtung.","robots":{"index":"index","follow":"follow","max-snippet":"max-snippet:-1","max-image-preview":"max-image-preview:large","max-video-preview":"max-video-preview:-1"},"canonical":"https:\/\/blog.zeit.de\/nsu-prozess-blog\/2015\/07\/28\/die-aufklaerung-darf-nicht-aufhoeren\/","og_locale":"de_DE","og_type":"article","og_title":"Kleine Gesten der Verachtung - Das NSU-Prozess-Blog","og_description":"Im NSU-Prozess herrscht zwischen Zsch\u00e4pe und ihren Verteidigern eisiges Schweigen und Verachtung.","og_url":"https:\/\/blog.zeit.de\/nsu-prozess-blog\/2015\/07\/28\/die-aufklaerung-darf-nicht-aufhoeren\/","og_site_name":"Das NSU-Prozess-Blog","article_published_time":"2015-07-28T17:06:48+00:00","article_modified_time":"2015-07-28T20:13:51+00:00","author":"Tom Sundermann","twitter_misc":{"Geschrieben von":"Tom Sundermann","Gesch\u00e4tzte Lesezeit":"3\u00a0Minuten"},"schema":{"@context":"https:\/\/schema.org","@graph":[{"@type":"WebPage","@id":"https:\/\/blog.zeit.de\/nsu-prozess-blog\/2015\/07\/28\/die-aufklaerung-darf-nicht-aufhoeren\/","url":"https:\/\/blog.zeit.de\/nsu-prozess-blog\/2015\/07\/28\/die-aufklaerung-darf-nicht-aufhoeren\/","name":"Kleine Gesten der Verachtung - Das NSU-Prozess-Blog","isPartOf":{"@id":"https:\/\/blog.zeit.de\/nsu-prozess-blog\/#website"},"datePublished":"2015-07-28T17:06:48+00:00","dateModified":"2015-07-28T20:13:51+00:00","author":{"@id":"https:\/\/blog.zeit.de\/nsu-prozess-blog\/#\/schema\/person\/553ea9bb5d1fc2ae054c589bd59380a5"},"description":"Im NSU-Prozess herrscht zwischen Zsch\u00e4pe und ihren Verteidigern eisiges Schweigen und Verachtung.","breadcrumb":{"@id":"https:\/\/blog.zeit.de\/nsu-prozess-blog\/2015\/07\/28\/die-aufklaerung-darf-nicht-aufhoeren\/#breadcrumb"},"inLanguage":"de","potentialAction":[{"@type":"ReadAction","target":["https:\/\/blog.zeit.de\/nsu-prozess-blog\/2015\/07\/28\/die-aufklaerung-darf-nicht-aufhoeren\/"]}]},{"@type":"BreadcrumbList","@id":"https:\/\/blog.zeit.de\/nsu-prozess-blog\/2015\/07\/28\/die-aufklaerung-darf-nicht-aufhoeren\/#breadcrumb","itemListElement":[{"@type":"ListItem","position":1,"name":"Startseite","item":"https:\/\/blog.zeit.de\/nsu-prozess-blog\/"},{"@type":"ListItem","position":2,"name":"Kleine Gesten der Verachtung"}]},{"@type":"WebSite","@id":"https:\/\/blog.zeit.de\/nsu-prozess-blog\/#website","url":"https:\/\/blog.zeit.de\/nsu-prozess-blog\/","name":"Das NSU-Prozess-Blog","description":"Alle Berichte zum Terrorverfahren in M\u00fcnchen","potentialAction":[{"@type":"SearchAction","target":{"@type":"EntryPoint","urlTemplate":"https:\/\/blog.zeit.de\/nsu-prozess-blog\/?s={search_term_string}"},"query-input":"required name=search_term_string"}],"inLanguage":"de"},{"@type":"Person","@id":"https:\/\/blog.zeit.de\/nsu-prozess-blog\/#\/schema\/person\/553ea9bb5d1fc2ae054c589bd59380a5","name":"Tom Sundermann","image":{"@type":"ImageObject","inLanguage":"de","@id":"https:\/\/blog.zeit.de\/nsu-prozess-blog\/#\/schema\/person\/image\/","url":"https:\/\/secure.gravatar.com\/avatar\/e108a3dc18766f719b2f797dc5d19093f06a1870c55b553ab6b7563f1f9a5e68?s=96&d=mm&r=g","contentUrl":"https:\/\/secure.gravatar.com\/avatar\/e108a3dc18766f719b2f797dc5d19093f06a1870c55b553ab6b7563f1f9a5e68?s=96&d=mm&r=g","caption":"Tom Sundermann"},"sameAs":["https:\/\/twitter.com\/messeticker"],"url":"https:\/\/blog.zeit.de\/nsu-prozess-blog\/author\/tsundermann\/"}]}},"jetpack_featured_media_url":"","jetpack_sharing_enabled":true,"_links":{"self":[{"href":"https:\/\/blog.zeit.de\/nsu-prozess-blog\/wp-json\/wp\/v2\/posts\/9668","targetHints":{"allow":["GET"]}}],"collection":[{"href":"https:\/\/blog.zeit.de\/nsu-prozess-blog\/wp-json\/wp\/v2\/posts"}],"about":[{"href":"https:\/\/blog.zeit.de\/nsu-prozess-blog\/wp-json\/wp\/v2\/types\/post"}],"author":[{"embeddable":true,"href":"https:\/\/blog.zeit.de\/nsu-prozess-blog\/wp-json\/wp\/v2\/users\/435"}],"replies":[{"embeddable":true,"href":"https:\/\/blog.zeit.de\/nsu-prozess-blog\/wp-json\/wp\/v2\/comments?post=9668"}],"version-history":[{"count":10,"href":"https:\/\/blog.zeit.de\/nsu-prozess-blog\/wp-json\/wp\/v2\/posts\/9668\/revisions"}],"predecessor-version":[{"id":9691,"href":"https:\/\/blog.zeit.de\/nsu-prozess-blog\/wp-json\/wp\/v2\/posts\/9668\/revisions\/9691"}],"wp:attachment":[{"href":"https:\/\/blog.zeit.de\/nsu-prozess-blog\/wp-json\/wp\/v2\/media?parent=9668"}],"wp:term":[{"taxonomy":"category","embeddable":true,"href":"https:\/\/blog.zeit.de\/nsu-prozess-blog\/wp-json\/wp\/v2\/categories?post=9668"},{"taxonomy":"post_tag","embeddable":true,"href":"https:\/\/blog.zeit.de\/nsu-prozess-blog\/wp-json\/wp\/v2\/tags?post=9668"}],"curies":[{"name":"wp","href":"https:\/\/api.w.org\/{rel}","templated":true}]}}