{"id":9693,"date":"2015-07-30T08:37:31","date_gmt":"2015-07-30T06:37:31","guid":{"rendered":"http:\/\/blog.zeit.de\/nsu-prozess-blog\/?p=9693"},"modified":"2015-07-30T13:47:37","modified_gmt":"2015-07-30T11:47:37","slug":"medienlog-zschaepe-anzeige-abgelehnt-piatto","status":"publish","type":"post","link":"https:\/\/blog.zeit.de\/nsu-prozess-blog\/2015\/07\/30\/medienlog-zschaepe-anzeige-abgelehnt-piatto\/","title":{"rendered":"Schlappe f\u00fcr Zsch\u00e4pe \u2013 Das Medienlog vom Donnerstag, 30. Juli 2015"},"content":{"rendered":"<p>Es war ein weiterer, offenbar ein verzweifelter Versuch, ihre Anw\u00e4lte loszuwerden: Beate Zsch\u00e4pe hatte <a href=\"https:\/\/blog.zeit.de\/nsu-prozess-blog\/2015\/07\/24\/zschaepe-wird-die-justiz-nicht-besiegen\/\">ihre drei alten Anw\u00e4lte angezeigt<\/a>, weil diese Geheimnisse ausgeplaudert haben sollen. Die Staatsanwaltschaft M\u00fcnchen sieht das anders: Anja Sturm, Wolfgang Stahl und Wolfgang Heer h\u00e4tten sich korrekt verhalten, <a href=\"http:\/\/www.justiz.bayern.de\/sta\/sta\/m1\/presse\/archiv\/2015\/04917\/index.php\" target=\"_blank\">teilte die Beh\u00f6rde mit<\/a> und <a href=\"http:\/\/www.zeit.de\/gesellschaft\/zeitgeschehen\/2015-07\/nsu-prozess-beate-zschaepe-anzeige-pflichtverteidiger-keine-ermittlung\">stellte die Ermittlungen ein<\/a>. Die Hauptangeklagte habe &#8222;im Kleinkrieg mit drei ihrer vier Pflichtverteidiger eine Niederlage erlitten&#8220;, kommentiert Frank Jansen vom <a href=\"http:\/\/www.tagesspiegel.de\/politik\/222-tag-im-nsu-prozess-schlappe-fuer-beate-zschaepe-keine-ermittlungen-gegen-verteidiger\/12117710.html\" target=\"_blank\"><em>Tagesspiegel<\/em><\/a>.<\/p>\n<p><!--more--><\/p>\n<p><em>An jedem Werktag sichten wir f\u00fcr das NSU-Prozess-Blog die Medien und stellen wichtige Berichte, Blogs, Videos und Tweets zusammen. Wir freuen uns \u00fcber Hinweise via Twitter mit dem Hashtag #nsublog \u2013 oder per E-Mail an <a href=\"mailto:nsublog@zeit.de\">nsublog@zeit.de<\/a>.<\/em><\/p>\n<p>Mit dem Ergebnis sei allerdings zu rechnen gewesen. Zsch\u00e4pe habe wohl versucht, &#8222;den Konflikt um des Konflikt willens weiter eskalieren zu lassen&#8220;. Ihre Antr\u00e4ge auf die Entlassung von Sturm, Stahl und Heer liegen weiter bei Richter Manfred G\u00f6tzl auf dem Schreibtisch. Nach der abgelehnten Strafanzeige gilt es jedoch als h\u00f6chst unwahrscheinlich, dass G\u00f6tzl den Gesuchen stattgibt.<\/p>\n<p>Die drei Anw\u00e4lte hatten G\u00f6tzl in einem Gespr\u00e4ch au\u00dferhalb der Verhandlung mitgeteilt, sie h\u00e4tten Zsch\u00e4pe nicht angewiesen, vor Gericht die Aussage zu verweigern. Das sahen Zsch\u00e4pe und vermutlich auch ihr neuer Anwalt Mathias Grasel als Verrat eines Geheimnisses. Durch die Ablehnung der Ermittlungsbeh\u00f6rde sei &#8222;viel Druck aus dem NSU-Prozess genommen \u2013 sofern sich Zsch\u00e4pe nun nicht neue Dinge ausdenkt&#8220;, meint Holger Schmidt vom <a href=\"http:\/\/www.swr.de\/blog\/terrorismus\/2015\/07\/29\/staatsanwaltschaft-muenchen-klatscht-beate-zschaepe\/\" target=\"_blank\">S\u00fcdwestrundfunk<\/a>. Durch die Anzeige sei klar geworden, dass ihr das Schweigen im Saal nicht aufgezwungen wurde, sondern ihrem eigenen Willen entspricht. Diesen Eindruck habe sie bislang versucht zu verhindern.<\/p>\n<p>Angesichts solcher Scharm\u00fctzel sei es naheliegend und dennoch &#8222;grob falsch und gef\u00e4hrlich, den Prozess als Posse oder gar als Farce zu bezeichnen&#8220;, hei\u00dft es in einer Analyse von Helene Bubrowski in der <a href=\"http:\/\/www.faz.net\/aktuell\/politik\/nsu-prozess\/nsu-prozess-eine-zumutung-aber-keine-farce-13724299.html\" target=\"_blank\"><em>FAZ<\/em><\/a>. Das Gericht gehe den Tatvorw\u00fcrfen mit gro\u00dfer Akribie nach. Indes seien Konflikte zwischen Mandant und Verteidiger bei langen Verfahren nicht ungew\u00f6hnlich. Sturm, Stahl und Heer m\u00fcssten Zsch\u00e4pe dennoch weiter korrekt verteidigen und einsehen, &#8222;dass ein Strafprozess keine Showb\u00fchne f\u00fcr Rechtsanw\u00e4lte ist&#8220;.<\/p>\n<p>Wie am Vortag setzte Richter G\u00f6tzl unbeirrt die geplanten Zeugenvernehmungen fort. Zu einem Eklat kam es bei der Befragung des V-Mann-F\u00fchrers, der den rechtsextremen Informanten <a href=\"https:\/\/blog.zeit.de\/nsu-prozess-blog\/2014\/12\/02\/die-schuetzende-hand-des-geheimdienstes\/\">Carsten Sz. alias Piatto<\/a> betreut hatte. Der zum Schutz seiner Person verkleidete Beamte hatte einen Aktenordner bei sich, in dem m\u00f6glicherweise Dienstgeheimnisse nachzulesen waren. G\u00f6tzl ordnete nach Forderungen von Nebenklageanw\u00e4lten daher an, die Dokumentensammlung zu beschlagnahmen. Bis der Verfassungssch\u00fctzer wiederkommt, bleibt der Ordner nun im Gericht. Zu der Vernehmung berichten Annette Ramelsberger in der <a href=\"http:\/\/www.sueddeutsche.de\/politik\/nsu-prozess-in-der-obhut-des-gerichts-1.2587153\" target=\"_blank\"><em>S\u00fcddeutschen Zeitung<\/em><\/a> und Oliver Bendixen vom <a href=\"http:\/\/www.br.de\/nachrichten\/nsu-prozess\/150729-tagebuch-gerichtsreporter-100.html\" target=\"_blank\">Bayerischen Rundfunk<\/a>.<\/p>\n<p><em>Das n\u00e4chste Medienlog erscheint am Freitag, 31. Juli 2015.<\/em><\/p>\n","protected":false},"excerpt":{"rendered":"<p>Es war ein weiterer, offenbar ein verzweifelter Versuch, ihre Anw\u00e4lte loszuwerden: Beate Zsch\u00e4pe hatte ihre drei alten Anw\u00e4lte angezeigt, weil diese Geheimnisse ausgeplaudert haben sollen. Die Staatsanwaltschaft M\u00fcnchen sieht das anders: Anja Sturm, Wolfgang Stahl und Wolfgang Heer h\u00e4tten sich korrekt verhalten, teilte die Beh\u00f6rde mit und stellte die Ermittlungen ein. Die Hauptangeklagte habe &#8222;im [&hellip;]<\/p>\n","protected":false},"author":435,"featured_media":0,"comment_status":"open","ping_status":"open","sticky":false,"template":"","format":"standard","meta":{"_jetpack_memberships_contains_paid_content":false,"footnotes":""},"categories":[27531],"tags":[27575,29424,17793,29533,29554,17899,1836,27565,29427],"class_list":["post-9693","post","type-post","status-publish","format-standard","hentry","category-medienschau","tag-anja-sturm","tag-anwalte","tag-beate-zschape","tag-entpflichtung","tag-piatto","tag-v-mann","tag-verfassungsschutz","tag-wolfgang-heer","tag-wolfgang-stahl"],"yoast_head":"<!-- This site is optimized with the Yoast SEO plugin v21.0 - https:\/\/yoast.com\/wordpress\/plugins\/seo\/ -->\n<title>Schlappe f\u00fcr Beate Zsch\u00e4pe<\/title>\n<meta name=\"description\" content=\"Die Anzeige von Beate Zsch\u00e4pe gegen drei ihrer Anw\u00e4lte ist abgelehnt, deren Entlassung damit unwahrscheinlich. Das NSU-Prozess-Blog\" \/>\n<meta name=\"robots\" content=\"index, follow, max-snippet:-1, max-image-preview:large, max-video-preview:-1\" \/>\n<link rel=\"canonical\" href=\"https:\/\/blog.zeit.de\/nsu-prozess-blog\/2015\/07\/30\/medienlog-zschaepe-anzeige-abgelehnt-piatto\/\" \/>\n<meta property=\"og:locale\" content=\"de_DE\" \/>\n<meta property=\"og:type\" content=\"article\" \/>\n<meta property=\"og:title\" content=\"Schlappe f\u00fcr Beate Zsch\u00e4pe\" \/>\n<meta property=\"og:description\" content=\"Die Anzeige von Beate Zsch\u00e4pe gegen drei ihrer Anw\u00e4lte ist abgelehnt, deren Entlassung damit unwahrscheinlich. Das NSU-Prozess-Blog\" \/>\n<meta property=\"og:url\" content=\"https:\/\/blog.zeit.de\/nsu-prozess-blog\/2015\/07\/30\/medienlog-zschaepe-anzeige-abgelehnt-piatto\/\" \/>\n<meta property=\"og:site_name\" content=\"Das NSU-Prozess-Blog\" \/>\n<meta property=\"article:published_time\" content=\"2015-07-30T06:37:31+00:00\" \/>\n<meta property=\"article:modified_time\" content=\"2015-07-30T11:47:37+00:00\" \/>\n<meta name=\"author\" content=\"Tom Sundermann\" \/>\n<meta name=\"twitter:label1\" content=\"Geschrieben von\" \/>\n\t<meta name=\"twitter:data1\" content=\"Tom Sundermann\" \/>\n\t<meta name=\"twitter:label2\" content=\"Gesch\u00e4tzte Lesezeit\" \/>\n\t<meta name=\"twitter:data2\" content=\"2\u00a0Minuten\" \/>\n<script type=\"application\/ld+json\" class=\"yoast-schema-graph\">{\"@context\":\"https:\/\/schema.org\",\"@graph\":[{\"@type\":\"WebPage\",\"@id\":\"https:\/\/blog.zeit.de\/nsu-prozess-blog\/2015\/07\/30\/medienlog-zschaepe-anzeige-abgelehnt-piatto\/\",\"url\":\"https:\/\/blog.zeit.de\/nsu-prozess-blog\/2015\/07\/30\/medienlog-zschaepe-anzeige-abgelehnt-piatto\/\",\"name\":\"Schlappe f\u00fcr Beate Zsch\u00e4pe\",\"isPartOf\":{\"@id\":\"https:\/\/blog.zeit.de\/nsu-prozess-blog\/#website\"},\"datePublished\":\"2015-07-30T06:37:31+00:00\",\"dateModified\":\"2015-07-30T11:47:37+00:00\",\"author\":{\"@id\":\"https:\/\/blog.zeit.de\/nsu-prozess-blog\/#\/schema\/person\/553ea9bb5d1fc2ae054c589bd59380a5\"},\"description\":\"Die Anzeige von Beate Zsch\u00e4pe gegen drei ihrer Anw\u00e4lte ist abgelehnt, deren Entlassung damit unwahrscheinlich. Das NSU-Prozess-Blog\",\"breadcrumb\":{\"@id\":\"https:\/\/blog.zeit.de\/nsu-prozess-blog\/2015\/07\/30\/medienlog-zschaepe-anzeige-abgelehnt-piatto\/#breadcrumb\"},\"inLanguage\":\"de\",\"potentialAction\":[{\"@type\":\"ReadAction\",\"target\":[\"https:\/\/blog.zeit.de\/nsu-prozess-blog\/2015\/07\/30\/medienlog-zschaepe-anzeige-abgelehnt-piatto\/\"]}]},{\"@type\":\"BreadcrumbList\",\"@id\":\"https:\/\/blog.zeit.de\/nsu-prozess-blog\/2015\/07\/30\/medienlog-zschaepe-anzeige-abgelehnt-piatto\/#breadcrumb\",\"itemListElement\":[{\"@type\":\"ListItem\",\"position\":1,\"name\":\"Startseite\",\"item\":\"https:\/\/blog.zeit.de\/nsu-prozess-blog\/\"},{\"@type\":\"ListItem\",\"position\":2,\"name\":\"Schlappe f\u00fcr Zsch\u00e4pe \u2013 Das Medienlog vom Donnerstag, 30. Juli 2015\"}]},{\"@type\":\"WebSite\",\"@id\":\"https:\/\/blog.zeit.de\/nsu-prozess-blog\/#website\",\"url\":\"https:\/\/blog.zeit.de\/nsu-prozess-blog\/\",\"name\":\"Das NSU-Prozess-Blog\",\"description\":\"Alle Berichte zum Terrorverfahren in M\u00fcnchen\",\"potentialAction\":[{\"@type\":\"SearchAction\",\"target\":{\"@type\":\"EntryPoint\",\"urlTemplate\":\"https:\/\/blog.zeit.de\/nsu-prozess-blog\/?s={search_term_string}\"},\"query-input\":\"required name=search_term_string\"}],\"inLanguage\":\"de\"},{\"@type\":\"Person\",\"@id\":\"https:\/\/blog.zeit.de\/nsu-prozess-blog\/#\/schema\/person\/553ea9bb5d1fc2ae054c589bd59380a5\",\"name\":\"Tom Sundermann\",\"image\":{\"@type\":\"ImageObject\",\"inLanguage\":\"de\",\"@id\":\"https:\/\/blog.zeit.de\/nsu-prozess-blog\/#\/schema\/person\/image\/\",\"url\":\"https:\/\/secure.gravatar.com\/avatar\/e108a3dc18766f719b2f797dc5d19093f06a1870c55b553ab6b7563f1f9a5e68?s=96&d=mm&r=g\",\"contentUrl\":\"https:\/\/secure.gravatar.com\/avatar\/e108a3dc18766f719b2f797dc5d19093f06a1870c55b553ab6b7563f1f9a5e68?s=96&d=mm&r=g\",\"caption\":\"Tom Sundermann\"},\"sameAs\":[\"https:\/\/twitter.com\/messeticker\"],\"url\":\"https:\/\/blog.zeit.de\/nsu-prozess-blog\/author\/tsundermann\/\"}]}<\/script>\n<!-- \/ Yoast SEO plugin. -->","yoast_head_json":{"title":"Schlappe f\u00fcr Beate Zsch\u00e4pe","description":"Die Anzeige von Beate Zsch\u00e4pe gegen drei ihrer Anw\u00e4lte ist abgelehnt, deren Entlassung damit unwahrscheinlich. Das NSU-Prozess-Blog","robots":{"index":"index","follow":"follow","max-snippet":"max-snippet:-1","max-image-preview":"max-image-preview:large","max-video-preview":"max-video-preview:-1"},"canonical":"https:\/\/blog.zeit.de\/nsu-prozess-blog\/2015\/07\/30\/medienlog-zschaepe-anzeige-abgelehnt-piatto\/","og_locale":"de_DE","og_type":"article","og_title":"Schlappe f\u00fcr Beate Zsch\u00e4pe","og_description":"Die Anzeige von Beate Zsch\u00e4pe gegen drei ihrer Anw\u00e4lte ist abgelehnt, deren Entlassung damit unwahrscheinlich. Das NSU-Prozess-Blog","og_url":"https:\/\/blog.zeit.de\/nsu-prozess-blog\/2015\/07\/30\/medienlog-zschaepe-anzeige-abgelehnt-piatto\/","og_site_name":"Das NSU-Prozess-Blog","article_published_time":"2015-07-30T06:37:31+00:00","article_modified_time":"2015-07-30T11:47:37+00:00","author":"Tom Sundermann","twitter_misc":{"Geschrieben von":"Tom Sundermann","Gesch\u00e4tzte Lesezeit":"2\u00a0Minuten"},"schema":{"@context":"https:\/\/schema.org","@graph":[{"@type":"WebPage","@id":"https:\/\/blog.zeit.de\/nsu-prozess-blog\/2015\/07\/30\/medienlog-zschaepe-anzeige-abgelehnt-piatto\/","url":"https:\/\/blog.zeit.de\/nsu-prozess-blog\/2015\/07\/30\/medienlog-zschaepe-anzeige-abgelehnt-piatto\/","name":"Schlappe f\u00fcr Beate Zsch\u00e4pe","isPartOf":{"@id":"https:\/\/blog.zeit.de\/nsu-prozess-blog\/#website"},"datePublished":"2015-07-30T06:37:31+00:00","dateModified":"2015-07-30T11:47:37+00:00","author":{"@id":"https:\/\/blog.zeit.de\/nsu-prozess-blog\/#\/schema\/person\/553ea9bb5d1fc2ae054c589bd59380a5"},"description":"Die Anzeige von Beate Zsch\u00e4pe gegen drei ihrer Anw\u00e4lte ist abgelehnt, deren Entlassung damit unwahrscheinlich. Das NSU-Prozess-Blog","breadcrumb":{"@id":"https:\/\/blog.zeit.de\/nsu-prozess-blog\/2015\/07\/30\/medienlog-zschaepe-anzeige-abgelehnt-piatto\/#breadcrumb"},"inLanguage":"de","potentialAction":[{"@type":"ReadAction","target":["https:\/\/blog.zeit.de\/nsu-prozess-blog\/2015\/07\/30\/medienlog-zschaepe-anzeige-abgelehnt-piatto\/"]}]},{"@type":"BreadcrumbList","@id":"https:\/\/blog.zeit.de\/nsu-prozess-blog\/2015\/07\/30\/medienlog-zschaepe-anzeige-abgelehnt-piatto\/#breadcrumb","itemListElement":[{"@type":"ListItem","position":1,"name":"Startseite","item":"https:\/\/blog.zeit.de\/nsu-prozess-blog\/"},{"@type":"ListItem","position":2,"name":"Schlappe f\u00fcr Zsch\u00e4pe \u2013 Das Medienlog vom Donnerstag, 30. Juli 2015"}]},{"@type":"WebSite","@id":"https:\/\/blog.zeit.de\/nsu-prozess-blog\/#website","url":"https:\/\/blog.zeit.de\/nsu-prozess-blog\/","name":"Das NSU-Prozess-Blog","description":"Alle Berichte zum Terrorverfahren in M\u00fcnchen","potentialAction":[{"@type":"SearchAction","target":{"@type":"EntryPoint","urlTemplate":"https:\/\/blog.zeit.de\/nsu-prozess-blog\/?s={search_term_string}"},"query-input":"required name=search_term_string"}],"inLanguage":"de"},{"@type":"Person","@id":"https:\/\/blog.zeit.de\/nsu-prozess-blog\/#\/schema\/person\/553ea9bb5d1fc2ae054c589bd59380a5","name":"Tom Sundermann","image":{"@type":"ImageObject","inLanguage":"de","@id":"https:\/\/blog.zeit.de\/nsu-prozess-blog\/#\/schema\/person\/image\/","url":"https:\/\/secure.gravatar.com\/avatar\/e108a3dc18766f719b2f797dc5d19093f06a1870c55b553ab6b7563f1f9a5e68?s=96&d=mm&r=g","contentUrl":"https:\/\/secure.gravatar.com\/avatar\/e108a3dc18766f719b2f797dc5d19093f06a1870c55b553ab6b7563f1f9a5e68?s=96&d=mm&r=g","caption":"Tom Sundermann"},"sameAs":["https:\/\/twitter.com\/messeticker"],"url":"https:\/\/blog.zeit.de\/nsu-prozess-blog\/author\/tsundermann\/"}]}},"jetpack_featured_media_url":"","jetpack_sharing_enabled":true,"_links":{"self":[{"href":"https:\/\/blog.zeit.de\/nsu-prozess-blog\/wp-json\/wp\/v2\/posts\/9693","targetHints":{"allow":["GET"]}}],"collection":[{"href":"https:\/\/blog.zeit.de\/nsu-prozess-blog\/wp-json\/wp\/v2\/posts"}],"about":[{"href":"https:\/\/blog.zeit.de\/nsu-prozess-blog\/wp-json\/wp\/v2\/types\/post"}],"author":[{"embeddable":true,"href":"https:\/\/blog.zeit.de\/nsu-prozess-blog\/wp-json\/wp\/v2\/users\/435"}],"replies":[{"embeddable":true,"href":"https:\/\/blog.zeit.de\/nsu-prozess-blog\/wp-json\/wp\/v2\/comments?post=9693"}],"version-history":[{"count":7,"href":"https:\/\/blog.zeit.de\/nsu-prozess-blog\/wp-json\/wp\/v2\/posts\/9693\/revisions"}],"predecessor-version":[{"id":9700,"href":"https:\/\/blog.zeit.de\/nsu-prozess-blog\/wp-json\/wp\/v2\/posts\/9693\/revisions\/9700"}],"wp:attachment":[{"href":"https:\/\/blog.zeit.de\/nsu-prozess-blog\/wp-json\/wp\/v2\/media?parent=9693"}],"wp:term":[{"taxonomy":"category","embeddable":true,"href":"https:\/\/blog.zeit.de\/nsu-prozess-blog\/wp-json\/wp\/v2\/categories?post=9693"},{"taxonomy":"post_tag","embeddable":true,"href":"https:\/\/blog.zeit.de\/nsu-prozess-blog\/wp-json\/wp\/v2\/tags?post=9693"}],"curies":[{"name":"wp","href":"https:\/\/api.w.org\/{rel}","templated":true}]}}