{"id":9723,"date":"2015-08-04T08:23:38","date_gmt":"2015-08-04T06:23:38","guid":{"rendered":"http:\/\/blog.zeit.de\/nsu-prozess-blog\/?p=9723"},"modified":"2015-08-04T08:51:57","modified_gmt":"2015-08-04T06:51:57","slug":"medienlog-antrag-verfassungsschutz-akten","status":"publish","type":"post","link":"https:\/\/blog.zeit.de\/nsu-prozess-blog\/2015\/08\/04\/medienlog-antrag-verfassungsschutz-akten\/","title":{"rendered":"Der Datenschatz des Verfassungsschutzes \u2013 Das Medienlog vom Dienstag, 4. August 2015"},"content":{"rendered":"<p>Ein Zeuge aus der rechten Szene tauchte nicht auf, stattdessen sorgten Anw\u00e4lte der Nebenklage\u00a0am Montag mit einem wichtigen Antrag f\u00fcr Aufsehen: Sie fordern im NSU-Prozess Aufkl\u00e4rung in der &#8222;<a href=\"http:\/\/www.zeit.de\/politik\/deutschland\/2012-06\/nsu-akten-vernichtung\">Schredder-Aff\u00e4re<\/a>&#8222;, bei der ein Abteilungsleiter des Bundesverfassungsschutzes die Akten mehrerer V-M\u00e4nner aus dem Umfeld des rechtsextremen Trios vernichten lie\u00df. Dazu geh\u00f6rt auch der <a href=\"https:\/\/blog.zeit.de\/nsu-prozess-blog\/2015\/02\/10\/medienlog-tarif-akten-bfv-verfassungsschutz\/\">Informant mit dem Decknamen &#8222;Tarif&#8220;<\/a>. Die Schredder-Aktion &#8222;war f\u00fcr den Verfassungsschutz peinlich, jetzt wird sie m\u00f6glicherweise noch mal ein gr\u00f6\u00dferes Thema&#8220;, merkt Frank Jansen vom <a href=\"http:\/\/www.tagesspiegel.de\/politik\/223-tag-im-nsu-prozess-wurden-brisante-unterlagen-bewusst-vernichtet\/12140186.html\" target=\"_blank\"><em>Tagesspiegel<\/em><\/a> an.<\/p>\n<p><!--more--><\/p>\n<p>In dem Antrag ersuchen rund 30 Vertreter der Nebenklage\u00a0das Gericht, den Abteilungsleiter als Zeugen zu laden. Da Teile der Dokumente wieder aufgetaucht sind, sollen diese zudem als Beweismittel eingef\u00fchrt werden. Nicht einmal der Untersuchungsausschuss des Bundestags konnte Einsicht in das Material nehmen. Der Verfassungsschutz selbst hatte sich nicht\u00a0um eine\u00a0Aufkl\u00e4rung der Angelegenheit bem\u00fcht. Nach neuerlichen Skandalen &#8222;bleibt das Versagen des Dienstes in der NSU-Aff\u00e4re ein weiterer dunkler Fleck auf der Weste des Verfassungsschutzes&#8220;, schreibt Ina Krau\u00df vom <a href=\"http:\/\/www.br.de\/nachrichten\/nsu-prozess\/150803-nsu-prozess-verhandlungstag-223-100.html\" target=\"_blank\">Bayerischen Rundfunk<\/a>.<\/p>\n<p>Was genau die Akten enthalten, ist unklar. Mit gro\u00dfer\u00a0Wahrscheinlichkeit ist der Inhalt\u00a0f\u00fcr den Prozess aber relevant. &#8222;Das Bundesamt sitzt auf einem ungehobenen Datenschatz, der die Geschichte des NSU auf bislang ungekannte Weise nachzeichnet&#8220;, analysieren wir auf <a href=\"https:\/\/blog.zeit.de\/nsu-prozess-blog\/2015\/08\/03\/anwaelte-wollen-verfassungsschutz-durchleuchten\/\" target=\"_blank\">ZEIT ONLINE<\/a>. Unabh\u00e4ngige Ermittlungen brachten\u00a0bisher keine Ergebnisse: &#8222;Die Aufkl\u00e4rung reichte just soweit, wie der Verfassungsschutz gestattete.&#8220; Dass nun ein Richter in der Sache t\u00e4tig werden soll, &#8222;ist die letzte Chance der Hinterbliebenen, etwas \u00fcber die mysteri\u00f6sen Vorg\u00e4nge zu erfahren&#8220;.<\/p>\n<p>Allerdings hat Richter Manfred G\u00f6tzl Beweisantr\u00e4ge der Nebenkl\u00e4ger in der Vergangenheit h\u00e4ufig\u00a0abgelehnt. Auch die Bundesanwaltschaft trat ihnen h\u00e4ufig entgegen. &#8222;Entsprechend umfangreich fiel die Begr\u00fcndung aus, in der sich die Nebenkl\u00e4ger auch auf das Bundesverfassungsgericht und die europ\u00e4ische Rechtsprechung beziehen&#8220;, beobachtet Tanjev Schultz von der <a href=\"http:\/\/www.sueddeutsche.de\/politik\/aktenvernichtung-nebenklaeger-im-nsu-prozess-fordern-klarheit-ueber-operation-konfetti-1.2593397\" target=\"_blank\"><em>S\u00fcddeutschen Zeitung<\/em><\/a>. So wollen sie offenbar jeglichen Zweifeln an der Berechtigung des Antrags entgegentreten.<\/p>\n<p>Da\u00a0mehrere Gesuche dieser Art im Raum stehen, wird das Gericht mehr Verhandlungstage als geplant brauchen. Demn\u00e4chst w\u00fcrden Sitzungstermine bis zum Fr\u00fchsommer 2016 bekannt gegeben, berichtet Per Hinrichs in der <a href=\"http:\/\/www.welt.de\/politik\/deutschland\/article144766743\/NSU-Prozess-wird-noch-bis-Fruehsommer-2016-dauern.html\" target=\"_blank\"><em>Welt<\/em><\/a>. Bislang waren Termine bis zum Januar eingeplant.<\/p>\n<p>Das Vertrauen zwischen Beate Zsch\u00e4pe und ihren drei alten Anw\u00e4lten ist zwar nicht wiederhergestellt, doch <a href=\"https:\/\/blog.zeit.de\/nsu-prozess-blog\/2015\/08\/03\/medienlog-zschaepe-antrag-abgelehnt-grasel-nsu\/\" target=\"_blank\">die Krise<\/a>\u00a0ist vorerst ausgestanden: Die Verteidiger behalten ihr Mandat, Antr\u00e4ge beider Seiten auf Entpflichtung lehnte Richter Manfred G\u00f6tzl ab. Damit falle ihm das Verdienst zu, den Prozess vor dem Scheitern bewahrt zu haben, meint Konrad Litschko von der <em><a href=\"http:\/\/taz.de\/NSU-Richter-Manfred-Goetzl\/!5217322\/\" target=\"_blank\">taz<\/a>.<\/em>\u00a0&#8222;Es gibt kaum einen Prozesstag, in dem G\u00f6tzl nicht klarmacht, wer in dem Verfahren die Regie f\u00fchrt: er selbst.&#8220; Er folge einem klaren Plan: &#8222;keine weitere Eskalation&#8220;.<\/p>\n<p>Erst an relativ wenigen Tagen besch\u00e4ftigte sich das Gericht bislang mit den <a href=\"https:\/\/blog.zeit.de\/nsu-prozess-blog\/2015\/04\/17\/maskenmaenner-mit-masterplan\/\">Bank\u00fcberf\u00e4llen<\/a>, die dem NSU zur Finanzierung seines Lebens im Untergrund dienten. &#8222;Die vergessenen Opfer&#8220; der Taten behandelt der Journalist Thomas Moser in einem Beitrag f\u00fcr den <a href=\"http:\/\/www.deutschlandfunk.de\/nsu-prozess-die-vergessenen-opfer-der-bankueberfaelle.724.de.html?dram:article_id=327242\" target=\"_blank\">Deutschlandfunk<\/a>.<\/p>\n<p><em>An jedem Werktag sichten wir f\u00fcr das NSU-Prozess-Blog die Medien und stellen wichtige Berichte, Blogs, Videos und Tweets zusammen. Wir freuen uns \u00fcber Hinweise via Twitter mit dem Hashtag #nsublog \u2013 oder per E-Mail an <a href=\"mailto:nsublog@zeit.de\">nsublog@zeit.de<\/a>.<\/em><\/p>\n<p><em>Das n\u00e4chste Medienlog erscheint am Mittwoch, 5. August 2015.<\/em><\/p>\n","protected":false},"excerpt":{"rendered":"<p>Ein Zeuge aus der rechten Szene tauchte nicht auf, stattdessen sorgten Anw\u00e4lte der Nebenklage\u00a0am Montag mit einem wichtigen Antrag f\u00fcr Aufsehen: Sie fordern im NSU-Prozess Aufkl\u00e4rung in der &#8222;Schredder-Aff\u00e4re&#8222;, bei der ein Abteilungsleiter des Bundesverfassungsschutzes die Akten mehrerer V-M\u00e4nner aus dem Umfeld des rechtsextremen Trios vernichten lie\u00df. Dazu geh\u00f6rt auch der Informant mit dem Decknamen [&hellip;]<\/p>\n","protected":false},"author":435,"featured_media":0,"comment_status":"open","ping_status":"open","sticky":false,"template":"","format":"standard","meta":{"_jetpack_memberships_contains_paid_content":false,"footnotes":""},"categories":[27531],"tags":[35375,29424,29457,27772,29533,27559,29426,29537,8660,17899,1836],"class_list":["post-9723","post","type-post","status-publish","format-standard","hentry","category-medienschau","tag-akten","tag-anwalte","tag-bankuberfall","tag-bundesverfassungsschutz","tag-entpflichtung","tag-manfred-gotzl","tag-nebenklage","tag-richter","tag-termine","tag-v-mann","tag-verfassungsschutz"],"yoast_head":"<!-- This site is optimized with the Yoast SEO plugin v21.0 - https:\/\/yoast.com\/wordpress\/plugins\/seo\/ -->\n<title>Der Datenschatz des Verfassungsschutzes \u2013 Das Medienlog vom Dienstag, 4. August 2015 - Das NSU-Prozess-Blog<\/title>\n<meta name=\"robots\" content=\"index, follow, max-snippet:-1, max-image-preview:large, max-video-preview:-1\" \/>\n<link rel=\"canonical\" href=\"https:\/\/blog.zeit.de\/nsu-prozess-blog\/2015\/08\/04\/medienlog-antrag-verfassungsschutz-akten\/\" \/>\n<meta property=\"og:locale\" content=\"de_DE\" \/>\n<meta property=\"og:type\" content=\"article\" \/>\n<meta property=\"og:title\" content=\"Der Datenschatz des Verfassungsschutzes \u2013 Das Medienlog vom Dienstag, 4. August 2015 - Das NSU-Prozess-Blog\" \/>\n<meta property=\"og:description\" content=\"Ein Zeuge aus der rechten Szene tauchte nicht auf, stattdessen sorgten Anw\u00e4lte der Nebenklage\u00a0am Montag mit einem wichtigen Antrag f\u00fcr Aufsehen: Sie fordern im NSU-Prozess Aufkl\u00e4rung in der &#8222;Schredder-Aff\u00e4re&#8222;, bei der ein Abteilungsleiter des Bundesverfassungsschutzes die Akten mehrerer V-M\u00e4nner aus dem Umfeld des rechtsextremen Trios vernichten lie\u00df. Dazu geh\u00f6rt auch der Informant mit dem Decknamen [&hellip;]\" \/>\n<meta property=\"og:url\" content=\"https:\/\/blog.zeit.de\/nsu-prozess-blog\/2015\/08\/04\/medienlog-antrag-verfassungsschutz-akten\/\" \/>\n<meta property=\"og:site_name\" content=\"Das NSU-Prozess-Blog\" \/>\n<meta property=\"article:published_time\" content=\"2015-08-04T06:23:38+00:00\" \/>\n<meta property=\"article:modified_time\" content=\"2015-08-04T06:51:57+00:00\" \/>\n<meta name=\"author\" content=\"Tom Sundermann\" \/>\n<meta name=\"twitter:label1\" content=\"Geschrieben von\" \/>\n\t<meta name=\"twitter:data1\" content=\"Tom Sundermann\" \/>\n\t<meta name=\"twitter:label2\" content=\"Gesch\u00e4tzte Lesezeit\" \/>\n\t<meta name=\"twitter:data2\" content=\"3\u00a0Minuten\" \/>\n<script type=\"application\/ld+json\" class=\"yoast-schema-graph\">{\"@context\":\"https:\/\/schema.org\",\"@graph\":[{\"@type\":\"WebPage\",\"@id\":\"https:\/\/blog.zeit.de\/nsu-prozess-blog\/2015\/08\/04\/medienlog-antrag-verfassungsschutz-akten\/\",\"url\":\"https:\/\/blog.zeit.de\/nsu-prozess-blog\/2015\/08\/04\/medienlog-antrag-verfassungsschutz-akten\/\",\"name\":\"Der Datenschatz des Verfassungsschutzes \u2013 Das Medienlog vom Dienstag, 4. August 2015 - Das NSU-Prozess-Blog\",\"isPartOf\":{\"@id\":\"https:\/\/blog.zeit.de\/nsu-prozess-blog\/#website\"},\"datePublished\":\"2015-08-04T06:23:38+00:00\",\"dateModified\":\"2015-08-04T06:51:57+00:00\",\"author\":{\"@id\":\"https:\/\/blog.zeit.de\/nsu-prozess-blog\/#\/schema\/person\/553ea9bb5d1fc2ae054c589bd59380a5\"},\"breadcrumb\":{\"@id\":\"https:\/\/blog.zeit.de\/nsu-prozess-blog\/2015\/08\/04\/medienlog-antrag-verfassungsschutz-akten\/#breadcrumb\"},\"inLanguage\":\"de\",\"potentialAction\":[{\"@type\":\"ReadAction\",\"target\":[\"https:\/\/blog.zeit.de\/nsu-prozess-blog\/2015\/08\/04\/medienlog-antrag-verfassungsschutz-akten\/\"]}]},{\"@type\":\"BreadcrumbList\",\"@id\":\"https:\/\/blog.zeit.de\/nsu-prozess-blog\/2015\/08\/04\/medienlog-antrag-verfassungsschutz-akten\/#breadcrumb\",\"itemListElement\":[{\"@type\":\"ListItem\",\"position\":1,\"name\":\"Startseite\",\"item\":\"https:\/\/blog.zeit.de\/nsu-prozess-blog\/\"},{\"@type\":\"ListItem\",\"position\":2,\"name\":\"Der Datenschatz des Verfassungsschutzes \u2013 Das Medienlog vom Dienstag, 4. August 2015\"}]},{\"@type\":\"WebSite\",\"@id\":\"https:\/\/blog.zeit.de\/nsu-prozess-blog\/#website\",\"url\":\"https:\/\/blog.zeit.de\/nsu-prozess-blog\/\",\"name\":\"Das NSU-Prozess-Blog\",\"description\":\"Alle Berichte zum Terrorverfahren in M\u00fcnchen\",\"potentialAction\":[{\"@type\":\"SearchAction\",\"target\":{\"@type\":\"EntryPoint\",\"urlTemplate\":\"https:\/\/blog.zeit.de\/nsu-prozess-blog\/?s={search_term_string}\"},\"query-input\":\"required name=search_term_string\"}],\"inLanguage\":\"de\"},{\"@type\":\"Person\",\"@id\":\"https:\/\/blog.zeit.de\/nsu-prozess-blog\/#\/schema\/person\/553ea9bb5d1fc2ae054c589bd59380a5\",\"name\":\"Tom Sundermann\",\"image\":{\"@type\":\"ImageObject\",\"inLanguage\":\"de\",\"@id\":\"https:\/\/blog.zeit.de\/nsu-prozess-blog\/#\/schema\/person\/image\/\",\"url\":\"https:\/\/secure.gravatar.com\/avatar\/e108a3dc18766f719b2f797dc5d19093f06a1870c55b553ab6b7563f1f9a5e68?s=96&d=mm&r=g\",\"contentUrl\":\"https:\/\/secure.gravatar.com\/avatar\/e108a3dc18766f719b2f797dc5d19093f06a1870c55b553ab6b7563f1f9a5e68?s=96&d=mm&r=g\",\"caption\":\"Tom Sundermann\"},\"sameAs\":[\"https:\/\/twitter.com\/messeticker\"],\"url\":\"https:\/\/blog.zeit.de\/nsu-prozess-blog\/author\/tsundermann\/\"}]}<\/script>\n<!-- \/ Yoast SEO plugin. -->","yoast_head_json":{"title":"Der Datenschatz des Verfassungsschutzes \u2013 Das Medienlog vom Dienstag, 4. August 2015 - Das NSU-Prozess-Blog","robots":{"index":"index","follow":"follow","max-snippet":"max-snippet:-1","max-image-preview":"max-image-preview:large","max-video-preview":"max-video-preview:-1"},"canonical":"https:\/\/blog.zeit.de\/nsu-prozess-blog\/2015\/08\/04\/medienlog-antrag-verfassungsschutz-akten\/","og_locale":"de_DE","og_type":"article","og_title":"Der Datenschatz des Verfassungsschutzes \u2013 Das Medienlog vom Dienstag, 4. August 2015 - Das NSU-Prozess-Blog","og_description":"Ein Zeuge aus der rechten Szene tauchte nicht auf, stattdessen sorgten Anw\u00e4lte der Nebenklage\u00a0am Montag mit einem wichtigen Antrag f\u00fcr Aufsehen: Sie fordern im NSU-Prozess Aufkl\u00e4rung in der &#8222;Schredder-Aff\u00e4re&#8222;, bei der ein Abteilungsleiter des Bundesverfassungsschutzes die Akten mehrerer V-M\u00e4nner aus dem Umfeld des rechtsextremen Trios vernichten lie\u00df. Dazu geh\u00f6rt auch der Informant mit dem Decknamen [&hellip;]","og_url":"https:\/\/blog.zeit.de\/nsu-prozess-blog\/2015\/08\/04\/medienlog-antrag-verfassungsschutz-akten\/","og_site_name":"Das NSU-Prozess-Blog","article_published_time":"2015-08-04T06:23:38+00:00","article_modified_time":"2015-08-04T06:51:57+00:00","author":"Tom Sundermann","twitter_misc":{"Geschrieben von":"Tom Sundermann","Gesch\u00e4tzte Lesezeit":"3\u00a0Minuten"},"schema":{"@context":"https:\/\/schema.org","@graph":[{"@type":"WebPage","@id":"https:\/\/blog.zeit.de\/nsu-prozess-blog\/2015\/08\/04\/medienlog-antrag-verfassungsschutz-akten\/","url":"https:\/\/blog.zeit.de\/nsu-prozess-blog\/2015\/08\/04\/medienlog-antrag-verfassungsschutz-akten\/","name":"Der Datenschatz des Verfassungsschutzes \u2013 Das Medienlog vom Dienstag, 4. August 2015 - Das NSU-Prozess-Blog","isPartOf":{"@id":"https:\/\/blog.zeit.de\/nsu-prozess-blog\/#website"},"datePublished":"2015-08-04T06:23:38+00:00","dateModified":"2015-08-04T06:51:57+00:00","author":{"@id":"https:\/\/blog.zeit.de\/nsu-prozess-blog\/#\/schema\/person\/553ea9bb5d1fc2ae054c589bd59380a5"},"breadcrumb":{"@id":"https:\/\/blog.zeit.de\/nsu-prozess-blog\/2015\/08\/04\/medienlog-antrag-verfassungsschutz-akten\/#breadcrumb"},"inLanguage":"de","potentialAction":[{"@type":"ReadAction","target":["https:\/\/blog.zeit.de\/nsu-prozess-blog\/2015\/08\/04\/medienlog-antrag-verfassungsschutz-akten\/"]}]},{"@type":"BreadcrumbList","@id":"https:\/\/blog.zeit.de\/nsu-prozess-blog\/2015\/08\/04\/medienlog-antrag-verfassungsschutz-akten\/#breadcrumb","itemListElement":[{"@type":"ListItem","position":1,"name":"Startseite","item":"https:\/\/blog.zeit.de\/nsu-prozess-blog\/"},{"@type":"ListItem","position":2,"name":"Der Datenschatz des Verfassungsschutzes \u2013 Das Medienlog vom Dienstag, 4. August 2015"}]},{"@type":"WebSite","@id":"https:\/\/blog.zeit.de\/nsu-prozess-blog\/#website","url":"https:\/\/blog.zeit.de\/nsu-prozess-blog\/","name":"Das NSU-Prozess-Blog","description":"Alle Berichte zum Terrorverfahren in M\u00fcnchen","potentialAction":[{"@type":"SearchAction","target":{"@type":"EntryPoint","urlTemplate":"https:\/\/blog.zeit.de\/nsu-prozess-blog\/?s={search_term_string}"},"query-input":"required name=search_term_string"}],"inLanguage":"de"},{"@type":"Person","@id":"https:\/\/blog.zeit.de\/nsu-prozess-blog\/#\/schema\/person\/553ea9bb5d1fc2ae054c589bd59380a5","name":"Tom Sundermann","image":{"@type":"ImageObject","inLanguage":"de","@id":"https:\/\/blog.zeit.de\/nsu-prozess-blog\/#\/schema\/person\/image\/","url":"https:\/\/secure.gravatar.com\/avatar\/e108a3dc18766f719b2f797dc5d19093f06a1870c55b553ab6b7563f1f9a5e68?s=96&d=mm&r=g","contentUrl":"https:\/\/secure.gravatar.com\/avatar\/e108a3dc18766f719b2f797dc5d19093f06a1870c55b553ab6b7563f1f9a5e68?s=96&d=mm&r=g","caption":"Tom Sundermann"},"sameAs":["https:\/\/twitter.com\/messeticker"],"url":"https:\/\/blog.zeit.de\/nsu-prozess-blog\/author\/tsundermann\/"}]}},"jetpack_featured_media_url":"","jetpack_sharing_enabled":true,"_links":{"self":[{"href":"https:\/\/blog.zeit.de\/nsu-prozess-blog\/wp-json\/wp\/v2\/posts\/9723","targetHints":{"allow":["GET"]}}],"collection":[{"href":"https:\/\/blog.zeit.de\/nsu-prozess-blog\/wp-json\/wp\/v2\/posts"}],"about":[{"href":"https:\/\/blog.zeit.de\/nsu-prozess-blog\/wp-json\/wp\/v2\/types\/post"}],"author":[{"embeddable":true,"href":"https:\/\/blog.zeit.de\/nsu-prozess-blog\/wp-json\/wp\/v2\/users\/435"}],"replies":[{"embeddable":true,"href":"https:\/\/blog.zeit.de\/nsu-prozess-blog\/wp-json\/wp\/v2\/comments?post=9723"}],"version-history":[{"count":5,"href":"https:\/\/blog.zeit.de\/nsu-prozess-blog\/wp-json\/wp\/v2\/posts\/9723\/revisions"}],"predecessor-version":[{"id":9729,"href":"https:\/\/blog.zeit.de\/nsu-prozess-blog\/wp-json\/wp\/v2\/posts\/9723\/revisions\/9729"}],"wp:attachment":[{"href":"https:\/\/blog.zeit.de\/nsu-prozess-blog\/wp-json\/wp\/v2\/media?parent=9723"}],"wp:term":[{"taxonomy":"category","embeddable":true,"href":"https:\/\/blog.zeit.de\/nsu-prozess-blog\/wp-json\/wp\/v2\/categories?post=9723"},{"taxonomy":"post_tag","embeddable":true,"href":"https:\/\/blog.zeit.de\/nsu-prozess-blog\/wp-json\/wp\/v2\/tags?post=9723"}],"curies":[{"name":"wp","href":"https:\/\/api.w.org\/{rel}","templated":true}]}}