{"id":9731,"date":"2015-08-04T16:06:17","date_gmt":"2015-08-04T14:06:17","guid":{"rendered":"http:\/\/blog.zeit.de\/nsu-prozess-blog\/?p=9731"},"modified":"2015-08-05T09:34:43","modified_gmt":"2015-08-05T07:34:43","slug":"die-fehler-von-beate-zschaepe","status":"publish","type":"post","link":"https:\/\/blog.zeit.de\/nsu-prozess-blog\/2015\/08\/04\/die-fehler-von-beate-zschaepe\/","title":{"rendered":"Die Fehler von Beate Zsch\u00e4pe"},"content":{"rendered":"<p><strong>Der NSU-Prozess geht in die Sommerpause. Zuletzt bestimmten die Man\u00f6ver von Beate Zsch\u00e4pe das Verfahren. Doch wo steht die Mordanklage? ZEIT ONLINE zieht Bilanz.<\/strong><\/p>\n<p>Fast einen Monat lang wird der NSU-Prozess nun ruhen. Es ist eine Atempause f\u00fcr das Riesenverfahren, das pl\u00f6tzlich so anders ist. Vor Kurzem sa\u00dfen ganz vorn im Gerichtssaal vor dem Richter noch Beate Zsch\u00e4pe und ihre drei Anw\u00e4lte Anja Sturm, Wolfgang Stahl und Wolfgang Heer. Die vier steckten die K\u00f6pfe zusammen, sie waren eine Einheit, eine Front, hinter der die weiteren vier Mitangeklagten im Terrorprozess kaum wahrgenommen wurden.<\/p>\n<p>Jetzt hat der Prozess ein anderes Gesicht. Zsch\u00e4pe nimmt Platz neben ihrem neuen Anwalt <a href=\"https:\/\/blog.zeit.de\/nsu-prozess-blog\/2015\/07\/21\/zschaepes-letzter-mann\/\">Mathias Grasel<\/a>, den sie sich per Antrag vom Gericht erstritten hat. Mit den alten Anw\u00e4lten ist sie zerstritten. Die Atmosph\u00e4re ist vergiftet, Scharm\u00fctzel auf der Anklagebank bestimmen die Nachrichten. Kein Wort mehr dieser Tage <a href=\"https:\/\/blog.zeit.de\/nsu-prozess-blog\/die-mord-opfer\/\">von den Opfern des NSU<\/a>.<\/p>\n<p>Dabei entfaltet die Anklage unver\u00e4ndert ihren Schrecken: neun Morde an Einwanderern, einer an einer Polizistin, zwei Bombenanschl\u00e4ge, eine Brandstiftung, 15 Raub\u00fcberf\u00e4lle. Begangen, laut Bundesanwaltschaft, von Beate Zsch\u00e4pe und den 2011 gestorbenen Komplizen Uwe Mundlos und Uwe B\u00f6hnhardt, unterst\u00fctzt vermutlich von einem <a href=\"https:\/\/blog.zeit.de\/nsu-prozess-blog\/die-helfer\/\">Netz aus Neonazis<\/a>.<\/p>\n<p>Am 2. September wird der Prozess fortgef\u00fchrt, ein Termin f\u00fcr die Urteilsverk\u00fcndung ist noch nicht in Sicht. ZEIT ONLINE zieht zu Beginn der Sommerpause traditionell Bilanz zur Faktenlage. <!--more--><\/p>\n<p>Bisher haben sich die Vorw\u00fcrfe der Anklage in weiten Teilen best\u00e4tigt \u2013 doch die Geschichte des NSU-Prozesses hat immer wieder gezeigt, dass \u00dcberraschungen nie ausgeschlossen sind.<\/p>\n<p><strong>Beate Zsch\u00e4pe<\/strong><\/p>\n<p>Zwei Jahre lang hatte die Hauptangeklagte nicht nur geschwiegen, sondern auch ihre K\u00f6rpersprache unter bemerkenswerter Kontrolle. Bonbons wurden zwischen die Lippen eines Pokerfaces geschoben, das mit dem Geschehen im Gerichtssaal scheinbar nichts zu tun hatte. Die Strategie war nicht unvern\u00fcnftig, schlie\u00dflich muss die Bundesanwaltschaft ihr erst mal nachweisen, dass sie an den Morden beteiligt war. Doch im Sommer kippte die Contenance. Zsch\u00e4pe forderte, ihre Anw\u00e4ltin <a href=\"https:\/\/blog.zeit.de\/nsu-prozess-blog\/2015\/06\/11\/mannheimer-jurist-koennte-zschaepes-anwaeltin-sturm-ersetzen\/\">Anja Sturm zu entlassen<\/a>, sp\u00e4ter alle drei Verteidiger, eine <a href=\"https:\/\/blog.zeit.de\/nsu-prozess-blog\/2015\/07\/24\/zschaepe-wird-die-justiz-nicht-besiegen\/\">Strafanzeige folgte<\/a>. Alle Rebellionsakte blieben ohne Erfolg \u2013 bis auf einen: die Bitte um <a href=\"https:\/\/blog.zeit.de\/nsu-prozess-blog\/2015\/07\/07\/anwalt-im-blindflug\/\">einen neuen Verteidiger<\/a>. Mit diesem geht sie nun innig um, w\u00e4hrend sie die alten drei Anw\u00e4lte vollst\u00e4ndig ignoriert. Kein Gru\u00df, kein Wort.<\/p>\n<p>Die St\u00f6rfeuer k\u00f6nnten sich als Fehler erweisen: Die 40-J\u00e4hrige stellte sich damit als dominante, kontrollierende F\u00fchrungspers\u00f6nlichkeit dar \u2013 genauso, wie die Bundesanwaltschaft sie in der Anklageschrift beschreibt. Die Richter k\u00f6nnen ihr Verhalten auf die Zeit mit ihren Komplizen Uwe Mundlos und Uwe B\u00f6hnhardt \u00fcbertragen. Demnach war Zsch\u00e4pe keine naive Mitbewohnerin, sondern willige Unterst\u00fctzerin einer Mordserie. Ihr Weg ins Gef\u00e4ngnis, wohl mit dem Urteil lebensl\u00e4nglich, wirkt wahrscheinlicher als noch vor einem Jahr.<\/p>\n<p><strong>Ralf Wohlleben<\/strong><\/p>\n<p>Die Verteidiger des 40-j\u00e4hrigen ehemaligen NPD-Politikers waren mit einer klaren Strategie in die Offensive gegangen: Sie wollten beweisen, dass in der rechten Szene der neunziger Jahre notorisch Waffen kursierten und diese reichlich verf\u00fcgbar waren. Der Grund: Ihr Mandant ist angeklagt, eine <a href=\"http:\/\/www.zeit.de\/gesellschaft\/zeitgeschehen\/2013-10\/nsu-prozess-tag47\">Pistole vom Typ Ceska 83<\/a> organisiert und den Mitangeklagten Carsten S. als Kurier damit zur NSU-Gruppe geschickt zu haben. Die gew\u00fcnschte Botschaft h\u00e4tte den Verdacht relativiert.<\/p>\n<p>Doch die Rechnung ging nicht auf: Reihenweise wurden Zeugen aus der Szene geladen \u2013 die folgten jedoch \u00fcberwiegend dem Reflex der meisten Rechtsextremen und gaben vor Gericht an, <a href=\"https:\/\/blog.zeit.de\/nsu-prozess-blog\/2015\/02\/04\/medienlog-wohlleben-enrico-r-ceska-chemnitz\/\">sich kaum erinnern zu k\u00f6nnen<\/a>. Wohlleben bleibt daher dringend verd\u00e4chtig, die Tat begangen zu haben. Das sehen auch die Richter so: Im Januar lehnten sie einen Antrag der Verteidiger ab, den Angeklagten <a href=\"https:\/\/blog.zeit.de\/nsu-prozess-blog\/2015\/01\/14\/medienlog-wohlleben-antrag-untersuchungshaft-abgelehnt-carsten-s-gutachten\/\">aus der Untersuchungshaft zu entlassen<\/a>, in der er seit 2011 sitzt.<\/p>\n<p><strong>Carsten S.<\/strong><\/p>\n<p>Der 35-J\u00e4hrige <a href=\"http:\/\/www.zeit.de\/gesellschaft\/zeitgeschehen\/2013-06\/nsu-prozess-tag-5\">hat gestanden<\/a>, die Ceska-Pistole von einem Mittelsmann geholt und an die NSU-Terroristen \u00fcbergeben zu haben. Mit der Waffe wurden neun Menschen erschossen. Angeklagt ist er daher als Mordhelfer \u2013 m\u00f6glich ist allerdings, dass er mit einer Bew\u00e4hrungsstrafe davonkommt. Hilfreich war f\u00fcr ihn das Gutachten, das der Psychiater Norbert Leygraf im M\u00e4rz <a href=\"https:\/\/blog.zeit.de\/nsu-prozess-blog\/2015\/03\/18\/gute-chancen-fuer-carsten-s\/\">\u00fcber ihn erstellte<\/a>. Demnach bestand bei S. zur Tatzeit &#8222;gr\u00f6\u00dferes Entwicklungspotenzial&#8220;, sodass der damals 19 bis 20 Jahre alte Angeklagte nach Jugendstrafrecht verurteilt werden k\u00f6nnte.<\/p>\n<p>S. selbst hatte sich als h\u00f6rigen Mitl\u00e4ufer dargestellt \u2013 der Nimbus der Leichtgl\u00e4ubigkeit jedoch steht infrage. Es gibt Hinweise, dass er <a href=\"http:\/\/www.zeit.de\/politik\/deutschland\/2013-06\/nsu-prozess-carsten-s-aussage\">seine Vergangenheit<\/a> bagatellisiert hat, zum Beispiel verschwiegen hat, dass er in der Nachwuchsorganisation der NPD verantwortungsbewusste Posten bekleidete. Zu seiner Parteivergangenheit will sich S. nach der Sommerpause erneut \u00e4u\u00dfern.<\/p>\n<p><strong>Andr\u00e9 E.<\/strong><\/p>\n<p>Durch Zeugenaussagen l\u00e4sst sich der 36-j\u00e4hrige Andr\u00e9 E. nicht \u00fcberf\u00fchren: Seine zwei Br\u00fcder erschienen vor Gericht, verweigerten jedoch beide die Aussage. Ansonsten ist E. im Prozess meist eine Randfigur, obwohl er eine wichtige Unterst\u00fctzerrolle f\u00fcr den NSU ausgef\u00fcllt haben soll: Laut Anklage besorgte er der Gruppe aus Zsch\u00e4pe, Mundlos und B\u00f6hnhardt Ausweise und mietete Wohnmobile f\u00fcr sie. Seine Frau und er sollen enge Freunde der drei mutma\u00dflichen Terroristen gewesen sein.<\/p>\n<p>Fest steht, dass die mutma\u00dflichen Unterst\u00fctzungstaten einer beinharten Ideologie entsprangen: In seiner Jugend gr\u00fcndete E. mit seinem Zwillingsbruder <a href=\"https:\/\/blog.zeit.de\/nsu-prozess-blog\/2014\/09\/05\/rassenkrieg-im-erzgebirge\/\">die Wei\u00dfe Bruderschaft Erzgebirge<\/a>, zusammen gaben sie eine Zeitschrift heraus, in der sie den &#8222;heiligen Rassenkrieg&#8220; ausriefen. Das Heft entstand offenbar bei einem Treffen, an dem auch Beate Zsch\u00e4pe, Uwe Mundlos und Uwe B\u00f6hnhardt teilnahmen. F\u00fcr E. war es wom\u00f6glich der Auftakt <a href=\"https:\/\/blog.zeit.de\/nsu-prozess-blog\/2014\/01\/21\/der-schatten-des-nsu\/\">einer langj\u00e4hrigen Freundschaft<\/a> mit mutma\u00dflichen Terroristen.<\/p>\n<p><strong>Holger G.<\/strong><\/p>\n<p>Fast etwas versteckt sitzen Holger G. und seine beiden Rechtsanw\u00e4lte im Sitzungssaal, hinten links auf der Anklagebank, besonders weit weg von den Richtern. Dementsprechend blieb G. in letzter Zeit weitgehend unter dem Radar, nur selten kam die Sprache auf ihn. G. soll dem NSU-Trio unter anderem seinen F\u00fchrerschein und seinen Reisepass \u00fcberlassen haben. Mit den Dokumenten mieteten Uwe Mundlos und Uwe B\u00f6hnhardt <a href=\"http:\/\/www.zeit.de\/gesellschaft\/2013-10\/nsu-prozess\">Autos und Wohnmobile<\/a>, mit denen sie zu Mordtatorten fuhren.<\/p>\n<p>Sein unauff\u00e4lliger Auftritt ist jedoch kein Grund, sich in Sicherheit zu wiegen, solange G. an seiner gef\u00e4hrlichen Strategie festh\u00e4lt: Zu Prozessbeginn <a href=\"http:\/\/www.zeit.de\/gesellschaft\/zeitgeschehen\/2013-06\/nsu-prozess-aussage-holger-g\">verlas er eine Erkl\u00e4rung<\/a>, in der er die Vorw\u00fcrfe gegen ihn zum Teil abstritt, andere ignorierte. Richter Manfred G\u00f6tzl warnte G. daraufhin vor dem sogenannten Teilschweigen \u2013 ein Verhalten, das Angeklagten fast immer negativ ausgelegt wird.<\/p>\n","protected":false},"excerpt":{"rendered":"<p>Der NSU-Prozess geht in die Sommerpause. Zuletzt bestimmten die Man\u00f6ver von Beate Zsch\u00e4pe das Verfahren. Doch wo steht die Mordanklage? ZEIT ONLINE zieht Bilanz. Fast einen Monat lang wird der NSU-Prozess nun ruhen. Es ist eine Atempause f\u00fcr das Riesenverfahren, das pl\u00f6tzlich so anders ist. Vor Kurzem sa\u00dfen ganz vorn im Gerichtssaal vor dem Richter [&hellip;]<\/p>\n","protected":false},"author":435,"featured_media":0,"comment_status":"open","ping_status":"open","sticky":false,"template":"","format":"standard","meta":{"_jetpack_memberships_contains_paid_content":false,"footnotes":""},"categories":[27532],"tags":[],"class_list":["post-9731","post","type-post","status-publish","format-standard","hentry","category-prozesstage"],"yoast_head":"<!-- This site is optimized with the Yoast SEO plugin v21.0 - https:\/\/yoast.com\/wordpress\/plugins\/seo\/ -->\n<title>Die Fehler von Beate Zsch\u00e4pe - Das NSU-Prozess-Blog<\/title>\n<meta name=\"description\" content=\"Zwei Jahre lang hatte Beate Zsch\u00e4pe geschwiegen. Jetzt wird der NSU-Prozess fast einen Monat lang ruhen.\" \/>\n<meta name=\"robots\" content=\"index, follow, max-snippet:-1, max-image-preview:large, max-video-preview:-1\" \/>\n<link rel=\"canonical\" href=\"https:\/\/blog.zeit.de\/nsu-prozess-blog\/2015\/08\/04\/die-fehler-von-beate-zschaepe\/\" \/>\n<meta property=\"og:locale\" content=\"de_DE\" \/>\n<meta property=\"og:type\" content=\"article\" \/>\n<meta property=\"og:title\" content=\"Die Fehler von Beate Zsch\u00e4pe - Das NSU-Prozess-Blog\" \/>\n<meta property=\"og:description\" content=\"Zwei Jahre lang hatte Beate Zsch\u00e4pe geschwiegen. Jetzt wird der NSU-Prozess fast einen Monat lang ruhen.\" \/>\n<meta property=\"og:url\" content=\"https:\/\/blog.zeit.de\/nsu-prozess-blog\/2015\/08\/04\/die-fehler-von-beate-zschaepe\/\" \/>\n<meta property=\"og:site_name\" content=\"Das NSU-Prozess-Blog\" \/>\n<meta property=\"article:published_time\" content=\"2015-08-04T14:06:17+00:00\" \/>\n<meta property=\"article:modified_time\" content=\"2015-08-05T07:34:43+00:00\" \/>\n<meta name=\"author\" content=\"Tom Sundermann\" \/>\n<meta name=\"twitter:label1\" content=\"Geschrieben von\" \/>\n\t<meta name=\"twitter:data1\" content=\"Tom Sundermann\" \/>\n\t<meta name=\"twitter:label2\" content=\"Gesch\u00e4tzte Lesezeit\" \/>\n\t<meta name=\"twitter:data2\" content=\"5\u00a0Minuten\" \/>\n<script type=\"application\/ld+json\" class=\"yoast-schema-graph\">{\"@context\":\"https:\/\/schema.org\",\"@graph\":[{\"@type\":\"WebPage\",\"@id\":\"https:\/\/blog.zeit.de\/nsu-prozess-blog\/2015\/08\/04\/die-fehler-von-beate-zschaepe\/\",\"url\":\"https:\/\/blog.zeit.de\/nsu-prozess-blog\/2015\/08\/04\/die-fehler-von-beate-zschaepe\/\",\"name\":\"Die Fehler von Beate Zsch\u00e4pe - Das NSU-Prozess-Blog\",\"isPartOf\":{\"@id\":\"https:\/\/blog.zeit.de\/nsu-prozess-blog\/#website\"},\"datePublished\":\"2015-08-04T14:06:17+00:00\",\"dateModified\":\"2015-08-05T07:34:43+00:00\",\"author\":{\"@id\":\"https:\/\/blog.zeit.de\/nsu-prozess-blog\/#\/schema\/person\/553ea9bb5d1fc2ae054c589bd59380a5\"},\"description\":\"Zwei Jahre lang hatte Beate Zsch\u00e4pe geschwiegen. Jetzt wird der NSU-Prozess fast einen Monat lang ruhen.\",\"breadcrumb\":{\"@id\":\"https:\/\/blog.zeit.de\/nsu-prozess-blog\/2015\/08\/04\/die-fehler-von-beate-zschaepe\/#breadcrumb\"},\"inLanguage\":\"de\",\"potentialAction\":[{\"@type\":\"ReadAction\",\"target\":[\"https:\/\/blog.zeit.de\/nsu-prozess-blog\/2015\/08\/04\/die-fehler-von-beate-zschaepe\/\"]}]},{\"@type\":\"BreadcrumbList\",\"@id\":\"https:\/\/blog.zeit.de\/nsu-prozess-blog\/2015\/08\/04\/die-fehler-von-beate-zschaepe\/#breadcrumb\",\"itemListElement\":[{\"@type\":\"ListItem\",\"position\":1,\"name\":\"Startseite\",\"item\":\"https:\/\/blog.zeit.de\/nsu-prozess-blog\/\"},{\"@type\":\"ListItem\",\"position\":2,\"name\":\"Die Fehler von Beate Zsch\u00e4pe\"}]},{\"@type\":\"WebSite\",\"@id\":\"https:\/\/blog.zeit.de\/nsu-prozess-blog\/#website\",\"url\":\"https:\/\/blog.zeit.de\/nsu-prozess-blog\/\",\"name\":\"Das NSU-Prozess-Blog\",\"description\":\"Alle Berichte zum Terrorverfahren in M\u00fcnchen\",\"potentialAction\":[{\"@type\":\"SearchAction\",\"target\":{\"@type\":\"EntryPoint\",\"urlTemplate\":\"https:\/\/blog.zeit.de\/nsu-prozess-blog\/?s={search_term_string}\"},\"query-input\":\"required name=search_term_string\"}],\"inLanguage\":\"de\"},{\"@type\":\"Person\",\"@id\":\"https:\/\/blog.zeit.de\/nsu-prozess-blog\/#\/schema\/person\/553ea9bb5d1fc2ae054c589bd59380a5\",\"name\":\"Tom Sundermann\",\"image\":{\"@type\":\"ImageObject\",\"inLanguage\":\"de\",\"@id\":\"https:\/\/blog.zeit.de\/nsu-prozess-blog\/#\/schema\/person\/image\/\",\"url\":\"https:\/\/secure.gravatar.com\/avatar\/e108a3dc18766f719b2f797dc5d19093f06a1870c55b553ab6b7563f1f9a5e68?s=96&d=mm&r=g\",\"contentUrl\":\"https:\/\/secure.gravatar.com\/avatar\/e108a3dc18766f719b2f797dc5d19093f06a1870c55b553ab6b7563f1f9a5e68?s=96&d=mm&r=g\",\"caption\":\"Tom Sundermann\"},\"sameAs\":[\"https:\/\/twitter.com\/messeticker\"],\"url\":\"https:\/\/blog.zeit.de\/nsu-prozess-blog\/author\/tsundermann\/\"}]}<\/script>\n<!-- \/ Yoast SEO plugin. -->","yoast_head_json":{"title":"Die Fehler von Beate Zsch\u00e4pe - Das NSU-Prozess-Blog","description":"Zwei Jahre lang hatte Beate Zsch\u00e4pe geschwiegen. Jetzt wird der NSU-Prozess fast einen Monat lang ruhen.","robots":{"index":"index","follow":"follow","max-snippet":"max-snippet:-1","max-image-preview":"max-image-preview:large","max-video-preview":"max-video-preview:-1"},"canonical":"https:\/\/blog.zeit.de\/nsu-prozess-blog\/2015\/08\/04\/die-fehler-von-beate-zschaepe\/","og_locale":"de_DE","og_type":"article","og_title":"Die Fehler von Beate Zsch\u00e4pe - Das NSU-Prozess-Blog","og_description":"Zwei Jahre lang hatte Beate Zsch\u00e4pe geschwiegen. Jetzt wird der NSU-Prozess fast einen Monat lang ruhen.","og_url":"https:\/\/blog.zeit.de\/nsu-prozess-blog\/2015\/08\/04\/die-fehler-von-beate-zschaepe\/","og_site_name":"Das NSU-Prozess-Blog","article_published_time":"2015-08-04T14:06:17+00:00","article_modified_time":"2015-08-05T07:34:43+00:00","author":"Tom Sundermann","twitter_misc":{"Geschrieben von":"Tom Sundermann","Gesch\u00e4tzte Lesezeit":"5\u00a0Minuten"},"schema":{"@context":"https:\/\/schema.org","@graph":[{"@type":"WebPage","@id":"https:\/\/blog.zeit.de\/nsu-prozess-blog\/2015\/08\/04\/die-fehler-von-beate-zschaepe\/","url":"https:\/\/blog.zeit.de\/nsu-prozess-blog\/2015\/08\/04\/die-fehler-von-beate-zschaepe\/","name":"Die Fehler von Beate Zsch\u00e4pe - Das NSU-Prozess-Blog","isPartOf":{"@id":"https:\/\/blog.zeit.de\/nsu-prozess-blog\/#website"},"datePublished":"2015-08-04T14:06:17+00:00","dateModified":"2015-08-05T07:34:43+00:00","author":{"@id":"https:\/\/blog.zeit.de\/nsu-prozess-blog\/#\/schema\/person\/553ea9bb5d1fc2ae054c589bd59380a5"},"description":"Zwei Jahre lang hatte Beate Zsch\u00e4pe geschwiegen. Jetzt wird der NSU-Prozess fast einen Monat lang ruhen.","breadcrumb":{"@id":"https:\/\/blog.zeit.de\/nsu-prozess-blog\/2015\/08\/04\/die-fehler-von-beate-zschaepe\/#breadcrumb"},"inLanguage":"de","potentialAction":[{"@type":"ReadAction","target":["https:\/\/blog.zeit.de\/nsu-prozess-blog\/2015\/08\/04\/die-fehler-von-beate-zschaepe\/"]}]},{"@type":"BreadcrumbList","@id":"https:\/\/blog.zeit.de\/nsu-prozess-blog\/2015\/08\/04\/die-fehler-von-beate-zschaepe\/#breadcrumb","itemListElement":[{"@type":"ListItem","position":1,"name":"Startseite","item":"https:\/\/blog.zeit.de\/nsu-prozess-blog\/"},{"@type":"ListItem","position":2,"name":"Die Fehler von Beate Zsch\u00e4pe"}]},{"@type":"WebSite","@id":"https:\/\/blog.zeit.de\/nsu-prozess-blog\/#website","url":"https:\/\/blog.zeit.de\/nsu-prozess-blog\/","name":"Das NSU-Prozess-Blog","description":"Alle Berichte zum Terrorverfahren in M\u00fcnchen","potentialAction":[{"@type":"SearchAction","target":{"@type":"EntryPoint","urlTemplate":"https:\/\/blog.zeit.de\/nsu-prozess-blog\/?s={search_term_string}"},"query-input":"required name=search_term_string"}],"inLanguage":"de"},{"@type":"Person","@id":"https:\/\/blog.zeit.de\/nsu-prozess-blog\/#\/schema\/person\/553ea9bb5d1fc2ae054c589bd59380a5","name":"Tom Sundermann","image":{"@type":"ImageObject","inLanguage":"de","@id":"https:\/\/blog.zeit.de\/nsu-prozess-blog\/#\/schema\/person\/image\/","url":"https:\/\/secure.gravatar.com\/avatar\/e108a3dc18766f719b2f797dc5d19093f06a1870c55b553ab6b7563f1f9a5e68?s=96&d=mm&r=g","contentUrl":"https:\/\/secure.gravatar.com\/avatar\/e108a3dc18766f719b2f797dc5d19093f06a1870c55b553ab6b7563f1f9a5e68?s=96&d=mm&r=g","caption":"Tom Sundermann"},"sameAs":["https:\/\/twitter.com\/messeticker"],"url":"https:\/\/blog.zeit.de\/nsu-prozess-blog\/author\/tsundermann\/"}]}},"jetpack_featured_media_url":"","jetpack_sharing_enabled":true,"_links":{"self":[{"href":"https:\/\/blog.zeit.de\/nsu-prozess-blog\/wp-json\/wp\/v2\/posts\/9731","targetHints":{"allow":["GET"]}}],"collection":[{"href":"https:\/\/blog.zeit.de\/nsu-prozess-blog\/wp-json\/wp\/v2\/posts"}],"about":[{"href":"https:\/\/blog.zeit.de\/nsu-prozess-blog\/wp-json\/wp\/v2\/types\/post"}],"author":[{"embeddable":true,"href":"https:\/\/blog.zeit.de\/nsu-prozess-blog\/wp-json\/wp\/v2\/users\/435"}],"replies":[{"embeddable":true,"href":"https:\/\/blog.zeit.de\/nsu-prozess-blog\/wp-json\/wp\/v2\/comments?post=9731"}],"version-history":[{"count":7,"href":"https:\/\/blog.zeit.de\/nsu-prozess-blog\/wp-json\/wp\/v2\/posts\/9731\/revisions"}],"predecessor-version":[{"id":9746,"href":"https:\/\/blog.zeit.de\/nsu-prozess-blog\/wp-json\/wp\/v2\/posts\/9731\/revisions\/9746"}],"wp:attachment":[{"href":"https:\/\/blog.zeit.de\/nsu-prozess-blog\/wp-json\/wp\/v2\/media?parent=9731"}],"wp:term":[{"taxonomy":"category","embeddable":true,"href":"https:\/\/blog.zeit.de\/nsu-prozess-blog\/wp-json\/wp\/v2\/categories?post=9731"},{"taxonomy":"post_tag","embeddable":true,"href":"https:\/\/blog.zeit.de\/nsu-prozess-blog\/wp-json\/wp\/v2\/tags?post=9731"}],"curies":[{"name":"wp","href":"https:\/\/api.w.org\/{rel}","templated":true}]}}