{"id":9741,"date":"2015-08-05T08:28:19","date_gmt":"2015-08-05T06:28:19","guid":{"rendered":"http:\/\/blog.zeit.de\/nsu-prozess-blog\/?p=9741"},"modified":"2015-08-05T08:28:19","modified_gmt":"2015-08-05T06:28:19","slug":"medienlog-sommerpause-zwischenbilanz-termine","status":"publish","type":"post","link":"https:\/\/blog.zeit.de\/nsu-prozess-blog\/2015\/08\/05\/medienlog-sommerpause-zwischenbilanz-termine\/","title":{"rendered":"Neue Verl\u00e4ngerung f\u00fcr den NSU-Prozess \u2013 Das Medienlog vom Mittwoch, 5. August 2015"},"content":{"rendered":"<p>Mehrere Wochen lang hatten die <a href=\"https:\/\/blog.zeit.de\/nsu-prozess-blog\/2015\/07\/30\/medienlog-zschaepe-anzeige-abgelehnt-piatto\/\">Man\u00f6ver von Beate Zsch\u00e4pe<\/a> und ihren Anw\u00e4lten Schlagzeilen gemacht, nun d\u00fcrfte es etwas ruhiger um den NSU-Prozess werden: Nach dem gestrigen Verhandlungstag ist das Verfahren in die Sommerpause gegangen, Anfang September geht es weiter. Gleichzeitig gab Richter Manfred G\u00f6tzl m\u00f6gliche neue Termine bekannt, die bis September 2016 dauern. Anl\u00e4sslich der Unterbrechung ziehen viele Medien Bilanz \u00fcber den Prozessverlauf. Die Hauptangeklagte etwa &#8222;steht nun als die Person da, die die Bundesanwaltschaft immer so umschrieb: manipulativ, intrigant und f\u00fchrungsstark&#8220;, kommentiert Per Hinrichs von der <a href=\"http:\/\/www.welt.de\/politik\/deutschland\/article144807018\/Jetzt-faellt-Beate-Zschaepes-Maske.html\" target=\"_blank\"><em>Welt<\/em><\/a>.<\/p>\n<p><!--more--><\/p>\n<p><em>An jedem Werktag sichten wir f\u00fcr das NSU-Prozess-Blog die Medien und stellen wichtige Berichte, Blogs, Videos und Tweets zusammen. Wir freuen uns \u00fcber Hinweise via Twitter mit dem Hashtag #nsublog \u2013 oder per E-Mail an <a href=\"mailto:nsublog@zeit.de\">nsublog@zeit.de<\/a>.<\/em><\/p>\n<p>Ihr weiteres Verhalten im Prozess sei nur schwer abzusch\u00e4tzen, sie habe zuletzt in Richtung einer Aussage tendiert. In den vergangenen zwei Jahren schwieg Zsch\u00e4pe eisern zu den Vorw\u00fcrfen gegen sie. Auch Bj\u00f6rn Hengst von <a href=\"http:\/\/www.spiegel.de\/panorama\/nsu-prozess-zschaepes-kalte-verabschiedung-von-ihrer-altverteidigern-a-1046715.html\" target=\"_blank\"><em>Spiegel Online<\/em><\/a> sieht das Verhalten der j\u00fcngsten Zeit als symptomatisch: &#8222;Passt das nicht in die Anklage, die Zsch\u00e4pe als h\u00f6chst aktive Frau beschreibt, die von Anfang an den Aufbau und Bestand der mutma\u00dflichen terroristischen Vereinigung NSU f\u00f6rderte?&#8220; Die Verteidigung werde sich schwierig gestalten.<\/p>\n<p>Auf <a href=\"https:\/\/blog.zeit.de\/nsu-prozess-blog\/2015\/08\/04\/die-fehler-von-beate-zschaepe\/\" target=\"_blank\">ZEIT ONLINE<\/a> ziehen wir \u2013 wie zu jeder Sommerpause \u2013 Zwischenbilanz f\u00fcr <a href=\"https:\/\/blog.zeit.de\/nsu-prozess-blog\/die-angeklagten\/\">alle f\u00fcnf Angeklagten<\/a>. Dabei stellen wir fest: &#8222;Bisher haben sich die Vorw\u00fcrfe der Anklage in weiten Teilen best\u00e4tigt \u2013 doch die Geschichte des NSU-Prozesses hat immer wieder gezeigt, dass \u00dcberraschungen nie ausgeschlossen sind.&#8220; Vern\u00fcnftig war f\u00fcr sie die Strategie des Schweigens, die sie nun mit mehreren Briefen an das Gericht aufgeweicht hat. Ein hartes Urteil erscheint wahrscheinlich.<\/p>\n<p>&#8222;Dass es vier weitere Angeklagte gibt, deren Rolle im Umfeld des NSU bislang kaum durchschimmert, scheint ohnehin fast vergessen&#8220;, schreibt Ren\u00e9 Heilig im <a href=\"http:\/\/www.neues-deutschland.de\/artikel\/980146.endlich-sommer-ohne-zschaepe.html\" target=\"_blank\"><em>Neuen Deutschland<\/em><\/a>. All dies sei hinter dem &#8222;Zicken-Gehabe der Angeklagten&#8220; zur\u00fcckgetreten. Dabei leistet der Prozess weiter seine Aufkl\u00e4rungsarbeit, auch wenn gewichtige Teile des NSU-Komplexes noch nicht ausgeleuchtet sind. Das liegt auch daran, dass viele Zeugen <a href=\"https:\/\/blog.zeit.de\/nsu-prozess-blog\/die-helfer\/\">aus dem rechtsextremen Milieu<\/a> nicht gerade behilflich waren: &#8222;Die Mauer des Schweigens in der Naziszene scheint stabiler denn je.&#8220;<\/p>\n<p>Die Verhandlung um die zehn rassistischen Morde, zwei Bombenanschl\u00e4ge und andere Taten hat bislang rund 30 Millionen Euro gekostet. Jeder Prozesstag schl\u00e4gt mit rund 125.000 Euro zu Buche, wie beim <a href=\"http:\/\/www.br.de\/nachrichten\/nsu-prozess\/nsu-bilanz-sommerpause-100.html\" target=\"_blank\">Bayerischen Rundfunk<\/a> nachzulesen ist. Dort wird der Nebenklageanwalt Sebastian Scharmer zitiert, der das Verfahren auf der Zielgeraden sieht: &#8222;Wenn man das Verfahren mit einem Marathon vergleichen w\u00fcrde, dann w\u00fcrde ich sagen, wir sind bei Kilometer 38&#8220;, sagte er. Der Rest werde jedoch anstrengend.<\/p>\n<p><em>Das n\u00e4chste Medienlog erscheint am Donnerstag, 6. August 2015.<\/em><\/p>\n","protected":false},"excerpt":{"rendered":"<p>Mehrere Wochen lang hatten die Man\u00f6ver von Beate Zsch\u00e4pe und ihren Anw\u00e4lten Schlagzeilen gemacht, nun d\u00fcrfte es etwas ruhiger um den NSU-Prozess werden: Nach dem gestrigen Verhandlungstag ist das Verfahren in die Sommerpause gegangen, Anfang September geht es weiter. Gleichzeitig gab Richter Manfred G\u00f6tzl m\u00f6gliche neue Termine bekannt, die bis September 2016 dauern. Anl\u00e4sslich der [&hellip;]<\/p>\n","protected":false},"author":435,"featured_media":0,"comment_status":"open","ping_status":"open","sticky":false,"template":"","format":"standard","meta":{"_jetpack_memberships_contains_paid_content":false,"footnotes":""},"categories":[27531],"tags":[17793,35376,29426,29425,2393,29510,8660],"class_list":["post-9741","post","type-post","status-publish","format-standard","hentry","category-medienschau","tag-beate-zschape","tag-bilanz","tag-nebenklage","tag-prozesskosten","tag-sommerpause","tag-szene","tag-termine"],"yoast_head":"<!-- This site is optimized with the Yoast SEO plugin v21.0 - https:\/\/yoast.com\/wordpress\/plugins\/seo\/ -->\n<title>Neue Verl\u00e4ngerung f\u00fcr den NSU-Prozess \u2013 Das Medienlog vom Mittwoch, 5. August 2015 - Das NSU-Prozess-Blog<\/title>\n<meta name=\"robots\" content=\"index, follow, max-snippet:-1, max-image-preview:large, max-video-preview:-1\" \/>\n<link rel=\"canonical\" href=\"https:\/\/blog.zeit.de\/nsu-prozess-blog\/2015\/08\/05\/medienlog-sommerpause-zwischenbilanz-termine\/\" \/>\n<meta property=\"og:locale\" content=\"de_DE\" \/>\n<meta property=\"og:type\" content=\"article\" \/>\n<meta property=\"og:title\" content=\"Neue Verl\u00e4ngerung f\u00fcr den NSU-Prozess \u2013 Das Medienlog vom Mittwoch, 5. August 2015 - Das NSU-Prozess-Blog\" \/>\n<meta property=\"og:description\" content=\"Mehrere Wochen lang hatten die Man\u00f6ver von Beate Zsch\u00e4pe und ihren Anw\u00e4lten Schlagzeilen gemacht, nun d\u00fcrfte es etwas ruhiger um den NSU-Prozess werden: Nach dem gestrigen Verhandlungstag ist das Verfahren in die Sommerpause gegangen, Anfang September geht es weiter. Gleichzeitig gab Richter Manfred G\u00f6tzl m\u00f6gliche neue Termine bekannt, die bis September 2016 dauern. Anl\u00e4sslich der [&hellip;]\" \/>\n<meta property=\"og:url\" content=\"https:\/\/blog.zeit.de\/nsu-prozess-blog\/2015\/08\/05\/medienlog-sommerpause-zwischenbilanz-termine\/\" \/>\n<meta property=\"og:site_name\" content=\"Das NSU-Prozess-Blog\" \/>\n<meta property=\"article:published_time\" content=\"2015-08-05T06:28:19+00:00\" \/>\n<meta name=\"author\" content=\"Tom Sundermann\" \/>\n<meta name=\"twitter:label1\" content=\"Geschrieben von\" \/>\n\t<meta name=\"twitter:data1\" content=\"Tom Sundermann\" \/>\n\t<meta name=\"twitter:label2\" content=\"Gesch\u00e4tzte Lesezeit\" \/>\n\t<meta name=\"twitter:data2\" content=\"2\u00a0Minuten\" \/>\n<script type=\"application\/ld+json\" class=\"yoast-schema-graph\">{\"@context\":\"https:\/\/schema.org\",\"@graph\":[{\"@type\":\"WebPage\",\"@id\":\"https:\/\/blog.zeit.de\/nsu-prozess-blog\/2015\/08\/05\/medienlog-sommerpause-zwischenbilanz-termine\/\",\"url\":\"https:\/\/blog.zeit.de\/nsu-prozess-blog\/2015\/08\/05\/medienlog-sommerpause-zwischenbilanz-termine\/\",\"name\":\"Neue Verl\u00e4ngerung f\u00fcr den NSU-Prozess \u2013 Das Medienlog vom Mittwoch, 5. August 2015 - Das NSU-Prozess-Blog\",\"isPartOf\":{\"@id\":\"https:\/\/blog.zeit.de\/nsu-prozess-blog\/#website\"},\"datePublished\":\"2015-08-05T06:28:19+00:00\",\"dateModified\":\"2015-08-05T06:28:19+00:00\",\"author\":{\"@id\":\"https:\/\/blog.zeit.de\/nsu-prozess-blog\/#\/schema\/person\/553ea9bb5d1fc2ae054c589bd59380a5\"},\"breadcrumb\":{\"@id\":\"https:\/\/blog.zeit.de\/nsu-prozess-blog\/2015\/08\/05\/medienlog-sommerpause-zwischenbilanz-termine\/#breadcrumb\"},\"inLanguage\":\"de\",\"potentialAction\":[{\"@type\":\"ReadAction\",\"target\":[\"https:\/\/blog.zeit.de\/nsu-prozess-blog\/2015\/08\/05\/medienlog-sommerpause-zwischenbilanz-termine\/\"]}]},{\"@type\":\"BreadcrumbList\",\"@id\":\"https:\/\/blog.zeit.de\/nsu-prozess-blog\/2015\/08\/05\/medienlog-sommerpause-zwischenbilanz-termine\/#breadcrumb\",\"itemListElement\":[{\"@type\":\"ListItem\",\"position\":1,\"name\":\"Startseite\",\"item\":\"https:\/\/blog.zeit.de\/nsu-prozess-blog\/\"},{\"@type\":\"ListItem\",\"position\":2,\"name\":\"Neue Verl\u00e4ngerung f\u00fcr den NSU-Prozess \u2013 Das Medienlog vom Mittwoch, 5. August 2015\"}]},{\"@type\":\"WebSite\",\"@id\":\"https:\/\/blog.zeit.de\/nsu-prozess-blog\/#website\",\"url\":\"https:\/\/blog.zeit.de\/nsu-prozess-blog\/\",\"name\":\"Das NSU-Prozess-Blog\",\"description\":\"Alle Berichte zum Terrorverfahren in M\u00fcnchen\",\"potentialAction\":[{\"@type\":\"SearchAction\",\"target\":{\"@type\":\"EntryPoint\",\"urlTemplate\":\"https:\/\/blog.zeit.de\/nsu-prozess-blog\/?s={search_term_string}\"},\"query-input\":\"required name=search_term_string\"}],\"inLanguage\":\"de\"},{\"@type\":\"Person\",\"@id\":\"https:\/\/blog.zeit.de\/nsu-prozess-blog\/#\/schema\/person\/553ea9bb5d1fc2ae054c589bd59380a5\",\"name\":\"Tom Sundermann\",\"image\":{\"@type\":\"ImageObject\",\"inLanguage\":\"de\",\"@id\":\"https:\/\/blog.zeit.de\/nsu-prozess-blog\/#\/schema\/person\/image\/\",\"url\":\"https:\/\/secure.gravatar.com\/avatar\/e108a3dc18766f719b2f797dc5d19093f06a1870c55b553ab6b7563f1f9a5e68?s=96&d=mm&r=g\",\"contentUrl\":\"https:\/\/secure.gravatar.com\/avatar\/e108a3dc18766f719b2f797dc5d19093f06a1870c55b553ab6b7563f1f9a5e68?s=96&d=mm&r=g\",\"caption\":\"Tom Sundermann\"},\"sameAs\":[\"https:\/\/twitter.com\/messeticker\"],\"url\":\"https:\/\/blog.zeit.de\/nsu-prozess-blog\/author\/tsundermann\/\"}]}<\/script>\n<!-- \/ Yoast SEO plugin. -->","yoast_head_json":{"title":"Neue Verl\u00e4ngerung f\u00fcr den NSU-Prozess \u2013 Das Medienlog vom Mittwoch, 5. August 2015 - Das NSU-Prozess-Blog","robots":{"index":"index","follow":"follow","max-snippet":"max-snippet:-1","max-image-preview":"max-image-preview:large","max-video-preview":"max-video-preview:-1"},"canonical":"https:\/\/blog.zeit.de\/nsu-prozess-blog\/2015\/08\/05\/medienlog-sommerpause-zwischenbilanz-termine\/","og_locale":"de_DE","og_type":"article","og_title":"Neue Verl\u00e4ngerung f\u00fcr den NSU-Prozess \u2013 Das Medienlog vom Mittwoch, 5. August 2015 - Das NSU-Prozess-Blog","og_description":"Mehrere Wochen lang hatten die Man\u00f6ver von Beate Zsch\u00e4pe und ihren Anw\u00e4lten Schlagzeilen gemacht, nun d\u00fcrfte es etwas ruhiger um den NSU-Prozess werden: Nach dem gestrigen Verhandlungstag ist das Verfahren in die Sommerpause gegangen, Anfang September geht es weiter. Gleichzeitig gab Richter Manfred G\u00f6tzl m\u00f6gliche neue Termine bekannt, die bis September 2016 dauern. Anl\u00e4sslich der [&hellip;]","og_url":"https:\/\/blog.zeit.de\/nsu-prozess-blog\/2015\/08\/05\/medienlog-sommerpause-zwischenbilanz-termine\/","og_site_name":"Das NSU-Prozess-Blog","article_published_time":"2015-08-05T06:28:19+00:00","author":"Tom Sundermann","twitter_misc":{"Geschrieben von":"Tom Sundermann","Gesch\u00e4tzte Lesezeit":"2\u00a0Minuten"},"schema":{"@context":"https:\/\/schema.org","@graph":[{"@type":"WebPage","@id":"https:\/\/blog.zeit.de\/nsu-prozess-blog\/2015\/08\/05\/medienlog-sommerpause-zwischenbilanz-termine\/","url":"https:\/\/blog.zeit.de\/nsu-prozess-blog\/2015\/08\/05\/medienlog-sommerpause-zwischenbilanz-termine\/","name":"Neue Verl\u00e4ngerung f\u00fcr den NSU-Prozess \u2013 Das Medienlog vom Mittwoch, 5. August 2015 - Das NSU-Prozess-Blog","isPartOf":{"@id":"https:\/\/blog.zeit.de\/nsu-prozess-blog\/#website"},"datePublished":"2015-08-05T06:28:19+00:00","dateModified":"2015-08-05T06:28:19+00:00","author":{"@id":"https:\/\/blog.zeit.de\/nsu-prozess-blog\/#\/schema\/person\/553ea9bb5d1fc2ae054c589bd59380a5"},"breadcrumb":{"@id":"https:\/\/blog.zeit.de\/nsu-prozess-blog\/2015\/08\/05\/medienlog-sommerpause-zwischenbilanz-termine\/#breadcrumb"},"inLanguage":"de","potentialAction":[{"@type":"ReadAction","target":["https:\/\/blog.zeit.de\/nsu-prozess-blog\/2015\/08\/05\/medienlog-sommerpause-zwischenbilanz-termine\/"]}]},{"@type":"BreadcrumbList","@id":"https:\/\/blog.zeit.de\/nsu-prozess-blog\/2015\/08\/05\/medienlog-sommerpause-zwischenbilanz-termine\/#breadcrumb","itemListElement":[{"@type":"ListItem","position":1,"name":"Startseite","item":"https:\/\/blog.zeit.de\/nsu-prozess-blog\/"},{"@type":"ListItem","position":2,"name":"Neue Verl\u00e4ngerung f\u00fcr den NSU-Prozess \u2013 Das Medienlog vom Mittwoch, 5. August 2015"}]},{"@type":"WebSite","@id":"https:\/\/blog.zeit.de\/nsu-prozess-blog\/#website","url":"https:\/\/blog.zeit.de\/nsu-prozess-blog\/","name":"Das NSU-Prozess-Blog","description":"Alle Berichte zum Terrorverfahren in M\u00fcnchen","potentialAction":[{"@type":"SearchAction","target":{"@type":"EntryPoint","urlTemplate":"https:\/\/blog.zeit.de\/nsu-prozess-blog\/?s={search_term_string}"},"query-input":"required name=search_term_string"}],"inLanguage":"de"},{"@type":"Person","@id":"https:\/\/blog.zeit.de\/nsu-prozess-blog\/#\/schema\/person\/553ea9bb5d1fc2ae054c589bd59380a5","name":"Tom Sundermann","image":{"@type":"ImageObject","inLanguage":"de","@id":"https:\/\/blog.zeit.de\/nsu-prozess-blog\/#\/schema\/person\/image\/","url":"https:\/\/secure.gravatar.com\/avatar\/e108a3dc18766f719b2f797dc5d19093f06a1870c55b553ab6b7563f1f9a5e68?s=96&d=mm&r=g","contentUrl":"https:\/\/secure.gravatar.com\/avatar\/e108a3dc18766f719b2f797dc5d19093f06a1870c55b553ab6b7563f1f9a5e68?s=96&d=mm&r=g","caption":"Tom Sundermann"},"sameAs":["https:\/\/twitter.com\/messeticker"],"url":"https:\/\/blog.zeit.de\/nsu-prozess-blog\/author\/tsundermann\/"}]}},"jetpack_featured_media_url":"","jetpack_sharing_enabled":true,"_links":{"self":[{"href":"https:\/\/blog.zeit.de\/nsu-prozess-blog\/wp-json\/wp\/v2\/posts\/9741","targetHints":{"allow":["GET"]}}],"collection":[{"href":"https:\/\/blog.zeit.de\/nsu-prozess-blog\/wp-json\/wp\/v2\/posts"}],"about":[{"href":"https:\/\/blog.zeit.de\/nsu-prozess-blog\/wp-json\/wp\/v2\/types\/post"}],"author":[{"embeddable":true,"href":"https:\/\/blog.zeit.de\/nsu-prozess-blog\/wp-json\/wp\/v2\/users\/435"}],"replies":[{"embeddable":true,"href":"https:\/\/blog.zeit.de\/nsu-prozess-blog\/wp-json\/wp\/v2\/comments?post=9741"}],"version-history":[{"count":4,"href":"https:\/\/blog.zeit.de\/nsu-prozess-blog\/wp-json\/wp\/v2\/posts\/9741\/revisions"}],"predecessor-version":[{"id":9745,"href":"https:\/\/blog.zeit.de\/nsu-prozess-blog\/wp-json\/wp\/v2\/posts\/9741\/revisions\/9745"}],"wp:attachment":[{"href":"https:\/\/blog.zeit.de\/nsu-prozess-blog\/wp-json\/wp\/v2\/media?parent=9741"}],"wp:term":[{"taxonomy":"category","embeddable":true,"href":"https:\/\/blog.zeit.de\/nsu-prozess-blog\/wp-json\/wp\/v2\/categories?post=9741"},{"taxonomy":"post_tag","embeddable":true,"href":"https:\/\/blog.zeit.de\/nsu-prozess-blog\/wp-json\/wp\/v2\/tags?post=9741"}],"curies":[{"name":"wp","href":"https:\/\/api.w.org\/{rel}","templated":true}]}}