{"id":9774,"date":"2015-08-17T08:22:54","date_gmt":"2015-08-17T06:22:54","guid":{"rendered":"http:\/\/blog.zeit.de\/nsu-prozess-blog\/?p=9774"},"modified":"2015-08-17T09:35:26","modified_gmt":"2015-08-17T07:35:26","slug":"medienlog-mathias-grasel-beate-zschaepe-verhaeltnis","status":"publish","type":"post","link":"https:\/\/blog.zeit.de\/nsu-prozess-blog\/2015\/08\/17\/medienlog-mathias-grasel-beate-zschaepe-verhaeltnis\/","title":{"rendered":"Das gro\u00dfe Missverst\u00e4ndnis um Zsch\u00e4pes Verteidiger \u2013 Das Medienlog vom Montag, 17. August 2015"},"content":{"rendered":"<p>Bislang konnte sein Verhalten nur interpretiert, \u00fcber seine Person nur spekuliert werden: Beate Zsch\u00e4pes <a href=\"https:\/\/blog.zeit.de\/nsu-prozess-blog\/2015\/07\/21\/zschaepes-letzter-mann\/\">vierter Verteidiger Mathias Grasel<\/a> erschien im NSU-Prozess immer ein wenig r\u00e4tselhaft. Karin Truscheit von der <a href=\"http:\/\/www.faz.net\/aktuell\/politik\/nsu-prozess\/ein-besuch-bei-zschaepes-anwalt-mathias-grasel-13747181.html\" target=\"_blank\"><em>Frankfurter Allgemeinen<\/em><\/a> hat Grasel nun in seiner Kanzlei getroffen. Der Verteidiger schilderte, dass etwa das Verh\u00e4ltnis zu den anderen Verteidigern Wolfgang Stahl, Wolfgang Heer und Anja Sturm missverstanden worden sei: &#8222;Wenn er im Gerichtssaal Heer und Stahl die Hand gibt und Anja Sturm nicht, da er sie schon vor dem Saal begr\u00fc\u00dft hatte, hei\u00dft es, er &#8217;schneide&#8216; Anja Sturm&#8220;, schreibt Tuscheit. Tats\u00e4chlich sei er ein &#8222;Bindeglied&#8220; zwischen Zsch\u00e4pe und den anderen Verteidigern.<\/p>\n<p><!--more--><\/p>\n<p>Auch leiste er mehr, als von au\u00dfen wahrnehmbar sei. Zwar\u00a0habe er sich noch nicht mit dem kompletten Aktenmaterial vertraut gemacht, jedoch immer wieder bei seiner Mandantin nachgefragt. Das zeige\u00a0m\u00f6glicherweise, was zwischen ihm und Zsch\u00e4pe anders funktioniert, schreibt Truscheit: &#8222;Er h\u00f6rt ihr zu. Vielleicht fehlte ihr das zuletzt bei den drei anderen Verteidigern?&#8220; Genau so seien jedenfalls <a href=\"https:\/\/blog.zeit.de\/nsu-prozess-blog\/2015\/07\/24\/zschaepe-wird-die-justiz-nicht-besiegen\/\">Zsch\u00e4pes Angriffe auf das Anwaltstrio<\/a> aus den vergangenen Monaten zu deuten.<\/p>\n<p><em>An jedem Werktag sichten wir f\u00fcr das NSU-Prozess-Blog die Medien und stellen wichtige Berichte, Blogs, Videos und Tweets zusammen. Wir freuen uns \u00fcber Hinweise via Twitter mit dem Hashtag #nsublog \u2013 oder per E-Mail an <a href=\"mailto:nsublog@zeit.de\">nsublog@zeit.de<\/a>.<\/em><\/p>\n<p><em>Das n\u00e4chste Medienlog erscheint am Dienstag, 18. August 2015.<\/em><\/p>\n","protected":false},"excerpt":{"rendered":"<p>Bislang konnte sein Verhalten nur interpretiert, \u00fcber seine Person nur spekuliert werden: Beate Zsch\u00e4pes vierter Verteidiger Mathias Grasel erschien im NSU-Prozess immer ein wenig r\u00e4tselhaft. Karin Truscheit von der Frankfurter Allgemeinen hat Grasel nun in seiner Kanzlei getroffen. Der Verteidiger schilderte, dass etwa das Verh\u00e4ltnis zu den anderen Verteidigern Wolfgang Stahl, Wolfgang Heer und Anja [&hellip;]<\/p>\n","protected":false},"author":435,"featured_media":0,"comment_status":"open","ping_status":"open","sticky":false,"template":"","format":"standard","meta":{"_jetpack_memberships_contains_paid_content":false,"footnotes":""},"categories":[27531],"tags":[29424,17793,35363],"class_list":["post-9774","post","type-post","status-publish","format-standard","hentry","category-medienschau","tag-anwalte","tag-beate-zschape","tag-mathias-grasel"],"yoast_head":"<!-- This site is optimized with the Yoast SEO plugin v21.0 - https:\/\/yoast.com\/wordpress\/plugins\/seo\/ -->\n<title>Das gro\u00dfe Missverst\u00e4ndnis um Zsch\u00e4pes Verteidiger \u2013 Das Medienlog vom Montag, 17. August 2015 - Das NSU-Prozess-Blog<\/title>\n<meta name=\"robots\" content=\"index, follow, max-snippet:-1, max-image-preview:large, max-video-preview:-1\" \/>\n<link rel=\"canonical\" href=\"https:\/\/blog.zeit.de\/nsu-prozess-blog\/2015\/08\/17\/medienlog-mathias-grasel-beate-zschaepe-verhaeltnis\/\" \/>\n<meta property=\"og:locale\" content=\"de_DE\" \/>\n<meta property=\"og:type\" content=\"article\" \/>\n<meta property=\"og:title\" content=\"Das gro\u00dfe Missverst\u00e4ndnis um Zsch\u00e4pes Verteidiger \u2013 Das Medienlog vom Montag, 17. August 2015 - Das NSU-Prozess-Blog\" \/>\n<meta property=\"og:description\" content=\"Bislang konnte sein Verhalten nur interpretiert, \u00fcber seine Person nur spekuliert werden: Beate Zsch\u00e4pes vierter Verteidiger Mathias Grasel erschien im NSU-Prozess immer ein wenig r\u00e4tselhaft. Karin Truscheit von der Frankfurter Allgemeinen hat Grasel nun in seiner Kanzlei getroffen. Der Verteidiger schilderte, dass etwa das Verh\u00e4ltnis zu den anderen Verteidigern Wolfgang Stahl, Wolfgang Heer und Anja [&hellip;]\" \/>\n<meta property=\"og:url\" content=\"https:\/\/blog.zeit.de\/nsu-prozess-blog\/2015\/08\/17\/medienlog-mathias-grasel-beate-zschaepe-verhaeltnis\/\" \/>\n<meta property=\"og:site_name\" content=\"Das NSU-Prozess-Blog\" \/>\n<meta property=\"article:published_time\" content=\"2015-08-17T06:22:54+00:00\" \/>\n<meta property=\"article:modified_time\" content=\"2015-08-17T07:35:26+00:00\" \/>\n<meta name=\"author\" content=\"Tom Sundermann\" \/>\n<meta name=\"twitter:label1\" content=\"Geschrieben von\" \/>\n\t<meta name=\"twitter:data1\" content=\"Tom Sundermann\" \/>\n\t<meta name=\"twitter:label2\" content=\"Gesch\u00e4tzte Lesezeit\" \/>\n\t<meta name=\"twitter:data2\" content=\"1\u00a0Minute\" \/>\n<script type=\"application\/ld+json\" class=\"yoast-schema-graph\">{\"@context\":\"https:\/\/schema.org\",\"@graph\":[{\"@type\":\"WebPage\",\"@id\":\"https:\/\/blog.zeit.de\/nsu-prozess-blog\/2015\/08\/17\/medienlog-mathias-grasel-beate-zschaepe-verhaeltnis\/\",\"url\":\"https:\/\/blog.zeit.de\/nsu-prozess-blog\/2015\/08\/17\/medienlog-mathias-grasel-beate-zschaepe-verhaeltnis\/\",\"name\":\"Das gro\u00dfe Missverst\u00e4ndnis um Zsch\u00e4pes Verteidiger \u2013 Das Medienlog vom Montag, 17. August 2015 - Das NSU-Prozess-Blog\",\"isPartOf\":{\"@id\":\"https:\/\/blog.zeit.de\/nsu-prozess-blog\/#website\"},\"datePublished\":\"2015-08-17T06:22:54+00:00\",\"dateModified\":\"2015-08-17T07:35:26+00:00\",\"author\":{\"@id\":\"https:\/\/blog.zeit.de\/nsu-prozess-blog\/#\/schema\/person\/553ea9bb5d1fc2ae054c589bd59380a5\"},\"breadcrumb\":{\"@id\":\"https:\/\/blog.zeit.de\/nsu-prozess-blog\/2015\/08\/17\/medienlog-mathias-grasel-beate-zschaepe-verhaeltnis\/#breadcrumb\"},\"inLanguage\":\"de\",\"potentialAction\":[{\"@type\":\"ReadAction\",\"target\":[\"https:\/\/blog.zeit.de\/nsu-prozess-blog\/2015\/08\/17\/medienlog-mathias-grasel-beate-zschaepe-verhaeltnis\/\"]}]},{\"@type\":\"BreadcrumbList\",\"@id\":\"https:\/\/blog.zeit.de\/nsu-prozess-blog\/2015\/08\/17\/medienlog-mathias-grasel-beate-zschaepe-verhaeltnis\/#breadcrumb\",\"itemListElement\":[{\"@type\":\"ListItem\",\"position\":1,\"name\":\"Startseite\",\"item\":\"https:\/\/blog.zeit.de\/nsu-prozess-blog\/\"},{\"@type\":\"ListItem\",\"position\":2,\"name\":\"Das gro\u00dfe Missverst\u00e4ndnis um Zsch\u00e4pes Verteidiger \u2013 Das Medienlog vom Montag, 17. August 2015\"}]},{\"@type\":\"WebSite\",\"@id\":\"https:\/\/blog.zeit.de\/nsu-prozess-blog\/#website\",\"url\":\"https:\/\/blog.zeit.de\/nsu-prozess-blog\/\",\"name\":\"Das NSU-Prozess-Blog\",\"description\":\"Alle Berichte zum Terrorverfahren in M\u00fcnchen\",\"potentialAction\":[{\"@type\":\"SearchAction\",\"target\":{\"@type\":\"EntryPoint\",\"urlTemplate\":\"https:\/\/blog.zeit.de\/nsu-prozess-blog\/?s={search_term_string}\"},\"query-input\":\"required name=search_term_string\"}],\"inLanguage\":\"de\"},{\"@type\":\"Person\",\"@id\":\"https:\/\/blog.zeit.de\/nsu-prozess-blog\/#\/schema\/person\/553ea9bb5d1fc2ae054c589bd59380a5\",\"name\":\"Tom Sundermann\",\"image\":{\"@type\":\"ImageObject\",\"inLanguage\":\"de\",\"@id\":\"https:\/\/blog.zeit.de\/nsu-prozess-blog\/#\/schema\/person\/image\/\",\"url\":\"https:\/\/secure.gravatar.com\/avatar\/e108a3dc18766f719b2f797dc5d19093f06a1870c55b553ab6b7563f1f9a5e68?s=96&d=mm&r=g\",\"contentUrl\":\"https:\/\/secure.gravatar.com\/avatar\/e108a3dc18766f719b2f797dc5d19093f06a1870c55b553ab6b7563f1f9a5e68?s=96&d=mm&r=g\",\"caption\":\"Tom Sundermann\"},\"sameAs\":[\"https:\/\/twitter.com\/messeticker\"],\"url\":\"https:\/\/blog.zeit.de\/nsu-prozess-blog\/author\/tsundermann\/\"}]}<\/script>\n<!-- \/ Yoast SEO plugin. -->","yoast_head_json":{"title":"Das gro\u00dfe Missverst\u00e4ndnis um Zsch\u00e4pes Verteidiger \u2013 Das Medienlog vom Montag, 17. August 2015 - Das NSU-Prozess-Blog","robots":{"index":"index","follow":"follow","max-snippet":"max-snippet:-1","max-image-preview":"max-image-preview:large","max-video-preview":"max-video-preview:-1"},"canonical":"https:\/\/blog.zeit.de\/nsu-prozess-blog\/2015\/08\/17\/medienlog-mathias-grasel-beate-zschaepe-verhaeltnis\/","og_locale":"de_DE","og_type":"article","og_title":"Das gro\u00dfe Missverst\u00e4ndnis um Zsch\u00e4pes Verteidiger \u2013 Das Medienlog vom Montag, 17. August 2015 - Das NSU-Prozess-Blog","og_description":"Bislang konnte sein Verhalten nur interpretiert, \u00fcber seine Person nur spekuliert werden: Beate Zsch\u00e4pes vierter Verteidiger Mathias Grasel erschien im NSU-Prozess immer ein wenig r\u00e4tselhaft. Karin Truscheit von der Frankfurter Allgemeinen hat Grasel nun in seiner Kanzlei getroffen. Der Verteidiger schilderte, dass etwa das Verh\u00e4ltnis zu den anderen Verteidigern Wolfgang Stahl, Wolfgang Heer und Anja [&hellip;]","og_url":"https:\/\/blog.zeit.de\/nsu-prozess-blog\/2015\/08\/17\/medienlog-mathias-grasel-beate-zschaepe-verhaeltnis\/","og_site_name":"Das NSU-Prozess-Blog","article_published_time":"2015-08-17T06:22:54+00:00","article_modified_time":"2015-08-17T07:35:26+00:00","author":"Tom Sundermann","twitter_misc":{"Geschrieben von":"Tom Sundermann","Gesch\u00e4tzte Lesezeit":"1\u00a0Minute"},"schema":{"@context":"https:\/\/schema.org","@graph":[{"@type":"WebPage","@id":"https:\/\/blog.zeit.de\/nsu-prozess-blog\/2015\/08\/17\/medienlog-mathias-grasel-beate-zschaepe-verhaeltnis\/","url":"https:\/\/blog.zeit.de\/nsu-prozess-blog\/2015\/08\/17\/medienlog-mathias-grasel-beate-zschaepe-verhaeltnis\/","name":"Das gro\u00dfe Missverst\u00e4ndnis um Zsch\u00e4pes Verteidiger \u2013 Das Medienlog vom Montag, 17. August 2015 - Das NSU-Prozess-Blog","isPartOf":{"@id":"https:\/\/blog.zeit.de\/nsu-prozess-blog\/#website"},"datePublished":"2015-08-17T06:22:54+00:00","dateModified":"2015-08-17T07:35:26+00:00","author":{"@id":"https:\/\/blog.zeit.de\/nsu-prozess-blog\/#\/schema\/person\/553ea9bb5d1fc2ae054c589bd59380a5"},"breadcrumb":{"@id":"https:\/\/blog.zeit.de\/nsu-prozess-blog\/2015\/08\/17\/medienlog-mathias-grasel-beate-zschaepe-verhaeltnis\/#breadcrumb"},"inLanguage":"de","potentialAction":[{"@type":"ReadAction","target":["https:\/\/blog.zeit.de\/nsu-prozess-blog\/2015\/08\/17\/medienlog-mathias-grasel-beate-zschaepe-verhaeltnis\/"]}]},{"@type":"BreadcrumbList","@id":"https:\/\/blog.zeit.de\/nsu-prozess-blog\/2015\/08\/17\/medienlog-mathias-grasel-beate-zschaepe-verhaeltnis\/#breadcrumb","itemListElement":[{"@type":"ListItem","position":1,"name":"Startseite","item":"https:\/\/blog.zeit.de\/nsu-prozess-blog\/"},{"@type":"ListItem","position":2,"name":"Das gro\u00dfe Missverst\u00e4ndnis um Zsch\u00e4pes Verteidiger \u2013 Das Medienlog vom Montag, 17. August 2015"}]},{"@type":"WebSite","@id":"https:\/\/blog.zeit.de\/nsu-prozess-blog\/#website","url":"https:\/\/blog.zeit.de\/nsu-prozess-blog\/","name":"Das NSU-Prozess-Blog","description":"Alle Berichte zum Terrorverfahren in M\u00fcnchen","potentialAction":[{"@type":"SearchAction","target":{"@type":"EntryPoint","urlTemplate":"https:\/\/blog.zeit.de\/nsu-prozess-blog\/?s={search_term_string}"},"query-input":"required name=search_term_string"}],"inLanguage":"de"},{"@type":"Person","@id":"https:\/\/blog.zeit.de\/nsu-prozess-blog\/#\/schema\/person\/553ea9bb5d1fc2ae054c589bd59380a5","name":"Tom Sundermann","image":{"@type":"ImageObject","inLanguage":"de","@id":"https:\/\/blog.zeit.de\/nsu-prozess-blog\/#\/schema\/person\/image\/","url":"https:\/\/secure.gravatar.com\/avatar\/e108a3dc18766f719b2f797dc5d19093f06a1870c55b553ab6b7563f1f9a5e68?s=96&d=mm&r=g","contentUrl":"https:\/\/secure.gravatar.com\/avatar\/e108a3dc18766f719b2f797dc5d19093f06a1870c55b553ab6b7563f1f9a5e68?s=96&d=mm&r=g","caption":"Tom Sundermann"},"sameAs":["https:\/\/twitter.com\/messeticker"],"url":"https:\/\/blog.zeit.de\/nsu-prozess-blog\/author\/tsundermann\/"}]}},"jetpack_featured_media_url":"","jetpack_sharing_enabled":true,"_links":{"self":[{"href":"https:\/\/blog.zeit.de\/nsu-prozess-blog\/wp-json\/wp\/v2\/posts\/9774","targetHints":{"allow":["GET"]}}],"collection":[{"href":"https:\/\/blog.zeit.de\/nsu-prozess-blog\/wp-json\/wp\/v2\/posts"}],"about":[{"href":"https:\/\/blog.zeit.de\/nsu-prozess-blog\/wp-json\/wp\/v2\/types\/post"}],"author":[{"embeddable":true,"href":"https:\/\/blog.zeit.de\/nsu-prozess-blog\/wp-json\/wp\/v2\/users\/435"}],"replies":[{"embeddable":true,"href":"https:\/\/blog.zeit.de\/nsu-prozess-blog\/wp-json\/wp\/v2\/comments?post=9774"}],"version-history":[{"count":5,"href":"https:\/\/blog.zeit.de\/nsu-prozess-blog\/wp-json\/wp\/v2\/posts\/9774\/revisions"}],"predecessor-version":[{"id":9779,"href":"https:\/\/blog.zeit.de\/nsu-prozess-blog\/wp-json\/wp\/v2\/posts\/9774\/revisions\/9779"}],"wp:attachment":[{"href":"https:\/\/blog.zeit.de\/nsu-prozess-blog\/wp-json\/wp\/v2\/media?parent=9774"}],"wp:term":[{"taxonomy":"category","embeddable":true,"href":"https:\/\/blog.zeit.de\/nsu-prozess-blog\/wp-json\/wp\/v2\/categories?post=9774"},{"taxonomy":"post_tag","embeddable":true,"href":"https:\/\/blog.zeit.de\/nsu-prozess-blog\/wp-json\/wp\/v2\/tags?post=9774"}],"curies":[{"name":"wp","href":"https:\/\/api.w.org\/{rel}","templated":true}]}}