{"id":9804,"date":"2015-09-02T07:00:08","date_gmt":"2015-09-02T05:00:08","guid":{"rendered":"http:\/\/blog.zeit.de\/nsu-prozess-blog\/?p=9804"},"modified":"2015-08-27T17:28:03","modified_gmt":"2015-08-27T15:28:03","slug":"225-prozesstag-zschaepes-taxifahrer-sagt-aus","status":"publish","type":"post","link":"https:\/\/blog.zeit.de\/nsu-prozess-blog\/2015\/09\/02\/225-prozesstag-zschaepes-taxifahrer-sagt-aus\/","title":{"rendered":"225. Prozesstag \u2013 Zsch\u00e4pes Taxifahrer sagt aus"},"content":{"rendered":"<p>Am Mittwoch, den 2. September, kehrt der NSU-Prozess aus der einmonatigen Sommerpause zur\u00fcck. Die Prozesswoche beginnt mit zwei Zeugen. Der erste ist ein Taxifahrer, der Beate Zsch\u00e4pe Mitte Juni 2011 chauffiert hatte. Bei der Polizei hatte er ausgesagt, sie vom Versteck des Trios in der <a href=\"https:\/\/blog.zeit.de\/nsu-prozess-blog\/2014\/08\/28\/medienlog-kameras-fruehlingsstrasse-matthias-d\/\">Zwickauer Fr\u00fchlingsstra\u00dfe<\/a> zum Bahnhof gefahren zu haben. An einem anderen Tag sei Uwe B\u00f6hnhardt sein Fahrgast gewesen. Danach tritt der Neonazi-Aussteiger Kay S. in den Zeugenstand. Es ist sein dritter Termin in M\u00fcnchen. Bei den vorigen Vernehmungen hatte er <a href=\"https:\/\/blog.zeit.de\/nsu-prozess-blog\/2015\/04\/30\/medienlog-zschaepe-schweigen-gutachten\/\">Zsch\u00e4pe und den Mitangeklagten Ralf Wohlleben belastet<\/a>.<\/p>\n<p>Das Augenmerk vieler Beobachter wird sich indes erneut auf die Anklagebank richten \u2013 und auf Zsch\u00e4pes <a href=\"https:\/\/blog.zeit.de\/nsu-prozess-blog\/2015\/07\/21\/zschaepes-letzter-mann\/\">neuen Verteidiger Mathias Grasel<\/a>. Fraglich ist dabei, ob er sich in der Sommerpause so weit in den Prozess einarbeiten konnte, dass er auch Zeugen befragen kann. Bisher hatte er ausschlie\u00dflich namens seiner Mandantin <a href=\"https:\/\/blog.zeit.de\/nsu-prozess-blog\/2015\/07\/22\/medienlog-zschaepe-anwaelte-heer-krise\/\">Antr\u00e4ge gegen die bisherigen drei Anw\u00e4lte<\/a> gestellt.<\/p>\n<p><em>Informationen aus der Verhandlung gibt es <a href=\"https:\/\/twitter.com\/zeitonline\/lists\/nsu-prozess\">via Twitter hier<\/a>. Die Berichte dar\u00fcber fassen wir morgen im <a href=\"https:\/\/blog.zeit.de\/nsu-prozess-blog\/category\/medienschau\/\">NSU-Medienlog<\/a> zusammen.<\/em><\/p>\n","protected":false},"excerpt":{"rendered":"<p>Am Mittwoch, den 2. September, kehrt der NSU-Prozess aus der einmonatigen Sommerpause zur\u00fcck. Die Prozesswoche beginnt mit zwei Zeugen. Der erste ist ein Taxifahrer, der Beate Zsch\u00e4pe Mitte Juni 2011 chauffiert hatte. Bei der Polizei hatte er ausgesagt, sie vom Versteck des Trios in der Zwickauer Fr\u00fchlingsstra\u00dfe zum Bahnhof gefahren zu haben. An einem anderen [&hellip;]<\/p>\n","protected":false},"author":435,"featured_media":0,"comment_status":"open","ping_status":"open","sticky":false,"template":"","format":"standard","meta":{"_jetpack_memberships_contains_paid_content":false,"footnotes":""},"categories":[27532],"tags":[17860,29512,35363,29510,27081,27560],"class_list":["post-9804","post","type-post","status-publish","format-standard","hentry","category-prozesstage","tag-aussteiger","tag-fruehlingsstrasse","tag-mathias-grasel","tag-szene","tag-taxi","tag-zwickau"],"yoast_head":"<!-- This site is optimized with the Yoast SEO plugin v21.0 - https:\/\/yoast.com\/wordpress\/plugins\/seo\/ -->\n<title>225. Prozesstag \u2013 Zsch\u00e4pes Taxifahrer sagt aus - Das NSU-Prozess-Blog<\/title>\n<meta name=\"robots\" content=\"index, follow, max-snippet:-1, max-image-preview:large, max-video-preview:-1\" \/>\n<link rel=\"canonical\" href=\"https:\/\/blog.zeit.de\/nsu-prozess-blog\/2015\/09\/02\/225-prozesstag-zschaepes-taxifahrer-sagt-aus\/\" \/>\n<meta property=\"og:locale\" content=\"de_DE\" \/>\n<meta property=\"og:type\" content=\"article\" \/>\n<meta property=\"og:title\" content=\"225. Prozesstag \u2013 Zsch\u00e4pes Taxifahrer sagt aus - Das NSU-Prozess-Blog\" \/>\n<meta property=\"og:description\" content=\"Am Mittwoch, den 2. September, kehrt der NSU-Prozess aus der einmonatigen Sommerpause zur\u00fcck. Die Prozesswoche beginnt mit zwei Zeugen. Der erste ist ein Taxifahrer, der Beate Zsch\u00e4pe Mitte Juni 2011 chauffiert hatte. Bei der Polizei hatte er ausgesagt, sie vom Versteck des Trios in der Zwickauer Fr\u00fchlingsstra\u00dfe zum Bahnhof gefahren zu haben. An einem anderen [&hellip;]\" \/>\n<meta property=\"og:url\" content=\"https:\/\/blog.zeit.de\/nsu-prozess-blog\/2015\/09\/02\/225-prozesstag-zschaepes-taxifahrer-sagt-aus\/\" \/>\n<meta property=\"og:site_name\" content=\"Das NSU-Prozess-Blog\" \/>\n<meta property=\"article:published_time\" content=\"2015-09-02T05:00:08+00:00\" \/>\n<meta property=\"article:modified_time\" content=\"2015-08-27T15:28:03+00:00\" \/>\n<meta name=\"author\" content=\"Tom Sundermann\" \/>\n<meta name=\"twitter:label1\" content=\"Geschrieben von\" \/>\n\t<meta name=\"twitter:data1\" content=\"Tom Sundermann\" \/>\n\t<meta name=\"twitter:label2\" content=\"Gesch\u00e4tzte Lesezeit\" \/>\n\t<meta name=\"twitter:data2\" content=\"1\u00a0Minute\" \/>\n<script type=\"application\/ld+json\" class=\"yoast-schema-graph\">{\"@context\":\"https:\/\/schema.org\",\"@graph\":[{\"@type\":\"WebPage\",\"@id\":\"https:\/\/blog.zeit.de\/nsu-prozess-blog\/2015\/09\/02\/225-prozesstag-zschaepes-taxifahrer-sagt-aus\/\",\"url\":\"https:\/\/blog.zeit.de\/nsu-prozess-blog\/2015\/09\/02\/225-prozesstag-zschaepes-taxifahrer-sagt-aus\/\",\"name\":\"225. Prozesstag \u2013 Zsch\u00e4pes Taxifahrer sagt aus - Das NSU-Prozess-Blog\",\"isPartOf\":{\"@id\":\"https:\/\/blog.zeit.de\/nsu-prozess-blog\/#website\"},\"datePublished\":\"2015-09-02T05:00:08+00:00\",\"dateModified\":\"2015-08-27T15:28:03+00:00\",\"author\":{\"@id\":\"https:\/\/blog.zeit.de\/nsu-prozess-blog\/#\/schema\/person\/553ea9bb5d1fc2ae054c589bd59380a5\"},\"breadcrumb\":{\"@id\":\"https:\/\/blog.zeit.de\/nsu-prozess-blog\/2015\/09\/02\/225-prozesstag-zschaepes-taxifahrer-sagt-aus\/#breadcrumb\"},\"inLanguage\":\"de\",\"potentialAction\":[{\"@type\":\"ReadAction\",\"target\":[\"https:\/\/blog.zeit.de\/nsu-prozess-blog\/2015\/09\/02\/225-prozesstag-zschaepes-taxifahrer-sagt-aus\/\"]}]},{\"@type\":\"BreadcrumbList\",\"@id\":\"https:\/\/blog.zeit.de\/nsu-prozess-blog\/2015\/09\/02\/225-prozesstag-zschaepes-taxifahrer-sagt-aus\/#breadcrumb\",\"itemListElement\":[{\"@type\":\"ListItem\",\"position\":1,\"name\":\"Startseite\",\"item\":\"https:\/\/blog.zeit.de\/nsu-prozess-blog\/\"},{\"@type\":\"ListItem\",\"position\":2,\"name\":\"225. Prozesstag \u2013 Zsch\u00e4pes Taxifahrer sagt aus\"}]},{\"@type\":\"WebSite\",\"@id\":\"https:\/\/blog.zeit.de\/nsu-prozess-blog\/#website\",\"url\":\"https:\/\/blog.zeit.de\/nsu-prozess-blog\/\",\"name\":\"Das NSU-Prozess-Blog\",\"description\":\"Alle Berichte zum Terrorverfahren in M\u00fcnchen\",\"potentialAction\":[{\"@type\":\"SearchAction\",\"target\":{\"@type\":\"EntryPoint\",\"urlTemplate\":\"https:\/\/blog.zeit.de\/nsu-prozess-blog\/?s={search_term_string}\"},\"query-input\":\"required name=search_term_string\"}],\"inLanguage\":\"de\"},{\"@type\":\"Person\",\"@id\":\"https:\/\/blog.zeit.de\/nsu-prozess-blog\/#\/schema\/person\/553ea9bb5d1fc2ae054c589bd59380a5\",\"name\":\"Tom Sundermann\",\"image\":{\"@type\":\"ImageObject\",\"inLanguage\":\"de\",\"@id\":\"https:\/\/blog.zeit.de\/nsu-prozess-blog\/#\/schema\/person\/image\/\",\"url\":\"https:\/\/secure.gravatar.com\/avatar\/e108a3dc18766f719b2f797dc5d19093f06a1870c55b553ab6b7563f1f9a5e68?s=96&d=mm&r=g\",\"contentUrl\":\"https:\/\/secure.gravatar.com\/avatar\/e108a3dc18766f719b2f797dc5d19093f06a1870c55b553ab6b7563f1f9a5e68?s=96&d=mm&r=g\",\"caption\":\"Tom Sundermann\"},\"sameAs\":[\"https:\/\/twitter.com\/messeticker\"],\"url\":\"https:\/\/blog.zeit.de\/nsu-prozess-blog\/author\/tsundermann\/\"}]}<\/script>\n<!-- \/ Yoast SEO plugin. -->","yoast_head_json":{"title":"225. Prozesstag \u2013 Zsch\u00e4pes Taxifahrer sagt aus - Das NSU-Prozess-Blog","robots":{"index":"index","follow":"follow","max-snippet":"max-snippet:-1","max-image-preview":"max-image-preview:large","max-video-preview":"max-video-preview:-1"},"canonical":"https:\/\/blog.zeit.de\/nsu-prozess-blog\/2015\/09\/02\/225-prozesstag-zschaepes-taxifahrer-sagt-aus\/","og_locale":"de_DE","og_type":"article","og_title":"225. Prozesstag \u2013 Zsch\u00e4pes Taxifahrer sagt aus - Das NSU-Prozess-Blog","og_description":"Am Mittwoch, den 2. September, kehrt der NSU-Prozess aus der einmonatigen Sommerpause zur\u00fcck. Die Prozesswoche beginnt mit zwei Zeugen. Der erste ist ein Taxifahrer, der Beate Zsch\u00e4pe Mitte Juni 2011 chauffiert hatte. Bei der Polizei hatte er ausgesagt, sie vom Versteck des Trios in der Zwickauer Fr\u00fchlingsstra\u00dfe zum Bahnhof gefahren zu haben. An einem anderen [&hellip;]","og_url":"https:\/\/blog.zeit.de\/nsu-prozess-blog\/2015\/09\/02\/225-prozesstag-zschaepes-taxifahrer-sagt-aus\/","og_site_name":"Das NSU-Prozess-Blog","article_published_time":"2015-09-02T05:00:08+00:00","article_modified_time":"2015-08-27T15:28:03+00:00","author":"Tom Sundermann","twitter_misc":{"Geschrieben von":"Tom Sundermann","Gesch\u00e4tzte Lesezeit":"1\u00a0Minute"},"schema":{"@context":"https:\/\/schema.org","@graph":[{"@type":"WebPage","@id":"https:\/\/blog.zeit.de\/nsu-prozess-blog\/2015\/09\/02\/225-prozesstag-zschaepes-taxifahrer-sagt-aus\/","url":"https:\/\/blog.zeit.de\/nsu-prozess-blog\/2015\/09\/02\/225-prozesstag-zschaepes-taxifahrer-sagt-aus\/","name":"225. Prozesstag \u2013 Zsch\u00e4pes Taxifahrer sagt aus - Das NSU-Prozess-Blog","isPartOf":{"@id":"https:\/\/blog.zeit.de\/nsu-prozess-blog\/#website"},"datePublished":"2015-09-02T05:00:08+00:00","dateModified":"2015-08-27T15:28:03+00:00","author":{"@id":"https:\/\/blog.zeit.de\/nsu-prozess-blog\/#\/schema\/person\/553ea9bb5d1fc2ae054c589bd59380a5"},"breadcrumb":{"@id":"https:\/\/blog.zeit.de\/nsu-prozess-blog\/2015\/09\/02\/225-prozesstag-zschaepes-taxifahrer-sagt-aus\/#breadcrumb"},"inLanguage":"de","potentialAction":[{"@type":"ReadAction","target":["https:\/\/blog.zeit.de\/nsu-prozess-blog\/2015\/09\/02\/225-prozesstag-zschaepes-taxifahrer-sagt-aus\/"]}]},{"@type":"BreadcrumbList","@id":"https:\/\/blog.zeit.de\/nsu-prozess-blog\/2015\/09\/02\/225-prozesstag-zschaepes-taxifahrer-sagt-aus\/#breadcrumb","itemListElement":[{"@type":"ListItem","position":1,"name":"Startseite","item":"https:\/\/blog.zeit.de\/nsu-prozess-blog\/"},{"@type":"ListItem","position":2,"name":"225. Prozesstag \u2013 Zsch\u00e4pes Taxifahrer sagt aus"}]},{"@type":"WebSite","@id":"https:\/\/blog.zeit.de\/nsu-prozess-blog\/#website","url":"https:\/\/blog.zeit.de\/nsu-prozess-blog\/","name":"Das NSU-Prozess-Blog","description":"Alle Berichte zum Terrorverfahren in M\u00fcnchen","potentialAction":[{"@type":"SearchAction","target":{"@type":"EntryPoint","urlTemplate":"https:\/\/blog.zeit.de\/nsu-prozess-blog\/?s={search_term_string}"},"query-input":"required name=search_term_string"}],"inLanguage":"de"},{"@type":"Person","@id":"https:\/\/blog.zeit.de\/nsu-prozess-blog\/#\/schema\/person\/553ea9bb5d1fc2ae054c589bd59380a5","name":"Tom Sundermann","image":{"@type":"ImageObject","inLanguage":"de","@id":"https:\/\/blog.zeit.de\/nsu-prozess-blog\/#\/schema\/person\/image\/","url":"https:\/\/secure.gravatar.com\/avatar\/e108a3dc18766f719b2f797dc5d19093f06a1870c55b553ab6b7563f1f9a5e68?s=96&d=mm&r=g","contentUrl":"https:\/\/secure.gravatar.com\/avatar\/e108a3dc18766f719b2f797dc5d19093f06a1870c55b553ab6b7563f1f9a5e68?s=96&d=mm&r=g","caption":"Tom Sundermann"},"sameAs":["https:\/\/twitter.com\/messeticker"],"url":"https:\/\/blog.zeit.de\/nsu-prozess-blog\/author\/tsundermann\/"}]}},"jetpack_featured_media_url":"","jetpack_sharing_enabled":true,"_links":{"self":[{"href":"https:\/\/blog.zeit.de\/nsu-prozess-blog\/wp-json\/wp\/v2\/posts\/9804","targetHints":{"allow":["GET"]}}],"collection":[{"href":"https:\/\/blog.zeit.de\/nsu-prozess-blog\/wp-json\/wp\/v2\/posts"}],"about":[{"href":"https:\/\/blog.zeit.de\/nsu-prozess-blog\/wp-json\/wp\/v2\/types\/post"}],"author":[{"embeddable":true,"href":"https:\/\/blog.zeit.de\/nsu-prozess-blog\/wp-json\/wp\/v2\/users\/435"}],"replies":[{"embeddable":true,"href":"https:\/\/blog.zeit.de\/nsu-prozess-blog\/wp-json\/wp\/v2\/comments?post=9804"}],"version-history":[{"count":1,"href":"https:\/\/blog.zeit.de\/nsu-prozess-blog\/wp-json\/wp\/v2\/posts\/9804\/revisions"}],"predecessor-version":[{"id":9805,"href":"https:\/\/blog.zeit.de\/nsu-prozess-blog\/wp-json\/wp\/v2\/posts\/9804\/revisions\/9805"}],"wp:attachment":[{"href":"https:\/\/blog.zeit.de\/nsu-prozess-blog\/wp-json\/wp\/v2\/media?parent=9804"}],"wp:term":[{"taxonomy":"category","embeddable":true,"href":"https:\/\/blog.zeit.de\/nsu-prozess-blog\/wp-json\/wp\/v2\/categories?post=9804"},{"taxonomy":"post_tag","embeddable":true,"href":"https:\/\/blog.zeit.de\/nsu-prozess-blog\/wp-json\/wp\/v2\/tags?post=9804"}],"curies":[{"name":"wp","href":"https:\/\/api.w.org\/{rel}","templated":true}]}}