{"id":9810,"date":"2015-08-28T08:17:03","date_gmt":"2015-08-28T06:17:03","guid":{"rendered":"http:\/\/blog.zeit.de\/nsu-prozess-blog\/?p=9810"},"modified":"2015-08-28T08:52:30","modified_gmt":"2015-08-28T06:52:30","slug":"medienlog-anja-sturm-zschaepe-prozess-nsu","status":"publish","type":"post","link":"https:\/\/blog.zeit.de\/nsu-prozess-blog\/2015\/08\/28\/medienlog-anja-sturm-zschaepe-prozess-nsu\/","title":{"rendered":"Zsch\u00e4pe-Anw\u00e4ltin Sturm: Befreiungsschlag statt Dem\u00fctigung \u2013 Das Medienlog vom Freitag, 28. August 2015"},"content":{"rendered":"<p>Der Misstrauensantrag von <a href=\"https:\/\/blog.zeit.de\/nsu-prozess-blog\/2015\/06\/11\/mannheimer-jurist-koennte-zschaepes-anwaeltin-sturm-ersetzen\/\">Beate Zsch\u00e4pe gegen ihre Anw\u00e4ltin Anja Sturm<\/a> war eine Dem\u00fctigung, ein herber Schlag f\u00fcr die Verteidigerin. So schien es jedenfalls in vielen Interpretationen der Vertrauenskrise. &#8222;Aber die Wahrheit ist: Es ist ein Befreiungsschlag&#8220;, schreibt Lara Fritzsche vom <a href=\"http:\/\/sz-magazin.sueddeutsche.de\/texte\/anzeigen\/43456\/Freier-Fall\" target=\"_blank\"><em>S\u00fcddeutsche-Zeitung-Magazin<\/em><\/a>. Die Reporterin hat Sturm monatelang f\u00fcr ein Portr\u00e4t begleitet. Sie zeichnet das Bild einer Frau, die w\u00e4hrend des Prozesses ihren alten Arbeitsplatz und ihren Mann verloren hat, deren Leben somit vom NSU-Verfahren diktiert wird.<\/p>\n<p>Wie es dort f\u00fcr Sturm l\u00e4uft, das h\u00e4nge eng mit ihrer Beziehung zu Zsch\u00e4pe zusammen. Die sei anfangs keine rein juristische Vertretung gewesen: &#8222;Sturms Rolle war immer eine andere, eher m\u00fctterlich, aber nicht weniger vertraut.&#8220; Am Verh\u00e4ltnis zwischen Sturm und ihrer Mandantin lasse sich zudem einiges \u00fcber das Wesen der Hauptangeklagten ablesen: &#8222;Auf die Aufmerksamkeit einer Frau kann sie verzichten. Ihr Blick gibt ihr nichts.&#8220;<\/p>\n<p><em>An jedem Werktag sichten wir f\u00fcr das NSU-Prozess-Blog die Medien und stellen wichtige Berichte, Blogs, Videos und Tweets zusammen. Wir freuen uns \u00fcber Hinweise via Twitter mit dem Hashtag #nsublog \u2013 oder per E-Mail an <a href=\"mailto:nsublog@zeit.de\">nsublog@zeit.de<\/a>.<\/em><\/p>\n<p><em>Das n\u00e4chste Medienlog erscheint am Montag, 31. August 2015.<\/em><\/p>\n","protected":false},"excerpt":{"rendered":"<p>Der Misstrauensantrag von Beate Zsch\u00e4pe gegen ihre Anw\u00e4ltin Anja Sturm war eine Dem\u00fctigung, ein herber Schlag f\u00fcr die Verteidigerin. So schien es jedenfalls in vielen Interpretationen der Vertrauenskrise. &#8222;Aber die Wahrheit ist: Es ist ein Befreiungsschlag&#8220;, schreibt Lara Fritzsche vom S\u00fcddeutsche-Zeitung-Magazin. Die Reporterin hat Sturm monatelang f\u00fcr ein Portr\u00e4t begleitet. Sie zeichnet das Bild einer [&hellip;]<\/p>\n","protected":false},"author":435,"featured_media":0,"comment_status":"open","ping_status":"open","sticky":false,"template":"","format":"standard","meta":{"_jetpack_memberships_contains_paid_content":false,"footnotes":""},"categories":[27531],"tags":[27575,29424,17793,10514],"class_list":["post-9810","post","type-post","status-publish","format-standard","hentry","category-medienschau","tag-anja-sturm","tag-anwalte","tag-beate-zschape","tag-portrait"],"yoast_head":"<!-- This site is optimized with the Yoast SEO plugin v21.0 - https:\/\/yoast.com\/wordpress\/plugins\/seo\/ -->\n<title>Zsch\u00e4pe-Anw\u00e4ltin Sturm: Befreiungsschlag statt Dem\u00fctigung \u2013 Das Medienlog vom Freitag, 28. August 2015 - Das NSU-Prozess-Blog<\/title>\n<meta name=\"robots\" content=\"index, follow, max-snippet:-1, max-image-preview:large, max-video-preview:-1\" \/>\n<link rel=\"canonical\" href=\"https:\/\/blog.zeit.de\/nsu-prozess-blog\/2015\/08\/28\/medienlog-anja-sturm-zschaepe-prozess-nsu\/\" \/>\n<meta property=\"og:locale\" content=\"de_DE\" \/>\n<meta property=\"og:type\" content=\"article\" \/>\n<meta property=\"og:title\" content=\"Zsch\u00e4pe-Anw\u00e4ltin Sturm: Befreiungsschlag statt Dem\u00fctigung \u2013 Das Medienlog vom Freitag, 28. August 2015 - Das NSU-Prozess-Blog\" \/>\n<meta property=\"og:description\" content=\"Der Misstrauensantrag von Beate Zsch\u00e4pe gegen ihre Anw\u00e4ltin Anja Sturm war eine Dem\u00fctigung, ein herber Schlag f\u00fcr die Verteidigerin. So schien es jedenfalls in vielen Interpretationen der Vertrauenskrise. &#8222;Aber die Wahrheit ist: Es ist ein Befreiungsschlag&#8220;, schreibt Lara Fritzsche vom S\u00fcddeutsche-Zeitung-Magazin. Die Reporterin hat Sturm monatelang f\u00fcr ein Portr\u00e4t begleitet. Sie zeichnet das Bild einer [&hellip;]\" \/>\n<meta property=\"og:url\" content=\"https:\/\/blog.zeit.de\/nsu-prozess-blog\/2015\/08\/28\/medienlog-anja-sturm-zschaepe-prozess-nsu\/\" \/>\n<meta property=\"og:site_name\" content=\"Das NSU-Prozess-Blog\" \/>\n<meta property=\"article:published_time\" content=\"2015-08-28T06:17:03+00:00\" \/>\n<meta property=\"article:modified_time\" content=\"2015-08-28T06:52:30+00:00\" \/>\n<meta name=\"author\" content=\"Tom Sundermann\" \/>\n<meta name=\"twitter:label1\" content=\"Geschrieben von\" \/>\n\t<meta name=\"twitter:data1\" content=\"Tom Sundermann\" \/>\n\t<meta name=\"twitter:label2\" content=\"Gesch\u00e4tzte Lesezeit\" \/>\n\t<meta name=\"twitter:data2\" content=\"1\u00a0Minute\" \/>\n<script type=\"application\/ld+json\" class=\"yoast-schema-graph\">{\"@context\":\"https:\/\/schema.org\",\"@graph\":[{\"@type\":\"WebPage\",\"@id\":\"https:\/\/blog.zeit.de\/nsu-prozess-blog\/2015\/08\/28\/medienlog-anja-sturm-zschaepe-prozess-nsu\/\",\"url\":\"https:\/\/blog.zeit.de\/nsu-prozess-blog\/2015\/08\/28\/medienlog-anja-sturm-zschaepe-prozess-nsu\/\",\"name\":\"Zsch\u00e4pe-Anw\u00e4ltin Sturm: Befreiungsschlag statt Dem\u00fctigung \u2013 Das Medienlog vom Freitag, 28. August 2015 - Das NSU-Prozess-Blog\",\"isPartOf\":{\"@id\":\"https:\/\/blog.zeit.de\/nsu-prozess-blog\/#website\"},\"datePublished\":\"2015-08-28T06:17:03+00:00\",\"dateModified\":\"2015-08-28T06:52:30+00:00\",\"author\":{\"@id\":\"https:\/\/blog.zeit.de\/nsu-prozess-blog\/#\/schema\/person\/553ea9bb5d1fc2ae054c589bd59380a5\"},\"breadcrumb\":{\"@id\":\"https:\/\/blog.zeit.de\/nsu-prozess-blog\/2015\/08\/28\/medienlog-anja-sturm-zschaepe-prozess-nsu\/#breadcrumb\"},\"inLanguage\":\"de\",\"potentialAction\":[{\"@type\":\"ReadAction\",\"target\":[\"https:\/\/blog.zeit.de\/nsu-prozess-blog\/2015\/08\/28\/medienlog-anja-sturm-zschaepe-prozess-nsu\/\"]}]},{\"@type\":\"BreadcrumbList\",\"@id\":\"https:\/\/blog.zeit.de\/nsu-prozess-blog\/2015\/08\/28\/medienlog-anja-sturm-zschaepe-prozess-nsu\/#breadcrumb\",\"itemListElement\":[{\"@type\":\"ListItem\",\"position\":1,\"name\":\"Startseite\",\"item\":\"https:\/\/blog.zeit.de\/nsu-prozess-blog\/\"},{\"@type\":\"ListItem\",\"position\":2,\"name\":\"Zsch\u00e4pe-Anw\u00e4ltin Sturm: Befreiungsschlag statt Dem\u00fctigung \u2013 Das Medienlog vom Freitag, 28. August 2015\"}]},{\"@type\":\"WebSite\",\"@id\":\"https:\/\/blog.zeit.de\/nsu-prozess-blog\/#website\",\"url\":\"https:\/\/blog.zeit.de\/nsu-prozess-blog\/\",\"name\":\"Das NSU-Prozess-Blog\",\"description\":\"Alle Berichte zum Terrorverfahren in M\u00fcnchen\",\"potentialAction\":[{\"@type\":\"SearchAction\",\"target\":{\"@type\":\"EntryPoint\",\"urlTemplate\":\"https:\/\/blog.zeit.de\/nsu-prozess-blog\/?s={search_term_string}\"},\"query-input\":\"required name=search_term_string\"}],\"inLanguage\":\"de\"},{\"@type\":\"Person\",\"@id\":\"https:\/\/blog.zeit.de\/nsu-prozess-blog\/#\/schema\/person\/553ea9bb5d1fc2ae054c589bd59380a5\",\"name\":\"Tom Sundermann\",\"image\":{\"@type\":\"ImageObject\",\"inLanguage\":\"de\",\"@id\":\"https:\/\/blog.zeit.de\/nsu-prozess-blog\/#\/schema\/person\/image\/\",\"url\":\"https:\/\/secure.gravatar.com\/avatar\/e108a3dc18766f719b2f797dc5d19093f06a1870c55b553ab6b7563f1f9a5e68?s=96&d=mm&r=g\",\"contentUrl\":\"https:\/\/secure.gravatar.com\/avatar\/e108a3dc18766f719b2f797dc5d19093f06a1870c55b553ab6b7563f1f9a5e68?s=96&d=mm&r=g\",\"caption\":\"Tom Sundermann\"},\"sameAs\":[\"https:\/\/twitter.com\/messeticker\"],\"url\":\"https:\/\/blog.zeit.de\/nsu-prozess-blog\/author\/tsundermann\/\"}]}<\/script>\n<!-- \/ Yoast SEO plugin. -->","yoast_head_json":{"title":"Zsch\u00e4pe-Anw\u00e4ltin Sturm: Befreiungsschlag statt Dem\u00fctigung \u2013 Das Medienlog vom Freitag, 28. August 2015 - Das NSU-Prozess-Blog","robots":{"index":"index","follow":"follow","max-snippet":"max-snippet:-1","max-image-preview":"max-image-preview:large","max-video-preview":"max-video-preview:-1"},"canonical":"https:\/\/blog.zeit.de\/nsu-prozess-blog\/2015\/08\/28\/medienlog-anja-sturm-zschaepe-prozess-nsu\/","og_locale":"de_DE","og_type":"article","og_title":"Zsch\u00e4pe-Anw\u00e4ltin Sturm: Befreiungsschlag statt Dem\u00fctigung \u2013 Das Medienlog vom Freitag, 28. August 2015 - Das NSU-Prozess-Blog","og_description":"Der Misstrauensantrag von Beate Zsch\u00e4pe gegen ihre Anw\u00e4ltin Anja Sturm war eine Dem\u00fctigung, ein herber Schlag f\u00fcr die Verteidigerin. So schien es jedenfalls in vielen Interpretationen der Vertrauenskrise. &#8222;Aber die Wahrheit ist: Es ist ein Befreiungsschlag&#8220;, schreibt Lara Fritzsche vom S\u00fcddeutsche-Zeitung-Magazin. Die Reporterin hat Sturm monatelang f\u00fcr ein Portr\u00e4t begleitet. Sie zeichnet das Bild einer [&hellip;]","og_url":"https:\/\/blog.zeit.de\/nsu-prozess-blog\/2015\/08\/28\/medienlog-anja-sturm-zschaepe-prozess-nsu\/","og_site_name":"Das NSU-Prozess-Blog","article_published_time":"2015-08-28T06:17:03+00:00","article_modified_time":"2015-08-28T06:52:30+00:00","author":"Tom Sundermann","twitter_misc":{"Geschrieben von":"Tom Sundermann","Gesch\u00e4tzte Lesezeit":"1\u00a0Minute"},"schema":{"@context":"https:\/\/schema.org","@graph":[{"@type":"WebPage","@id":"https:\/\/blog.zeit.de\/nsu-prozess-blog\/2015\/08\/28\/medienlog-anja-sturm-zschaepe-prozess-nsu\/","url":"https:\/\/blog.zeit.de\/nsu-prozess-blog\/2015\/08\/28\/medienlog-anja-sturm-zschaepe-prozess-nsu\/","name":"Zsch\u00e4pe-Anw\u00e4ltin Sturm: Befreiungsschlag statt Dem\u00fctigung \u2013 Das Medienlog vom Freitag, 28. August 2015 - Das NSU-Prozess-Blog","isPartOf":{"@id":"https:\/\/blog.zeit.de\/nsu-prozess-blog\/#website"},"datePublished":"2015-08-28T06:17:03+00:00","dateModified":"2015-08-28T06:52:30+00:00","author":{"@id":"https:\/\/blog.zeit.de\/nsu-prozess-blog\/#\/schema\/person\/553ea9bb5d1fc2ae054c589bd59380a5"},"breadcrumb":{"@id":"https:\/\/blog.zeit.de\/nsu-prozess-blog\/2015\/08\/28\/medienlog-anja-sturm-zschaepe-prozess-nsu\/#breadcrumb"},"inLanguage":"de","potentialAction":[{"@type":"ReadAction","target":["https:\/\/blog.zeit.de\/nsu-prozess-blog\/2015\/08\/28\/medienlog-anja-sturm-zschaepe-prozess-nsu\/"]}]},{"@type":"BreadcrumbList","@id":"https:\/\/blog.zeit.de\/nsu-prozess-blog\/2015\/08\/28\/medienlog-anja-sturm-zschaepe-prozess-nsu\/#breadcrumb","itemListElement":[{"@type":"ListItem","position":1,"name":"Startseite","item":"https:\/\/blog.zeit.de\/nsu-prozess-blog\/"},{"@type":"ListItem","position":2,"name":"Zsch\u00e4pe-Anw\u00e4ltin Sturm: Befreiungsschlag statt Dem\u00fctigung \u2013 Das Medienlog vom Freitag, 28. August 2015"}]},{"@type":"WebSite","@id":"https:\/\/blog.zeit.de\/nsu-prozess-blog\/#website","url":"https:\/\/blog.zeit.de\/nsu-prozess-blog\/","name":"Das NSU-Prozess-Blog","description":"Alle Berichte zum Terrorverfahren in M\u00fcnchen","potentialAction":[{"@type":"SearchAction","target":{"@type":"EntryPoint","urlTemplate":"https:\/\/blog.zeit.de\/nsu-prozess-blog\/?s={search_term_string}"},"query-input":"required name=search_term_string"}],"inLanguage":"de"},{"@type":"Person","@id":"https:\/\/blog.zeit.de\/nsu-prozess-blog\/#\/schema\/person\/553ea9bb5d1fc2ae054c589bd59380a5","name":"Tom Sundermann","image":{"@type":"ImageObject","inLanguage":"de","@id":"https:\/\/blog.zeit.de\/nsu-prozess-blog\/#\/schema\/person\/image\/","url":"https:\/\/secure.gravatar.com\/avatar\/e108a3dc18766f719b2f797dc5d19093f06a1870c55b553ab6b7563f1f9a5e68?s=96&d=mm&r=g","contentUrl":"https:\/\/secure.gravatar.com\/avatar\/e108a3dc18766f719b2f797dc5d19093f06a1870c55b553ab6b7563f1f9a5e68?s=96&d=mm&r=g","caption":"Tom Sundermann"},"sameAs":["https:\/\/twitter.com\/messeticker"],"url":"https:\/\/blog.zeit.de\/nsu-prozess-blog\/author\/tsundermann\/"}]}},"jetpack_featured_media_url":"","jetpack_sharing_enabled":true,"_links":{"self":[{"href":"https:\/\/blog.zeit.de\/nsu-prozess-blog\/wp-json\/wp\/v2\/posts\/9810","targetHints":{"allow":["GET"]}}],"collection":[{"href":"https:\/\/blog.zeit.de\/nsu-prozess-blog\/wp-json\/wp\/v2\/posts"}],"about":[{"href":"https:\/\/blog.zeit.de\/nsu-prozess-blog\/wp-json\/wp\/v2\/types\/post"}],"author":[{"embeddable":true,"href":"https:\/\/blog.zeit.de\/nsu-prozess-blog\/wp-json\/wp\/v2\/users\/435"}],"replies":[{"embeddable":true,"href":"https:\/\/blog.zeit.de\/nsu-prozess-blog\/wp-json\/wp\/v2\/comments?post=9810"}],"version-history":[{"count":5,"href":"https:\/\/blog.zeit.de\/nsu-prozess-blog\/wp-json\/wp\/v2\/posts\/9810\/revisions"}],"predecessor-version":[{"id":9815,"href":"https:\/\/blog.zeit.de\/nsu-prozess-blog\/wp-json\/wp\/v2\/posts\/9810\/revisions\/9815"}],"wp:attachment":[{"href":"https:\/\/blog.zeit.de\/nsu-prozess-blog\/wp-json\/wp\/v2\/media?parent=9810"}],"wp:term":[{"taxonomy":"category","embeddable":true,"href":"https:\/\/blog.zeit.de\/nsu-prozess-blog\/wp-json\/wp\/v2\/categories?post=9810"},{"taxonomy":"post_tag","embeddable":true,"href":"https:\/\/blog.zeit.de\/nsu-prozess-blog\/wp-json\/wp\/v2\/tags?post=9810"}],"curies":[{"name":"wp","href":"https:\/\/api.w.org\/{rel}","templated":true}]}}