{"id":9826,"date":"2015-09-02T11:33:34","date_gmt":"2015-09-02T09:33:34","guid":{"rendered":"http:\/\/blog.zeit.de\/nsu-prozess-blog\/?p=9826"},"modified":"2015-09-02T18:12:37","modified_gmt":"2015-09-02T16:12:37","slug":"zschaepes-maske-sitzt-noch","status":"publish","type":"post","link":"https:\/\/blog.zeit.de\/nsu-prozess-blog\/2015\/09\/02\/zschaepes-maske-sitzt-noch\/","title":{"rendered":"Zsch\u00e4pes Maske sitzt noch"},"content":{"rendered":"<p><strong>Mit Machtspielen gegen ihre eigenen Anw\u00e4lte hat sich Beate Zsch\u00e4pe selbst geschadet \u2013 hie\u00df es bislang. Doch tats\u00e4chlich spielt das Recht der Angeklagten in die H\u00e4nde.<\/strong><\/p>\n<p>Nach einem Monat Sommerpause geht es an diesem Mittwoch beim NSU-Prozess in M\u00fcnchen weiter. Nach zweieinhalb Jahren und 224 Verhandlungstagen k\u00f6nnte es die letzte planm\u00e4\u00dfige Unterbrechung vor dem Urteil gewesen sein. Opferangeh\u00f6rige und Verletzte von zehn Morden, zwei Bombenanschl\u00e4gen und weiteren Taten werden dann erfahren, ob die Hauptangeklagte Beate Zsch\u00e4pe in den Augen des Gerichts als Mitt\u00e4terin an diesen Akten rechtsextremer Gewalt gilt \u2013 und daf\u00fcr ins Gef\u00e4ngnis muss.<\/p>\n<p>Dass es dazu kommt, das scheint seit diesem Sommer wahrscheinlicher als je zuvor. Denn Zsch\u00e4pe schweigt zwar im Gerichtssaal, hatte durch Angriffe gegen ihre angestammten drei Verteidiger aber einiges von ihrer Pers\u00f6nlichkeit enth\u00fcllt.<\/p>\n<p><!--more--><\/p>\n<p>Was sie tat, passte bestens in das Bild, das die Bundesanwaltschaft in ihrer Anklage von ihr zeichnet. Zweimal versuchte Zsch\u00e4pe erfolglos, ihre Anw\u00e4lte Wolfgang Heer, Wolfgang Stahl und Anja Sturm loszuwerden. Die beschwerten sich in einem emp\u00f6rten Brief an sie, Zsch\u00e4pe solle aufh\u00f6ren, sich als ihre Chefin aufzuspielen. Doch Zsch\u00e4pe machte weiter und setzte durch, sich den M\u00fcnchner Strafverteidiger Mathias Grasel als vierten Anwalt nehmen zu d\u00fcrfen. Seitdem spricht sie nur noch mit ihm. Das Finale bildete eine ebenfalls erfolglose Strafanzeige wegen Geheimnisverrats gegen die alten drei Verteidiger.<\/p>\n<div class=\"zol_video art_wide vid4458937389001\"><\/div>\n<p>Die Angeklagte Beate Zsch\u00e4pe: berechnend, f\u00fchrungsstark, manipulierend. Die Beate Zsch\u00e4pe, die jahrelang mit ihren Komplizen Uwe Mundlos und Uwe B\u00f6hnhardt im Untergrund gelebt hat: genauso. Ihre Maske sei gefallen, hie\u00df es in Presseberichten. Sie habe sich selbst entlarvt, den Richtern endlich den Beweis geliefert, die Eisesk\u00e4lte einer Terroristin zu besitzen. Die juristischen Volten: ein B\u00e4rendienst, der direkt in Richtung Schuldspruch weist.<\/p>\n<p>Der Vorsitzende Richter Manfred G\u00f6tzl hat \u00fcber Zsch\u00e4pes Antr\u00e4ge entschieden. Ganz unerwartet hat er viel erfahren von der schweigenden Frau, die rund drei Meter von ihm entfernt sitzt. Doch mag das Verhalten Zsch\u00e4pes noch so enth\u00fcllend gewesen sein: Einen ernsthaften Schaden hat sie wohl nicht davongetragen. Denn ihr Verteidiger-Kleinkrieg l\u00e4sst sich nicht ohne Weiteres in die Urteilsfindung speisen.<\/p>\n<p><strong>&#8222;Beredtes Schweigen&#8220; kennt die Rechtsprechung nicht<\/strong><\/p>\n<p>\u201eAus dem Verhalten des Angeklagten im Gerichtssaal darf keinesfalls direkt auf seine Schuld in einem konkreten Fall geschlossen werden\u201c, sagt der ehemalige Bundesrichter Lutz Meyer-Go\u00dfner, Verfasser eines der wichtigsten Kommentarwerke zur Strafprozessordnung. Als Beweis d\u00fcrfen ihre drastischen Angriffe somit nicht einflie\u00dfen \u2013 bestenfalls als zus\u00e4tzliches Indiz. Bei einem Gewaltt\u00e4ter etwa k\u00f6nne \u201eein besonders aggressives Auftreten\u201c auf seine Gewaltbereitschaft schlie\u00dfen lassen, ein Betr\u00fcger w\u00fcrde sich durch sehr eloquentes Gebaren schaden. Was aber w\u00fcrde auf eine Terroristin passen?<\/p>\n<p>\u201eMan darf den Angeklagten nicht wie unter einer Lupe bei anderen Konflikten betrachten\u201c, sagt die Berliner Anw\u00e4ltin Anke M\u00fcller-Jacobsen, die im Strafrechtsausschuss der Bundesrechtsanwaltskammer sitzt. Denn wer vor dem Richter sitzt, der darf nicht als plumpes Anschauungsobjekt behandelt werden. K\u00e4me es so weit, w\u00e4re die Justiz zur\u00fcck beim Inquisitionsprozess.<\/p>\n<p>Hinzu kommt: Die deutsche Rechtsprechung kennt kein \u201eberedtes Schweigen\u201c. Das Gericht kann Zsch\u00e4pes Machtkampf nicht umdeuten in eine Selbstbeschreibung. So l\u00e4sst sich eine Entscheidung deuten, die der Bundesgerichtshof bereits 1993 f\u00e4llte: Demnach gilt ein schweigender Angeklagter auch dann als stumm, wenn er w\u00e4hrend der Verhandlung eine \u201elebhafte Mimik und Gestik\u201c zeigt. Das hei\u00dft: Blo\u00dfe Gef\u00fchlsregungen sind noch keine \u00c4u\u00dferung und erst recht kein Signal f\u00fcr Schuld. Dasselbe d\u00fcrfte f\u00fcr Zsch\u00e4pes Traktate an das Gericht gelten.<\/p>\n<p>Sie w\u00e4ren aller Wahrscheinlichkeit nach \u201eder Beweisw\u00fcrdigung zulasten des Angeklagten entzogen\u201c, sagt der Heidelberger Strafrechtsprofessor Volker Haas, der f\u00fcr ZEIT ONLINE mehrere Kommentarquellen zum Thema ausgewertet hat. Er bezweifelt zudem, dass das Verhalten eines Angeklagten regelm\u00e4\u00dfig R\u00fcckschl\u00fcsse auf die Tat erlaubt. Die sprichw\u00f6rtliche Maske des Schweigens ist also keineswegs von Zsch\u00e4pes Gesicht gerissen. Mithilfe ihres neuen Anwalts hat sie das Prozessrecht genutzt, die Verteidigung nach ihrer Vorstellung umzustricken.<\/p>\n<p><strong>An der Grenze zwischen Jura und Psychologie<\/strong><\/p>\n<p>Rechtslehre und Rechtspraxis sind indes zwei ziemlich verschiedene Welten, wie so ziemlich jeder Jurist berichten kann. Verpufft Zsch\u00e4pes Verhalten so, als h\u00e4tte es nie stattgefunden? \u201eEs kann sein, dass bestimmte Faktoren subkutan einflie\u00dfen\u201c, sagt Haas. An der Kreuzung zwischen Jura und Psychologie also lie\u00dfen sich manche Richter mehr oder weniger unbewusst von ihren Vorurteilen beeinflussen: weil der Angeklagte schwarz ist, weil er die Schule geschmissen hat \u2013 oder weil er schlicht eine Nervens\u00e4ge ist.<\/p>\n<p>Der erfahrene und in diesem Prozess genau beobachtete Richter G\u00f6tzl wird derlei Faktoren wohl ausblenden k\u00f6nnen \u2013 zumal die Faktenlage extrem umfangreich ist. In den kommenden Monaten soll die Indizienkette noch dichter werden. Dann geht es unter anderem um die Bank\u00fcberf\u00e4lle, mit denen sich der NSU finanzierte, und um Asservate wie Briefe und Festplatten. Sind diese Komplexe abgehandelt, ist es bis zum Urteil nicht mehr weit.<\/p>\n","protected":false},"excerpt":{"rendered":"<p>Mit Machtspielen gegen ihre eigenen Anw\u00e4lte hat sich Beate Zsch\u00e4pe selbst geschadet \u2013 hie\u00df es bislang. Doch tats\u00e4chlich spielt das Recht der Angeklagten in die H\u00e4nde. Nach einem Monat Sommerpause geht es an diesem Mittwoch beim NSU-Prozess in M\u00fcnchen weiter. Nach zweieinhalb Jahren und 224 Verhandlungstagen k\u00f6nnte es die letzte planm\u00e4\u00dfige Unterbrechung vor dem Urteil [&hellip;]<\/p>\n","protected":false},"author":435,"featured_media":0,"comment_status":"open","ping_status":"open","sticky":false,"template":"","format":"standard","meta":{"_jetpack_memberships_contains_paid_content":false,"footnotes":""},"categories":[16],"tags":[],"class_list":["post-9826","post","type-post","status-publish","format-standard","hentry","category-allgemein"],"yoast_head":"<!-- This site is optimized with the Yoast SEO plugin v21.0 - https:\/\/yoast.com\/wordpress\/plugins\/seo\/ -->\n<title>Zsch\u00e4pe und ihre Anw\u00e4lte: Die Maske sitzt noch<\/title>\n<meta name=\"description\" content=\"Mit Machtspielen gegen ihre eigenen Anw\u00e4lte hat sich Beate Zsch\u00e4pe selbst geschadet \u2013 hie\u00df es bislang.\" \/>\n<meta name=\"robots\" content=\"index, follow, max-snippet:-1, max-image-preview:large, max-video-preview:-1\" \/>\n<link rel=\"canonical\" href=\"https:\/\/blog.zeit.de\/nsu-prozess-blog\/2015\/09\/02\/zschaepes-maske-sitzt-noch\/\" \/>\n<meta property=\"og:locale\" content=\"de_DE\" \/>\n<meta property=\"og:type\" content=\"article\" \/>\n<meta property=\"og:title\" content=\"Zsch\u00e4pe und ihre Anw\u00e4lte: Die Maske sitzt noch\" \/>\n<meta property=\"og:description\" content=\"Mit Machtspielen gegen ihre eigenen Anw\u00e4lte hat sich Beate Zsch\u00e4pe selbst geschadet \u2013 hie\u00df es bislang.\" \/>\n<meta property=\"og:url\" content=\"https:\/\/blog.zeit.de\/nsu-prozess-blog\/2015\/09\/02\/zschaepes-maske-sitzt-noch\/\" \/>\n<meta property=\"og:site_name\" content=\"Das NSU-Prozess-Blog\" \/>\n<meta property=\"article:published_time\" content=\"2015-09-02T09:33:34+00:00\" \/>\n<meta property=\"article:modified_time\" content=\"2015-09-02T16:12:37+00:00\" \/>\n<meta name=\"author\" content=\"Tom Sundermann\" \/>\n<meta name=\"twitter:label1\" content=\"Geschrieben von\" \/>\n\t<meta name=\"twitter:data1\" content=\"Tom Sundermann\" \/>\n\t<meta name=\"twitter:label2\" content=\"Gesch\u00e4tzte Lesezeit\" \/>\n\t<meta name=\"twitter:data2\" content=\"4\u00a0Minuten\" \/>\n<script type=\"application\/ld+json\" class=\"yoast-schema-graph\">{\"@context\":\"https:\/\/schema.org\",\"@graph\":[{\"@type\":\"WebPage\",\"@id\":\"https:\/\/blog.zeit.de\/nsu-prozess-blog\/2015\/09\/02\/zschaepes-maske-sitzt-noch\/\",\"url\":\"https:\/\/blog.zeit.de\/nsu-prozess-blog\/2015\/09\/02\/zschaepes-maske-sitzt-noch\/\",\"name\":\"Zsch\u00e4pe und ihre Anw\u00e4lte: Die Maske sitzt noch\",\"isPartOf\":{\"@id\":\"https:\/\/blog.zeit.de\/nsu-prozess-blog\/#website\"},\"datePublished\":\"2015-09-02T09:33:34+00:00\",\"dateModified\":\"2015-09-02T16:12:37+00:00\",\"author\":{\"@id\":\"https:\/\/blog.zeit.de\/nsu-prozess-blog\/#\/schema\/person\/553ea9bb5d1fc2ae054c589bd59380a5\"},\"description\":\"Mit Machtspielen gegen ihre eigenen Anw\u00e4lte hat sich Beate Zsch\u00e4pe selbst geschadet \u2013 hie\u00df es bislang.\",\"breadcrumb\":{\"@id\":\"https:\/\/blog.zeit.de\/nsu-prozess-blog\/2015\/09\/02\/zschaepes-maske-sitzt-noch\/#breadcrumb\"},\"inLanguage\":\"de\",\"potentialAction\":[{\"@type\":\"ReadAction\",\"target\":[\"https:\/\/blog.zeit.de\/nsu-prozess-blog\/2015\/09\/02\/zschaepes-maske-sitzt-noch\/\"]}]},{\"@type\":\"BreadcrumbList\",\"@id\":\"https:\/\/blog.zeit.de\/nsu-prozess-blog\/2015\/09\/02\/zschaepes-maske-sitzt-noch\/#breadcrumb\",\"itemListElement\":[{\"@type\":\"ListItem\",\"position\":1,\"name\":\"Startseite\",\"item\":\"https:\/\/blog.zeit.de\/nsu-prozess-blog\/\"},{\"@type\":\"ListItem\",\"position\":2,\"name\":\"Zsch\u00e4pes Maske sitzt noch\"}]},{\"@type\":\"WebSite\",\"@id\":\"https:\/\/blog.zeit.de\/nsu-prozess-blog\/#website\",\"url\":\"https:\/\/blog.zeit.de\/nsu-prozess-blog\/\",\"name\":\"Das NSU-Prozess-Blog\",\"description\":\"Alle Berichte zum Terrorverfahren in M\u00fcnchen\",\"potentialAction\":[{\"@type\":\"SearchAction\",\"target\":{\"@type\":\"EntryPoint\",\"urlTemplate\":\"https:\/\/blog.zeit.de\/nsu-prozess-blog\/?s={search_term_string}\"},\"query-input\":\"required name=search_term_string\"}],\"inLanguage\":\"de\"},{\"@type\":\"Person\",\"@id\":\"https:\/\/blog.zeit.de\/nsu-prozess-blog\/#\/schema\/person\/553ea9bb5d1fc2ae054c589bd59380a5\",\"name\":\"Tom Sundermann\",\"image\":{\"@type\":\"ImageObject\",\"inLanguage\":\"de\",\"@id\":\"https:\/\/blog.zeit.de\/nsu-prozess-blog\/#\/schema\/person\/image\/\",\"url\":\"https:\/\/secure.gravatar.com\/avatar\/e108a3dc18766f719b2f797dc5d19093f06a1870c55b553ab6b7563f1f9a5e68?s=96&d=mm&r=g\",\"contentUrl\":\"https:\/\/secure.gravatar.com\/avatar\/e108a3dc18766f719b2f797dc5d19093f06a1870c55b553ab6b7563f1f9a5e68?s=96&d=mm&r=g\",\"caption\":\"Tom Sundermann\"},\"sameAs\":[\"https:\/\/twitter.com\/messeticker\"],\"url\":\"https:\/\/blog.zeit.de\/nsu-prozess-blog\/author\/tsundermann\/\"}]}<\/script>\n<!-- \/ Yoast SEO plugin. -->","yoast_head_json":{"title":"Zsch\u00e4pe und ihre Anw\u00e4lte: Die Maske sitzt noch","description":"Mit Machtspielen gegen ihre eigenen Anw\u00e4lte hat sich Beate Zsch\u00e4pe selbst geschadet \u2013 hie\u00df es bislang.","robots":{"index":"index","follow":"follow","max-snippet":"max-snippet:-1","max-image-preview":"max-image-preview:large","max-video-preview":"max-video-preview:-1"},"canonical":"https:\/\/blog.zeit.de\/nsu-prozess-blog\/2015\/09\/02\/zschaepes-maske-sitzt-noch\/","og_locale":"de_DE","og_type":"article","og_title":"Zsch\u00e4pe und ihre Anw\u00e4lte: Die Maske sitzt noch","og_description":"Mit Machtspielen gegen ihre eigenen Anw\u00e4lte hat sich Beate Zsch\u00e4pe selbst geschadet \u2013 hie\u00df es bislang.","og_url":"https:\/\/blog.zeit.de\/nsu-prozess-blog\/2015\/09\/02\/zschaepes-maske-sitzt-noch\/","og_site_name":"Das NSU-Prozess-Blog","article_published_time":"2015-09-02T09:33:34+00:00","article_modified_time":"2015-09-02T16:12:37+00:00","author":"Tom Sundermann","twitter_misc":{"Geschrieben von":"Tom Sundermann","Gesch\u00e4tzte Lesezeit":"4\u00a0Minuten"},"schema":{"@context":"https:\/\/schema.org","@graph":[{"@type":"WebPage","@id":"https:\/\/blog.zeit.de\/nsu-prozess-blog\/2015\/09\/02\/zschaepes-maske-sitzt-noch\/","url":"https:\/\/blog.zeit.de\/nsu-prozess-blog\/2015\/09\/02\/zschaepes-maske-sitzt-noch\/","name":"Zsch\u00e4pe und ihre Anw\u00e4lte: Die Maske sitzt noch","isPartOf":{"@id":"https:\/\/blog.zeit.de\/nsu-prozess-blog\/#website"},"datePublished":"2015-09-02T09:33:34+00:00","dateModified":"2015-09-02T16:12:37+00:00","author":{"@id":"https:\/\/blog.zeit.de\/nsu-prozess-blog\/#\/schema\/person\/553ea9bb5d1fc2ae054c589bd59380a5"},"description":"Mit Machtspielen gegen ihre eigenen Anw\u00e4lte hat sich Beate Zsch\u00e4pe selbst geschadet \u2013 hie\u00df es bislang.","breadcrumb":{"@id":"https:\/\/blog.zeit.de\/nsu-prozess-blog\/2015\/09\/02\/zschaepes-maske-sitzt-noch\/#breadcrumb"},"inLanguage":"de","potentialAction":[{"@type":"ReadAction","target":["https:\/\/blog.zeit.de\/nsu-prozess-blog\/2015\/09\/02\/zschaepes-maske-sitzt-noch\/"]}]},{"@type":"BreadcrumbList","@id":"https:\/\/blog.zeit.de\/nsu-prozess-blog\/2015\/09\/02\/zschaepes-maske-sitzt-noch\/#breadcrumb","itemListElement":[{"@type":"ListItem","position":1,"name":"Startseite","item":"https:\/\/blog.zeit.de\/nsu-prozess-blog\/"},{"@type":"ListItem","position":2,"name":"Zsch\u00e4pes Maske sitzt noch"}]},{"@type":"WebSite","@id":"https:\/\/blog.zeit.de\/nsu-prozess-blog\/#website","url":"https:\/\/blog.zeit.de\/nsu-prozess-blog\/","name":"Das NSU-Prozess-Blog","description":"Alle Berichte zum Terrorverfahren in M\u00fcnchen","potentialAction":[{"@type":"SearchAction","target":{"@type":"EntryPoint","urlTemplate":"https:\/\/blog.zeit.de\/nsu-prozess-blog\/?s={search_term_string}"},"query-input":"required name=search_term_string"}],"inLanguage":"de"},{"@type":"Person","@id":"https:\/\/blog.zeit.de\/nsu-prozess-blog\/#\/schema\/person\/553ea9bb5d1fc2ae054c589bd59380a5","name":"Tom Sundermann","image":{"@type":"ImageObject","inLanguage":"de","@id":"https:\/\/blog.zeit.de\/nsu-prozess-blog\/#\/schema\/person\/image\/","url":"https:\/\/secure.gravatar.com\/avatar\/e108a3dc18766f719b2f797dc5d19093f06a1870c55b553ab6b7563f1f9a5e68?s=96&d=mm&r=g","contentUrl":"https:\/\/secure.gravatar.com\/avatar\/e108a3dc18766f719b2f797dc5d19093f06a1870c55b553ab6b7563f1f9a5e68?s=96&d=mm&r=g","caption":"Tom Sundermann"},"sameAs":["https:\/\/twitter.com\/messeticker"],"url":"https:\/\/blog.zeit.de\/nsu-prozess-blog\/author\/tsundermann\/"}]}},"jetpack_featured_media_url":"","jetpack_sharing_enabled":true,"_links":{"self":[{"href":"https:\/\/blog.zeit.de\/nsu-prozess-blog\/wp-json\/wp\/v2\/posts\/9826","targetHints":{"allow":["GET"]}}],"collection":[{"href":"https:\/\/blog.zeit.de\/nsu-prozess-blog\/wp-json\/wp\/v2\/posts"}],"about":[{"href":"https:\/\/blog.zeit.de\/nsu-prozess-blog\/wp-json\/wp\/v2\/types\/post"}],"author":[{"embeddable":true,"href":"https:\/\/blog.zeit.de\/nsu-prozess-blog\/wp-json\/wp\/v2\/users\/435"}],"replies":[{"embeddable":true,"href":"https:\/\/blog.zeit.de\/nsu-prozess-blog\/wp-json\/wp\/v2\/comments?post=9826"}],"version-history":[{"count":9,"href":"https:\/\/blog.zeit.de\/nsu-prozess-blog\/wp-json\/wp\/v2\/posts\/9826\/revisions"}],"predecessor-version":[{"id":9840,"href":"https:\/\/blog.zeit.de\/nsu-prozess-blog\/wp-json\/wp\/v2\/posts\/9826\/revisions\/9840"}],"wp:attachment":[{"href":"https:\/\/blog.zeit.de\/nsu-prozess-blog\/wp-json\/wp\/v2\/media?parent=9826"}],"wp:term":[{"taxonomy":"category","embeddable":true,"href":"https:\/\/blog.zeit.de\/nsu-prozess-blog\/wp-json\/wp\/v2\/categories?post=9826"},{"taxonomy":"post_tag","embeddable":true,"href":"https:\/\/blog.zeit.de\/nsu-prozess-blog\/wp-json\/wp\/v2\/tags?post=9826"}],"curies":[{"name":"wp","href":"https:\/\/api.w.org\/{rel}","templated":true}]}}