{"id":9830,"date":"2015-09-02T08:02:15","date_gmt":"2015-09-02T06:02:15","guid":{"rendered":"http:\/\/blog.zeit.de\/nsu-prozess-blog\/?p=9830"},"modified":"2015-09-02T08:02:15","modified_gmt":"2015-09-02T06:02:15","slug":"medienlog-zschaepe-grasel-sommerpause","status":"publish","type":"post","link":"https:\/\/blog.zeit.de\/nsu-prozess-blog\/2015\/09\/02\/medienlog-zschaepe-grasel-sommerpause\/","title":{"rendered":"Die eine Chance f\u00fcr Anwalt Grasel \u2013 Das Medienlog vom Mittwoch, 2. September 2015"},"content":{"rendered":"<p>Was kann Zsch\u00e4pes <a href=\"https:\/\/blog.zeit.de\/nsu-prozess-blog\/2015\/08\/31\/medienlog-zschaepe-anwalt-grasel-prozess\/\">neuer Verteidiger Mathias Grasel<\/a> noch ausrichten nach fast zweieinhalb Jahren NSU-Prozess ohne ihn? Das wird sich ab heute, mit dem Ende der Sommerpause zeigen. &#8222;Falsch gemacht hat der junge Anwalt bisher nichts, au\u00dfer dass er (&#8230;) die Dimension dieses Verfahrens wohl nicht erkannt hat. Man kann seinen Entschluss mutig nennen oder vermessen&#8220;, schreibt Gisela Friedrichsen auf <a href=\"http:\/\/www.spiegel.de\/panorama\/justiz\/nsu-prozess-wer-ist-beate-zschaepes-verteidiger-mathias-grasel-a-1050000.html\" target=\"_blank\"><em>Spiegel Online<\/em><\/a> dazu. Er k\u00f6nne &#8222;das Steuer nicht mehr herumrei\u00dfen&#8220;, doch er habe eine Chance: Er k\u00f6nne dem Gericht und den Angeh\u00f6rigen so etwas wie eine menschliche Seite der Hauptangeklagten schildern \u2013 damit &#8222;sie vielleicht etwas weniger kaltbl\u00fctig und vom Leid der Opfer unger\u00fchrt erscheint&#8220;.<\/p>\n<p><em>An jedem Werktag sichten wir f\u00fcr das NSU-Prozess-Blog die Medien und stellen wichtige Berichte, Blogs, Videos und Tweets zusammen. Wir freuen uns \u00fcber Hinweise via Twitter mit dem Hashtag #nsublog \u2013 oder per E-Mail an <a href=\"mailto:nsublog@zeit.de\">nsublog@zeit.de<\/a>.<\/em><\/p>\n<p><em>Das n\u00e4chste Medienlog erscheint am Donnerstag, 3. September 2015.<\/em><\/p>\n","protected":false},"excerpt":{"rendered":"<p>Was kann Zsch\u00e4pes neuer Verteidiger Mathias Grasel noch ausrichten nach fast zweieinhalb Jahren NSU-Prozess ohne ihn? Das wird sich ab heute, mit dem Ende der Sommerpause zeigen. &#8222;Falsch gemacht hat der junge Anwalt bisher nichts, au\u00dfer dass er (&#8230;) die Dimension dieses Verfahrens wohl nicht erkannt hat. Man kann seinen Entschluss mutig nennen oder vermessen&#8220;, [&hellip;]<\/p>\n","protected":false},"author":435,"featured_media":0,"comment_status":"open","ping_status":"open","sticky":false,"template":"","format":"standard","meta":{"_jetpack_memberships_contains_paid_content":false,"footnotes":""},"categories":[27531],"tags":[29424,17793,35363],"class_list":["post-9830","post","type-post","status-publish","format-standard","hentry","category-medienschau","tag-anwalte","tag-beate-zschape","tag-mathias-grasel"],"yoast_head":"<!-- This site is optimized with the Yoast SEO plugin v21.0 - https:\/\/yoast.com\/wordpress\/plugins\/seo\/ -->\n<title>Die eine Chance f\u00fcr Anwalt Grasel \u2013 Das Medienlog vom Mittwoch, 2. September 2015 - Das NSU-Prozess-Blog<\/title>\n<meta name=\"robots\" content=\"index, follow, max-snippet:-1, max-image-preview:large, max-video-preview:-1\" \/>\n<link rel=\"canonical\" href=\"https:\/\/blog.zeit.de\/nsu-prozess-blog\/2015\/09\/02\/medienlog-zschaepe-grasel-sommerpause\/\" \/>\n<meta property=\"og:locale\" content=\"de_DE\" \/>\n<meta property=\"og:type\" content=\"article\" \/>\n<meta property=\"og:title\" content=\"Die eine Chance f\u00fcr Anwalt Grasel \u2013 Das Medienlog vom Mittwoch, 2. September 2015 - Das NSU-Prozess-Blog\" \/>\n<meta property=\"og:description\" content=\"Was kann Zsch\u00e4pes neuer Verteidiger Mathias Grasel noch ausrichten nach fast zweieinhalb Jahren NSU-Prozess ohne ihn? Das wird sich ab heute, mit dem Ende der Sommerpause zeigen. &#8222;Falsch gemacht hat der junge Anwalt bisher nichts, au\u00dfer dass er (&#8230;) die Dimension dieses Verfahrens wohl nicht erkannt hat. Man kann seinen Entschluss mutig nennen oder vermessen&#8220;, [&hellip;]\" \/>\n<meta property=\"og:url\" content=\"https:\/\/blog.zeit.de\/nsu-prozess-blog\/2015\/09\/02\/medienlog-zschaepe-grasel-sommerpause\/\" \/>\n<meta property=\"og:site_name\" content=\"Das NSU-Prozess-Blog\" \/>\n<meta property=\"article:published_time\" content=\"2015-09-02T06:02:15+00:00\" \/>\n<meta name=\"author\" content=\"Tom Sundermann\" \/>\n<meta name=\"twitter:label1\" content=\"Geschrieben von\" \/>\n\t<meta name=\"twitter:data1\" content=\"Tom Sundermann\" \/>\n\t<meta name=\"twitter:label2\" content=\"Gesch\u00e4tzte Lesezeit\" \/>\n\t<meta name=\"twitter:data2\" content=\"1\u00a0Minute\" \/>\n<script type=\"application\/ld+json\" class=\"yoast-schema-graph\">{\"@context\":\"https:\/\/schema.org\",\"@graph\":[{\"@type\":\"WebPage\",\"@id\":\"https:\/\/blog.zeit.de\/nsu-prozess-blog\/2015\/09\/02\/medienlog-zschaepe-grasel-sommerpause\/\",\"url\":\"https:\/\/blog.zeit.de\/nsu-prozess-blog\/2015\/09\/02\/medienlog-zschaepe-grasel-sommerpause\/\",\"name\":\"Die eine Chance f\u00fcr Anwalt Grasel \u2013 Das Medienlog vom Mittwoch, 2. September 2015 - Das NSU-Prozess-Blog\",\"isPartOf\":{\"@id\":\"https:\/\/blog.zeit.de\/nsu-prozess-blog\/#website\"},\"datePublished\":\"2015-09-02T06:02:15+00:00\",\"dateModified\":\"2015-09-02T06:02:15+00:00\",\"author\":{\"@id\":\"https:\/\/blog.zeit.de\/nsu-prozess-blog\/#\/schema\/person\/553ea9bb5d1fc2ae054c589bd59380a5\"},\"breadcrumb\":{\"@id\":\"https:\/\/blog.zeit.de\/nsu-prozess-blog\/2015\/09\/02\/medienlog-zschaepe-grasel-sommerpause\/#breadcrumb\"},\"inLanguage\":\"de\",\"potentialAction\":[{\"@type\":\"ReadAction\",\"target\":[\"https:\/\/blog.zeit.de\/nsu-prozess-blog\/2015\/09\/02\/medienlog-zschaepe-grasel-sommerpause\/\"]}]},{\"@type\":\"BreadcrumbList\",\"@id\":\"https:\/\/blog.zeit.de\/nsu-prozess-blog\/2015\/09\/02\/medienlog-zschaepe-grasel-sommerpause\/#breadcrumb\",\"itemListElement\":[{\"@type\":\"ListItem\",\"position\":1,\"name\":\"Startseite\",\"item\":\"https:\/\/blog.zeit.de\/nsu-prozess-blog\/\"},{\"@type\":\"ListItem\",\"position\":2,\"name\":\"Die eine Chance f\u00fcr Anwalt Grasel \u2013 Das Medienlog vom Mittwoch, 2. September 2015\"}]},{\"@type\":\"WebSite\",\"@id\":\"https:\/\/blog.zeit.de\/nsu-prozess-blog\/#website\",\"url\":\"https:\/\/blog.zeit.de\/nsu-prozess-blog\/\",\"name\":\"Das NSU-Prozess-Blog\",\"description\":\"Alle Berichte zum Terrorverfahren in M\u00fcnchen\",\"potentialAction\":[{\"@type\":\"SearchAction\",\"target\":{\"@type\":\"EntryPoint\",\"urlTemplate\":\"https:\/\/blog.zeit.de\/nsu-prozess-blog\/?s={search_term_string}\"},\"query-input\":\"required name=search_term_string\"}],\"inLanguage\":\"de\"},{\"@type\":\"Person\",\"@id\":\"https:\/\/blog.zeit.de\/nsu-prozess-blog\/#\/schema\/person\/553ea9bb5d1fc2ae054c589bd59380a5\",\"name\":\"Tom Sundermann\",\"image\":{\"@type\":\"ImageObject\",\"inLanguage\":\"de\",\"@id\":\"https:\/\/blog.zeit.de\/nsu-prozess-blog\/#\/schema\/person\/image\/\",\"url\":\"https:\/\/secure.gravatar.com\/avatar\/e108a3dc18766f719b2f797dc5d19093f06a1870c55b553ab6b7563f1f9a5e68?s=96&d=mm&r=g\",\"contentUrl\":\"https:\/\/secure.gravatar.com\/avatar\/e108a3dc18766f719b2f797dc5d19093f06a1870c55b553ab6b7563f1f9a5e68?s=96&d=mm&r=g\",\"caption\":\"Tom Sundermann\"},\"sameAs\":[\"https:\/\/twitter.com\/messeticker\"],\"url\":\"https:\/\/blog.zeit.de\/nsu-prozess-blog\/author\/tsundermann\/\"}]}<\/script>\n<!-- \/ Yoast SEO plugin. -->","yoast_head_json":{"title":"Die eine Chance f\u00fcr Anwalt Grasel \u2013 Das Medienlog vom Mittwoch, 2. September 2015 - Das NSU-Prozess-Blog","robots":{"index":"index","follow":"follow","max-snippet":"max-snippet:-1","max-image-preview":"max-image-preview:large","max-video-preview":"max-video-preview:-1"},"canonical":"https:\/\/blog.zeit.de\/nsu-prozess-blog\/2015\/09\/02\/medienlog-zschaepe-grasel-sommerpause\/","og_locale":"de_DE","og_type":"article","og_title":"Die eine Chance f\u00fcr Anwalt Grasel \u2013 Das Medienlog vom Mittwoch, 2. September 2015 - Das NSU-Prozess-Blog","og_description":"Was kann Zsch\u00e4pes neuer Verteidiger Mathias Grasel noch ausrichten nach fast zweieinhalb Jahren NSU-Prozess ohne ihn? Das wird sich ab heute, mit dem Ende der Sommerpause zeigen. &#8222;Falsch gemacht hat der junge Anwalt bisher nichts, au\u00dfer dass er (&#8230;) die Dimension dieses Verfahrens wohl nicht erkannt hat. Man kann seinen Entschluss mutig nennen oder vermessen&#8220;, [&hellip;]","og_url":"https:\/\/blog.zeit.de\/nsu-prozess-blog\/2015\/09\/02\/medienlog-zschaepe-grasel-sommerpause\/","og_site_name":"Das NSU-Prozess-Blog","article_published_time":"2015-09-02T06:02:15+00:00","author":"Tom Sundermann","twitter_misc":{"Geschrieben von":"Tom Sundermann","Gesch\u00e4tzte Lesezeit":"1\u00a0Minute"},"schema":{"@context":"https:\/\/schema.org","@graph":[{"@type":"WebPage","@id":"https:\/\/blog.zeit.de\/nsu-prozess-blog\/2015\/09\/02\/medienlog-zschaepe-grasel-sommerpause\/","url":"https:\/\/blog.zeit.de\/nsu-prozess-blog\/2015\/09\/02\/medienlog-zschaepe-grasel-sommerpause\/","name":"Die eine Chance f\u00fcr Anwalt Grasel \u2013 Das Medienlog vom Mittwoch, 2. September 2015 - Das NSU-Prozess-Blog","isPartOf":{"@id":"https:\/\/blog.zeit.de\/nsu-prozess-blog\/#website"},"datePublished":"2015-09-02T06:02:15+00:00","dateModified":"2015-09-02T06:02:15+00:00","author":{"@id":"https:\/\/blog.zeit.de\/nsu-prozess-blog\/#\/schema\/person\/553ea9bb5d1fc2ae054c589bd59380a5"},"breadcrumb":{"@id":"https:\/\/blog.zeit.de\/nsu-prozess-blog\/2015\/09\/02\/medienlog-zschaepe-grasel-sommerpause\/#breadcrumb"},"inLanguage":"de","potentialAction":[{"@type":"ReadAction","target":["https:\/\/blog.zeit.de\/nsu-prozess-blog\/2015\/09\/02\/medienlog-zschaepe-grasel-sommerpause\/"]}]},{"@type":"BreadcrumbList","@id":"https:\/\/blog.zeit.de\/nsu-prozess-blog\/2015\/09\/02\/medienlog-zschaepe-grasel-sommerpause\/#breadcrumb","itemListElement":[{"@type":"ListItem","position":1,"name":"Startseite","item":"https:\/\/blog.zeit.de\/nsu-prozess-blog\/"},{"@type":"ListItem","position":2,"name":"Die eine Chance f\u00fcr Anwalt Grasel \u2013 Das Medienlog vom Mittwoch, 2. September 2015"}]},{"@type":"WebSite","@id":"https:\/\/blog.zeit.de\/nsu-prozess-blog\/#website","url":"https:\/\/blog.zeit.de\/nsu-prozess-blog\/","name":"Das NSU-Prozess-Blog","description":"Alle Berichte zum Terrorverfahren in M\u00fcnchen","potentialAction":[{"@type":"SearchAction","target":{"@type":"EntryPoint","urlTemplate":"https:\/\/blog.zeit.de\/nsu-prozess-blog\/?s={search_term_string}"},"query-input":"required name=search_term_string"}],"inLanguage":"de"},{"@type":"Person","@id":"https:\/\/blog.zeit.de\/nsu-prozess-blog\/#\/schema\/person\/553ea9bb5d1fc2ae054c589bd59380a5","name":"Tom Sundermann","image":{"@type":"ImageObject","inLanguage":"de","@id":"https:\/\/blog.zeit.de\/nsu-prozess-blog\/#\/schema\/person\/image\/","url":"https:\/\/secure.gravatar.com\/avatar\/e108a3dc18766f719b2f797dc5d19093f06a1870c55b553ab6b7563f1f9a5e68?s=96&d=mm&r=g","contentUrl":"https:\/\/secure.gravatar.com\/avatar\/e108a3dc18766f719b2f797dc5d19093f06a1870c55b553ab6b7563f1f9a5e68?s=96&d=mm&r=g","caption":"Tom Sundermann"},"sameAs":["https:\/\/twitter.com\/messeticker"],"url":"https:\/\/blog.zeit.de\/nsu-prozess-blog\/author\/tsundermann\/"}]}},"jetpack_featured_media_url":"","jetpack_sharing_enabled":true,"_links":{"self":[{"href":"https:\/\/blog.zeit.de\/nsu-prozess-blog\/wp-json\/wp\/v2\/posts\/9830","targetHints":{"allow":["GET"]}}],"collection":[{"href":"https:\/\/blog.zeit.de\/nsu-prozess-blog\/wp-json\/wp\/v2\/posts"}],"about":[{"href":"https:\/\/blog.zeit.de\/nsu-prozess-blog\/wp-json\/wp\/v2\/types\/post"}],"author":[{"embeddable":true,"href":"https:\/\/blog.zeit.de\/nsu-prozess-blog\/wp-json\/wp\/v2\/users\/435"}],"replies":[{"embeddable":true,"href":"https:\/\/blog.zeit.de\/nsu-prozess-blog\/wp-json\/wp\/v2\/comments?post=9830"}],"version-history":[{"count":1,"href":"https:\/\/blog.zeit.de\/nsu-prozess-blog\/wp-json\/wp\/v2\/posts\/9830\/revisions"}],"predecessor-version":[{"id":9831,"href":"https:\/\/blog.zeit.de\/nsu-prozess-blog\/wp-json\/wp\/v2\/posts\/9830\/revisions\/9831"}],"wp:attachment":[{"href":"https:\/\/blog.zeit.de\/nsu-prozess-blog\/wp-json\/wp\/v2\/media?parent=9830"}],"wp:term":[{"taxonomy":"category","embeddable":true,"href":"https:\/\/blog.zeit.de\/nsu-prozess-blog\/wp-json\/wp\/v2\/categories?post=9830"},{"taxonomy":"post_tag","embeddable":true,"href":"https:\/\/blog.zeit.de\/nsu-prozess-blog\/wp-json\/wp\/v2\/tags?post=9830"}],"curies":[{"name":"wp","href":"https:\/\/api.w.org\/{rel}","templated":true}]}}