{"id":9900,"date":"2015-09-16T18:56:48","date_gmt":"2015-09-16T16:56:48","guid":{"rendered":"http:\/\/blog.zeit.de\/nsu-prozess-blog\/?p=9900"},"modified":"2015-09-16T22:09:03","modified_gmt":"2015-09-16T20:09:03","slug":"der-souverane-mundlos-der-explosive-bohnhardt","status":"publish","type":"post","link":"https:\/\/blog.zeit.de\/nsu-prozess-blog\/2015\/09\/16\/der-souverane-mundlos-der-explosive-bohnhardt\/","title":{"rendered":"Der souver\u00e4ne Mundlos, der explosive B\u00f6hnhardt"},"content":{"rendered":"<p><strong>Der Zeuge Tom T. wuchs mit dem sp\u00e4teren NSU-Trio in Jena auf. Im Prozess wundert er sich, dass die mutma\u00dflichen M\u00f6rder es \u00fcber ein Jahrzehnt lang miteinander aushielten.<\/strong><\/p>\n<p>Wer verstehen will, wie aus ein paar versprengten Jugendlichen im th\u00fcringischen Jena gewaltbereite Neonazis und Terroristen wurden, der braucht sich nicht mit den gro\u00dfen Figuren der Szene aufzuhalten. Rechte Vordenker mauern im NSU-Prozess, sie leiden unter pl\u00f6tzlichen Ged\u00e4chtnisl\u00fccken, verlieren kaum ein Wort \u00fcber ihre alten Kameraden.<br \/>\n<!--more--><\/p>\n<p>Antworten liefert da eher einer wie Tom T., der mit T\u00e4towierungen bis zum Ohr und Trainingsjacke in den Saal schlurft. Der 38-J\u00e4hrige, t\u00e4tig &#8222;im Stahl- und Betonbau&#8220;, lernte das sp\u00e4tere NSU-Trio aus der Hauptangeklagten Beate Zsch\u00e4pe sowie den verstorbenen Uwe Mundlos und Uwe B\u00f6hnhardt kennen, als sie in den neunziger Jahren ihre rechte Sozialisation durchliefen. T. will vor sechs Jahren aus der Szene ausgestiegen sein, heute lebt er im Ruhrgebiet.<\/p>\n<p>Es sind regelm\u00e4\u00dfig die Mitl\u00e4ufer, die im Prozess unbefangen \u00fcber die Zeit sprechen, als sich die Jugendlichen die Haare abrasierten und gr\u00fcne Bomberjacken zulegten. Und T. war so einer. Er traf auf &#8222;Scheiteltr\u00e4ger&#8220;, w\u00e4hrend er selbst &#8222;mehr in die Skinhead-Richtung&#8220; tendierte. Die jungen Rechten trafen sich damals im Winzerclub, einer Jugendeinrichtung im prek\u00e4ren Jenaer Stadtteil Winzerla. Doch dort waren sie bei den Sozialarbeitern nur geduldet mit ihren Ansichten \u00fcber Migranten und den Staat. Es ist ein Thema, das T. auch heute nur stammelnd und hastig wiedergeben kann: &#8222;Wir waren schon politisch aktiv gewesen, ne?&#8220;<\/p>\n<p>Zumindest das Feindbild war mehr oder weniger klar: &#8222;Die Ausl\u00e4nder \u2026 dass die daran Schuld sind, dass wir keine Arbeitspl\u00e4tze haben.&#8220; Richter Manfred G\u00f6tzl stellt die klassische Konterfrage: &#8222;Kannten Sie Ausl\u00e4nder?&#8220; \u2013 &#8222;Zu dem Zeitpunkt nicht.&#8220; Er will sich lediglich an ein Erlebnis in der Disco erinnern, bei dem eine Gruppe S\u00fcdl\u00e4nder gegen\u00fcber den Freundinnen der Jungs zudringlich geworden seien.<\/p>\n<p>Trotzdem meinten die Jenaer, sie bef\u00e4nden sich auf politischer Mission und gr\u00fcndeten ihren eigenen Neonazi-Verband, nach dem Vorbild anderer Rechter, die sie auf Demonstrationen getroffen hatten. In den fr\u00fchen neunziger Jahren entstand die Kameradschaft Jena, f\u00fcr 20 Mark im Monat war man dabei. T. glaubt heute, B\u00f6hnhardt habe damals die Beitr\u00e4ge eingesammelt. Als er 1997 von der Polizei vernommen wurde, gab er allerdings an, selbst der Kassenwart gewesen zu sein. Daf\u00fcr aber sei er gar nicht der Typ gewesen, sagt er heute: Die Kameraden hatten p\u00fcnktlich bei den Treffen zu sein, Alkohol war angeblich tabu. &#8222;Ich war knapp \u00fcber 18, das war alles etwas zu heavy.&#8220; Nach einem halben Jahr will er wieder ausgetreten sein.<\/p>\n<p>In der Zeit hatte er allerdings viele wichtige K\u00f6pfe der Szene kennengelernt: Die gut vernetzten Organisatoren Andr\u00e9 K. und Ralf Wohlleben, der im NSU-Prozess als Unterst\u00fctzer angeklagt ist. Den ebenfalls angeklagten Holger G., der unkompliziert rechtes Liedgut beschaffen konnte. Und vor allem das sp\u00e4tere NSU-Trio.<\/p>\n<p>Haupts\u00e4chlich mit Mundlos kam T. in Kontakt. Er erlebte ihn als schlau und souver\u00e4n \u2013 zumal er wahrscheinlich besser als T. ausdr\u00fccken konnte, was ihn an Ausl\u00e4ndern st\u00f6rte. &#8222;Ihm war es wichtig, dass der andere eine eigene politische Meinung hatte und sie auch vertreten konnte.&#8220; Mundlos selbst habe ein &#8222;Faible&#8220; f\u00fcr Rudolf He\u00df gehabt. Er habe zwar begeistert diskutiert, sei aber nur langsam aufgetaut.<\/p>\n<p>Seine damalige Freundin Zsch\u00e4pe sei eher ein Anh\u00e4ngsel gewesen, h\u00e4tte nicht viel gesagt \u2013 und wenn, dann das, was auch Mundlos sagte. Ansonsten sei sie &#8222;immer mal zu &#8217;nem Sp\u00e4\u00dfchen bereit&#8220; gewesen.<\/p>\n<p>B\u00f6hnhardt hingegen schildert T. als explosiv: Bei Diskussionen habe er nicht mithalten k\u00f6nnen und sei dann w\u00fctend geworden. Vor dem reservierten Mundlos habe es deswegen lange gedauert, bis er akzeptiert war. Daf\u00fcr hielt das Band zwischen den beiden bis in den gemeinsamen Tod 2011. &#8222;Ich konnte mir kaum vorstellen, dass Mundlos und B\u00f6hnhardt es so lange in einer Freundschaft aushalten&#8220;, sagt T.<\/p>\n<p>Doch mit den beiden hatten sich zwei gefunden, die schlie\u00dflich ganz und gar der nationalen Sache verschrieben waren. &#8222;Die haben sich wie die Szenepolizei aufgespielt&#8220;, erinnert sich der Zeuge. Man sah das extremistische Duo in Uniformen durch die Stadt gehen, die an SA-Uniformen erinnerten. Als Mundlos herausfand, dass T. gekifft oder sich betrunken hatte, gab es einen Vortrag. &#8222;Man wusste: Wenn man den in zehn Jahren nochmal trifft, hat er noch dieselbe Einstellung.&#8220; B\u00f6hnhardt war demnach jedenfalls in seiner Jugend ein F\u00e4hnchen im Wind: &#8222;W\u00e4ren wir alle links gewesen, w\u00e4re er Linksextremist geworden.&#8220;<\/p>\n<p>Irgendwann aber war auch der intellektuell eher unterlegene B\u00f6hnhardt politisch eingenordet \u2013 und damit bereit f\u00fcr den Kampf. Das sp\u00e4ter als NSU bekannt gewordene Trio stand jetzt \u00f6fter zu dritt herum und war f\u00fcr die alten Freunde kaum noch zu erreichen. Im Fr\u00fchjahr 1998 fl\u00fcchteten sie nach einer Polizeidurchsuchung in den Untergrund. Auch bis zu T. sprach sich herum, was mit den Kameraden passiert war. Dass die drei mutma\u00dflich zehn Morde begingen, erfuhr er aber offenbar erst nach dem Auffliegen des NSU.<\/p>\n<p>Richter G\u00f6tzl fragt, ob in den Zeiten der Kameradschaft Waffen im Spiel gewesen seien. Der Zeuge verneint. Auch im ber\u00fcchtigten Szeneladen Madley habe man sie nicht bekommen. Dort soll der heutige Mitangeklagte Carsten S. die Pistole gekauft haben, die bei neun Morden zum Einsatz kam. Nach T.s Schilderung unterhielt der Inhaber des Gesch\u00e4fts allerdings eine enge Freundschaft zu einem der Mittelsm\u00e4nner, die die Waffe aus der Schweiz nach Jena schafften. Damit ist nach Einsch\u00e4tzung von Prozessbeteiligten der letzte bisher fehlende Beweis in der Beschaffungskette der Ceska-Mordwaffe gefunden, die Mittelsm\u00e4nner haben sich offenbar gekannt.<\/p>\n<p>T. erz\u00e4hlt auch, dass es Diskussionen \u00fcber Gewalt gegeben habe. Doch Schie\u00df\u00fcbungen und Wehrsportgruppen seien als Mittel des politischen Kampfes durchgefallen. Nicht mal Schl\u00e4gereien habe es gegeben.<\/p>\n<p>Welches Ziel die Kameraden allerdings \u00fcberhaupt erreichen wollten, das will T. heute nicht mehr wissen. &#8222;Da sollten Sie mal dr\u00fcber nachdenken!&#8220;, r\u00e4t der Richter eindringlich. T. muss im Oktober erneut aussagen.<\/p>\n","protected":false},"excerpt":{"rendered":"<p>Der Zeuge Tom T. wuchs mit dem sp\u00e4teren NSU-Trio in Jena auf. Im Prozess wundert er sich, dass die mutma\u00dflichen M\u00f6rder es \u00fcber ein Jahrzehnt lang miteinander aushielten. Wer verstehen will, wie aus ein paar versprengten Jugendlichen im th\u00fcringischen Jena gewaltbereite Neonazis und Terroristen wurden, der braucht sich nicht mit den gro\u00dfen Figuren der Szene [&hellip;]<\/p>\n","protected":false},"author":435,"featured_media":0,"comment_status":"open","ping_status":"open","sticky":false,"template":"","format":"standard","meta":{"_jetpack_memberships_contains_paid_content":false,"footnotes":""},"categories":[27532],"tags":[],"class_list":["post-9900","post","type-post","status-publish","format-standard","hentry","category-prozesstage"],"yoast_head":"<!-- This site is optimized with the Yoast SEO plugin v21.0 - https:\/\/yoast.com\/wordpress\/plugins\/seo\/ -->\n<title>Der souver\u00e4ne Mundlos, der explosive B\u00f6hnhardt<\/title>\n<meta name=\"description\" content=\"Der Zeuge Tom T. schildert, wie er seine Jugend mit Mundlos und B\u00f6hnhardt verbrachte.\" \/>\n<meta name=\"robots\" content=\"index, follow, max-snippet:-1, max-image-preview:large, max-video-preview:-1\" \/>\n<link rel=\"canonical\" href=\"https:\/\/blog.zeit.de\/nsu-prozess-blog\/2015\/09\/16\/der-souverane-mundlos-der-explosive-bohnhardt\/\" \/>\n<meta property=\"og:locale\" content=\"de_DE\" \/>\n<meta property=\"og:type\" content=\"article\" \/>\n<meta property=\"og:title\" content=\"Der souver\u00e4ne Mundlos, der explosive B\u00f6hnhardt\" \/>\n<meta property=\"og:description\" content=\"Der Zeuge Tom T. schildert, wie er seine Jugend mit Mundlos und B\u00f6hnhardt verbrachte.\" \/>\n<meta property=\"og:url\" content=\"https:\/\/blog.zeit.de\/nsu-prozess-blog\/2015\/09\/16\/der-souverane-mundlos-der-explosive-bohnhardt\/\" \/>\n<meta property=\"og:site_name\" content=\"Das NSU-Prozess-Blog\" \/>\n<meta property=\"article:published_time\" content=\"2015-09-16T16:56:48+00:00\" \/>\n<meta property=\"article:modified_time\" content=\"2015-09-16T20:09:03+00:00\" \/>\n<meta name=\"author\" content=\"Tom Sundermann\" \/>\n<meta name=\"twitter:label1\" content=\"Geschrieben von\" \/>\n\t<meta name=\"twitter:data1\" content=\"Tom Sundermann\" \/>\n\t<meta name=\"twitter:label2\" content=\"Gesch\u00e4tzte Lesezeit\" \/>\n\t<meta name=\"twitter:data2\" content=\"5\u00a0Minuten\" \/>\n<script type=\"application\/ld+json\" class=\"yoast-schema-graph\">{\"@context\":\"https:\/\/schema.org\",\"@graph\":[{\"@type\":\"WebPage\",\"@id\":\"https:\/\/blog.zeit.de\/nsu-prozess-blog\/2015\/09\/16\/der-souverane-mundlos-der-explosive-bohnhardt\/\",\"url\":\"https:\/\/blog.zeit.de\/nsu-prozess-blog\/2015\/09\/16\/der-souverane-mundlos-der-explosive-bohnhardt\/\",\"name\":\"Der souver\u00e4ne Mundlos, der explosive B\u00f6hnhardt\",\"isPartOf\":{\"@id\":\"https:\/\/blog.zeit.de\/nsu-prozess-blog\/#website\"},\"datePublished\":\"2015-09-16T16:56:48+00:00\",\"dateModified\":\"2015-09-16T20:09:03+00:00\",\"author\":{\"@id\":\"https:\/\/blog.zeit.de\/nsu-prozess-blog\/#\/schema\/person\/553ea9bb5d1fc2ae054c589bd59380a5\"},\"description\":\"Der Zeuge Tom T. schildert, wie er seine Jugend mit Mundlos und B\u00f6hnhardt verbrachte.\",\"breadcrumb\":{\"@id\":\"https:\/\/blog.zeit.de\/nsu-prozess-blog\/2015\/09\/16\/der-souverane-mundlos-der-explosive-bohnhardt\/#breadcrumb\"},\"inLanguage\":\"de\",\"potentialAction\":[{\"@type\":\"ReadAction\",\"target\":[\"https:\/\/blog.zeit.de\/nsu-prozess-blog\/2015\/09\/16\/der-souverane-mundlos-der-explosive-bohnhardt\/\"]}]},{\"@type\":\"BreadcrumbList\",\"@id\":\"https:\/\/blog.zeit.de\/nsu-prozess-blog\/2015\/09\/16\/der-souverane-mundlos-der-explosive-bohnhardt\/#breadcrumb\",\"itemListElement\":[{\"@type\":\"ListItem\",\"position\":1,\"name\":\"Startseite\",\"item\":\"https:\/\/blog.zeit.de\/nsu-prozess-blog\/\"},{\"@type\":\"ListItem\",\"position\":2,\"name\":\"Der souver\u00e4ne Mundlos, der explosive B\u00f6hnhardt\"}]},{\"@type\":\"WebSite\",\"@id\":\"https:\/\/blog.zeit.de\/nsu-prozess-blog\/#website\",\"url\":\"https:\/\/blog.zeit.de\/nsu-prozess-blog\/\",\"name\":\"Das NSU-Prozess-Blog\",\"description\":\"Alle Berichte zum Terrorverfahren in M\u00fcnchen\",\"potentialAction\":[{\"@type\":\"SearchAction\",\"target\":{\"@type\":\"EntryPoint\",\"urlTemplate\":\"https:\/\/blog.zeit.de\/nsu-prozess-blog\/?s={search_term_string}\"},\"query-input\":\"required name=search_term_string\"}],\"inLanguage\":\"de\"},{\"@type\":\"Person\",\"@id\":\"https:\/\/blog.zeit.de\/nsu-prozess-blog\/#\/schema\/person\/553ea9bb5d1fc2ae054c589bd59380a5\",\"name\":\"Tom Sundermann\",\"image\":{\"@type\":\"ImageObject\",\"inLanguage\":\"de\",\"@id\":\"https:\/\/blog.zeit.de\/nsu-prozess-blog\/#\/schema\/person\/image\/\",\"url\":\"https:\/\/secure.gravatar.com\/avatar\/e108a3dc18766f719b2f797dc5d19093f06a1870c55b553ab6b7563f1f9a5e68?s=96&d=mm&r=g\",\"contentUrl\":\"https:\/\/secure.gravatar.com\/avatar\/e108a3dc18766f719b2f797dc5d19093f06a1870c55b553ab6b7563f1f9a5e68?s=96&d=mm&r=g\",\"caption\":\"Tom Sundermann\"},\"sameAs\":[\"https:\/\/twitter.com\/messeticker\"],\"url\":\"https:\/\/blog.zeit.de\/nsu-prozess-blog\/author\/tsundermann\/\"}]}<\/script>\n<!-- \/ Yoast SEO plugin. -->","yoast_head_json":{"title":"Der souver\u00e4ne Mundlos, der explosive B\u00f6hnhardt","description":"Der Zeuge Tom T. schildert, wie er seine Jugend mit Mundlos und B\u00f6hnhardt verbrachte.","robots":{"index":"index","follow":"follow","max-snippet":"max-snippet:-1","max-image-preview":"max-image-preview:large","max-video-preview":"max-video-preview:-1"},"canonical":"https:\/\/blog.zeit.de\/nsu-prozess-blog\/2015\/09\/16\/der-souverane-mundlos-der-explosive-bohnhardt\/","og_locale":"de_DE","og_type":"article","og_title":"Der souver\u00e4ne Mundlos, der explosive B\u00f6hnhardt","og_description":"Der Zeuge Tom T. schildert, wie er seine Jugend mit Mundlos und B\u00f6hnhardt verbrachte.","og_url":"https:\/\/blog.zeit.de\/nsu-prozess-blog\/2015\/09\/16\/der-souverane-mundlos-der-explosive-bohnhardt\/","og_site_name":"Das NSU-Prozess-Blog","article_published_time":"2015-09-16T16:56:48+00:00","article_modified_time":"2015-09-16T20:09:03+00:00","author":"Tom Sundermann","twitter_misc":{"Geschrieben von":"Tom Sundermann","Gesch\u00e4tzte Lesezeit":"5\u00a0Minuten"},"schema":{"@context":"https:\/\/schema.org","@graph":[{"@type":"WebPage","@id":"https:\/\/blog.zeit.de\/nsu-prozess-blog\/2015\/09\/16\/der-souverane-mundlos-der-explosive-bohnhardt\/","url":"https:\/\/blog.zeit.de\/nsu-prozess-blog\/2015\/09\/16\/der-souverane-mundlos-der-explosive-bohnhardt\/","name":"Der souver\u00e4ne Mundlos, der explosive B\u00f6hnhardt","isPartOf":{"@id":"https:\/\/blog.zeit.de\/nsu-prozess-blog\/#website"},"datePublished":"2015-09-16T16:56:48+00:00","dateModified":"2015-09-16T20:09:03+00:00","author":{"@id":"https:\/\/blog.zeit.de\/nsu-prozess-blog\/#\/schema\/person\/553ea9bb5d1fc2ae054c589bd59380a5"},"description":"Der Zeuge Tom T. schildert, wie er seine Jugend mit Mundlos und B\u00f6hnhardt verbrachte.","breadcrumb":{"@id":"https:\/\/blog.zeit.de\/nsu-prozess-blog\/2015\/09\/16\/der-souverane-mundlos-der-explosive-bohnhardt\/#breadcrumb"},"inLanguage":"de","potentialAction":[{"@type":"ReadAction","target":["https:\/\/blog.zeit.de\/nsu-prozess-blog\/2015\/09\/16\/der-souverane-mundlos-der-explosive-bohnhardt\/"]}]},{"@type":"BreadcrumbList","@id":"https:\/\/blog.zeit.de\/nsu-prozess-blog\/2015\/09\/16\/der-souverane-mundlos-der-explosive-bohnhardt\/#breadcrumb","itemListElement":[{"@type":"ListItem","position":1,"name":"Startseite","item":"https:\/\/blog.zeit.de\/nsu-prozess-blog\/"},{"@type":"ListItem","position":2,"name":"Der souver\u00e4ne Mundlos, der explosive B\u00f6hnhardt"}]},{"@type":"WebSite","@id":"https:\/\/blog.zeit.de\/nsu-prozess-blog\/#website","url":"https:\/\/blog.zeit.de\/nsu-prozess-blog\/","name":"Das NSU-Prozess-Blog","description":"Alle Berichte zum Terrorverfahren in M\u00fcnchen","potentialAction":[{"@type":"SearchAction","target":{"@type":"EntryPoint","urlTemplate":"https:\/\/blog.zeit.de\/nsu-prozess-blog\/?s={search_term_string}"},"query-input":"required name=search_term_string"}],"inLanguage":"de"},{"@type":"Person","@id":"https:\/\/blog.zeit.de\/nsu-prozess-blog\/#\/schema\/person\/553ea9bb5d1fc2ae054c589bd59380a5","name":"Tom Sundermann","image":{"@type":"ImageObject","inLanguage":"de","@id":"https:\/\/blog.zeit.de\/nsu-prozess-blog\/#\/schema\/person\/image\/","url":"https:\/\/secure.gravatar.com\/avatar\/e108a3dc18766f719b2f797dc5d19093f06a1870c55b553ab6b7563f1f9a5e68?s=96&d=mm&r=g","contentUrl":"https:\/\/secure.gravatar.com\/avatar\/e108a3dc18766f719b2f797dc5d19093f06a1870c55b553ab6b7563f1f9a5e68?s=96&d=mm&r=g","caption":"Tom Sundermann"},"sameAs":["https:\/\/twitter.com\/messeticker"],"url":"https:\/\/blog.zeit.de\/nsu-prozess-blog\/author\/tsundermann\/"}]}},"jetpack_featured_media_url":"","jetpack_sharing_enabled":true,"_links":{"self":[{"href":"https:\/\/blog.zeit.de\/nsu-prozess-blog\/wp-json\/wp\/v2\/posts\/9900","targetHints":{"allow":["GET"]}}],"collection":[{"href":"https:\/\/blog.zeit.de\/nsu-prozess-blog\/wp-json\/wp\/v2\/posts"}],"about":[{"href":"https:\/\/blog.zeit.de\/nsu-prozess-blog\/wp-json\/wp\/v2\/types\/post"}],"author":[{"embeddable":true,"href":"https:\/\/blog.zeit.de\/nsu-prozess-blog\/wp-json\/wp\/v2\/users\/435"}],"replies":[{"embeddable":true,"href":"https:\/\/blog.zeit.de\/nsu-prozess-blog\/wp-json\/wp\/v2\/comments?post=9900"}],"version-history":[{"count":6,"href":"https:\/\/blog.zeit.de\/nsu-prozess-blog\/wp-json\/wp\/v2\/posts\/9900\/revisions"}],"predecessor-version":[{"id":9907,"href":"https:\/\/blog.zeit.de\/nsu-prozess-blog\/wp-json\/wp\/v2\/posts\/9900\/revisions\/9907"}],"wp:attachment":[{"href":"https:\/\/blog.zeit.de\/nsu-prozess-blog\/wp-json\/wp\/v2\/media?parent=9900"}],"wp:term":[{"taxonomy":"category","embeddable":true,"href":"https:\/\/blog.zeit.de\/nsu-prozess-blog\/wp-json\/wp\/v2\/categories?post=9900"},{"taxonomy":"post_tag","embeddable":true,"href":"https:\/\/blog.zeit.de\/nsu-prozess-blog\/wp-json\/wp\/v2\/tags?post=9900"}],"curies":[{"name":"wp","href":"https:\/\/api.w.org\/{rel}","templated":true}]}}