{"id":9906,"date":"2015-09-17T08:41:24","date_gmt":"2015-09-17T06:41:24","guid":{"rendered":"http:\/\/blog.zeit.de\/nsu-prozess-blog\/?p=9906"},"modified":"2015-09-17T10:25:26","modified_gmt":"2015-09-17T08:25:26","slug":"medienlog-tom-t-aussage-jena-ceska","status":"publish","type":"post","link":"https:\/\/blog.zeit.de\/nsu-prozess-blog\/2015\/09\/17\/medienlog-tom-t-aussage-jena-ceska\/","title":{"rendered":"Ist die Beweiskette nun geschlossen? \u2013 Das Medienlog vom Donnerstag, 17. September 2015"},"content":{"rendered":"<p>Nach vier geplatzten Ladungen trat am Mittwoch erstmals der fr\u00fchere Neonazi Tom T. in den Zeugenstand \u2013 und brachte reichlich Erkenntnisse \u00fcber die Anfangszeit des NSU im Jena der neunziger Jahre mit. Allerdings erinnerte er sich dabei an weit weniger als bei einer Vernehmung des Bundeskriminalamts vor zwei Jahren. Der 38-J\u00e4hrige &#8222;skizziert ein, wenn auch l\u00fcckenhaftes, Bild von der rechten Clique, aus der die Terrorzelle hervorging&#8220;, bilanziert Frank Jansen vom <a href=\"http:\/\/www.tagesspiegel.de\/politik\/nsu-prozess-228-tag-das-alkoholverbot-passte-ihm-nicht\/12330082.html\" target=\"_blank\"><em>Tagesspiegel<\/em><\/a>. Allerdings konnte sich der Zeuge beispielsweise nicht an die Texte erinnern, die er f\u00fcr seine damalige Rechtsrock-Band geschrieben hatte.<\/p>\n<p><!--more--><\/p>\n<p><em>An jedem Werktag sichten wir f\u00fcr das NSU-Prozess-Blog die Medien und stellen wichtige Berichte, Blogs, Videos und Tweets zusammen. Wir freuen uns \u00fcber Hinweise via Twitter mit dem Hashtag #nsublog \u2013 oder per E-Mail an <a href=\"mailto:nsublog@zeit.de\">nsublog@zeit.de<\/a>.<\/em><\/p>\n<p>Richter Manfred G\u00f6tzl fragte T. auch nach Details in der Schmuggelkette der <a href=\"http:\/\/www.zeit.de\/gesellschaft\/zeitgeschehen\/2013-10\/nsu-prozess-tag47\">Pistole Ceska 83<\/a>, mit der neun Menschen ermordet worden sein sollen. Mit dem Transport der Pistole hatte der Zeuge zwar nichts zu tun, doch best\u00e4tigte er, dass sich die mutma\u00dflich daran beteiligten Rechtsextremen alle gut kannten. &#8222;Die letzte L\u00fccke in der Beweiskette sei damit geschlossen und der Weg der &#8218;Ceska&#8216; endlich beweisbar, hei\u00dft es am Rande des Prozesses&#8220;, berichtet Christoph Lemmer in einer Meldung f\u00fcr die Nachrichtenagentur <a href=\"http:\/\/www.n-tv.de\/politik\/Ex-Neonazi-plaudert-ueber-NSU-Innenleben-article15948866.html\" target=\"_blank\">dpa<\/a>.<\/p>\n<p>Interessant waren die Schilderungen, die T. \u00fcber den sp\u00e4teren NSU abgab: Beate Zsch\u00e4pe war demnach zur\u00fcckhaltend und selten an ideologischen Diskussionen beteiligt, Uwe Mundlos vergleichsweise klug und Uwe B\u00f6hnhardt oft aggressiv. &#8222;Es sind regelm\u00e4\u00dfig die Mitl\u00e4ufer, die im Prozess unbefangen \u00fcber die Zeit sprechen, als sich die Jugendlichen die Haare abrasierten und gr\u00fcne Bomberjacken zulegten&#8220;, beobachten wir auf <a href=\"https:\/\/blog.zeit.de\/nsu-prozess-blog\/2015\/09\/16\/der-souverane-mundlos-der-explosive-bohnhardt\/\" target=\"_blank\">ZEIT ONLINE<\/a>. Aufschlussreich war insbesondere das Bild des Verh\u00e4ltnisses zwischen Mundlos und B\u00f6hnhardt, die sp\u00e4ter gemeinsam zehn Morde begangen haben sollen \u2013 denn &#8222;mit den beiden hatten sich zwei gefunden, die schlie\u00dflich ganz und gar der nationalen Sache verschrieben waren&#8220;. So gr\u00fcndete sich zun\u00e4chst die Kameradschaft Jena, der auch T. angeh\u00f6rte, und von der sich Zsch\u00e4pe, Mundlos und B\u00f6hnhardt bald darauf wieder entfernten.<\/p>\n<p>Das Wesen der jungen Neonazis zu ergr\u00fcnden, sei wichtig f\u00fcr den Prozess, schreibt Oliver Bendixen vom <a href=\"http:\/\/www.br.de\/nachrichten\/nsu-prozess\/150916-tagebuch-gerichtsreporter-100.html\" target=\"_blank\">Bayerischen Rundfunk<\/a>. Denn entscheidend sei auch, &#8222;in welchem Umfang Beate Zsch\u00e4pe die Gewaltaktionen der Gruppe gekannt oder unter Umst\u00e4nden auch mitgesteuert hat&#8220;. Als es damit ernst wurde, hatte T. die rechtsradikalen Strukturen jedoch bereits wieder verlassen, weil sie ihm zu steif und reglementiert erschienen. &#8222;Der l\u00e4ssige Umgang mit den ersten vier Vorladungen zum Prozess l\u00e4sst darauf schlie\u00dfen, dass der Zeuge hier die Wahrheit \u2013 und nichts als die Wahrheit \u2013 gesagt hat&#8220;, kommentiert Bendixen.<\/p>\n<p>Wie sich T.s eigene Gesinnung von damals bis heute ge\u00e4ndert hat, ist schwer nachzuvollziehen \u2013 &#8222;alles, was er an der Demokratie ablehnt, hat er nun so handlich verpackt, dass es im Alltagsleben nicht mehr st\u00f6rt&#8220;, merkt Annette Ramelsberger von der <a href=\"http:\/\/www.sueddeutsche.de\/politik\/zeuge-im-nsu-prozess-wie-die-sa-der-neuzeit-1.2650995\" target=\"_blank\"><em>S\u00fcddeutschen Zeitung<\/em><\/a> an. Schlie\u00dflich habe er die Neonazi-Kameradschaft im Nachhinein als &#8222;harmlose, freundliche Freundschaftsrunde&#8220; verkl\u00e4rt. \u00dcber Waffen und Gewalt sei dabei nie gesprochen worden. Die angebliche Unwissenheit in manchen Punkten habe Richter Manfred G\u00f6tzl ungeduldig werden lassen.<\/p>\n<p>T. wird am 7. Oktober erneut im Gericht erscheinen. Den zweiten Teil des 228. Verhandlungstages bestimmte ein Beweisantrag, den ein Gro\u00dfteil der Nebenklageanw\u00e4lte stellte. Die Anw\u00e4lte wollen einen Aktenordner einsehen, den das Gericht im Juli aus den H\u00e4nden <a href=\"https:\/\/blog.zeit.de\/nsu-prozess-blog\/2015\/08\/21\/medienlog-piatto-aktenordner-verfassungsschutz-geheimnis\/\">eines Verfassungssch\u00fctzers beschlagnahmt hatte<\/a>. Das Brandenburger Innenministerium hatte den Inhalt des Ordners daraufhin zur Geheimsache erkl\u00e4rt. In dem Antrag fordern die Juristen das Gericht auf, sich gegen die Sperrerkl\u00e4rung einzusetzen. &#8222;Zu fragen w\u00e4re auch einmal, ob es f\u00fcr die Bundesrepublik tats\u00e4chlich von Vorteil ist, wenn (\u2026) Akten verschlossen bleiben, die \u2013 m\u00f6glicherweise \u2013 Aufschluss dar\u00fcber geben k\u00f6nnten, warum der Staat nicht fr\u00fcher den M\u00f6rdern auf die Spur kam&#8220;, kommentiert Gisela Friedrichsen auf <a href=\"http:\/\/www.spiegel.de\/panorama\/justiz\/nsu-prozess-saenger-von-neonazi-band-sagt-aus-a-1053256.html\" target=\"_blank\"><em>Spiegel Online<\/em><\/a>. Mitgebracht hatte das Dokument der V-Mann-F\u00fchrer <a href=\"https:\/\/blog.zeit.de\/nsu-prozess-blog\/2014\/12\/03\/ein-spion-mit-schlechtem-gewissen\/\">des Informanten Carsten Sz. alias Piatto<\/a>.<\/p>\n<p><em>Das n\u00e4chste Medienlog erscheint am Freitag, 18. September 2015.<\/em><\/p>\n","protected":false},"excerpt":{"rendered":"<p>Nach vier geplatzten Ladungen trat am Mittwoch erstmals der fr\u00fchere Neonazi Tom T. in den Zeugenstand \u2013 und brachte reichlich Erkenntnisse \u00fcber die Anfangszeit des NSU im Jena der neunziger Jahre mit. Allerdings erinnerte er sich dabei an weit weniger als bei einer Vernehmung des Bundeskriminalamts vor zwei Jahren. Der 38-J\u00e4hrige &#8222;skizziert ein, wenn auch [&hellip;]<\/p>\n","protected":false},"author":435,"featured_media":0,"comment_status":"open","ping_status":"open","sticky":false,"template":"","format":"standard","meta":{"_jetpack_memberships_contains_paid_content":false,"footnotes":""},"categories":[27531],"tags":[17793,1626,33599,29510,35373,1449,22860,22859],"class_list":["post-9906","post","type-post","status-publish","format-standard","hentry","category-medienschau","tag-beate-zschape","tag-jena","tag-kameradschaft-jena","tag-szene","tag-tom-t","tag-unterstutzer","tag-uwe-bohnhardt","tag-uwe-mundlos"],"yoast_head":"<!-- This site is optimized with the Yoast SEO plugin v21.0 - https:\/\/yoast.com\/wordpress\/plugins\/seo\/ -->\n<title>Ist die Beweiskette nun geschlossen? \u2013 Das Medienlog vom Donnerstag, 17. September 2015 - Das NSU-Prozess-Blog<\/title>\n<meta name=\"robots\" content=\"index, follow, max-snippet:-1, max-image-preview:large, max-video-preview:-1\" \/>\n<link rel=\"canonical\" href=\"https:\/\/blog.zeit.de\/nsu-prozess-blog\/2015\/09\/17\/medienlog-tom-t-aussage-jena-ceska\/\" \/>\n<meta property=\"og:locale\" content=\"de_DE\" \/>\n<meta property=\"og:type\" content=\"article\" \/>\n<meta property=\"og:title\" content=\"Ist die Beweiskette nun geschlossen? \u2013 Das Medienlog vom Donnerstag, 17. September 2015 - Das NSU-Prozess-Blog\" \/>\n<meta property=\"og:description\" content=\"Nach vier geplatzten Ladungen trat am Mittwoch erstmals der fr\u00fchere Neonazi Tom T. in den Zeugenstand \u2013 und brachte reichlich Erkenntnisse \u00fcber die Anfangszeit des NSU im Jena der neunziger Jahre mit. Allerdings erinnerte er sich dabei an weit weniger als bei einer Vernehmung des Bundeskriminalamts vor zwei Jahren. Der 38-J\u00e4hrige &#8222;skizziert ein, wenn auch [&hellip;]\" \/>\n<meta property=\"og:url\" content=\"https:\/\/blog.zeit.de\/nsu-prozess-blog\/2015\/09\/17\/medienlog-tom-t-aussage-jena-ceska\/\" \/>\n<meta property=\"og:site_name\" content=\"Das NSU-Prozess-Blog\" \/>\n<meta property=\"article:published_time\" content=\"2015-09-17T06:41:24+00:00\" \/>\n<meta property=\"article:modified_time\" content=\"2015-09-17T08:25:26+00:00\" \/>\n<meta name=\"author\" content=\"Tom Sundermann\" \/>\n<meta name=\"twitter:label1\" content=\"Geschrieben von\" \/>\n\t<meta name=\"twitter:data1\" content=\"Tom Sundermann\" \/>\n\t<meta name=\"twitter:label2\" content=\"Gesch\u00e4tzte Lesezeit\" \/>\n\t<meta name=\"twitter:data2\" content=\"3\u00a0Minuten\" \/>\n<script type=\"application\/ld+json\" class=\"yoast-schema-graph\">{\"@context\":\"https:\/\/schema.org\",\"@graph\":[{\"@type\":\"WebPage\",\"@id\":\"https:\/\/blog.zeit.de\/nsu-prozess-blog\/2015\/09\/17\/medienlog-tom-t-aussage-jena-ceska\/\",\"url\":\"https:\/\/blog.zeit.de\/nsu-prozess-blog\/2015\/09\/17\/medienlog-tom-t-aussage-jena-ceska\/\",\"name\":\"Ist die Beweiskette nun geschlossen? \u2013 Das Medienlog vom Donnerstag, 17. September 2015 - Das NSU-Prozess-Blog\",\"isPartOf\":{\"@id\":\"https:\/\/blog.zeit.de\/nsu-prozess-blog\/#website\"},\"datePublished\":\"2015-09-17T06:41:24+00:00\",\"dateModified\":\"2015-09-17T08:25:26+00:00\",\"author\":{\"@id\":\"https:\/\/blog.zeit.de\/nsu-prozess-blog\/#\/schema\/person\/553ea9bb5d1fc2ae054c589bd59380a5\"},\"breadcrumb\":{\"@id\":\"https:\/\/blog.zeit.de\/nsu-prozess-blog\/2015\/09\/17\/medienlog-tom-t-aussage-jena-ceska\/#breadcrumb\"},\"inLanguage\":\"de\",\"potentialAction\":[{\"@type\":\"ReadAction\",\"target\":[\"https:\/\/blog.zeit.de\/nsu-prozess-blog\/2015\/09\/17\/medienlog-tom-t-aussage-jena-ceska\/\"]}]},{\"@type\":\"BreadcrumbList\",\"@id\":\"https:\/\/blog.zeit.de\/nsu-prozess-blog\/2015\/09\/17\/medienlog-tom-t-aussage-jena-ceska\/#breadcrumb\",\"itemListElement\":[{\"@type\":\"ListItem\",\"position\":1,\"name\":\"Startseite\",\"item\":\"https:\/\/blog.zeit.de\/nsu-prozess-blog\/\"},{\"@type\":\"ListItem\",\"position\":2,\"name\":\"Ist die Beweiskette nun geschlossen? \u2013 Das Medienlog vom Donnerstag, 17. September 2015\"}]},{\"@type\":\"WebSite\",\"@id\":\"https:\/\/blog.zeit.de\/nsu-prozess-blog\/#website\",\"url\":\"https:\/\/blog.zeit.de\/nsu-prozess-blog\/\",\"name\":\"Das NSU-Prozess-Blog\",\"description\":\"Alle Berichte zum Terrorverfahren in M\u00fcnchen\",\"potentialAction\":[{\"@type\":\"SearchAction\",\"target\":{\"@type\":\"EntryPoint\",\"urlTemplate\":\"https:\/\/blog.zeit.de\/nsu-prozess-blog\/?s={search_term_string}\"},\"query-input\":\"required name=search_term_string\"}],\"inLanguage\":\"de\"},{\"@type\":\"Person\",\"@id\":\"https:\/\/blog.zeit.de\/nsu-prozess-blog\/#\/schema\/person\/553ea9bb5d1fc2ae054c589bd59380a5\",\"name\":\"Tom Sundermann\",\"image\":{\"@type\":\"ImageObject\",\"inLanguage\":\"de\",\"@id\":\"https:\/\/blog.zeit.de\/nsu-prozess-blog\/#\/schema\/person\/image\/\",\"url\":\"https:\/\/secure.gravatar.com\/avatar\/e108a3dc18766f719b2f797dc5d19093f06a1870c55b553ab6b7563f1f9a5e68?s=96&d=mm&r=g\",\"contentUrl\":\"https:\/\/secure.gravatar.com\/avatar\/e108a3dc18766f719b2f797dc5d19093f06a1870c55b553ab6b7563f1f9a5e68?s=96&d=mm&r=g\",\"caption\":\"Tom Sundermann\"},\"sameAs\":[\"https:\/\/twitter.com\/messeticker\"],\"url\":\"https:\/\/blog.zeit.de\/nsu-prozess-blog\/author\/tsundermann\/\"}]}<\/script>\n<!-- \/ Yoast SEO plugin. -->","yoast_head_json":{"title":"Ist die Beweiskette nun geschlossen? \u2013 Das Medienlog vom Donnerstag, 17. September 2015 - Das NSU-Prozess-Blog","robots":{"index":"index","follow":"follow","max-snippet":"max-snippet:-1","max-image-preview":"max-image-preview:large","max-video-preview":"max-video-preview:-1"},"canonical":"https:\/\/blog.zeit.de\/nsu-prozess-blog\/2015\/09\/17\/medienlog-tom-t-aussage-jena-ceska\/","og_locale":"de_DE","og_type":"article","og_title":"Ist die Beweiskette nun geschlossen? \u2013 Das Medienlog vom Donnerstag, 17. September 2015 - Das NSU-Prozess-Blog","og_description":"Nach vier geplatzten Ladungen trat am Mittwoch erstmals der fr\u00fchere Neonazi Tom T. in den Zeugenstand \u2013 und brachte reichlich Erkenntnisse \u00fcber die Anfangszeit des NSU im Jena der neunziger Jahre mit. Allerdings erinnerte er sich dabei an weit weniger als bei einer Vernehmung des Bundeskriminalamts vor zwei Jahren. Der 38-J\u00e4hrige &#8222;skizziert ein, wenn auch [&hellip;]","og_url":"https:\/\/blog.zeit.de\/nsu-prozess-blog\/2015\/09\/17\/medienlog-tom-t-aussage-jena-ceska\/","og_site_name":"Das NSU-Prozess-Blog","article_published_time":"2015-09-17T06:41:24+00:00","article_modified_time":"2015-09-17T08:25:26+00:00","author":"Tom Sundermann","twitter_misc":{"Geschrieben von":"Tom Sundermann","Gesch\u00e4tzte Lesezeit":"3\u00a0Minuten"},"schema":{"@context":"https:\/\/schema.org","@graph":[{"@type":"WebPage","@id":"https:\/\/blog.zeit.de\/nsu-prozess-blog\/2015\/09\/17\/medienlog-tom-t-aussage-jena-ceska\/","url":"https:\/\/blog.zeit.de\/nsu-prozess-blog\/2015\/09\/17\/medienlog-tom-t-aussage-jena-ceska\/","name":"Ist die Beweiskette nun geschlossen? \u2013 Das Medienlog vom Donnerstag, 17. September 2015 - Das NSU-Prozess-Blog","isPartOf":{"@id":"https:\/\/blog.zeit.de\/nsu-prozess-blog\/#website"},"datePublished":"2015-09-17T06:41:24+00:00","dateModified":"2015-09-17T08:25:26+00:00","author":{"@id":"https:\/\/blog.zeit.de\/nsu-prozess-blog\/#\/schema\/person\/553ea9bb5d1fc2ae054c589bd59380a5"},"breadcrumb":{"@id":"https:\/\/blog.zeit.de\/nsu-prozess-blog\/2015\/09\/17\/medienlog-tom-t-aussage-jena-ceska\/#breadcrumb"},"inLanguage":"de","potentialAction":[{"@type":"ReadAction","target":["https:\/\/blog.zeit.de\/nsu-prozess-blog\/2015\/09\/17\/medienlog-tom-t-aussage-jena-ceska\/"]}]},{"@type":"BreadcrumbList","@id":"https:\/\/blog.zeit.de\/nsu-prozess-blog\/2015\/09\/17\/medienlog-tom-t-aussage-jena-ceska\/#breadcrumb","itemListElement":[{"@type":"ListItem","position":1,"name":"Startseite","item":"https:\/\/blog.zeit.de\/nsu-prozess-blog\/"},{"@type":"ListItem","position":2,"name":"Ist die Beweiskette nun geschlossen? \u2013 Das Medienlog vom Donnerstag, 17. September 2015"}]},{"@type":"WebSite","@id":"https:\/\/blog.zeit.de\/nsu-prozess-blog\/#website","url":"https:\/\/blog.zeit.de\/nsu-prozess-blog\/","name":"Das NSU-Prozess-Blog","description":"Alle Berichte zum Terrorverfahren in M\u00fcnchen","potentialAction":[{"@type":"SearchAction","target":{"@type":"EntryPoint","urlTemplate":"https:\/\/blog.zeit.de\/nsu-prozess-blog\/?s={search_term_string}"},"query-input":"required name=search_term_string"}],"inLanguage":"de"},{"@type":"Person","@id":"https:\/\/blog.zeit.de\/nsu-prozess-blog\/#\/schema\/person\/553ea9bb5d1fc2ae054c589bd59380a5","name":"Tom Sundermann","image":{"@type":"ImageObject","inLanguage":"de","@id":"https:\/\/blog.zeit.de\/nsu-prozess-blog\/#\/schema\/person\/image\/","url":"https:\/\/secure.gravatar.com\/avatar\/e108a3dc18766f719b2f797dc5d19093f06a1870c55b553ab6b7563f1f9a5e68?s=96&d=mm&r=g","contentUrl":"https:\/\/secure.gravatar.com\/avatar\/e108a3dc18766f719b2f797dc5d19093f06a1870c55b553ab6b7563f1f9a5e68?s=96&d=mm&r=g","caption":"Tom Sundermann"},"sameAs":["https:\/\/twitter.com\/messeticker"],"url":"https:\/\/blog.zeit.de\/nsu-prozess-blog\/author\/tsundermann\/"}]}},"jetpack_featured_media_url":"","jetpack_sharing_enabled":true,"_links":{"self":[{"href":"https:\/\/blog.zeit.de\/nsu-prozess-blog\/wp-json\/wp\/v2\/posts\/9906","targetHints":{"allow":["GET"]}}],"collection":[{"href":"https:\/\/blog.zeit.de\/nsu-prozess-blog\/wp-json\/wp\/v2\/posts"}],"about":[{"href":"https:\/\/blog.zeit.de\/nsu-prozess-blog\/wp-json\/wp\/v2\/types\/post"}],"author":[{"embeddable":true,"href":"https:\/\/blog.zeit.de\/nsu-prozess-blog\/wp-json\/wp\/v2\/users\/435"}],"replies":[{"embeddable":true,"href":"https:\/\/blog.zeit.de\/nsu-prozess-blog\/wp-json\/wp\/v2\/comments?post=9906"}],"version-history":[{"count":5,"href":"https:\/\/blog.zeit.de\/nsu-prozess-blog\/wp-json\/wp\/v2\/posts\/9906\/revisions"}],"predecessor-version":[{"id":9913,"href":"https:\/\/blog.zeit.de\/nsu-prozess-blog\/wp-json\/wp\/v2\/posts\/9906\/revisions\/9913"}],"wp:attachment":[{"href":"https:\/\/blog.zeit.de\/nsu-prozess-blog\/wp-json\/wp\/v2\/media?parent=9906"}],"wp:term":[{"taxonomy":"category","embeddable":true,"href":"https:\/\/blog.zeit.de\/nsu-prozess-blog\/wp-json\/wp\/v2\/categories?post=9906"},{"taxonomy":"post_tag","embeddable":true,"href":"https:\/\/blog.zeit.de\/nsu-prozess-blog\/wp-json\/wp\/v2\/tags?post=9906"}],"curies":[{"name":"wp","href":"https:\/\/api.w.org\/{rel}","templated":true}]}}