{"id":9918,"date":"2015-09-23T07:00:42","date_gmt":"2015-09-23T05:00:42","guid":{"rendered":"http:\/\/blog.zeit.de\/nsu-prozess-blog\/?p=9918"},"modified":"2015-09-23T21:44:53","modified_gmt":"2015-09-23T19:44:53","slug":"230-prozesstag-die-spuren-die-der-nsu-hinterlies","status":"publish","type":"post","link":"https:\/\/blog.zeit.de\/nsu-prozess-blog\/2015\/09\/23\/230-prozesstag-die-spuren-die-der-nsu-hinterlies\/","title":{"rendered":"230. Prozesstag \u2013 Die Spuren, die der NSU hinterlie\u00df"},"content":{"rendered":"<p>Die Ermittler hatten viel zu untersuchen, nachdem das letzte Versteck des NSU-Trios, das Haus in der Fr\u00fchlingsstra\u00dfe 26 in Zwickau, <a href=\"http:\/\/www.zeit.de\/gesellschaft\/zeitgeschehen\/2013-06\/nsu-prozess-wohnung-brand\">niedergebrannt war<\/a>. Die Hauptangeklagte Beate Zsch\u00e4pe soll das Feuer am 4. November 2011 gelegt haben. In der Ruine lagen Computer, Festplatten, Ausweise und <a href=\"https:\/\/blog.zeit.de\/nsu-prozess-blog\/2014\/01\/28\/die-macht-in-der-hand-des-nsu\/\">reichlich Waffen und Munition<\/a>.<\/p>\n<p>Nicht nur die Beweisst\u00fccke an sich verraten viel \u00fcber den NSU und seine Verbindung zu einer Serie aus zehn Morden, um die es im M\u00fcnchner Prozess geht. Auch SNA-Spuren waren f\u00fcr die Beamten des Bundeskriminalamts von gro\u00dfem Interesse. Dazu sagt heute der Forensiker Carsten Proff aus. Er analysierte etliche Gegenst\u00e4nde aus Zwickau f\u00fcr die Ermittlungen. An diesem Termin soll der Kriminaltechniker insbesondere ein Gutachten vorstellen, das er im August dieses Jahres gefertigt hatte.<\/p>\n<p><em>ZEIT ONLINE berichtet aus M\u00fcnchen und fasst den Prozesstag am Abend auf diesem Blog zusammen. Informationen aus der Verhandlung gibt es <a href=\"https:\/\/twitter.com\/zeitonline\/lists\/nsu-prozess\">via Twitter hier<\/a>. Weitere Berichte stellen wir morgen im <a href=\"https:\/\/blog.zeit.de\/nsu-prozess-blog\/category\/medienschau\/\">NSU-Medienlog<\/a> zusammen.<\/em><\/p>\n","protected":false},"excerpt":{"rendered":"<p>Die Ermittler hatten viel zu untersuchen, nachdem das letzte Versteck des NSU-Trios, das Haus in der Fr\u00fchlingsstra\u00dfe 26 in Zwickau, niedergebrannt war. Die Hauptangeklagte Beate Zsch\u00e4pe soll das Feuer am 4. November 2011 gelegt haben. In der Ruine lagen Computer, Festplatten, Ausweise und reichlich Waffen und Munition. Nicht nur die Beweisst\u00fccke an sich verraten viel [&hellip;]<\/p>\n","protected":false},"author":435,"featured_media":0,"comment_status":"open","ping_status":"open","sticky":false,"template":"","format":"standard","meta":{"_jetpack_memberships_contains_paid_content":false,"footnotes":""},"categories":[27532],"tags":[35379,27562,17963,29512,1105,27560],"class_list":["post-9918","post","type-post","status-publish","format-standard","hentry","category-prozesstage","tag-asservate","tag-bka","tag-dna","tag-fruehlingsstrasse","tag-gutachten","tag-zwickau"],"yoast_head":"<!-- This site is optimized with the Yoast SEO plugin v21.0 - https:\/\/yoast.com\/wordpress\/plugins\/seo\/ -->\n<title>230. Prozesstag \u2013 Die Spuren, die der NSU hinterlie\u00df - Das NSU-Prozess-Blog<\/title>\n<meta name=\"robots\" content=\"index, follow, max-snippet:-1, max-image-preview:large, max-video-preview:-1\" \/>\n<link rel=\"canonical\" href=\"https:\/\/blog.zeit.de\/nsu-prozess-blog\/2015\/09\/23\/230-prozesstag-die-spuren-die-der-nsu-hinterlies\/\" \/>\n<meta property=\"og:locale\" content=\"de_DE\" \/>\n<meta property=\"og:type\" content=\"article\" \/>\n<meta property=\"og:title\" content=\"230. Prozesstag \u2013 Die Spuren, die der NSU hinterlie\u00df - Das NSU-Prozess-Blog\" \/>\n<meta property=\"og:description\" content=\"Die Ermittler hatten viel zu untersuchen, nachdem das letzte Versteck des NSU-Trios, das Haus in der Fr\u00fchlingsstra\u00dfe 26 in Zwickau, niedergebrannt war. Die Hauptangeklagte Beate Zsch\u00e4pe soll das Feuer am 4. November 2011 gelegt haben. In der Ruine lagen Computer, Festplatten, Ausweise und reichlich Waffen und Munition. Nicht nur die Beweisst\u00fccke an sich verraten viel [&hellip;]\" \/>\n<meta property=\"og:url\" content=\"https:\/\/blog.zeit.de\/nsu-prozess-blog\/2015\/09\/23\/230-prozesstag-die-spuren-die-der-nsu-hinterlies\/\" \/>\n<meta property=\"og:site_name\" content=\"Das NSU-Prozess-Blog\" \/>\n<meta property=\"article:published_time\" content=\"2015-09-23T05:00:42+00:00\" \/>\n<meta property=\"article:modified_time\" content=\"2015-09-23T19:44:53+00:00\" \/>\n<meta name=\"author\" content=\"Tom Sundermann\" \/>\n<meta name=\"twitter:label1\" content=\"Geschrieben von\" \/>\n\t<meta name=\"twitter:data1\" content=\"Tom Sundermann\" \/>\n\t<meta name=\"twitter:label2\" content=\"Gesch\u00e4tzte Lesezeit\" \/>\n\t<meta name=\"twitter:data2\" content=\"1\u00a0Minute\" \/>\n<script type=\"application\/ld+json\" class=\"yoast-schema-graph\">{\"@context\":\"https:\/\/schema.org\",\"@graph\":[{\"@type\":\"WebPage\",\"@id\":\"https:\/\/blog.zeit.de\/nsu-prozess-blog\/2015\/09\/23\/230-prozesstag-die-spuren-die-der-nsu-hinterlies\/\",\"url\":\"https:\/\/blog.zeit.de\/nsu-prozess-blog\/2015\/09\/23\/230-prozesstag-die-spuren-die-der-nsu-hinterlies\/\",\"name\":\"230. Prozesstag \u2013 Die Spuren, die der NSU hinterlie\u00df - Das NSU-Prozess-Blog\",\"isPartOf\":{\"@id\":\"https:\/\/blog.zeit.de\/nsu-prozess-blog\/#website\"},\"datePublished\":\"2015-09-23T05:00:42+00:00\",\"dateModified\":\"2015-09-23T19:44:53+00:00\",\"author\":{\"@id\":\"https:\/\/blog.zeit.de\/nsu-prozess-blog\/#\/schema\/person\/553ea9bb5d1fc2ae054c589bd59380a5\"},\"breadcrumb\":{\"@id\":\"https:\/\/blog.zeit.de\/nsu-prozess-blog\/2015\/09\/23\/230-prozesstag-die-spuren-die-der-nsu-hinterlies\/#breadcrumb\"},\"inLanguage\":\"de\",\"potentialAction\":[{\"@type\":\"ReadAction\",\"target\":[\"https:\/\/blog.zeit.de\/nsu-prozess-blog\/2015\/09\/23\/230-prozesstag-die-spuren-die-der-nsu-hinterlies\/\"]}]},{\"@type\":\"BreadcrumbList\",\"@id\":\"https:\/\/blog.zeit.de\/nsu-prozess-blog\/2015\/09\/23\/230-prozesstag-die-spuren-die-der-nsu-hinterlies\/#breadcrumb\",\"itemListElement\":[{\"@type\":\"ListItem\",\"position\":1,\"name\":\"Startseite\",\"item\":\"https:\/\/blog.zeit.de\/nsu-prozess-blog\/\"},{\"@type\":\"ListItem\",\"position\":2,\"name\":\"230. Prozesstag \u2013 Die Spuren, die der NSU hinterlie\u00df\"}]},{\"@type\":\"WebSite\",\"@id\":\"https:\/\/blog.zeit.de\/nsu-prozess-blog\/#website\",\"url\":\"https:\/\/blog.zeit.de\/nsu-prozess-blog\/\",\"name\":\"Das NSU-Prozess-Blog\",\"description\":\"Alle Berichte zum Terrorverfahren in M\u00fcnchen\",\"potentialAction\":[{\"@type\":\"SearchAction\",\"target\":{\"@type\":\"EntryPoint\",\"urlTemplate\":\"https:\/\/blog.zeit.de\/nsu-prozess-blog\/?s={search_term_string}\"},\"query-input\":\"required name=search_term_string\"}],\"inLanguage\":\"de\"},{\"@type\":\"Person\",\"@id\":\"https:\/\/blog.zeit.de\/nsu-prozess-blog\/#\/schema\/person\/553ea9bb5d1fc2ae054c589bd59380a5\",\"name\":\"Tom Sundermann\",\"image\":{\"@type\":\"ImageObject\",\"inLanguage\":\"de\",\"@id\":\"https:\/\/blog.zeit.de\/nsu-prozess-blog\/#\/schema\/person\/image\/\",\"url\":\"https:\/\/secure.gravatar.com\/avatar\/e108a3dc18766f719b2f797dc5d19093f06a1870c55b553ab6b7563f1f9a5e68?s=96&d=mm&r=g\",\"contentUrl\":\"https:\/\/secure.gravatar.com\/avatar\/e108a3dc18766f719b2f797dc5d19093f06a1870c55b553ab6b7563f1f9a5e68?s=96&d=mm&r=g\",\"caption\":\"Tom Sundermann\"},\"sameAs\":[\"https:\/\/twitter.com\/messeticker\"],\"url\":\"https:\/\/blog.zeit.de\/nsu-prozess-blog\/author\/tsundermann\/\"}]}<\/script>\n<!-- \/ Yoast SEO plugin. -->","yoast_head_json":{"title":"230. Prozesstag \u2013 Die Spuren, die der NSU hinterlie\u00df - Das NSU-Prozess-Blog","robots":{"index":"index","follow":"follow","max-snippet":"max-snippet:-1","max-image-preview":"max-image-preview:large","max-video-preview":"max-video-preview:-1"},"canonical":"https:\/\/blog.zeit.de\/nsu-prozess-blog\/2015\/09\/23\/230-prozesstag-die-spuren-die-der-nsu-hinterlies\/","og_locale":"de_DE","og_type":"article","og_title":"230. Prozesstag \u2013 Die Spuren, die der NSU hinterlie\u00df - Das NSU-Prozess-Blog","og_description":"Die Ermittler hatten viel zu untersuchen, nachdem das letzte Versteck des NSU-Trios, das Haus in der Fr\u00fchlingsstra\u00dfe 26 in Zwickau, niedergebrannt war. Die Hauptangeklagte Beate Zsch\u00e4pe soll das Feuer am 4. November 2011 gelegt haben. In der Ruine lagen Computer, Festplatten, Ausweise und reichlich Waffen und Munition. Nicht nur die Beweisst\u00fccke an sich verraten viel [&hellip;]","og_url":"https:\/\/blog.zeit.de\/nsu-prozess-blog\/2015\/09\/23\/230-prozesstag-die-spuren-die-der-nsu-hinterlies\/","og_site_name":"Das NSU-Prozess-Blog","article_published_time":"2015-09-23T05:00:42+00:00","article_modified_time":"2015-09-23T19:44:53+00:00","author":"Tom Sundermann","twitter_misc":{"Geschrieben von":"Tom Sundermann","Gesch\u00e4tzte Lesezeit":"1\u00a0Minute"},"schema":{"@context":"https:\/\/schema.org","@graph":[{"@type":"WebPage","@id":"https:\/\/blog.zeit.de\/nsu-prozess-blog\/2015\/09\/23\/230-prozesstag-die-spuren-die-der-nsu-hinterlies\/","url":"https:\/\/blog.zeit.de\/nsu-prozess-blog\/2015\/09\/23\/230-prozesstag-die-spuren-die-der-nsu-hinterlies\/","name":"230. Prozesstag \u2013 Die Spuren, die der NSU hinterlie\u00df - Das NSU-Prozess-Blog","isPartOf":{"@id":"https:\/\/blog.zeit.de\/nsu-prozess-blog\/#website"},"datePublished":"2015-09-23T05:00:42+00:00","dateModified":"2015-09-23T19:44:53+00:00","author":{"@id":"https:\/\/blog.zeit.de\/nsu-prozess-blog\/#\/schema\/person\/553ea9bb5d1fc2ae054c589bd59380a5"},"breadcrumb":{"@id":"https:\/\/blog.zeit.de\/nsu-prozess-blog\/2015\/09\/23\/230-prozesstag-die-spuren-die-der-nsu-hinterlies\/#breadcrumb"},"inLanguage":"de","potentialAction":[{"@type":"ReadAction","target":["https:\/\/blog.zeit.de\/nsu-prozess-blog\/2015\/09\/23\/230-prozesstag-die-spuren-die-der-nsu-hinterlies\/"]}]},{"@type":"BreadcrumbList","@id":"https:\/\/blog.zeit.de\/nsu-prozess-blog\/2015\/09\/23\/230-prozesstag-die-spuren-die-der-nsu-hinterlies\/#breadcrumb","itemListElement":[{"@type":"ListItem","position":1,"name":"Startseite","item":"https:\/\/blog.zeit.de\/nsu-prozess-blog\/"},{"@type":"ListItem","position":2,"name":"230. Prozesstag \u2013 Die Spuren, die der NSU hinterlie\u00df"}]},{"@type":"WebSite","@id":"https:\/\/blog.zeit.de\/nsu-prozess-blog\/#website","url":"https:\/\/blog.zeit.de\/nsu-prozess-blog\/","name":"Das NSU-Prozess-Blog","description":"Alle Berichte zum Terrorverfahren in M\u00fcnchen","potentialAction":[{"@type":"SearchAction","target":{"@type":"EntryPoint","urlTemplate":"https:\/\/blog.zeit.de\/nsu-prozess-blog\/?s={search_term_string}"},"query-input":"required name=search_term_string"}],"inLanguage":"de"},{"@type":"Person","@id":"https:\/\/blog.zeit.de\/nsu-prozess-blog\/#\/schema\/person\/553ea9bb5d1fc2ae054c589bd59380a5","name":"Tom Sundermann","image":{"@type":"ImageObject","inLanguage":"de","@id":"https:\/\/blog.zeit.de\/nsu-prozess-blog\/#\/schema\/person\/image\/","url":"https:\/\/secure.gravatar.com\/avatar\/e108a3dc18766f719b2f797dc5d19093f06a1870c55b553ab6b7563f1f9a5e68?s=96&d=mm&r=g","contentUrl":"https:\/\/secure.gravatar.com\/avatar\/e108a3dc18766f719b2f797dc5d19093f06a1870c55b553ab6b7563f1f9a5e68?s=96&d=mm&r=g","caption":"Tom Sundermann"},"sameAs":["https:\/\/twitter.com\/messeticker"],"url":"https:\/\/blog.zeit.de\/nsu-prozess-blog\/author\/tsundermann\/"}]}},"jetpack_featured_media_url":"","jetpack_sharing_enabled":true,"_links":{"self":[{"href":"https:\/\/blog.zeit.de\/nsu-prozess-blog\/wp-json\/wp\/v2\/posts\/9918","targetHints":{"allow":["GET"]}}],"collection":[{"href":"https:\/\/blog.zeit.de\/nsu-prozess-blog\/wp-json\/wp\/v2\/posts"}],"about":[{"href":"https:\/\/blog.zeit.de\/nsu-prozess-blog\/wp-json\/wp\/v2\/types\/post"}],"author":[{"embeddable":true,"href":"https:\/\/blog.zeit.de\/nsu-prozess-blog\/wp-json\/wp\/v2\/users\/435"}],"replies":[{"embeddable":true,"href":"https:\/\/blog.zeit.de\/nsu-prozess-blog\/wp-json\/wp\/v2\/comments?post=9918"}],"version-history":[{"count":2,"href":"https:\/\/blog.zeit.de\/nsu-prozess-blog\/wp-json\/wp\/v2\/posts\/9918\/revisions"}],"predecessor-version":[{"id":9948,"href":"https:\/\/blog.zeit.de\/nsu-prozess-blog\/wp-json\/wp\/v2\/posts\/9918\/revisions\/9948"}],"wp:attachment":[{"href":"https:\/\/blog.zeit.de\/nsu-prozess-blog\/wp-json\/wp\/v2\/media?parent=9918"}],"wp:term":[{"taxonomy":"category","embeddable":true,"href":"https:\/\/blog.zeit.de\/nsu-prozess-blog\/wp-json\/wp\/v2\/categories?post=9918"},{"taxonomy":"post_tag","embeddable":true,"href":"https:\/\/blog.zeit.de\/nsu-prozess-blog\/wp-json\/wp\/v2\/tags?post=9918"}],"curies":[{"name":"wp","href":"https:\/\/api.w.org\/{rel}","templated":true}]}}