{"id":9929,"date":"2015-09-24T07:00:00","date_gmt":"2015-09-24T05:00:00","guid":{"rendered":"http:\/\/blog.zeit.de\/nsu-prozess-blog\/?p=9929"},"modified":"2015-09-23T21:49:13","modified_gmt":"2015-09-23T19:49:13","slug":"231-prozesstag-weitere-spuren-des-nsu","status":"publish","type":"post","link":"https:\/\/blog.zeit.de\/nsu-prozess-blog\/2015\/09\/24\/231-prozesstag-weitere-spuren-des-nsu\/","title":{"rendered":"231. Prozesstag \u2013 Weitere Spuren des NSU"},"content":{"rendered":"<p>Wie am Vortag sagt heute der Forensiker Carsten Proff aus. Er war zust\u00e4ndig f\u00fcr die DNA-Analyse von Beweismitteln aus dem letzten Versteck des NSU-Trios, dem Haus in <a href=\"http:\/\/www.zeit.de\/gesellschaft\/zeitgeschehen\/2013-06\/nsu-prozess-wohnung-brand\">der Fr\u00fchlingsstra\u00dfe 26 in Zwickau<\/a>. Am Vortag <a href=\"https:\/\/blog.zeit.de\/nsu-prozess-blog\/2015\/09\/23\/auf-der-spur-von-b-z-1975\/\">hatte Proff bereits<\/a> \u00fcber die Untersuchung von Gegenst\u00e4nden wie einer Jogginghose mit dem Blut der <a href=\"https:\/\/blog.zeit.de\/nsu-prozess-blog\/2014\/01\/16\/nie-wieder-ein-normales-leben\/\">ermordeten Polizistin Mich\u00e8le Kiesewetter<\/a>. Heute k\u00f6nnte er zu Spuren auf den Tatwaffen \u00e4u\u00dfern, mit denen die zehn Mordopfer erschossen wurden.<\/p>\n<p><em>Informationen aus der Verhandlung gibt es <a href=\"https:\/\/twitter.com\/zeitonline\/lists\/nsu-prozess\">via Twitter hier<\/a>. Die Berichte dar\u00fcber fassen wir morgen im <a href=\"https:\/\/blog.zeit.de\/nsu-prozess-blog\/category\/medienschau\/\">NSU-Medienlog<\/a> zusammen.<\/em><\/p>\n","protected":false},"excerpt":{"rendered":"<p>Wie am Vortag sagt heute der Forensiker Carsten Proff aus. Er war zust\u00e4ndig f\u00fcr die DNA-Analyse von Beweismitteln aus dem letzten Versteck des NSU-Trios, dem Haus in der Fr\u00fchlingsstra\u00dfe 26 in Zwickau. Am Vortag hatte Proff bereits \u00fcber die Untersuchung von Gegenst\u00e4nden wie einer Jogginghose mit dem Blut der ermordeten Polizistin Mich\u00e8le Kiesewetter. Heute k\u00f6nnte [&hellip;]<\/p>\n","protected":false},"author":435,"featured_media":0,"comment_status":"open","ping_status":"open","sticky":false,"template":"","format":"standard","meta":{"_jetpack_memberships_contains_paid_content":false,"footnotes":""},"categories":[27532],"tags":[35379,27562,29512,1105,27560],"class_list":["post-9929","post","type-post","status-publish","format-standard","hentry","category-prozesstage","tag-asservate","tag-bka","tag-fruehlingsstrasse","tag-gutachten","tag-zwickau"],"yoast_head":"<!-- This site is optimized with the Yoast SEO plugin v21.0 - https:\/\/yoast.com\/wordpress\/plugins\/seo\/ -->\n<title>231. Prozesstag \u2013 Weitere Spuren des NSU - Das NSU-Prozess-Blog<\/title>\n<meta name=\"robots\" content=\"index, follow, max-snippet:-1, max-image-preview:large, max-video-preview:-1\" \/>\n<link rel=\"canonical\" href=\"https:\/\/blog.zeit.de\/nsu-prozess-blog\/2015\/09\/24\/231-prozesstag-weitere-spuren-des-nsu\/\" \/>\n<meta property=\"og:locale\" content=\"de_DE\" \/>\n<meta property=\"og:type\" content=\"article\" \/>\n<meta property=\"og:title\" content=\"231. Prozesstag \u2013 Weitere Spuren des NSU - Das NSU-Prozess-Blog\" \/>\n<meta property=\"og:description\" content=\"Wie am Vortag sagt heute der Forensiker Carsten Proff aus. Er war zust\u00e4ndig f\u00fcr die DNA-Analyse von Beweismitteln aus dem letzten Versteck des NSU-Trios, dem Haus in der Fr\u00fchlingsstra\u00dfe 26 in Zwickau. Am Vortag hatte Proff bereits \u00fcber die Untersuchung von Gegenst\u00e4nden wie einer Jogginghose mit dem Blut der ermordeten Polizistin Mich\u00e8le Kiesewetter. Heute k\u00f6nnte [&hellip;]\" \/>\n<meta property=\"og:url\" content=\"https:\/\/blog.zeit.de\/nsu-prozess-blog\/2015\/09\/24\/231-prozesstag-weitere-spuren-des-nsu\/\" \/>\n<meta property=\"og:site_name\" content=\"Das NSU-Prozess-Blog\" \/>\n<meta property=\"article:published_time\" content=\"2015-09-24T05:00:00+00:00\" \/>\n<meta property=\"article:modified_time\" content=\"2015-09-23T19:49:13+00:00\" \/>\n<meta name=\"author\" content=\"Tom Sundermann\" \/>\n<meta name=\"twitter:label1\" content=\"Geschrieben von\" \/>\n\t<meta name=\"twitter:data1\" content=\"Tom Sundermann\" \/>\n<script type=\"application\/ld+json\" class=\"yoast-schema-graph\">{\"@context\":\"https:\/\/schema.org\",\"@graph\":[{\"@type\":\"WebPage\",\"@id\":\"https:\/\/blog.zeit.de\/nsu-prozess-blog\/2015\/09\/24\/231-prozesstag-weitere-spuren-des-nsu\/\",\"url\":\"https:\/\/blog.zeit.de\/nsu-prozess-blog\/2015\/09\/24\/231-prozesstag-weitere-spuren-des-nsu\/\",\"name\":\"231. Prozesstag \u2013 Weitere Spuren des NSU - Das NSU-Prozess-Blog\",\"isPartOf\":{\"@id\":\"https:\/\/blog.zeit.de\/nsu-prozess-blog\/#website\"},\"datePublished\":\"2015-09-24T05:00:00+00:00\",\"dateModified\":\"2015-09-23T19:49:13+00:00\",\"author\":{\"@id\":\"https:\/\/blog.zeit.de\/nsu-prozess-blog\/#\/schema\/person\/553ea9bb5d1fc2ae054c589bd59380a5\"},\"breadcrumb\":{\"@id\":\"https:\/\/blog.zeit.de\/nsu-prozess-blog\/2015\/09\/24\/231-prozesstag-weitere-spuren-des-nsu\/#breadcrumb\"},\"inLanguage\":\"de\",\"potentialAction\":[{\"@type\":\"ReadAction\",\"target\":[\"https:\/\/blog.zeit.de\/nsu-prozess-blog\/2015\/09\/24\/231-prozesstag-weitere-spuren-des-nsu\/\"]}]},{\"@type\":\"BreadcrumbList\",\"@id\":\"https:\/\/blog.zeit.de\/nsu-prozess-blog\/2015\/09\/24\/231-prozesstag-weitere-spuren-des-nsu\/#breadcrumb\",\"itemListElement\":[{\"@type\":\"ListItem\",\"position\":1,\"name\":\"Startseite\",\"item\":\"https:\/\/blog.zeit.de\/nsu-prozess-blog\/\"},{\"@type\":\"ListItem\",\"position\":2,\"name\":\"231. Prozesstag \u2013 Weitere Spuren des NSU\"}]},{\"@type\":\"WebSite\",\"@id\":\"https:\/\/blog.zeit.de\/nsu-prozess-blog\/#website\",\"url\":\"https:\/\/blog.zeit.de\/nsu-prozess-blog\/\",\"name\":\"Das NSU-Prozess-Blog\",\"description\":\"Alle Berichte zum Terrorverfahren in M\u00fcnchen\",\"potentialAction\":[{\"@type\":\"SearchAction\",\"target\":{\"@type\":\"EntryPoint\",\"urlTemplate\":\"https:\/\/blog.zeit.de\/nsu-prozess-blog\/?s={search_term_string}\"},\"query-input\":\"required name=search_term_string\"}],\"inLanguage\":\"de\"},{\"@type\":\"Person\",\"@id\":\"https:\/\/blog.zeit.de\/nsu-prozess-blog\/#\/schema\/person\/553ea9bb5d1fc2ae054c589bd59380a5\",\"name\":\"Tom Sundermann\",\"image\":{\"@type\":\"ImageObject\",\"inLanguage\":\"de\",\"@id\":\"https:\/\/blog.zeit.de\/nsu-prozess-blog\/#\/schema\/person\/image\/\",\"url\":\"https:\/\/secure.gravatar.com\/avatar\/e108a3dc18766f719b2f797dc5d19093f06a1870c55b553ab6b7563f1f9a5e68?s=96&d=mm&r=g\",\"contentUrl\":\"https:\/\/secure.gravatar.com\/avatar\/e108a3dc18766f719b2f797dc5d19093f06a1870c55b553ab6b7563f1f9a5e68?s=96&d=mm&r=g\",\"caption\":\"Tom Sundermann\"},\"sameAs\":[\"https:\/\/twitter.com\/messeticker\"],\"url\":\"https:\/\/blog.zeit.de\/nsu-prozess-blog\/author\/tsundermann\/\"}]}<\/script>\n<!-- \/ Yoast SEO plugin. -->","yoast_head_json":{"title":"231. Prozesstag \u2013 Weitere Spuren des NSU - Das NSU-Prozess-Blog","robots":{"index":"index","follow":"follow","max-snippet":"max-snippet:-1","max-image-preview":"max-image-preview:large","max-video-preview":"max-video-preview:-1"},"canonical":"https:\/\/blog.zeit.de\/nsu-prozess-blog\/2015\/09\/24\/231-prozesstag-weitere-spuren-des-nsu\/","og_locale":"de_DE","og_type":"article","og_title":"231. Prozesstag \u2013 Weitere Spuren des NSU - Das NSU-Prozess-Blog","og_description":"Wie am Vortag sagt heute der Forensiker Carsten Proff aus. Er war zust\u00e4ndig f\u00fcr die DNA-Analyse von Beweismitteln aus dem letzten Versteck des NSU-Trios, dem Haus in der Fr\u00fchlingsstra\u00dfe 26 in Zwickau. Am Vortag hatte Proff bereits \u00fcber die Untersuchung von Gegenst\u00e4nden wie einer Jogginghose mit dem Blut der ermordeten Polizistin Mich\u00e8le Kiesewetter. Heute k\u00f6nnte [&hellip;]","og_url":"https:\/\/blog.zeit.de\/nsu-prozess-blog\/2015\/09\/24\/231-prozesstag-weitere-spuren-des-nsu\/","og_site_name":"Das NSU-Prozess-Blog","article_published_time":"2015-09-24T05:00:00+00:00","article_modified_time":"2015-09-23T19:49:13+00:00","author":"Tom Sundermann","twitter_misc":{"Geschrieben von":"Tom Sundermann"},"schema":{"@context":"https:\/\/schema.org","@graph":[{"@type":"WebPage","@id":"https:\/\/blog.zeit.de\/nsu-prozess-blog\/2015\/09\/24\/231-prozesstag-weitere-spuren-des-nsu\/","url":"https:\/\/blog.zeit.de\/nsu-prozess-blog\/2015\/09\/24\/231-prozesstag-weitere-spuren-des-nsu\/","name":"231. Prozesstag \u2013 Weitere Spuren des NSU - Das NSU-Prozess-Blog","isPartOf":{"@id":"https:\/\/blog.zeit.de\/nsu-prozess-blog\/#website"},"datePublished":"2015-09-24T05:00:00+00:00","dateModified":"2015-09-23T19:49:13+00:00","author":{"@id":"https:\/\/blog.zeit.de\/nsu-prozess-blog\/#\/schema\/person\/553ea9bb5d1fc2ae054c589bd59380a5"},"breadcrumb":{"@id":"https:\/\/blog.zeit.de\/nsu-prozess-blog\/2015\/09\/24\/231-prozesstag-weitere-spuren-des-nsu\/#breadcrumb"},"inLanguage":"de","potentialAction":[{"@type":"ReadAction","target":["https:\/\/blog.zeit.de\/nsu-prozess-blog\/2015\/09\/24\/231-prozesstag-weitere-spuren-des-nsu\/"]}]},{"@type":"BreadcrumbList","@id":"https:\/\/blog.zeit.de\/nsu-prozess-blog\/2015\/09\/24\/231-prozesstag-weitere-spuren-des-nsu\/#breadcrumb","itemListElement":[{"@type":"ListItem","position":1,"name":"Startseite","item":"https:\/\/blog.zeit.de\/nsu-prozess-blog\/"},{"@type":"ListItem","position":2,"name":"231. Prozesstag \u2013 Weitere Spuren des NSU"}]},{"@type":"WebSite","@id":"https:\/\/blog.zeit.de\/nsu-prozess-blog\/#website","url":"https:\/\/blog.zeit.de\/nsu-prozess-blog\/","name":"Das NSU-Prozess-Blog","description":"Alle Berichte zum Terrorverfahren in M\u00fcnchen","potentialAction":[{"@type":"SearchAction","target":{"@type":"EntryPoint","urlTemplate":"https:\/\/blog.zeit.de\/nsu-prozess-blog\/?s={search_term_string}"},"query-input":"required name=search_term_string"}],"inLanguage":"de"},{"@type":"Person","@id":"https:\/\/blog.zeit.de\/nsu-prozess-blog\/#\/schema\/person\/553ea9bb5d1fc2ae054c589bd59380a5","name":"Tom Sundermann","image":{"@type":"ImageObject","inLanguage":"de","@id":"https:\/\/blog.zeit.de\/nsu-prozess-blog\/#\/schema\/person\/image\/","url":"https:\/\/secure.gravatar.com\/avatar\/e108a3dc18766f719b2f797dc5d19093f06a1870c55b553ab6b7563f1f9a5e68?s=96&d=mm&r=g","contentUrl":"https:\/\/secure.gravatar.com\/avatar\/e108a3dc18766f719b2f797dc5d19093f06a1870c55b553ab6b7563f1f9a5e68?s=96&d=mm&r=g","caption":"Tom Sundermann"},"sameAs":["https:\/\/twitter.com\/messeticker"],"url":"https:\/\/blog.zeit.de\/nsu-prozess-blog\/author\/tsundermann\/"}]}},"jetpack_featured_media_url":"","jetpack_sharing_enabled":true,"_links":{"self":[{"href":"https:\/\/blog.zeit.de\/nsu-prozess-blog\/wp-json\/wp\/v2\/posts\/9929","targetHints":{"allow":["GET"]}}],"collection":[{"href":"https:\/\/blog.zeit.de\/nsu-prozess-blog\/wp-json\/wp\/v2\/posts"}],"about":[{"href":"https:\/\/blog.zeit.de\/nsu-prozess-blog\/wp-json\/wp\/v2\/types\/post"}],"author":[{"embeddable":true,"href":"https:\/\/blog.zeit.de\/nsu-prozess-blog\/wp-json\/wp\/v2\/users\/435"}],"replies":[{"embeddable":true,"href":"https:\/\/blog.zeit.de\/nsu-prozess-blog\/wp-json\/wp\/v2\/comments?post=9929"}],"version-history":[{"count":3,"href":"https:\/\/blog.zeit.de\/nsu-prozess-blog\/wp-json\/wp\/v2\/posts\/9929\/revisions"}],"predecessor-version":[{"id":9950,"href":"https:\/\/blog.zeit.de\/nsu-prozess-blog\/wp-json\/wp\/v2\/posts\/9929\/revisions\/9950"}],"wp:attachment":[{"href":"https:\/\/blog.zeit.de\/nsu-prozess-blog\/wp-json\/wp\/v2\/media?parent=9929"}],"wp:term":[{"taxonomy":"category","embeddable":true,"href":"https:\/\/blog.zeit.de\/nsu-prozess-blog\/wp-json\/wp\/v2\/categories?post=9929"},{"taxonomy":"post_tag","embeddable":true,"href":"https:\/\/blog.zeit.de\/nsu-prozess-blog\/wp-json\/wp\/v2\/tags?post=9929"}],"curies":[{"name":"wp","href":"https:\/\/api.w.org\/{rel}","templated":true}]}}