{"id":9931,"date":"2015-09-23T08:22:07","date_gmt":"2015-09-23T06:22:07","guid":{"rendered":"http:\/\/blog.zeit.de\/nsu-prozess-blog\/?p=9931"},"modified":"2015-09-23T09:03:33","modified_gmt":"2015-09-23T07:03:33","slug":"medienlog-postkarte-nsu-andre-e","status":"publish","type":"post","link":"https:\/\/blog.zeit.de\/nsu-prozess-blog\/2015\/09\/23\/medienlog-postkarte-nsu-andre-e\/","title":{"rendered":"Die verr\u00e4terische Postkarte \u2013 Das Medienlog vom Mittwoch, 23. September 2015"},"content":{"rendered":"<p>Seit zwei Jahren <a href=\"https:\/\/blog.zeit.de\/nsu-prozess-blog\/2014\/01\/21\/der-schatten-des-nsu\/\">sitzt Andr\u00e9 E.<\/a> schweigend auf der Anklagebank im NSU-Prozess \u2013 genauso wie die Hauptangeklagte Beate Zsch\u00e4pe. Zu ihr wie auch zu ihren Komplizen Uwe Mundlos und Uwe B\u00f6hnhardt hatten E. und seine Frau ein sehr enges Verh\u00e4ltnis. Belege daf\u00fcr lieferte der 229. Prozesstag. So geht aus einem Parkschein, der bei Mundlos und B\u00f6hnhardt gefunden wurde, hervor, dass sie E. nach einem schweren Sturz im Krankenhaus besucht hatten, wie Wiebke Ramm auf <a href=\"http:\/\/www.spiegel.de\/panorama\/justiz\/nsu-prozess-parkschein-und-sms-setzen-andre-e-unter-druck-a-1054198.html\" target=\"_blank\"><em>Spiegel Online<\/em><\/a> berichtet.<\/p>\n<p><!--more--><\/p>\n<p><em>An jedem Werktag sichten wir f\u00fcr das NSU-Prozess-Blog die Medien und stellen wichtige Berichte, Blogs, Videos und Tweets zusammen. Wir freuen uns \u00fcber Hinweise via Twitter mit dem Hashtag #nsublog \u2013 oder per E-Mail an <a href=\"mailto:nsublog@zeit.de\">nsublog@zeit.de<\/a>.<\/em><\/p>\n<p>E. soll mehrmals Wohnmobile f\u00fcr das NSU-Trio gemietet haben. Zudem <a href=\"https:\/\/blog.zeit.de\/nsu-prozess-blog\/2015\/07\/23\/medienlog-zschaepe-verteidiger-entpflichtung-andre-e\/\">steht er offenbar in Verbindung<\/a> mit der Herstellung des <a href=\"https:\/\/blog.zeit.de\/nsu-prozess-blog\/2014\/11\/19\/medienlog-nsu-bekennervideo-zschaepe-boehnhardt\/\">zynischen Bekennervideos<\/a> der Terrorgruppe.<\/p>\n<p>Weitere Hinweise auf die enge Beziehung zwischen dem Ehepaar und dem Trio gab ein Polizist, der als Zeuge aussagte: Als der NSU das Wohnmobil anmietete, in dem sich Mundlos und B\u00f6hnhardt am 4. November 2011 erschossen, war offenbar E.s Frau Susann mit dabei. Demnach schrieb sie ihrem Mann eine SMS mit dem Inhalt &#8222;Ich fahr grad lisl und geri wohin&#8220; \u2013 wobei es sich um Tarnnamen von Zsch\u00e4pe und B\u00f6hnhardt handelt.<\/p>\n<p>Ein weiterer Aspekt der Befragung: B\u00f6hnhardt und Mundlos k\u00f6nnten rund ein halbes Jahr <a href=\"http:\/\/www.zeit.de\/gesellschaft\/zeitgeschehen\/2013-11\/nsu-prozess-kubasik\">vor dem Mord an Mehmet Kuba\u015f\u0131k<\/a> den Tatort in Dortmund ausspioniert haben. Das Indiz daf\u00fcr ist eine Postkarte, die in dem niedergebrannten NSU-Haus in Zwickau gefunden wurde. Der Inhalt: &#8222;Viele liebe Gr\u00fc\u00dfe, das Wetter ist sch\u00f6n. Tsch\u00fc\u00df&#8220;, geschrieben in B\u00f6hnhardts Handschrift.<\/p>\n<p>Abgestempelt wurde sie im September 2005. Kuba\u015f\u0131k wurde am 4. April 2006 erschossen. Die Beamtin, die das Dokument ausgewertet hatte, habe ihm &#8222;eine brisante Bedeutung gegeben&#8220;, hei\u00dft es beim <a href=\"http:\/\/www.br.de\/nachrichten\/nsu-prozess\/150922-tagebuch-gerichtsreporter-100.html\" target=\"_blank\">Bayerischen Rundfunk<\/a>. Denn sie kombinierte das Beweisst\u00fcck mit dem Wissen, dass der NSU zur gleichen Zeit ein Wohnmobil gemietet hatte. Dies diente wom\u00f6glich einzig einer Tour zum Aussp\u00e4hen des Tatorts.<\/p>\n<p><em>Das n\u00e4chste Medienlog erscheint am Donnerstag, 24. September 2015.<\/em><\/p>\n","protected":false},"excerpt":{"rendered":"<p>Seit zwei Jahren sitzt Andr\u00e9 E. schweigend auf der Anklagebank im NSU-Prozess \u2013 genauso wie die Hauptangeklagte Beate Zsch\u00e4pe. Zu ihr wie auch zu ihren Komplizen Uwe Mundlos und Uwe B\u00f6hnhardt hatten E. und seine Frau ein sehr enges Verh\u00e4ltnis. Belege daf\u00fcr lieferte der 229. Prozesstag. So geht aus einem Parkschein, der bei Mundlos und [&hellip;]<\/p>\n","protected":false},"author":435,"featured_media":0,"comment_status":"open","ping_status":"open","sticky":false,"template":"","format":"standard","meta":{"_jetpack_memberships_contains_paid_content":false,"footnotes":""},"categories":[27531],"tags":[27561,1538,29512,29431,35381,22860,22859,29451],"class_list":["post-9931","post","type-post","status-publish","format-standard","hentry","category-medienschau","tag-andre-e","tag-dortmund","tag-fruehlingsstrasse","tag-mehmet-kubasik","tag-postkarte","tag-uwe-bohnhardt","tag-uwe-mundlos","tag-wohnmobil"],"yoast_head":"<!-- This site is optimized with the Yoast SEO plugin v21.0 - https:\/\/yoast.com\/wordpress\/plugins\/seo\/ -->\n<title>Die verr\u00e4terische Postkarte \u2013 Das Medienlog vom Mittwoch, 23. September 2015 - Das NSU-Prozess-Blog<\/title>\n<meta name=\"robots\" content=\"index, follow, max-snippet:-1, max-image-preview:large, max-video-preview:-1\" \/>\n<link rel=\"canonical\" href=\"https:\/\/blog.zeit.de\/nsu-prozess-blog\/2015\/09\/23\/medienlog-postkarte-nsu-andre-e\/\" \/>\n<meta property=\"og:locale\" content=\"de_DE\" \/>\n<meta property=\"og:type\" content=\"article\" \/>\n<meta property=\"og:title\" content=\"Die verr\u00e4terische Postkarte \u2013 Das Medienlog vom Mittwoch, 23. September 2015 - Das NSU-Prozess-Blog\" \/>\n<meta property=\"og:description\" content=\"Seit zwei Jahren sitzt Andr\u00e9 E. schweigend auf der Anklagebank im NSU-Prozess \u2013 genauso wie die Hauptangeklagte Beate Zsch\u00e4pe. Zu ihr wie auch zu ihren Komplizen Uwe Mundlos und Uwe B\u00f6hnhardt hatten E. und seine Frau ein sehr enges Verh\u00e4ltnis. Belege daf\u00fcr lieferte der 229. Prozesstag. So geht aus einem Parkschein, der bei Mundlos und [&hellip;]\" \/>\n<meta property=\"og:url\" content=\"https:\/\/blog.zeit.de\/nsu-prozess-blog\/2015\/09\/23\/medienlog-postkarte-nsu-andre-e\/\" \/>\n<meta property=\"og:site_name\" content=\"Das NSU-Prozess-Blog\" \/>\n<meta property=\"article:published_time\" content=\"2015-09-23T06:22:07+00:00\" \/>\n<meta property=\"article:modified_time\" content=\"2015-09-23T07:03:33+00:00\" \/>\n<meta name=\"author\" content=\"Tom Sundermann\" \/>\n<meta name=\"twitter:label1\" content=\"Geschrieben von\" \/>\n\t<meta name=\"twitter:data1\" content=\"Tom Sundermann\" \/>\n\t<meta name=\"twitter:label2\" content=\"Gesch\u00e4tzte Lesezeit\" \/>\n\t<meta name=\"twitter:data2\" content=\"2\u00a0Minuten\" \/>\n<script type=\"application\/ld+json\" class=\"yoast-schema-graph\">{\"@context\":\"https:\/\/schema.org\",\"@graph\":[{\"@type\":\"WebPage\",\"@id\":\"https:\/\/blog.zeit.de\/nsu-prozess-blog\/2015\/09\/23\/medienlog-postkarte-nsu-andre-e\/\",\"url\":\"https:\/\/blog.zeit.de\/nsu-prozess-blog\/2015\/09\/23\/medienlog-postkarte-nsu-andre-e\/\",\"name\":\"Die verr\u00e4terische Postkarte \u2013 Das Medienlog vom Mittwoch, 23. September 2015 - Das NSU-Prozess-Blog\",\"isPartOf\":{\"@id\":\"https:\/\/blog.zeit.de\/nsu-prozess-blog\/#website\"},\"datePublished\":\"2015-09-23T06:22:07+00:00\",\"dateModified\":\"2015-09-23T07:03:33+00:00\",\"author\":{\"@id\":\"https:\/\/blog.zeit.de\/nsu-prozess-blog\/#\/schema\/person\/553ea9bb5d1fc2ae054c589bd59380a5\"},\"breadcrumb\":{\"@id\":\"https:\/\/blog.zeit.de\/nsu-prozess-blog\/2015\/09\/23\/medienlog-postkarte-nsu-andre-e\/#breadcrumb\"},\"inLanguage\":\"de\",\"potentialAction\":[{\"@type\":\"ReadAction\",\"target\":[\"https:\/\/blog.zeit.de\/nsu-prozess-blog\/2015\/09\/23\/medienlog-postkarte-nsu-andre-e\/\"]}]},{\"@type\":\"BreadcrumbList\",\"@id\":\"https:\/\/blog.zeit.de\/nsu-prozess-blog\/2015\/09\/23\/medienlog-postkarte-nsu-andre-e\/#breadcrumb\",\"itemListElement\":[{\"@type\":\"ListItem\",\"position\":1,\"name\":\"Startseite\",\"item\":\"https:\/\/blog.zeit.de\/nsu-prozess-blog\/\"},{\"@type\":\"ListItem\",\"position\":2,\"name\":\"Die verr\u00e4terische Postkarte \u2013 Das Medienlog vom Mittwoch, 23. September 2015\"}]},{\"@type\":\"WebSite\",\"@id\":\"https:\/\/blog.zeit.de\/nsu-prozess-blog\/#website\",\"url\":\"https:\/\/blog.zeit.de\/nsu-prozess-blog\/\",\"name\":\"Das NSU-Prozess-Blog\",\"description\":\"Alle Berichte zum Terrorverfahren in M\u00fcnchen\",\"potentialAction\":[{\"@type\":\"SearchAction\",\"target\":{\"@type\":\"EntryPoint\",\"urlTemplate\":\"https:\/\/blog.zeit.de\/nsu-prozess-blog\/?s={search_term_string}\"},\"query-input\":\"required name=search_term_string\"}],\"inLanguage\":\"de\"},{\"@type\":\"Person\",\"@id\":\"https:\/\/blog.zeit.de\/nsu-prozess-blog\/#\/schema\/person\/553ea9bb5d1fc2ae054c589bd59380a5\",\"name\":\"Tom Sundermann\",\"image\":{\"@type\":\"ImageObject\",\"inLanguage\":\"de\",\"@id\":\"https:\/\/blog.zeit.de\/nsu-prozess-blog\/#\/schema\/person\/image\/\",\"url\":\"https:\/\/secure.gravatar.com\/avatar\/e108a3dc18766f719b2f797dc5d19093f06a1870c55b553ab6b7563f1f9a5e68?s=96&d=mm&r=g\",\"contentUrl\":\"https:\/\/secure.gravatar.com\/avatar\/e108a3dc18766f719b2f797dc5d19093f06a1870c55b553ab6b7563f1f9a5e68?s=96&d=mm&r=g\",\"caption\":\"Tom Sundermann\"},\"sameAs\":[\"https:\/\/twitter.com\/messeticker\"],\"url\":\"https:\/\/blog.zeit.de\/nsu-prozess-blog\/author\/tsundermann\/\"}]}<\/script>\n<!-- \/ Yoast SEO plugin. -->","yoast_head_json":{"title":"Die verr\u00e4terische Postkarte \u2013 Das Medienlog vom Mittwoch, 23. September 2015 - Das NSU-Prozess-Blog","robots":{"index":"index","follow":"follow","max-snippet":"max-snippet:-1","max-image-preview":"max-image-preview:large","max-video-preview":"max-video-preview:-1"},"canonical":"https:\/\/blog.zeit.de\/nsu-prozess-blog\/2015\/09\/23\/medienlog-postkarte-nsu-andre-e\/","og_locale":"de_DE","og_type":"article","og_title":"Die verr\u00e4terische Postkarte \u2013 Das Medienlog vom Mittwoch, 23. September 2015 - Das NSU-Prozess-Blog","og_description":"Seit zwei Jahren sitzt Andr\u00e9 E. schweigend auf der Anklagebank im NSU-Prozess \u2013 genauso wie die Hauptangeklagte Beate Zsch\u00e4pe. Zu ihr wie auch zu ihren Komplizen Uwe Mundlos und Uwe B\u00f6hnhardt hatten E. und seine Frau ein sehr enges Verh\u00e4ltnis. Belege daf\u00fcr lieferte der 229. Prozesstag. So geht aus einem Parkschein, der bei Mundlos und [&hellip;]","og_url":"https:\/\/blog.zeit.de\/nsu-prozess-blog\/2015\/09\/23\/medienlog-postkarte-nsu-andre-e\/","og_site_name":"Das NSU-Prozess-Blog","article_published_time":"2015-09-23T06:22:07+00:00","article_modified_time":"2015-09-23T07:03:33+00:00","author":"Tom Sundermann","twitter_misc":{"Geschrieben von":"Tom Sundermann","Gesch\u00e4tzte Lesezeit":"2\u00a0Minuten"},"schema":{"@context":"https:\/\/schema.org","@graph":[{"@type":"WebPage","@id":"https:\/\/blog.zeit.de\/nsu-prozess-blog\/2015\/09\/23\/medienlog-postkarte-nsu-andre-e\/","url":"https:\/\/blog.zeit.de\/nsu-prozess-blog\/2015\/09\/23\/medienlog-postkarte-nsu-andre-e\/","name":"Die verr\u00e4terische Postkarte \u2013 Das Medienlog vom Mittwoch, 23. September 2015 - Das NSU-Prozess-Blog","isPartOf":{"@id":"https:\/\/blog.zeit.de\/nsu-prozess-blog\/#website"},"datePublished":"2015-09-23T06:22:07+00:00","dateModified":"2015-09-23T07:03:33+00:00","author":{"@id":"https:\/\/blog.zeit.de\/nsu-prozess-blog\/#\/schema\/person\/553ea9bb5d1fc2ae054c589bd59380a5"},"breadcrumb":{"@id":"https:\/\/blog.zeit.de\/nsu-prozess-blog\/2015\/09\/23\/medienlog-postkarte-nsu-andre-e\/#breadcrumb"},"inLanguage":"de","potentialAction":[{"@type":"ReadAction","target":["https:\/\/blog.zeit.de\/nsu-prozess-blog\/2015\/09\/23\/medienlog-postkarte-nsu-andre-e\/"]}]},{"@type":"BreadcrumbList","@id":"https:\/\/blog.zeit.de\/nsu-prozess-blog\/2015\/09\/23\/medienlog-postkarte-nsu-andre-e\/#breadcrumb","itemListElement":[{"@type":"ListItem","position":1,"name":"Startseite","item":"https:\/\/blog.zeit.de\/nsu-prozess-blog\/"},{"@type":"ListItem","position":2,"name":"Die verr\u00e4terische Postkarte \u2013 Das Medienlog vom Mittwoch, 23. September 2015"}]},{"@type":"WebSite","@id":"https:\/\/blog.zeit.de\/nsu-prozess-blog\/#website","url":"https:\/\/blog.zeit.de\/nsu-prozess-blog\/","name":"Das NSU-Prozess-Blog","description":"Alle Berichte zum Terrorverfahren in M\u00fcnchen","potentialAction":[{"@type":"SearchAction","target":{"@type":"EntryPoint","urlTemplate":"https:\/\/blog.zeit.de\/nsu-prozess-blog\/?s={search_term_string}"},"query-input":"required name=search_term_string"}],"inLanguage":"de"},{"@type":"Person","@id":"https:\/\/blog.zeit.de\/nsu-prozess-blog\/#\/schema\/person\/553ea9bb5d1fc2ae054c589bd59380a5","name":"Tom Sundermann","image":{"@type":"ImageObject","inLanguage":"de","@id":"https:\/\/blog.zeit.de\/nsu-prozess-blog\/#\/schema\/person\/image\/","url":"https:\/\/secure.gravatar.com\/avatar\/e108a3dc18766f719b2f797dc5d19093f06a1870c55b553ab6b7563f1f9a5e68?s=96&d=mm&r=g","contentUrl":"https:\/\/secure.gravatar.com\/avatar\/e108a3dc18766f719b2f797dc5d19093f06a1870c55b553ab6b7563f1f9a5e68?s=96&d=mm&r=g","caption":"Tom Sundermann"},"sameAs":["https:\/\/twitter.com\/messeticker"],"url":"https:\/\/blog.zeit.de\/nsu-prozess-blog\/author\/tsundermann\/"}]}},"jetpack_featured_media_url":"","jetpack_sharing_enabled":true,"_links":{"self":[{"href":"https:\/\/blog.zeit.de\/nsu-prozess-blog\/wp-json\/wp\/v2\/posts\/9931","targetHints":{"allow":["GET"]}}],"collection":[{"href":"https:\/\/blog.zeit.de\/nsu-prozess-blog\/wp-json\/wp\/v2\/posts"}],"about":[{"href":"https:\/\/blog.zeit.de\/nsu-prozess-blog\/wp-json\/wp\/v2\/types\/post"}],"author":[{"embeddable":true,"href":"https:\/\/blog.zeit.de\/nsu-prozess-blog\/wp-json\/wp\/v2\/users\/435"}],"replies":[{"embeddable":true,"href":"https:\/\/blog.zeit.de\/nsu-prozess-blog\/wp-json\/wp\/v2\/comments?post=9931"}],"version-history":[{"count":8,"href":"https:\/\/blog.zeit.de\/nsu-prozess-blog\/wp-json\/wp\/v2\/posts\/9931\/revisions"}],"predecessor-version":[{"id":9939,"href":"https:\/\/blog.zeit.de\/nsu-prozess-blog\/wp-json\/wp\/v2\/posts\/9931\/revisions\/9939"}],"wp:attachment":[{"href":"https:\/\/blog.zeit.de\/nsu-prozess-blog\/wp-json\/wp\/v2\/media?parent=9931"}],"wp:term":[{"taxonomy":"category","embeddable":true,"href":"https:\/\/blog.zeit.de\/nsu-prozess-blog\/wp-json\/wp\/v2\/categories?post=9931"},{"taxonomy":"post_tag","embeddable":true,"href":"https:\/\/blog.zeit.de\/nsu-prozess-blog\/wp-json\/wp\/v2\/tags?post=9931"}],"curies":[{"name":"wp","href":"https:\/\/api.w.org\/{rel}","templated":true}]}}