{"id":9976,"date":"2015-09-29T16:56:41","date_gmt":"2015-09-29T14:56:41","guid":{"rendered":"http:\/\/blog.zeit.de\/nsu-prozess-blog\/?p=9976"},"modified":"2015-09-29T17:48:56","modified_gmt":"2015-09-29T15:48:56","slug":"die-phantom-zeugin","status":"publish","type":"post","link":"https:\/\/blog.zeit.de\/nsu-prozess-blog\/2015\/09\/29\/die-phantom-zeugin\/","title":{"rendered":"Die Phantom-Zeugin"},"content":{"rendered":"<p><strong>Eine Zeugin im NSU-Prozess ist abgetaucht \u2013 wom\u00f6glich, weil sie sich an dem Verfahren gar nicht beteiligen will. Das sorgt f\u00fcr \u00c4rger beim Richter, der zum Ende kommen will.<\/strong><\/p>\n<p>Viel ist nicht bekannt \u00fcber Meral K. \u2013 weder wie sie aussieht, noch wo genau sie sich derzeit aufh\u00e4lt. Als sicher gilt, dass sie am 9. Juni 2004 mit einer Freundin zu Gast in einem Restaurant auf der K\u00f6lner Keupstra\u00dfe war. Als sie zum Rauchen nach drau\u00dfen ging, explodierte in der N\u00e4he eine mit N\u00e4geln gespickte Bombe, gez\u00fcndet vermutlich von der rechtsextremen Terrorzelle NSU. Frau K. erlitt Schnittwunden und h\u00f6rte ein paar Tage schlecht. Andere Opfer des sogenannten Keupstra\u00dfen-Attentats erwischte es schlimmer.<\/p>\n<p>Manfred G\u00f6tzl, Vorsitzender Richter im NSU-Prozess, w\u00fcrde Frau K. gerne anh\u00f6ren. K. hat sich als eine von knapp 90 Nebenkl\u00e4gern registrieren lassen \u2013 Menschen, die als Opfer Anspruch haben auf die Teilnahme am Verfahren, auf rechtliches Geh\u00f6r, auf Entsch\u00e4digung.<!--more--><\/p>\n<p>Allerdings ist K. bislang kein einziges Mal im Verhandlungssaal aufgetaucht. Im M\u00e4rz dieses Jahres sollte sie als Zeugin aussagen, verpasste aber nach Angaben ihres Anwalts Ralph Willms den Flug aus der T\u00fcrkei, weil sie sich nicht rechtzeitig um ein Flugticket gek\u00fcmmert hatte. Eine \u201enicht wirklich ausreichende Entschuldigung\u201c sei das, sagte G\u00f6tzl damals. Beim n\u00e4chsten Versuch im Juni hie\u00df es, sie sei auf dem Weg ins Gericht zusammengebrochen. Frau K. ist ein Phantom.<\/p>\n<p>Am Dienstag schlie\u00dflich will das Gericht zumindest einen Bekannten von K. h\u00f6ren, den ebenfalls verletzten Attila \u00d6., der ebenfalls als Nebenkl\u00e4ger eingetragen ist. Doch er sei erkrankt, hei\u00dft es zum Sitzungsbeginn.<\/p>\n<p>Das st\u00f6\u00dft bei Richter G\u00f6tzl auf Missbilligung. Eine Nebenkl\u00e4gerin, von der im Prozess rein gar nichts zu erfahren ist, das geht nicht. Er fragt K.s Anwalt Willms, wann er das letzte Mal Kontakt zu seiner Mandantin hatte. Willms gibt an, dass K. in der T\u00fcrkei im Krankenhaus liege. Das wisse er aber auch nur vom Zeugen \u00d6., \u00fcber den offenbar s\u00e4mtliche Kommunikation l\u00e4uft. Ein Krankenattest kann er nicht vorlegen.<\/p>\n<p>Schlie\u00dflich schaltet sich \u00d6.s Anwalt Reinhard Sch\u00f6n ein. Er glaubt zu wissen, dass Willms \u00fcberhaupt keinen Kontakt mehr zu seiner Mandantin pflegt. \u201eDas stimmt nicht\u201c, entgegnet Willms. \u201eEntweder sorgen Sie f\u00fcr Klarheit oder wir m\u00fcssen das ermitteln\u201c, befiehlt G\u00f6tzl und sch\u00fcttelt lange den Kopf.<\/p>\n<p>Es ist eine bizarre Situation: ein Anwalt, der seine Mandantin nicht pr\u00e4sentieren kann \u2013 aber an den meisten, mit Tagesgeld verg\u00fcteten Prozesstagen teilnimmt. Gerade im Fall Keupstra\u00dfe haben mehrere Anw\u00e4lte ein schlechtes Licht auf ihre Zunft geworfen, als sie unter Anwohnern aggressiv nach m\u00f6glichen Nebenklage-Mandanten suchten. Ende Januar behauptete ein Zeuge, dass ein weiterhin im Prozess t\u00e4tiger Anwalt versucht habe, <a href=\"https:\/\/blog.zeit.de\/nsu-prozess-blog\/2015\/01\/29\/wer-ist-hier-das-opfer\/\">ihn zur Nebenklage zu dr\u00e4ngen<\/a>. So stellte sich die Frage, ob auf der Nebenklage-Liste weitere Zeugen stehen, die sich gar nicht am Verfahren beteiligen m\u00f6chten \u2013 und den Kontakt zu ihren Anw\u00e4lten abbrechen.<\/p>\n<p>Schwierigkeiten bei der Befragung hat es schon bei mehreren Zeugen gegeben. Doch nun l\u00e4sst Richter G\u00f6tzl eine neue Priorit\u00e4t durchblicken: Er will, dass der Prozess z\u00fcgig vorankommt. Als die gro\u00dfen Fragen des NSU-Komplexes gekl\u00e4rt werden mussten, erforschte G\u00f6tzls Strafsenat jedes Detail, befragte manche Zeugen \u00fcber Tage.<\/p>\n<p>Das NSU-Verfahren folgte zu dieser Zeit noch einer groben Struktur: Seit Prozessbeginn im Mai 2013 kl\u00e4rte das Gericht zun\u00e4chst die zehn Morde, die dem NSU vorgeworfen werden. Im Anschluss erforschte G\u00f6tzl mit beeindruckender Akribie, wie sich das Trio aus Beate Zsch\u00e4pe, Uwe Mundlos und Uwe B\u00f6hnhardt in Jena von einer Nazi-Clique zur gewaltbereiten Truppe wandelte. Anfang 2015 ging es schlie\u00dflich um den Anschlag in der Keupstra\u00dfe. Nun, auf der Zielgeraden, sind eigentlich nur noch einige der 15 Raub\u00fcberf\u00e4lle aufzukl\u00e4ren, mit denen der NSU sein Leben im Untergrund finanzierte.<\/p>\n<p>Kommen Zeugen zu Befragungen f\u00fcr \u00e4ltere Themen, dann, weil ein paar wenige Fragen offen sind. Die meisten Zeugen werden mittlerweile auf Antrag von Nebenklageanw\u00e4lten geladen. F\u00fcr Richter G\u00f6tzl ist die Frage nach der Schuld der f\u00fcnf Angeklagten anscheinend gekl\u00e4rt. Es scheint, als habe er seine eigene Agenda f\u00fcr das Verfahren l\u00e4ngst abgeschlossen \u2013 auch in zeitlicher Hinsicht. Verschleppungen wie die im Fall Meral K. sind da nur hinderlich.<\/p>\n<p>Tats\u00e4chlich wird zumindest die Beweisaufnahme in absehbarer Zeit ein Ende gefunden haben, vermutlich in wenigen Monaten. Hinzu kommt eine v\u00f6llig unkalkulierbare Zahl von Monaten, in der die Bundesanwaltschaft, die Dutzenden Nebenklageanw\u00e4lte und die Verteidiger ihre Pl\u00e4doyers halten und die Richter eine sehr detailliert ausfallende Urteilsbegr\u00fcndung formulieren werden.<\/p>\n<p>Weil er mit dem Fall der K\u00f6lner Zeugin nicht weiterkommt, verliest G\u00f6tzl gegen Mittag schlie\u00dflich stattdessen Entscheidungen des Gerichts \u00fcber rund ein Dutzend Antr\u00e4ge der Nebenklageanw\u00e4lte, die weitere Ermittlungen fordern oder noch mehr Zeugen laden lassen wollen. Die Zeit daf\u00fcr ist offensichtlich abgelaufen: Alle Antr\u00e4ge sind abgelehnt.<\/p>\n","protected":false},"excerpt":{"rendered":"<p>Eine Zeugin im NSU-Prozess ist abgetaucht \u2013 wom\u00f6glich, weil sie sich an dem Verfahren gar nicht beteiligen will. Das sorgt f\u00fcr \u00c4rger beim Richter, der zum Ende kommen will. Viel ist nicht bekannt \u00fcber Meral K. \u2013 weder wie sie aussieht, noch wo genau sie sich derzeit aufh\u00e4lt. Als sicher gilt, dass sie am 9. [&hellip;]<\/p>\n","protected":false},"author":435,"featured_media":9985,"comment_status":"open","ping_status":"open","sticky":false,"template":"","format":"standard","meta":{"_jetpack_memberships_contains_paid_content":false,"footnotes":""},"categories":[27532],"tags":[],"class_list":["post-9976","post","type-post","status-publish","format-standard","has-post-thumbnail","hentry","category-prozesstage"],"yoast_head":"<!-- This site is optimized with the Yoast SEO plugin v21.0 - https:\/\/yoast.com\/wordpress\/plugins\/seo\/ -->\n<title>Die Phantom-Zeugin - Das NSU-Prozess-Blog<\/title>\n<meta name=\"robots\" content=\"index, follow, max-snippet:-1, max-image-preview:large, max-video-preview:-1\" \/>\n<link rel=\"canonical\" href=\"https:\/\/blog.zeit.de\/nsu-prozess-blog\/2015\/09\/29\/die-phantom-zeugin\/\" \/>\n<meta property=\"og:locale\" content=\"de_DE\" \/>\n<meta property=\"og:type\" content=\"article\" \/>\n<meta property=\"og:title\" content=\"Die Phantom-Zeugin - Das NSU-Prozess-Blog\" \/>\n<meta property=\"og:description\" content=\"Eine Zeugin im NSU-Prozess ist abgetaucht \u2013 wom\u00f6glich, weil sie sich an dem Verfahren gar nicht beteiligen will. Das sorgt f\u00fcr \u00c4rger beim Richter, der zum Ende kommen will. Viel ist nicht bekannt \u00fcber Meral K. \u2013 weder wie sie aussieht, noch wo genau sie sich derzeit aufh\u00e4lt. Als sicher gilt, dass sie am 9. [&hellip;]\" \/>\n<meta property=\"og:url\" content=\"https:\/\/blog.zeit.de\/nsu-prozess-blog\/2015\/09\/29\/die-phantom-zeugin\/\" \/>\n<meta property=\"og:site_name\" content=\"Das NSU-Prozess-Blog\" \/>\n<meta property=\"article:published_time\" content=\"2015-09-29T14:56:41+00:00\" \/>\n<meta property=\"article:modified_time\" content=\"2015-09-29T15:48:56+00:00\" \/>\n<meta property=\"og:image\" content=\"https:\/\/blog.zeit.de\/nsu-prozess-blog\/files\/2015\/09\/raw.jpg\" \/>\n\t<meta property=\"og:image:width\" content=\"250\" \/>\n\t<meta property=\"og:image:height\" content=\"141\" \/>\n\t<meta property=\"og:image:type\" content=\"image\/jpeg\" \/>\n<meta name=\"author\" content=\"Tom Sundermann\" \/>\n<meta name=\"twitter:label1\" content=\"Geschrieben von\" \/>\n\t<meta name=\"twitter:data1\" content=\"Tom Sundermann\" \/>\n\t<meta name=\"twitter:label2\" content=\"Gesch\u00e4tzte Lesezeit\" \/>\n\t<meta name=\"twitter:data2\" content=\"4\u00a0Minuten\" \/>\n<script type=\"application\/ld+json\" class=\"yoast-schema-graph\">{\"@context\":\"https:\/\/schema.org\",\"@graph\":[{\"@type\":\"WebPage\",\"@id\":\"https:\/\/blog.zeit.de\/nsu-prozess-blog\/2015\/09\/29\/die-phantom-zeugin\/\",\"url\":\"https:\/\/blog.zeit.de\/nsu-prozess-blog\/2015\/09\/29\/die-phantom-zeugin\/\",\"name\":\"Die Phantom-Zeugin - Das NSU-Prozess-Blog\",\"isPartOf\":{\"@id\":\"https:\/\/blog.zeit.de\/nsu-prozess-blog\/#website\"},\"datePublished\":\"2015-09-29T14:56:41+00:00\",\"dateModified\":\"2015-09-29T15:48:56+00:00\",\"author\":{\"@id\":\"https:\/\/blog.zeit.de\/nsu-prozess-blog\/#\/schema\/person\/553ea9bb5d1fc2ae054c589bd59380a5\"},\"breadcrumb\":{\"@id\":\"https:\/\/blog.zeit.de\/nsu-prozess-blog\/2015\/09\/29\/die-phantom-zeugin\/#breadcrumb\"},\"inLanguage\":\"de\",\"potentialAction\":[{\"@type\":\"ReadAction\",\"target\":[\"https:\/\/blog.zeit.de\/nsu-prozess-blog\/2015\/09\/29\/die-phantom-zeugin\/\"]}]},{\"@type\":\"BreadcrumbList\",\"@id\":\"https:\/\/blog.zeit.de\/nsu-prozess-blog\/2015\/09\/29\/die-phantom-zeugin\/#breadcrumb\",\"itemListElement\":[{\"@type\":\"ListItem\",\"position\":1,\"name\":\"Startseite\",\"item\":\"https:\/\/blog.zeit.de\/nsu-prozess-blog\/\"},{\"@type\":\"ListItem\",\"position\":2,\"name\":\"Die Phantom-Zeugin\"}]},{\"@type\":\"WebSite\",\"@id\":\"https:\/\/blog.zeit.de\/nsu-prozess-blog\/#website\",\"url\":\"https:\/\/blog.zeit.de\/nsu-prozess-blog\/\",\"name\":\"Das NSU-Prozess-Blog\",\"description\":\"Alle Berichte zum Terrorverfahren in M\u00fcnchen\",\"potentialAction\":[{\"@type\":\"SearchAction\",\"target\":{\"@type\":\"EntryPoint\",\"urlTemplate\":\"https:\/\/blog.zeit.de\/nsu-prozess-blog\/?s={search_term_string}\"},\"query-input\":\"required name=search_term_string\"}],\"inLanguage\":\"de\"},{\"@type\":\"Person\",\"@id\":\"https:\/\/blog.zeit.de\/nsu-prozess-blog\/#\/schema\/person\/553ea9bb5d1fc2ae054c589bd59380a5\",\"name\":\"Tom Sundermann\",\"image\":{\"@type\":\"ImageObject\",\"inLanguage\":\"de\",\"@id\":\"https:\/\/blog.zeit.de\/nsu-prozess-blog\/#\/schema\/person\/image\/\",\"url\":\"https:\/\/secure.gravatar.com\/avatar\/e108a3dc18766f719b2f797dc5d19093f06a1870c55b553ab6b7563f1f9a5e68?s=96&d=mm&r=g\",\"contentUrl\":\"https:\/\/secure.gravatar.com\/avatar\/e108a3dc18766f719b2f797dc5d19093f06a1870c55b553ab6b7563f1f9a5e68?s=96&d=mm&r=g\",\"caption\":\"Tom Sundermann\"},\"sameAs\":[\"https:\/\/twitter.com\/messeticker\"],\"url\":\"https:\/\/blog.zeit.de\/nsu-prozess-blog\/author\/tsundermann\/\"}]}<\/script>\n<!-- \/ Yoast SEO plugin. -->","yoast_head_json":{"title":"Die Phantom-Zeugin - Das NSU-Prozess-Blog","robots":{"index":"index","follow":"follow","max-snippet":"max-snippet:-1","max-image-preview":"max-image-preview:large","max-video-preview":"max-video-preview:-1"},"canonical":"https:\/\/blog.zeit.de\/nsu-prozess-blog\/2015\/09\/29\/die-phantom-zeugin\/","og_locale":"de_DE","og_type":"article","og_title":"Die Phantom-Zeugin - Das NSU-Prozess-Blog","og_description":"Eine Zeugin im NSU-Prozess ist abgetaucht \u2013 wom\u00f6glich, weil sie sich an dem Verfahren gar nicht beteiligen will. Das sorgt f\u00fcr \u00c4rger beim Richter, der zum Ende kommen will. Viel ist nicht bekannt \u00fcber Meral K. \u2013 weder wie sie aussieht, noch wo genau sie sich derzeit aufh\u00e4lt. Als sicher gilt, dass sie am 9. [&hellip;]","og_url":"https:\/\/blog.zeit.de\/nsu-prozess-blog\/2015\/09\/29\/die-phantom-zeugin\/","og_site_name":"Das NSU-Prozess-Blog","article_published_time":"2015-09-29T14:56:41+00:00","article_modified_time":"2015-09-29T15:48:56+00:00","og_image":[{"width":250,"height":141,"url":"https:\/\/blog.zeit.de\/nsu-prozess-blog\/files\/2015\/09\/raw.jpg","type":"image\/jpeg"}],"author":"Tom Sundermann","twitter_misc":{"Geschrieben von":"Tom Sundermann","Gesch\u00e4tzte Lesezeit":"4\u00a0Minuten"},"schema":{"@context":"https:\/\/schema.org","@graph":[{"@type":"WebPage","@id":"https:\/\/blog.zeit.de\/nsu-prozess-blog\/2015\/09\/29\/die-phantom-zeugin\/","url":"https:\/\/blog.zeit.de\/nsu-prozess-blog\/2015\/09\/29\/die-phantom-zeugin\/","name":"Die Phantom-Zeugin - Das NSU-Prozess-Blog","isPartOf":{"@id":"https:\/\/blog.zeit.de\/nsu-prozess-blog\/#website"},"datePublished":"2015-09-29T14:56:41+00:00","dateModified":"2015-09-29T15:48:56+00:00","author":{"@id":"https:\/\/blog.zeit.de\/nsu-prozess-blog\/#\/schema\/person\/553ea9bb5d1fc2ae054c589bd59380a5"},"breadcrumb":{"@id":"https:\/\/blog.zeit.de\/nsu-prozess-blog\/2015\/09\/29\/die-phantom-zeugin\/#breadcrumb"},"inLanguage":"de","potentialAction":[{"@type":"ReadAction","target":["https:\/\/blog.zeit.de\/nsu-prozess-blog\/2015\/09\/29\/die-phantom-zeugin\/"]}]},{"@type":"BreadcrumbList","@id":"https:\/\/blog.zeit.de\/nsu-prozess-blog\/2015\/09\/29\/die-phantom-zeugin\/#breadcrumb","itemListElement":[{"@type":"ListItem","position":1,"name":"Startseite","item":"https:\/\/blog.zeit.de\/nsu-prozess-blog\/"},{"@type":"ListItem","position":2,"name":"Die Phantom-Zeugin"}]},{"@type":"WebSite","@id":"https:\/\/blog.zeit.de\/nsu-prozess-blog\/#website","url":"https:\/\/blog.zeit.de\/nsu-prozess-blog\/","name":"Das NSU-Prozess-Blog","description":"Alle Berichte zum Terrorverfahren in M\u00fcnchen","potentialAction":[{"@type":"SearchAction","target":{"@type":"EntryPoint","urlTemplate":"https:\/\/blog.zeit.de\/nsu-prozess-blog\/?s={search_term_string}"},"query-input":"required name=search_term_string"}],"inLanguage":"de"},{"@type":"Person","@id":"https:\/\/blog.zeit.de\/nsu-prozess-blog\/#\/schema\/person\/553ea9bb5d1fc2ae054c589bd59380a5","name":"Tom Sundermann","image":{"@type":"ImageObject","inLanguage":"de","@id":"https:\/\/blog.zeit.de\/nsu-prozess-blog\/#\/schema\/person\/image\/","url":"https:\/\/secure.gravatar.com\/avatar\/e108a3dc18766f719b2f797dc5d19093f06a1870c55b553ab6b7563f1f9a5e68?s=96&d=mm&r=g","contentUrl":"https:\/\/secure.gravatar.com\/avatar\/e108a3dc18766f719b2f797dc5d19093f06a1870c55b553ab6b7563f1f9a5e68?s=96&d=mm&r=g","caption":"Tom Sundermann"},"sameAs":["https:\/\/twitter.com\/messeticker"],"url":"https:\/\/blog.zeit.de\/nsu-prozess-blog\/author\/tsundermann\/"}]}},"jetpack_featured_media_url":"https:\/\/blog.zeit.de\/nsu-prozess-blog\/files\/2015\/09\/raw.jpg","jetpack_sharing_enabled":true,"_links":{"self":[{"href":"https:\/\/blog.zeit.de\/nsu-prozess-blog\/wp-json\/wp\/v2\/posts\/9976","targetHints":{"allow":["GET"]}}],"collection":[{"href":"https:\/\/blog.zeit.de\/nsu-prozess-blog\/wp-json\/wp\/v2\/posts"}],"about":[{"href":"https:\/\/blog.zeit.de\/nsu-prozess-blog\/wp-json\/wp\/v2\/types\/post"}],"author":[{"embeddable":true,"href":"https:\/\/blog.zeit.de\/nsu-prozess-blog\/wp-json\/wp\/v2\/users\/435"}],"replies":[{"embeddable":true,"href":"https:\/\/blog.zeit.de\/nsu-prozess-blog\/wp-json\/wp\/v2\/comments?post=9976"}],"version-history":[{"count":12,"href":"https:\/\/blog.zeit.de\/nsu-prozess-blog\/wp-json\/wp\/v2\/posts\/9976\/revisions"}],"predecessor-version":[{"id":9992,"href":"https:\/\/blog.zeit.de\/nsu-prozess-blog\/wp-json\/wp\/v2\/posts\/9976\/revisions\/9992"}],"wp:featuredmedia":[{"embeddable":true,"href":"https:\/\/blog.zeit.de\/nsu-prozess-blog\/wp-json\/wp\/v2\/media\/9985"}],"wp:attachment":[{"href":"https:\/\/blog.zeit.de\/nsu-prozess-blog\/wp-json\/wp\/v2\/media?parent=9976"}],"wp:term":[{"taxonomy":"category","embeddable":true,"href":"https:\/\/blog.zeit.de\/nsu-prozess-blog\/wp-json\/wp\/v2\/categories?post=9976"},{"taxonomy":"post_tag","embeddable":true,"href":"https:\/\/blog.zeit.de\/nsu-prozess-blog\/wp-json\/wp\/v2\/tags?post=9976"}],"curies":[{"name":"wp","href":"https:\/\/api.w.org\/{rel}","templated":true}]}}