{"id":1809,"date":"2011-03-14T12:09:53","date_gmt":"2011-03-14T11:09:53","guid":{"rendered":"http:\/\/blog.zeit.de\/open-data\/?p=1809"},"modified":"2011-03-14T15:59:04","modified_gmt":"2011-03-14T14:59:04","slug":"strahlenschutz-messwerte-deutschland","status":"publish","type":"post","link":"https:\/\/blog.zeit.de\/open-data\/2011\/03\/14\/strahlenschutz-messwerte-deutschland\/","title":{"rendered":"Deutscher Strahlungsatlas machte Pause"},"content":{"rendered":"<p><figure id=\"attachment_1811\" aria-describedby=\"caption-attachment-1811\" style=\"width: 535px\" class=\"wp-caption alignnone\"><img loading=\"lazy\" decoding=\"async\" class=\"size-full wp-image-1811\" title=\"strahlung1\" src=\"https:\/\/blog.zeit.de\/open-data\/files\/2011\/03\/strahlung1.png\" alt=\"Gamme Strahlung Messung\" width=\"535\" height=\"232\" \/><figcaption id=\"caption-attachment-1811\" class=\"wp-caption-text\">1800 Stationen messen in Deutschland die Strahlung<\/figcaption><\/figure><\/p>\n<p>Das\u00a0Bundesamt f\u00fcr Strahlenschutz (BfS)\u00a0betreibt\u00a0seit\u00a0dem Reaktorungl\u00fcck in Tschernobyl vor fast genau 25 Jahren ein\u00a0<a title=\"messwerte strahlung netz\" href=\"http:\/\/www.bfs.de\/de\/ion\/imis\/imis_uebersicht.html\" target=\"_blank\">&#8222;Integriertes Mess- und Informationssystem f\u00fcr die \u00dcberwachung der Radioaktivit\u00e4t in der Umwelt<\/a>&#8220; (IMIS). Es besteht aus 1800 Messstationen, die \u00fcber die Republik verteilt sind. Die Daten, die sie liefern, werden eigentlich alle zw\u00f6lf Stunden ver\u00f6ffentlicht. Eigentlich. Seit Samstagnacht jedoch wurden die Informationen nicht mehr aktualisiert. Erst am Montagmittag kamen die n\u00e4chsten Messwerte.<\/p>\n<p>Ein schlechter Zeitpunkt f\u00fcr eine Pause <a href=\"http:\/\/www.zeit.de\/gesellschaft\/zeitgeschehen\/2011-03\/japan-erbeben-explosion\">angesichts der Ereignisse in Japan<\/a> und des daraus resultierenden Interesses f\u00fcr Strahlung. Dabei hei\u00dft es auf der Homepage der Beh\u00f6rde<a title=\"japan bfs\" href=\"http:\/\/www.bfs.de\/de\/kerntechnik\/papiere\/japan2.html\" target=\"_blank\"> extra anl\u00e4sslich Japans<\/a>: &#8222;Die B\u00fcrgerinnen und B\u00fcrger k\u00f6nnen online die Messwerte der Messsonden abrufen.&#8220;<\/p>\n<p>Warum ausgerechnet am Sonntag keine neuen Daten ver\u00f6ffentlichen wurden, war beim BfS nicht in Erfahrung zu bringen. Auf Nachfrage hie\u00df es, die Daten w\u00fcrden jeden Tag\u00a0&#8222;plausibilisiert&#8220;. Also auf eventuelle Messfehler oder St\u00f6rungen der Sonden hin untersucht. <del datetime=\"2011-03-14T14:28:11+00:00\">Mehr wisse man \u00fcber die Verz\u00f6gerung auch nicht. Mittags waren die Daten dann nachgetragen. <\/del><\/p>\n<p><strong>Update:<\/strong> <em>Eine Sprecherin des Bundesamtes erkl\u00e4rte nach Ver\u00f6ffentlichung des Textes, es habe keine Pause gegeben. Alle zw\u00f6lf Stunden w\u00fcrden die Messdaten gemittelt und am Folgetag automatisch ver\u00f6ffentlicht. Die Beobachtung, dass am Sonntag keine Ver\u00f6ffentlichung erfolgte, konnte sie nicht best\u00e4tigen. Zitat: &#8222;Es gab keine Verz\u00f6gerung.&#8220;<\/em><\/p>\n<p><!--more--><\/p>\n<p><del datetime=\"2011-03-14T14:28:11+00:00\">Wahrscheinlich war die Datenpause nur ein dummer Zufall.<\/del> Unklar, ob es eine Datenpanne gab oder nicht. \u00dcbrig bleibt der Gedanke, dass offene Datenschnittstellen Vorteile bieten. Derzeit werden die Messwerte <a title=\"messewerte karte gamma strahlung\" href=\"http:\/\/odlinfo.bfs.de\/\" target=\"_blank\">in eine nicht sehr nutzerfreundliche Karte eingetragen<\/a>, die nicht einmal die Suche nach einem konkreten Ort erlaubt.<\/p>\n<p>Besser w\u00e4re es, wenn das BfS eine Schnittstelle (API) anb\u00f6te und \u00fcber diese die Daten in Echtzeit zur Verf\u00fcgung stellte. Dadurch lie\u00dfen sich Anwendungen bauen, die dem Einzelnen mehr nutzen k\u00f6nnten. Etwa eine &#8222;Geigerz\u00e4hler-App&#8220; f\u00fcr Smartphones, die dem Nutzer die Messwerte f\u00fcr seinen Standort liefert. Immerhin decken die Sonden ein Gebiet von jeweils 15 mal 15 Kilometern ab.<\/p>\n<p>Auch technisch d\u00fcrfte das kein gro\u00dfes Problem sein.\u00a0Die &#8222;Gamma-Ortsdosisleistung&#8220; (ODL) wird von den Sonden per Telefonleitung einige Male in der Stunde an die Zentrale \u00fcbertragen.<\/p>\n<p>Das Gegenargument f\u00fcr solche Ideen lautet im Zweifel, dass die Daten nicht sauber genug seien, dass sie Messfehler enthalten k\u00f6nnten und die Nutzer sie im Zweifel falsch interpretierten. Aber auf dieses Risiko w\u00fcrde sich die Mehrheit der Bev\u00f6lkerung sicher gerne einlassen. Abgesehen davon, dass die Software programmiert werden k\u00f6nnte, Ausrei\u00dfer in den Daten als solche zu erkennen.<\/p>\n<p><strong>Update:<\/strong> <em>\u00c4hnlich argumentierte nun auch die Sprecherin des BfS: Es sei nicht hilfreich, die Daten unkommentiert zur Verf\u00fcgung zu stellen, sagte sie. <\/em><\/p>\n<p>Dass der Bedarf vorhanden ist, war am Wochenende zu beobachten. Wie so oft bei Naturereignissen spielen Messungen eine gro\u00dfe Rolle. In den sozialen Netzwerken machte etwa die <a title=\"live earthquakes\" href=\"http:\/\/www.iris.edu\/seismon\/\" target=\"_blank\">Echtzeit-Erdbebenkarte<\/a> eines US-Forschungsnetzwerks die Runde.<\/p>\n<p>Die Bundesanstalt f\u00fcr Geowissenschaften und Rohstoffe d\u00fcrfte auch einige Zugriffen mehr auf ihrer Seite gesehen haben. Denn dort findet sich eine <a title=\"erdbeben deutschland daten 12 monate\" href=\"http:\/\/www.seisonline.bgr.de\/karto\/SEIS-Online.html\" target=\"_blank\">Karte mit den seismischen Ereignissen der letzten 12 Monate in Deutschland<\/a>.<\/p>\n<p>Und jemand machte sich die M\u00fche, <a title=\"akw erbeben deutschland\" href=\"http:\/\/www.kotzendes-einhorn.de\/blog\/2011-03\/atomkraftwerke-und-erdbebenzonen-in-deutschland\/\" target=\"_blank\">AKW-Standorte und Erdbebenzonen in Deutschland<\/a> auf einer Karte darzustellen. Eine gute Idee, die noch um die Livedaten des BfS erg\u00e4nzt werden k\u00f6nnte, wenn es sie g\u00e4be.<\/p>\n","protected":false},"excerpt":{"rendered":"<p>Das\u00a0Bundesamt f\u00fcr Strahlenschutz (BfS)\u00a0betreibt\u00a0seit\u00a0dem Reaktorungl\u00fcck in Tschernobyl vor fast genau 25 Jahren ein\u00a0&#8222;Integriertes Mess- und Informationssystem f\u00fcr die \u00dcberwachung der Radioaktivit\u00e4t in der Umwelt&#8220; (IMIS). Es besteht aus 1800 Messstationen, die \u00fcber die Republik verteilt sind. Die Daten, die sie liefern, werden eigentlich alle zw\u00f6lf Stunden ver\u00f6ffentlicht. Eigentlich. Seit Samstagnacht jedoch wurden die Informationen nicht [&hellip;]<\/p>\n","protected":false},"author":305,"featured_media":0,"comment_status":"open","ping_status":"open","sticky":false,"template":"","format":"standard","meta":{"_jetpack_memberships_contains_paid_content":false,"footnotes":""},"categories":[8571,8578],"tags":[],"class_list":["post-1809","post","type-post","status-publish","format-standard","hentry","category-datenpolitik","category-datenquelle"],"yoast_head":"<!-- This site is optimized with the Yoast SEO plugin v21.0 - https:\/\/yoast.com\/wordpress\/plugins\/seo\/ -->\n<title>Deutscher Strahlungsatlas machte Pause - Data Blog<\/title>\n<meta name=\"robots\" content=\"index, follow, max-snippet:-1, max-image-preview:large, max-video-preview:-1\" \/>\n<link rel=\"canonical\" href=\"https:\/\/blog.zeit.de\/open-data\/2011\/03\/14\/strahlenschutz-messwerte-deutschland\/\" \/>\n<meta property=\"og:locale\" content=\"de_DE\" \/>\n<meta property=\"og:type\" content=\"article\" \/>\n<meta property=\"og:title\" content=\"Deutscher Strahlungsatlas machte Pause - Data Blog\" \/>\n<meta property=\"og:description\" content=\"Das\u00a0Bundesamt f\u00fcr Strahlenschutz (BfS)\u00a0betreibt\u00a0seit\u00a0dem Reaktorungl\u00fcck in Tschernobyl vor fast genau 25 Jahren ein\u00a0&#8222;Integriertes Mess- und Informationssystem f\u00fcr die \u00dcberwachung der Radioaktivit\u00e4t in der Umwelt&#8220; (IMIS). Es besteht aus 1800 Messstationen, die \u00fcber die Republik verteilt sind. Die Daten, die sie liefern, werden eigentlich alle zw\u00f6lf Stunden ver\u00f6ffentlicht. Eigentlich. Seit Samstagnacht jedoch wurden die Informationen nicht [&hellip;]\" \/>\n<meta property=\"og:url\" content=\"https:\/\/blog.zeit.de\/open-data\/2011\/03\/14\/strahlenschutz-messwerte-deutschland\/\" \/>\n<meta property=\"og:site_name\" content=\"Data Blog\" \/>\n<meta property=\"article:published_time\" content=\"2011-03-14T11:09:53+00:00\" \/>\n<meta property=\"article:modified_time\" content=\"2011-03-14T14:59:04+00:00\" \/>\n<meta property=\"og:image\" content=\"https:\/\/blog.zeit.de\/open-data\/files\/2011\/03\/strahlung1.png\" \/>\n<meta name=\"author\" content=\"Lorenz Matzat\" \/>\n<meta name=\"twitter:label1\" content=\"Geschrieben von\" \/>\n\t<meta name=\"twitter:data1\" content=\"Lorenz Matzat\" \/>\n\t<meta name=\"twitter:label2\" content=\"Gesch\u00e4tzte Lesezeit\" \/>\n\t<meta name=\"twitter:data2\" content=\"3\u00a0Minuten\" \/>\n<script type=\"application\/ld+json\" class=\"yoast-schema-graph\">{\"@context\":\"https:\/\/schema.org\",\"@graph\":[{\"@type\":\"WebPage\",\"@id\":\"https:\/\/blog.zeit.de\/open-data\/2011\/03\/14\/strahlenschutz-messwerte-deutschland\/\",\"url\":\"https:\/\/blog.zeit.de\/open-data\/2011\/03\/14\/strahlenschutz-messwerte-deutschland\/\",\"name\":\"Deutscher Strahlungsatlas machte Pause - Data Blog\",\"isPartOf\":{\"@id\":\"https:\/\/blog.zeit.de\/open-data\/#website\"},\"datePublished\":\"2011-03-14T11:09:53+00:00\",\"dateModified\":\"2011-03-14T14:59:04+00:00\",\"author\":{\"@id\":\"https:\/\/blog.zeit.de\/open-data\/#\/schema\/person\/c04240975847260de2a22e39d66b1494\"},\"breadcrumb\":{\"@id\":\"https:\/\/blog.zeit.de\/open-data\/2011\/03\/14\/strahlenschutz-messwerte-deutschland\/#breadcrumb\"},\"inLanguage\":\"de\",\"potentialAction\":[{\"@type\":\"ReadAction\",\"target\":[\"https:\/\/blog.zeit.de\/open-data\/2011\/03\/14\/strahlenschutz-messwerte-deutschland\/\"]}]},{\"@type\":\"BreadcrumbList\",\"@id\":\"https:\/\/blog.zeit.de\/open-data\/2011\/03\/14\/strahlenschutz-messwerte-deutschland\/#breadcrumb\",\"itemListElement\":[{\"@type\":\"ListItem\",\"position\":1,\"name\":\"Startseite\",\"item\":\"https:\/\/blog.zeit.de\/open-data\/\"},{\"@type\":\"ListItem\",\"position\":2,\"name\":\"Deutscher Strahlungsatlas machte Pause\"}]},{\"@type\":\"WebSite\",\"@id\":\"https:\/\/blog.zeit.de\/open-data\/#website\",\"url\":\"https:\/\/blog.zeit.de\/open-data\/\",\"name\":\"Data Blog\",\"description\":\"Offene Daten \u2013 offene Gesellschaft\",\"potentialAction\":[{\"@type\":\"SearchAction\",\"target\":{\"@type\":\"EntryPoint\",\"urlTemplate\":\"https:\/\/blog.zeit.de\/open-data\/?s={search_term_string}\"},\"query-input\":\"required name=search_term_string\"}],\"inLanguage\":\"de\"},{\"@type\":\"Person\",\"@id\":\"https:\/\/blog.zeit.de\/open-data\/#\/schema\/person\/c04240975847260de2a22e39d66b1494\",\"name\":\"Lorenz Matzat\",\"image\":{\"@type\":\"ImageObject\",\"inLanguage\":\"de\",\"@id\":\"https:\/\/blog.zeit.de\/open-data\/#\/schema\/person\/image\/\",\"url\":\"https:\/\/secure.gravatar.com\/avatar\/3316bb29d735e38c7a7f0f39d9654a6391095f0181b5855ed61c690471cae5cf?s=96&d=mm&r=g\",\"contentUrl\":\"https:\/\/secure.gravatar.com\/avatar\/3316bb29d735e38c7a7f0f39d9654a6391095f0181b5855ed61c690471cae5cf?s=96&d=mm&r=g\",\"caption\":\"Lorenz Matzat\"},\"url\":\"https:\/\/blog.zeit.de\/open-data\/author\/lorenz-matzat\/\"}]}<\/script>\n<!-- \/ Yoast SEO plugin. -->","yoast_head_json":{"title":"Deutscher Strahlungsatlas machte Pause - Data Blog","robots":{"index":"index","follow":"follow","max-snippet":"max-snippet:-1","max-image-preview":"max-image-preview:large","max-video-preview":"max-video-preview:-1"},"canonical":"https:\/\/blog.zeit.de\/open-data\/2011\/03\/14\/strahlenschutz-messwerte-deutschland\/","og_locale":"de_DE","og_type":"article","og_title":"Deutscher Strahlungsatlas machte Pause - Data Blog","og_description":"Das\u00a0Bundesamt f\u00fcr Strahlenschutz (BfS)\u00a0betreibt\u00a0seit\u00a0dem Reaktorungl\u00fcck in Tschernobyl vor fast genau 25 Jahren ein\u00a0&#8222;Integriertes Mess- und Informationssystem f\u00fcr die \u00dcberwachung der Radioaktivit\u00e4t in der Umwelt&#8220; (IMIS). Es besteht aus 1800 Messstationen, die \u00fcber die Republik verteilt sind. Die Daten, die sie liefern, werden eigentlich alle zw\u00f6lf Stunden ver\u00f6ffentlicht. Eigentlich. Seit Samstagnacht jedoch wurden die Informationen nicht [&hellip;]","og_url":"https:\/\/blog.zeit.de\/open-data\/2011\/03\/14\/strahlenschutz-messwerte-deutschland\/","og_site_name":"Data Blog","article_published_time":"2011-03-14T11:09:53+00:00","article_modified_time":"2011-03-14T14:59:04+00:00","og_image":[{"url":"https:\/\/blog.zeit.de\/open-data\/files\/2011\/03\/strahlung1.png"}],"author":"Lorenz Matzat","twitter_misc":{"Geschrieben von":"Lorenz Matzat","Gesch\u00e4tzte Lesezeit":"3\u00a0Minuten"},"schema":{"@context":"https:\/\/schema.org","@graph":[{"@type":"WebPage","@id":"https:\/\/blog.zeit.de\/open-data\/2011\/03\/14\/strahlenschutz-messwerte-deutschland\/","url":"https:\/\/blog.zeit.de\/open-data\/2011\/03\/14\/strahlenschutz-messwerte-deutschland\/","name":"Deutscher Strahlungsatlas machte Pause - Data Blog","isPartOf":{"@id":"https:\/\/blog.zeit.de\/open-data\/#website"},"datePublished":"2011-03-14T11:09:53+00:00","dateModified":"2011-03-14T14:59:04+00:00","author":{"@id":"https:\/\/blog.zeit.de\/open-data\/#\/schema\/person\/c04240975847260de2a22e39d66b1494"},"breadcrumb":{"@id":"https:\/\/blog.zeit.de\/open-data\/2011\/03\/14\/strahlenschutz-messwerte-deutschland\/#breadcrumb"},"inLanguage":"de","potentialAction":[{"@type":"ReadAction","target":["https:\/\/blog.zeit.de\/open-data\/2011\/03\/14\/strahlenschutz-messwerte-deutschland\/"]}]},{"@type":"BreadcrumbList","@id":"https:\/\/blog.zeit.de\/open-data\/2011\/03\/14\/strahlenschutz-messwerte-deutschland\/#breadcrumb","itemListElement":[{"@type":"ListItem","position":1,"name":"Startseite","item":"https:\/\/blog.zeit.de\/open-data\/"},{"@type":"ListItem","position":2,"name":"Deutscher Strahlungsatlas machte Pause"}]},{"@type":"WebSite","@id":"https:\/\/blog.zeit.de\/open-data\/#website","url":"https:\/\/blog.zeit.de\/open-data\/","name":"Data Blog","description":"Offene Daten \u2013 offene Gesellschaft","potentialAction":[{"@type":"SearchAction","target":{"@type":"EntryPoint","urlTemplate":"https:\/\/blog.zeit.de\/open-data\/?s={search_term_string}"},"query-input":"required name=search_term_string"}],"inLanguage":"de"},{"@type":"Person","@id":"https:\/\/blog.zeit.de\/open-data\/#\/schema\/person\/c04240975847260de2a22e39d66b1494","name":"Lorenz Matzat","image":{"@type":"ImageObject","inLanguage":"de","@id":"https:\/\/blog.zeit.de\/open-data\/#\/schema\/person\/image\/","url":"https:\/\/secure.gravatar.com\/avatar\/3316bb29d735e38c7a7f0f39d9654a6391095f0181b5855ed61c690471cae5cf?s=96&d=mm&r=g","contentUrl":"https:\/\/secure.gravatar.com\/avatar\/3316bb29d735e38c7a7f0f39d9654a6391095f0181b5855ed61c690471cae5cf?s=96&d=mm&r=g","caption":"Lorenz Matzat"},"url":"https:\/\/blog.zeit.de\/open-data\/author\/lorenz-matzat\/"}]}},"jetpack_featured_media_url":"","jetpack_sharing_enabled":true,"_links":{"self":[{"href":"https:\/\/blog.zeit.de\/open-data\/wp-json\/wp\/v2\/posts\/1809","targetHints":{"allow":["GET"]}}],"collection":[{"href":"https:\/\/blog.zeit.de\/open-data\/wp-json\/wp\/v2\/posts"}],"about":[{"href":"https:\/\/blog.zeit.de\/open-data\/wp-json\/wp\/v2\/types\/post"}],"author":[{"embeddable":true,"href":"https:\/\/blog.zeit.de\/open-data\/wp-json\/wp\/v2\/users\/305"}],"replies":[{"embeddable":true,"href":"https:\/\/blog.zeit.de\/open-data\/wp-json\/wp\/v2\/comments?post=1809"}],"version-history":[{"count":30,"href":"https:\/\/blog.zeit.de\/open-data\/wp-json\/wp\/v2\/posts\/1809\/revisions"}],"predecessor-version":[{"id":1840,"href":"https:\/\/blog.zeit.de\/open-data\/wp-json\/wp\/v2\/posts\/1809\/revisions\/1840"}],"wp:attachment":[{"href":"https:\/\/blog.zeit.de\/open-data\/wp-json\/wp\/v2\/media?parent=1809"}],"wp:term":[{"taxonomy":"category","embeddable":true,"href":"https:\/\/blog.zeit.de\/open-data\/wp-json\/wp\/v2\/categories?post=1809"},{"taxonomy":"post_tag","embeddable":true,"href":"https:\/\/blog.zeit.de\/open-data\/wp-json\/wp\/v2\/tags?post=1809"}],"curies":[{"name":"wp","href":"https:\/\/api.w.org\/{rel}","templated":true}]}}