{"id":2074,"date":"2011-05-02T09:51:14","date_gmt":"2011-05-02T07:51:14","guid":{"rendered":"http:\/\/blog.zeit.de\/open-data\/?p=2074"},"modified":"2011-05-02T09:51:14","modified_gmt":"2011-05-02T07:51:14","slug":"open-data-neuigkeiten-und-termine","status":"publish","type":"post","link":"https:\/\/blog.zeit.de\/open-data\/2011\/05\/02\/open-data-neuigkeiten-und-termine\/","title":{"rendered":"Open-Data-Neuigkeiten und Termine"},"content":{"rendered":"<p><img loading=\"lazy\" decoding=\"async\" class=\"alignleft\" title=\"Open Government Icon\" src=\"https:\/\/blog.zeit.de\/open-data\/files\/2010\/12\/opengov_icon.jpg\" alt=\"\" width=\"200\" height=\"200\" \/><strong>Stuttgart<\/strong>: Im unl\u00e4ngst geschlossenen<a title=\"koalitionsvertrag bw\" href=\"http:\/\/gruene-bw.de\/fileadmin\/gruenebw\/dateien\/Koalitionsvertrag-web.pdf\" target=\"_blank\"> Koalitionsvertrag (pdf) der designierten gr\u00fcn-roten Landesregierung<\/a> Baden-W\u00fcrttembergs\u00a0gibt es auch einen Passus zu Informationsfreiheit und Open Data &#8211; bislang hatte das Bundesland kein eigenes Informationsfreiheitsgesetz. Im Vertrag nun hei\u00dft es:<\/p>\n<p>&#8222;<em>In einem umfassenden Informationsfreiheitsgesetz werden wir gesetzliche Regelungen treffen, damit B\u00fcrgerinnen und B\u00fcrger unter Beachtung des Datenschutzes grunds\u00e4tzlich freien Zugang zu\u00a0den bei den \u00f6ffentlichen Verwaltungen vorhandenen Informationen haben. Wir werden unser Regierungshandeln daran orientieren, die zugrunde liegenden Daten und Dokumente weitestm\u00f6glich \u00f6ffentlich zug\u00e4nglich zu machen. Hier orientieren wir uns am Grundsatz &#8218;Open Data<\/em>&#8218; &#8222;(S. 79).<\/p>\n<p><strong>\u00d6sterreich<\/strong>: Vergangene Woche wurden die Ergebnisse der Studie &#8222;<a title=\"\u00f6sterreich opengovernment\" href=\"http:\/\/www.open3.at\/projekte\/umfrage-potentiale-von-open-government-fur-osterreichische-nationalratsabgeordnete\" target=\"_blank\">Potenziale von Open Government f\u00fcr \u00f6sterreichische Nationalratsabgeordnete<\/a>\u201d vorgestellt. Knapp ein Viertel der gut 180 Abgeordneten beantworten zahlreiche Fragen zur Rolle von Open Data f\u00fcr ihre Arbeit und zum Nutzen f\u00fcr die Gesellschaft. Die Website <em>Futurezone.at<\/em> startete in diesem Zusammenhang <a title=\"website open data \u00f6sterreich\" href=\"http:\/\/futurezone.at\/thema\/499-open-data-blog.php\" target=\"_blank\">ein eigenes Open-Data-Blog<\/a>.<\/p>\n<p><strong>Amsterdam<\/strong>: Am <strong>12.\/13. Mai<\/strong> findet das <a title=\"opendata development\" href=\"http:\/\/openforchange.info\/oddc\" target=\"_blank\">Open Data for Development Camp<\/a> statt. Prinzipiell geht es um Transparenz in der Entwicklungspolitik mit Hilfe von offenen Daten. Die Teilnahmegeb\u00fchr betr\u00e4gt 75 Euro.<\/p>\n<p><strong>Berlin<\/strong>: Der &#8222;<a title=\"berliner opendata day\" href=\"http:\/\/boddy11.wordpress.com\/\" target=\"_blank\">Berliner OpenData Day BODDy<\/a>&#8220; findet am <strong>18. Mai<\/strong> statt. Leider ist er ausgebucht, alle Pl\u00e4tze sind belegt. Hier ein <a title=\"boddy berlin open data\" href=\"http:\/\/www.government2020.de\/blog\/?p=714\" target=\"_blank\">Interview mit zwei der Organisatoren<\/a>.<\/p>\n<p><strong>Wien<\/strong>: Zur <a title=\"\u00f6sterreich open data\" href=\"http:\/\/www.ogd2011.at\/\" target=\"_blank\">Open Government Data Konferenz<\/a> wird am <strong>16. Juni<\/strong> eingeladen. Die erste Konferenz dieser Art in \u00d6sterreich wendet sich an Politik, \u00f6ffentliche Verwaltung, Zivilgesellschaft und Wirtschaft.\u00a0Die Teilnahmegeb\u00fchr betr\u00e4gt 140 Euro; es gibt einige <a title=\"at open data free ticket\" href=\"http:\/\/www.ogd2011.at\/kartenverkauf\/freikarten\" target=\"_blank\">Freikarten zu gewinnen<\/a>.<\/p>\n<p><strong>Bern<\/strong>: Ebenfalls eine Premiere &#8211; diesmal in der Schweiz: <a title=\"schweiz open data\" href=\"http:\/\/www.ch-open.ch\/events\/aktuelle-events\/240611-opendatach-2011\/anmeldeformular\/\" target=\"_blank\">Das Treffen opendata.ch 2011<\/a> am <strong>24. Juni<\/strong>. Die Veranstaltung ist kostenlos. Die Anmeldung ist bis zum 27. Mai m\u00f6glich.<\/p>\n<p style=\"text-align: left;\"><strong>Berlin<\/strong>: Die j\u00e4hrliche <a title=\"berlin open knowledge\" href=\"http:\/\/okcon.org\/2011\/\" target=\"_blank\">Open Knowledge Conference (OKCon<\/a>) findet dieses Jahr in Berlin am 30. Juni\/1. Juli statt. Das Themenspektrum dreht sich um alle Bereiche des freien Wissens, vor allem auch im wissenschaftlichen Bereich. Ein Tagesticket kostet 25 Euro; f\u00fcr beide Tage werden 40 Euro f\u00e4llig.<\/p>\n","protected":false},"excerpt":{"rendered":"<p>Stuttgart: Im unl\u00e4ngst geschlossenen Koalitionsvertrag (pdf) der designierten gr\u00fcn-roten Landesregierung Baden-W\u00fcrttembergs\u00a0gibt es auch einen Passus zu Informationsfreiheit und Open Data &#8211; bislang hatte das Bundesland kein eigenes Informationsfreiheitsgesetz. Im Vertrag nun hei\u00dft es: &#8222;In einem umfassenden Informationsfreiheitsgesetz werden wir gesetzliche Regelungen treffen, damit B\u00fcrgerinnen und B\u00fcrger unter Beachtung des Datenschutzes grunds\u00e4tzlich freien Zugang zu\u00a0den bei [&hellip;]<\/p>\n","protected":false},"author":305,"featured_media":0,"comment_status":"open","ping_status":"open","sticky":false,"template":"","format":"standard","meta":{"_jetpack_memberships_contains_paid_content":false,"footnotes":""},"categories":[8580],"tags":[],"class_list":["post-2074","post","type-post","status-publish","format-standard","hentry","category-datengesellschaft"],"yoast_head":"<!-- This site is optimized with the Yoast SEO plugin v21.0 - https:\/\/yoast.com\/wordpress\/plugins\/seo\/ -->\n<title>Open-Data-Neuigkeiten und Termine - Data Blog<\/title>\n<meta name=\"robots\" content=\"index, follow, max-snippet:-1, max-image-preview:large, max-video-preview:-1\" \/>\n<link rel=\"canonical\" href=\"https:\/\/blog.zeit.de\/open-data\/2011\/05\/02\/open-data-neuigkeiten-und-termine\/\" \/>\n<meta property=\"og:locale\" content=\"de_DE\" \/>\n<meta property=\"og:type\" content=\"article\" \/>\n<meta property=\"og:title\" content=\"Open-Data-Neuigkeiten und Termine - Data Blog\" \/>\n<meta property=\"og:description\" content=\"Stuttgart: Im unl\u00e4ngst geschlossenen Koalitionsvertrag (pdf) der designierten gr\u00fcn-roten Landesregierung Baden-W\u00fcrttembergs\u00a0gibt es auch einen Passus zu Informationsfreiheit und Open Data &#8211; bislang hatte das Bundesland kein eigenes Informationsfreiheitsgesetz. Im Vertrag nun hei\u00dft es: &#8222;In einem umfassenden Informationsfreiheitsgesetz werden wir gesetzliche Regelungen treffen, damit B\u00fcrgerinnen und B\u00fcrger unter Beachtung des Datenschutzes grunds\u00e4tzlich freien Zugang zu\u00a0den bei [&hellip;]\" \/>\n<meta property=\"og:url\" content=\"https:\/\/blog.zeit.de\/open-data\/2011\/05\/02\/open-data-neuigkeiten-und-termine\/\" \/>\n<meta property=\"og:site_name\" content=\"Data Blog\" \/>\n<meta property=\"article:published_time\" content=\"2011-05-02T07:51:14+00:00\" \/>\n<meta property=\"og:image\" content=\"https:\/\/blog.zeit.de\/open-data\/files\/2010\/12\/opengov_icon.jpg\" \/>\n<meta name=\"author\" content=\"Lorenz Matzat\" \/>\n<meta name=\"twitter:label1\" content=\"Geschrieben von\" \/>\n\t<meta name=\"twitter:data1\" content=\"Lorenz Matzat\" \/>\n\t<meta name=\"twitter:label2\" content=\"Gesch\u00e4tzte Lesezeit\" \/>\n\t<meta name=\"twitter:data2\" content=\"2\u00a0Minuten\" \/>\n<script type=\"application\/ld+json\" class=\"yoast-schema-graph\">{\"@context\":\"https:\/\/schema.org\",\"@graph\":[{\"@type\":\"WebPage\",\"@id\":\"https:\/\/blog.zeit.de\/open-data\/2011\/05\/02\/open-data-neuigkeiten-und-termine\/\",\"url\":\"https:\/\/blog.zeit.de\/open-data\/2011\/05\/02\/open-data-neuigkeiten-und-termine\/\",\"name\":\"Open-Data-Neuigkeiten und Termine - Data Blog\",\"isPartOf\":{\"@id\":\"https:\/\/blog.zeit.de\/open-data\/#website\"},\"datePublished\":\"2011-05-02T07:51:14+00:00\",\"dateModified\":\"2011-05-02T07:51:14+00:00\",\"author\":{\"@id\":\"https:\/\/blog.zeit.de\/open-data\/#\/schema\/person\/c04240975847260de2a22e39d66b1494\"},\"breadcrumb\":{\"@id\":\"https:\/\/blog.zeit.de\/open-data\/2011\/05\/02\/open-data-neuigkeiten-und-termine\/#breadcrumb\"},\"inLanguage\":\"de\",\"potentialAction\":[{\"@type\":\"ReadAction\",\"target\":[\"https:\/\/blog.zeit.de\/open-data\/2011\/05\/02\/open-data-neuigkeiten-und-termine\/\"]}]},{\"@type\":\"BreadcrumbList\",\"@id\":\"https:\/\/blog.zeit.de\/open-data\/2011\/05\/02\/open-data-neuigkeiten-und-termine\/#breadcrumb\",\"itemListElement\":[{\"@type\":\"ListItem\",\"position\":1,\"name\":\"Startseite\",\"item\":\"https:\/\/blog.zeit.de\/open-data\/\"},{\"@type\":\"ListItem\",\"position\":2,\"name\":\"Open-Data-Neuigkeiten und Termine\"}]},{\"@type\":\"WebSite\",\"@id\":\"https:\/\/blog.zeit.de\/open-data\/#website\",\"url\":\"https:\/\/blog.zeit.de\/open-data\/\",\"name\":\"Data Blog\",\"description\":\"Offene Daten \u2013 offene Gesellschaft\",\"potentialAction\":[{\"@type\":\"SearchAction\",\"target\":{\"@type\":\"EntryPoint\",\"urlTemplate\":\"https:\/\/blog.zeit.de\/open-data\/?s={search_term_string}\"},\"query-input\":\"required name=search_term_string\"}],\"inLanguage\":\"de\"},{\"@type\":\"Person\",\"@id\":\"https:\/\/blog.zeit.de\/open-data\/#\/schema\/person\/c04240975847260de2a22e39d66b1494\",\"name\":\"Lorenz Matzat\",\"image\":{\"@type\":\"ImageObject\",\"inLanguage\":\"de\",\"@id\":\"https:\/\/blog.zeit.de\/open-data\/#\/schema\/person\/image\/\",\"url\":\"https:\/\/secure.gravatar.com\/avatar\/3316bb29d735e38c7a7f0f39d9654a6391095f0181b5855ed61c690471cae5cf?s=96&d=mm&r=g\",\"contentUrl\":\"https:\/\/secure.gravatar.com\/avatar\/3316bb29d735e38c7a7f0f39d9654a6391095f0181b5855ed61c690471cae5cf?s=96&d=mm&r=g\",\"caption\":\"Lorenz Matzat\"},\"url\":\"https:\/\/blog.zeit.de\/open-data\/author\/lorenz-matzat\/\"}]}<\/script>\n<!-- \/ Yoast SEO plugin. -->","yoast_head_json":{"title":"Open-Data-Neuigkeiten und Termine - Data Blog","robots":{"index":"index","follow":"follow","max-snippet":"max-snippet:-1","max-image-preview":"max-image-preview:large","max-video-preview":"max-video-preview:-1"},"canonical":"https:\/\/blog.zeit.de\/open-data\/2011\/05\/02\/open-data-neuigkeiten-und-termine\/","og_locale":"de_DE","og_type":"article","og_title":"Open-Data-Neuigkeiten und Termine - Data Blog","og_description":"Stuttgart: Im unl\u00e4ngst geschlossenen Koalitionsvertrag (pdf) der designierten gr\u00fcn-roten Landesregierung Baden-W\u00fcrttembergs\u00a0gibt es auch einen Passus zu Informationsfreiheit und Open Data &#8211; bislang hatte das Bundesland kein eigenes Informationsfreiheitsgesetz. Im Vertrag nun hei\u00dft es: &#8222;In einem umfassenden Informationsfreiheitsgesetz werden wir gesetzliche Regelungen treffen, damit B\u00fcrgerinnen und B\u00fcrger unter Beachtung des Datenschutzes grunds\u00e4tzlich freien Zugang zu\u00a0den bei [&hellip;]","og_url":"https:\/\/blog.zeit.de\/open-data\/2011\/05\/02\/open-data-neuigkeiten-und-termine\/","og_site_name":"Data Blog","article_published_time":"2011-05-02T07:51:14+00:00","og_image":[{"url":"https:\/\/blog.zeit.de\/open-data\/files\/2010\/12\/opengov_icon.jpg"}],"author":"Lorenz Matzat","twitter_misc":{"Geschrieben von":"Lorenz Matzat","Gesch\u00e4tzte Lesezeit":"2\u00a0Minuten"},"schema":{"@context":"https:\/\/schema.org","@graph":[{"@type":"WebPage","@id":"https:\/\/blog.zeit.de\/open-data\/2011\/05\/02\/open-data-neuigkeiten-und-termine\/","url":"https:\/\/blog.zeit.de\/open-data\/2011\/05\/02\/open-data-neuigkeiten-und-termine\/","name":"Open-Data-Neuigkeiten und Termine - Data Blog","isPartOf":{"@id":"https:\/\/blog.zeit.de\/open-data\/#website"},"datePublished":"2011-05-02T07:51:14+00:00","dateModified":"2011-05-02T07:51:14+00:00","author":{"@id":"https:\/\/blog.zeit.de\/open-data\/#\/schema\/person\/c04240975847260de2a22e39d66b1494"},"breadcrumb":{"@id":"https:\/\/blog.zeit.de\/open-data\/2011\/05\/02\/open-data-neuigkeiten-und-termine\/#breadcrumb"},"inLanguage":"de","potentialAction":[{"@type":"ReadAction","target":["https:\/\/blog.zeit.de\/open-data\/2011\/05\/02\/open-data-neuigkeiten-und-termine\/"]}]},{"@type":"BreadcrumbList","@id":"https:\/\/blog.zeit.de\/open-data\/2011\/05\/02\/open-data-neuigkeiten-und-termine\/#breadcrumb","itemListElement":[{"@type":"ListItem","position":1,"name":"Startseite","item":"https:\/\/blog.zeit.de\/open-data\/"},{"@type":"ListItem","position":2,"name":"Open-Data-Neuigkeiten und Termine"}]},{"@type":"WebSite","@id":"https:\/\/blog.zeit.de\/open-data\/#website","url":"https:\/\/blog.zeit.de\/open-data\/","name":"Data Blog","description":"Offene Daten \u2013 offene Gesellschaft","potentialAction":[{"@type":"SearchAction","target":{"@type":"EntryPoint","urlTemplate":"https:\/\/blog.zeit.de\/open-data\/?s={search_term_string}"},"query-input":"required name=search_term_string"}],"inLanguage":"de"},{"@type":"Person","@id":"https:\/\/blog.zeit.de\/open-data\/#\/schema\/person\/c04240975847260de2a22e39d66b1494","name":"Lorenz Matzat","image":{"@type":"ImageObject","inLanguage":"de","@id":"https:\/\/blog.zeit.de\/open-data\/#\/schema\/person\/image\/","url":"https:\/\/secure.gravatar.com\/avatar\/3316bb29d735e38c7a7f0f39d9654a6391095f0181b5855ed61c690471cae5cf?s=96&d=mm&r=g","contentUrl":"https:\/\/secure.gravatar.com\/avatar\/3316bb29d735e38c7a7f0f39d9654a6391095f0181b5855ed61c690471cae5cf?s=96&d=mm&r=g","caption":"Lorenz Matzat"},"url":"https:\/\/blog.zeit.de\/open-data\/author\/lorenz-matzat\/"}]}},"jetpack_featured_media_url":"","jetpack_sharing_enabled":true,"_links":{"self":[{"href":"https:\/\/blog.zeit.de\/open-data\/wp-json\/wp\/v2\/posts\/2074","targetHints":{"allow":["GET"]}}],"collection":[{"href":"https:\/\/blog.zeit.de\/open-data\/wp-json\/wp\/v2\/posts"}],"about":[{"href":"https:\/\/blog.zeit.de\/open-data\/wp-json\/wp\/v2\/types\/post"}],"author":[{"embeddable":true,"href":"https:\/\/blog.zeit.de\/open-data\/wp-json\/wp\/v2\/users\/305"}],"replies":[{"embeddable":true,"href":"https:\/\/blog.zeit.de\/open-data\/wp-json\/wp\/v2\/comments?post=2074"}],"version-history":[{"count":19,"href":"https:\/\/blog.zeit.de\/open-data\/wp-json\/wp\/v2\/posts\/2074\/revisions"}],"predecessor-version":[{"id":2082,"href":"https:\/\/blog.zeit.de\/open-data\/wp-json\/wp\/v2\/posts\/2074\/revisions\/2082"}],"wp:attachment":[{"href":"https:\/\/blog.zeit.de\/open-data\/wp-json\/wp\/v2\/media?parent=2074"}],"wp:term":[{"taxonomy":"category","embeddable":true,"href":"https:\/\/blog.zeit.de\/open-data\/wp-json\/wp\/v2\/categories?post=2074"},{"taxonomy":"post_tag","embeddable":true,"href":"https:\/\/blog.zeit.de\/open-data\/wp-json\/wp\/v2\/tags?post=2074"}],"curies":[{"name":"wp","href":"https:\/\/api.w.org\/{rel}","templated":true}]}}