{"id":3063,"date":"2011-10-31T14:31:58","date_gmt":"2011-10-31T13:31:58","guid":{"rendered":"http:\/\/blog.zeit.de\/open-data\/?p=3063"},"modified":"2011-10-31T14:31:58","modified_gmt":"2011-10-31T13:31:58","slug":"sieben-milliarden-weltbevoelkerung-grafik","status":"publish","type":"post","link":"https:\/\/blog.zeit.de\/open-data\/2011\/10\/31\/sieben-milliarden-weltbevoelkerung-grafik\/","title":{"rendered":"Adam, Eva und die anderen gehen steil"},"content":{"rendered":"<p>Im Jahr 1500 ist die Erfindung des Buchdrucks durch Johannes Gutenberg gerade einmal ein paar Jahrzehnte alt. Gott lebt noch. Die Erschaffung von durchsichtigem Glas wird in Norditalien erstmals m\u00f6glich. Und zwischen Wien und Br\u00fcssel wird eine der fr\u00fchesten st\u00e4ndigen europ\u00e4ischen Postlinien in Betrieb genommen. Die Weltbev\u00f6lkerung betrug gerade einmal 500 Millionen Menschen.<\/p>\n<p><a href=\"http:\/\/www.bbc.co.uk\/news\/world-15391515\"><img loading=\"lazy\" decoding=\"async\" class=\"alignnone size-full wp-image-3066\" title=\"UNFPA-Infohgrafik-Weltbev\u00f6lkerung\" src=\"https:\/\/blog.zeit.de\/open-data\/files\/2011\/10\/UNFPA-Infohgrafik-Weltbev%C3%B6lkerung1.png\" alt=\"\" width=\"540\" height=\"398\" \/><\/a><\/p>\n<p>Am Montag wurde <a href=\"http:\/\/www.zeit.de\/wissen\/weltbevoelkerung\" target=\"_blank\">der siebenmilliardste Mensch geboren<\/a>. Das jedenfalls gibt <a href=\"http:\/\/www.unfpa.org\/public\/\">UNFPA<\/a> seit einigen Tagen zu Protokoll. UNFPA ist das United Nations Population Fund. Die BBC hat die dramatische Entwicklung der Weltbev\u00f6lkerung in eine einfache, aber eindrucksvolle und interaktive <a href=\"http:\/\/www.bbc.co.uk\/news\/world-15391515\">Datenvisualisierung<\/a> \u00fcbersetzt. Die Entwicklung der Weltbev\u00f6lkerung der letzten 500 Jahre. Eine steiler, sehr steiler Anstieg.<\/p>\n","protected":false},"excerpt":{"rendered":"<p>Im Jahr 1500 ist die Erfindung des Buchdrucks durch Johannes Gutenberg gerade einmal ein paar Jahrzehnte alt. Gott lebt noch. Die Erschaffung von durchsichtigem Glas wird in Norditalien erstmals m\u00f6glich. Und zwischen Wien und Br\u00fcssel wird eine der fr\u00fchesten st\u00e4ndigen europ\u00e4ischen Postlinien in Betrieb genommen. Die Weltbev\u00f6lkerung betrug gerade einmal 500 Millionen Menschen. Am Montag [&hellip;]<\/p>\n","protected":false},"author":316,"featured_media":0,"comment_status":"open","ping_status":"open","sticky":false,"template":"","format":"standard","meta":{"_jetpack_memberships_contains_paid_content":false,"footnotes":""},"categories":[8618],"tags":[15578,192,15577,15575],"class_list":["post-3063","post","type-post","status-publish","format-standard","hentry","category-datenvisualisierung","tag-menschheit","tag-un","tag-unfpa","tag-weltbevolkerung"],"yoast_head":"<!-- This site is optimized with the Yoast SEO plugin v21.0 - https:\/\/yoast.com\/wordpress\/plugins\/seo\/ -->\n<title>Adam, Eva und die anderen gehen steil - Data Blog<\/title>\n<meta name=\"robots\" content=\"index, follow, max-snippet:-1, max-image-preview:large, max-video-preview:-1\" \/>\n<link rel=\"canonical\" href=\"https:\/\/blog.zeit.de\/open-data\/2011\/10\/31\/sieben-milliarden-weltbevoelkerung-grafik\/\" \/>\n<meta property=\"og:locale\" content=\"de_DE\" \/>\n<meta property=\"og:type\" content=\"article\" \/>\n<meta property=\"og:title\" content=\"Adam, Eva und die anderen gehen steil - Data Blog\" \/>\n<meta property=\"og:description\" content=\"Im Jahr 1500 ist die Erfindung des Buchdrucks durch Johannes Gutenberg gerade einmal ein paar Jahrzehnte alt. Gott lebt noch. Die Erschaffung von durchsichtigem Glas wird in Norditalien erstmals m\u00f6glich. Und zwischen Wien und Br\u00fcssel wird eine der fr\u00fchesten st\u00e4ndigen europ\u00e4ischen Postlinien in Betrieb genommen. Die Weltbev\u00f6lkerung betrug gerade einmal 500 Millionen Menschen. Am Montag [&hellip;]\" \/>\n<meta property=\"og:url\" content=\"https:\/\/blog.zeit.de\/open-data\/2011\/10\/31\/sieben-milliarden-weltbevoelkerung-grafik\/\" \/>\n<meta property=\"og:site_name\" content=\"Data Blog\" \/>\n<meta property=\"article:published_time\" content=\"2011-10-31T13:31:58+00:00\" \/>\n<meta property=\"og:image\" content=\"https:\/\/blog.zeit.de\/open-data\/files\/2011\/10\/UNFPA-Infohgrafik-Weltbev%C3%B6lkerung1.png\" \/>\n<meta name=\"author\" content=\"Markus Heidmeier\" \/>\n<meta name=\"twitter:label1\" content=\"Geschrieben von\" \/>\n\t<meta name=\"twitter:data1\" content=\"Markus Heidmeier\" \/>\n\t<meta name=\"twitter:label2\" content=\"Gesch\u00e4tzte Lesezeit\" \/>\n\t<meta name=\"twitter:data2\" content=\"1\u00a0Minute\" \/>\n<script type=\"application\/ld+json\" class=\"yoast-schema-graph\">{\"@context\":\"https:\/\/schema.org\",\"@graph\":[{\"@type\":\"WebPage\",\"@id\":\"https:\/\/blog.zeit.de\/open-data\/2011\/10\/31\/sieben-milliarden-weltbevoelkerung-grafik\/\",\"url\":\"https:\/\/blog.zeit.de\/open-data\/2011\/10\/31\/sieben-milliarden-weltbevoelkerung-grafik\/\",\"name\":\"Adam, Eva und die anderen gehen steil - Data Blog\",\"isPartOf\":{\"@id\":\"https:\/\/blog.zeit.de\/open-data\/#website\"},\"datePublished\":\"2011-10-31T13:31:58+00:00\",\"dateModified\":\"2011-10-31T13:31:58+00:00\",\"author\":{\"@id\":\"https:\/\/blog.zeit.de\/open-data\/#\/schema\/person\/cdb7706213a0d0a465e1af683409c433\"},\"breadcrumb\":{\"@id\":\"https:\/\/blog.zeit.de\/open-data\/2011\/10\/31\/sieben-milliarden-weltbevoelkerung-grafik\/#breadcrumb\"},\"inLanguage\":\"de\",\"potentialAction\":[{\"@type\":\"ReadAction\",\"target\":[\"https:\/\/blog.zeit.de\/open-data\/2011\/10\/31\/sieben-milliarden-weltbevoelkerung-grafik\/\"]}]},{\"@type\":\"BreadcrumbList\",\"@id\":\"https:\/\/blog.zeit.de\/open-data\/2011\/10\/31\/sieben-milliarden-weltbevoelkerung-grafik\/#breadcrumb\",\"itemListElement\":[{\"@type\":\"ListItem\",\"position\":1,\"name\":\"Startseite\",\"item\":\"https:\/\/blog.zeit.de\/open-data\/\"},{\"@type\":\"ListItem\",\"position\":2,\"name\":\"Adam, Eva und die anderen gehen steil\"}]},{\"@type\":\"WebSite\",\"@id\":\"https:\/\/blog.zeit.de\/open-data\/#website\",\"url\":\"https:\/\/blog.zeit.de\/open-data\/\",\"name\":\"Data Blog\",\"description\":\"Offene Daten \u2013 offene Gesellschaft\",\"potentialAction\":[{\"@type\":\"SearchAction\",\"target\":{\"@type\":\"EntryPoint\",\"urlTemplate\":\"https:\/\/blog.zeit.de\/open-data\/?s={search_term_string}\"},\"query-input\":\"required name=search_term_string\"}],\"inLanguage\":\"de\"},{\"@type\":\"Person\",\"@id\":\"https:\/\/blog.zeit.de\/open-data\/#\/schema\/person\/cdb7706213a0d0a465e1af683409c433\",\"name\":\"Markus Heidmeier\",\"image\":{\"@type\":\"ImageObject\",\"inLanguage\":\"de\",\"@id\":\"https:\/\/blog.zeit.de\/open-data\/#\/schema\/person\/image\/\",\"url\":\"https:\/\/secure.gravatar.com\/avatar\/d1c14322a5ecf6eb86edf219578915e4afbbac1d1738cdc0b17ad2d8302bc8e8?s=96&d=mm&r=g\",\"contentUrl\":\"https:\/\/secure.gravatar.com\/avatar\/d1c14322a5ecf6eb86edf219578915e4afbbac1d1738cdc0b17ad2d8302bc8e8?s=96&d=mm&r=g\",\"caption\":\"Markus Heidmeier\"},\"url\":\"https:\/\/blog.zeit.de\/open-data\/author\/markus-heidmeier\/\"}]}<\/script>\n<!-- \/ Yoast SEO plugin. -->","yoast_head_json":{"title":"Adam, Eva und die anderen gehen steil - Data Blog","robots":{"index":"index","follow":"follow","max-snippet":"max-snippet:-1","max-image-preview":"max-image-preview:large","max-video-preview":"max-video-preview:-1"},"canonical":"https:\/\/blog.zeit.de\/open-data\/2011\/10\/31\/sieben-milliarden-weltbevoelkerung-grafik\/","og_locale":"de_DE","og_type":"article","og_title":"Adam, Eva und die anderen gehen steil - Data Blog","og_description":"Im Jahr 1500 ist die Erfindung des Buchdrucks durch Johannes Gutenberg gerade einmal ein paar Jahrzehnte alt. Gott lebt noch. Die Erschaffung von durchsichtigem Glas wird in Norditalien erstmals m\u00f6glich. Und zwischen Wien und Br\u00fcssel wird eine der fr\u00fchesten st\u00e4ndigen europ\u00e4ischen Postlinien in Betrieb genommen. Die Weltbev\u00f6lkerung betrug gerade einmal 500 Millionen Menschen. Am Montag [&hellip;]","og_url":"https:\/\/blog.zeit.de\/open-data\/2011\/10\/31\/sieben-milliarden-weltbevoelkerung-grafik\/","og_site_name":"Data Blog","article_published_time":"2011-10-31T13:31:58+00:00","og_image":[{"url":"https:\/\/blog.zeit.de\/open-data\/files\/2011\/10\/UNFPA-Infohgrafik-Weltbev%C3%B6lkerung1.png"}],"author":"Markus Heidmeier","twitter_misc":{"Geschrieben von":"Markus Heidmeier","Gesch\u00e4tzte Lesezeit":"1\u00a0Minute"},"schema":{"@context":"https:\/\/schema.org","@graph":[{"@type":"WebPage","@id":"https:\/\/blog.zeit.de\/open-data\/2011\/10\/31\/sieben-milliarden-weltbevoelkerung-grafik\/","url":"https:\/\/blog.zeit.de\/open-data\/2011\/10\/31\/sieben-milliarden-weltbevoelkerung-grafik\/","name":"Adam, Eva und die anderen gehen steil - Data Blog","isPartOf":{"@id":"https:\/\/blog.zeit.de\/open-data\/#website"},"datePublished":"2011-10-31T13:31:58+00:00","dateModified":"2011-10-31T13:31:58+00:00","author":{"@id":"https:\/\/blog.zeit.de\/open-data\/#\/schema\/person\/cdb7706213a0d0a465e1af683409c433"},"breadcrumb":{"@id":"https:\/\/blog.zeit.de\/open-data\/2011\/10\/31\/sieben-milliarden-weltbevoelkerung-grafik\/#breadcrumb"},"inLanguage":"de","potentialAction":[{"@type":"ReadAction","target":["https:\/\/blog.zeit.de\/open-data\/2011\/10\/31\/sieben-milliarden-weltbevoelkerung-grafik\/"]}]},{"@type":"BreadcrumbList","@id":"https:\/\/blog.zeit.de\/open-data\/2011\/10\/31\/sieben-milliarden-weltbevoelkerung-grafik\/#breadcrumb","itemListElement":[{"@type":"ListItem","position":1,"name":"Startseite","item":"https:\/\/blog.zeit.de\/open-data\/"},{"@type":"ListItem","position":2,"name":"Adam, Eva und die anderen gehen steil"}]},{"@type":"WebSite","@id":"https:\/\/blog.zeit.de\/open-data\/#website","url":"https:\/\/blog.zeit.de\/open-data\/","name":"Data Blog","description":"Offene Daten \u2013 offene Gesellschaft","potentialAction":[{"@type":"SearchAction","target":{"@type":"EntryPoint","urlTemplate":"https:\/\/blog.zeit.de\/open-data\/?s={search_term_string}"},"query-input":"required name=search_term_string"}],"inLanguage":"de"},{"@type":"Person","@id":"https:\/\/blog.zeit.de\/open-data\/#\/schema\/person\/cdb7706213a0d0a465e1af683409c433","name":"Markus Heidmeier","image":{"@type":"ImageObject","inLanguage":"de","@id":"https:\/\/blog.zeit.de\/open-data\/#\/schema\/person\/image\/","url":"https:\/\/secure.gravatar.com\/avatar\/d1c14322a5ecf6eb86edf219578915e4afbbac1d1738cdc0b17ad2d8302bc8e8?s=96&d=mm&r=g","contentUrl":"https:\/\/secure.gravatar.com\/avatar\/d1c14322a5ecf6eb86edf219578915e4afbbac1d1738cdc0b17ad2d8302bc8e8?s=96&d=mm&r=g","caption":"Markus Heidmeier"},"url":"https:\/\/blog.zeit.de\/open-data\/author\/markus-heidmeier\/"}]}},"jetpack_featured_media_url":"","jetpack_sharing_enabled":true,"_links":{"self":[{"href":"https:\/\/blog.zeit.de\/open-data\/wp-json\/wp\/v2\/posts\/3063","targetHints":{"allow":["GET"]}}],"collection":[{"href":"https:\/\/blog.zeit.de\/open-data\/wp-json\/wp\/v2\/posts"}],"about":[{"href":"https:\/\/blog.zeit.de\/open-data\/wp-json\/wp\/v2\/types\/post"}],"author":[{"embeddable":true,"href":"https:\/\/blog.zeit.de\/open-data\/wp-json\/wp\/v2\/users\/316"}],"replies":[{"embeddable":true,"href":"https:\/\/blog.zeit.de\/open-data\/wp-json\/wp\/v2\/comments?post=3063"}],"version-history":[{"count":8,"href":"https:\/\/blog.zeit.de\/open-data\/wp-json\/wp\/v2\/posts\/3063\/revisions"}],"predecessor-version":[{"id":3082,"href":"https:\/\/blog.zeit.de\/open-data\/wp-json\/wp\/v2\/posts\/3063\/revisions\/3082"}],"wp:attachment":[{"href":"https:\/\/blog.zeit.de\/open-data\/wp-json\/wp\/v2\/media?parent=3063"}],"wp:term":[{"taxonomy":"category","embeddable":true,"href":"https:\/\/blog.zeit.de\/open-data\/wp-json\/wp\/v2\/categories?post=3063"},{"taxonomy":"post_tag","embeddable":true,"href":"https:\/\/blog.zeit.de\/open-data\/wp-json\/wp\/v2\/tags?post=3063"}],"curies":[{"name":"wp","href":"https:\/\/api.w.org\/{rel}","templated":true}]}}