{"id":3286,"date":"2012-03-08T13:51:44","date_gmt":"2012-03-08T12:51:44","guid":{"rendered":"http:\/\/blog.zeit.de\/open-data\/?p=3286"},"modified":"2012-03-08T14:01:38","modified_gmt":"2012-03-08T13:01:38","slug":"pete-warden-facebook-fotos","status":"publish","type":"post","link":"https:\/\/blog.zeit.de\/open-data\/2012\/03\/08\/pete-warden-facebook-fotos\/","title":{"rendered":"Wohin reisen amerikanische Facebook-Nutzer?"},"content":{"rendered":"<p><figure id=\"attachment_3291\" aria-describedby=\"caption-attachment-3291\" style=\"width: 540px\" class=\"wp-caption aligncenter\"><a href=\"https:\/\/blog.zeit.de\/open-data\/files\/2012\/03\/Bildschirmfoto-2012-03-08-um-13.36.32-e1331210962110.png\"><img loading=\"lazy\" decoding=\"async\" src=\"https:\/\/blog.zeit.de\/open-data\/files\/2012\/03\/Bildschirmfoto-2012-03-08-um-13.36.32-e1331210962110.png\" alt=\"\" title=\"Bildschirmfoto 2012-03-08 um 13.36.32\" width=\"540\" height=\"324\" class=\"size-full wp-image-3291\" \/><\/a><figcaption id=\"caption-attachment-3291\" class=\"wp-caption-text\">Reiseziele von amerikanischen Facebook-Nutzern - Screenshot einer Datenvisualisierung von Pete Warden<\/figcaption><\/figure><\/p>\n<p>Pete Warden hat mal wieder Daten visualisiert. Warden ist der Gr\u00fcnder <a href=\"http:\/\/www.openheatmap.com\/\" target=\"_blank\">von Open Heat Map<\/a>, einer Seite, mit der jeder in wenigen Schritten verschiedenste Daten in Karten und Darstellungen unwandeln kann. <\/p>\n<p>Dieses Mal fragte sich Warden, wohin Amerikaner so in den Urlaub fahren oder fliegen und nutzte dazu Daten von Facebook. Basis waren die Geodaten vom Aufnahmeort von mehr als 350 Millionen Fotos, die auf Facebook verbreitet wurden. Daraus entstanden ist dann eine Karte <a href=\"https:\/\/www.jetpac.com\/top\" target=\"_blank\">der Urlaubsziele amerikanischer Facebooknutzer<\/a>. <\/p>\n<p>Das sieht sch\u00f6n aus und sagt auch etwas \u00fcber die Gewohnheiten der Urlauber. So kommen die meisten Chinabesucher aus der Universit\u00e4tsstadt Stanford, die meisten Spanientouristen aus Miami Beach und New Yorker fliegen am liebsten nach Paris. Wobei die mit Abstand meisten Paris-Reisenden aus West Hollywood kommen. Warum auch immer.<\/p>\n<p>Das eigentlich spannende aber ist gar nicht die Karte oder das Projekt, es ist die Dokumentation dazu. Denn Pete Warden will nicht nur offene Daten erzeugen, er will auch sein Wissen offenlegen.<\/p>\n<p><code><object width=\"540\" height=\"304\"><param name=\"movie\" value=\"http:\/\/www.youtube.com\/v\/vxnxe9T7mMw?version=3&amp;hl=en_US&amp;rel=0\"><\/param><param name=\"allowFullScreen\" value=\"true\"><\/param><param name=\"allowscriptaccess\" value=\"always\"><\/param><\/object><\/code><\/p>\n<p>Und so <a href=\"http:\/\/radar.oreilly.com\/2012\/02\/how-to-create-visualization-facebook-vacation.html\" target=\"_blank\">erkl\u00e4rt er bei <em>Radar O&#8217;Reilly<\/em><\/a> Schritt f\u00fcr Schritt, wie es zu der Karte kam. Nebenbei erz\u00e4hlt er viel dar\u00fcber, was sich mit Daten anstellen l\u00e4sst und was bei der Verarbeitung beachtet werden sollte.<\/p>\n<p>Ein wichtiges Wort dabei ist &#8222;<em>fun<\/em>&#8222;, Spa\u00df. Schlie\u00dflich haben die Open-Data-Bewegung, Datenjournalismus und Datenvisualisierung den sch\u00f6nen Nebeneffekt, dass sie zeigen, dass in Daten spannende Geschichten stecken, dass sie tats\u00e4chlich Spa\u00df machen k\u00f6nnen. <\/p>\n<p>Bei Warden liest sich das dann so: &#8222;<em>My problem is that I want other people to have as much fun exploring the data as I&#8217;ve had, so I couldn&#8217;t resist adding some interaction to the vacation visualization.<\/em>&#8220; Weil er wolle, dass andere ebensoviel Spa\u00df am Erforschen der Informationen h\u00e4tten wie er, baue er gern interaktive Elemente ein. Wobei er im Weiteren erz\u00e4hlt, dass Interaktion nicht immer eine gute Idee sei, weil sie verwirrend sein k\u00f6nne. Manchmal sei eine statische Grafik schlicht besser, weil sie sofort vermittle, worum es bei der Geschichte geht.<\/p>\n<p>Die Facebook-Touristen-Grafik ist dann aber doch interaktiv geworden. Warden sagt auch, warum: &#8222;<em>I build these visualizations so I can explore them myself, so my favorite part of the whole process is the chance to sit and play with the results. There&#8217;s always unexpected stories hidden in there, and I love uncovering them.<\/em>&#8220; Denn der sch\u00f6nste Teil des ganzen Prozesses sei f\u00fcr ihn das anschlie\u00dfende Herumspielen mit der Grafik und das Suchen nach versteckten Geschichten. Denn die gebe es immer. &#8222;Und ich liebe es, sie zu finden.&#8220; <\/p>\n","protected":false},"excerpt":{"rendered":"<p>Pete Warden hat mal wieder Daten visualisiert. Warden ist der Gr\u00fcnder von Open Heat Map, einer Seite, mit der jeder in wenigen Schritten verschiedenste Daten in Karten und Darstellungen unwandeln kann. Dieses Mal fragte sich Warden, wohin Amerikaner so in den Urlaub fahren oder fliegen und nutzte dazu Daten von Facebook. Basis waren die Geodaten [&hellip;]<\/p>\n","protected":false},"author":39,"featured_media":0,"comment_status":"open","ping_status":"open","sticky":false,"template":"","format":"standard","meta":{"_jetpack_memberships_contains_paid_content":false,"footnotes":""},"categories":[8618],"tags":[305,17441,13651],"class_list":["post-3286","post","type-post","status-publish","format-standard","hentry","category-datenvisualisierung","tag-facebook","tag-pete-warden","tag-visualisierung"],"yoast_head":"<!-- This site is optimized with the Yoast SEO plugin v21.0 - https:\/\/yoast.com\/wordpress\/plugins\/seo\/ -->\n<title>Wohin reisen amerikanische Facebook-Nutzer? - Data Blog<\/title>\n<meta name=\"robots\" content=\"index, follow, max-snippet:-1, max-image-preview:large, max-video-preview:-1\" \/>\n<link rel=\"canonical\" href=\"https:\/\/blog.zeit.de\/open-data\/2012\/03\/08\/pete-warden-facebook-fotos\/\" \/>\n<meta property=\"og:locale\" content=\"de_DE\" \/>\n<meta property=\"og:type\" content=\"article\" \/>\n<meta property=\"og:title\" content=\"Wohin reisen amerikanische Facebook-Nutzer? - Data Blog\" \/>\n<meta property=\"og:description\" content=\"Pete Warden hat mal wieder Daten visualisiert. Warden ist der Gr\u00fcnder von Open Heat Map, einer Seite, mit der jeder in wenigen Schritten verschiedenste Daten in Karten und Darstellungen unwandeln kann. Dieses Mal fragte sich Warden, wohin Amerikaner so in den Urlaub fahren oder fliegen und nutzte dazu Daten von Facebook. Basis waren die Geodaten [&hellip;]\" \/>\n<meta property=\"og:url\" content=\"https:\/\/blog.zeit.de\/open-data\/2012\/03\/08\/pete-warden-facebook-fotos\/\" \/>\n<meta property=\"og:site_name\" content=\"Data Blog\" \/>\n<meta property=\"article:published_time\" content=\"2012-03-08T12:51:44+00:00\" \/>\n<meta property=\"article:modified_time\" content=\"2012-03-08T13:01:38+00:00\" \/>\n<meta property=\"og:image\" content=\"https:\/\/blog.zeit.de\/open-data\/files\/2012\/03\/Bildschirmfoto-2012-03-08-um-13.36.32-e1331210962110.png\" \/>\n<meta name=\"author\" content=\"Kai Biermann\" \/>\n<meta name=\"twitter:label1\" content=\"Geschrieben von\" \/>\n\t<meta name=\"twitter:data1\" content=\"Kai Biermann\" \/>\n\t<meta name=\"twitter:label2\" content=\"Gesch\u00e4tzte Lesezeit\" \/>\n\t<meta name=\"twitter:data2\" content=\"2\u00a0Minuten\" \/>\n<script type=\"application\/ld+json\" class=\"yoast-schema-graph\">{\"@context\":\"https:\/\/schema.org\",\"@graph\":[{\"@type\":\"WebPage\",\"@id\":\"https:\/\/blog.zeit.de\/open-data\/2012\/03\/08\/pete-warden-facebook-fotos\/\",\"url\":\"https:\/\/blog.zeit.de\/open-data\/2012\/03\/08\/pete-warden-facebook-fotos\/\",\"name\":\"Wohin reisen amerikanische Facebook-Nutzer? - Data Blog\",\"isPartOf\":{\"@id\":\"https:\/\/blog.zeit.de\/open-data\/#website\"},\"datePublished\":\"2012-03-08T12:51:44+00:00\",\"dateModified\":\"2012-03-08T13:01:38+00:00\",\"author\":{\"@id\":\"https:\/\/blog.zeit.de\/open-data\/#\/schema\/person\/a03c4af6b374e159b5f915165e667fc9\"},\"breadcrumb\":{\"@id\":\"https:\/\/blog.zeit.de\/open-data\/2012\/03\/08\/pete-warden-facebook-fotos\/#breadcrumb\"},\"inLanguage\":\"de\",\"potentialAction\":[{\"@type\":\"ReadAction\",\"target\":[\"https:\/\/blog.zeit.de\/open-data\/2012\/03\/08\/pete-warden-facebook-fotos\/\"]}]},{\"@type\":\"BreadcrumbList\",\"@id\":\"https:\/\/blog.zeit.de\/open-data\/2012\/03\/08\/pete-warden-facebook-fotos\/#breadcrumb\",\"itemListElement\":[{\"@type\":\"ListItem\",\"position\":1,\"name\":\"Startseite\",\"item\":\"https:\/\/blog.zeit.de\/open-data\/\"},{\"@type\":\"ListItem\",\"position\":2,\"name\":\"Wohin reisen amerikanische Facebook-Nutzer?\"}]},{\"@type\":\"WebSite\",\"@id\":\"https:\/\/blog.zeit.de\/open-data\/#website\",\"url\":\"https:\/\/blog.zeit.de\/open-data\/\",\"name\":\"Data Blog\",\"description\":\"Offene Daten \u2013 offene Gesellschaft\",\"potentialAction\":[{\"@type\":\"SearchAction\",\"target\":{\"@type\":\"EntryPoint\",\"urlTemplate\":\"https:\/\/blog.zeit.de\/open-data\/?s={search_term_string}\"},\"query-input\":\"required name=search_term_string\"}],\"inLanguage\":\"de\"},{\"@type\":\"Person\",\"@id\":\"https:\/\/blog.zeit.de\/open-data\/#\/schema\/person\/a03c4af6b374e159b5f915165e667fc9\",\"name\":\"Kai Biermann\",\"image\":{\"@type\":\"ImageObject\",\"inLanguage\":\"de\",\"@id\":\"https:\/\/blog.zeit.de\/open-data\/#\/schema\/person\/image\/\",\"url\":\"https:\/\/secure.gravatar.com\/avatar\/780cd357e130092a8a6e17883fefa37ffa867f8f86af9e55f250c8cba7828979?s=96&d=mm&r=g\",\"contentUrl\":\"https:\/\/secure.gravatar.com\/avatar\/780cd357e130092a8a6e17883fefa37ffa867f8f86af9e55f250c8cba7828979?s=96&d=mm&r=g\",\"caption\":\"Kai Biermann\"},\"url\":\"https:\/\/blog.zeit.de\/open-data\/author\/kai-biermann\/\"}]}<\/script>\n<!-- \/ Yoast SEO plugin. -->","yoast_head_json":{"title":"Wohin reisen amerikanische Facebook-Nutzer? - Data Blog","robots":{"index":"index","follow":"follow","max-snippet":"max-snippet:-1","max-image-preview":"max-image-preview:large","max-video-preview":"max-video-preview:-1"},"canonical":"https:\/\/blog.zeit.de\/open-data\/2012\/03\/08\/pete-warden-facebook-fotos\/","og_locale":"de_DE","og_type":"article","og_title":"Wohin reisen amerikanische Facebook-Nutzer? - Data Blog","og_description":"Pete Warden hat mal wieder Daten visualisiert. Warden ist der Gr\u00fcnder von Open Heat Map, einer Seite, mit der jeder in wenigen Schritten verschiedenste Daten in Karten und Darstellungen unwandeln kann. Dieses Mal fragte sich Warden, wohin Amerikaner so in den Urlaub fahren oder fliegen und nutzte dazu Daten von Facebook. Basis waren die Geodaten [&hellip;]","og_url":"https:\/\/blog.zeit.de\/open-data\/2012\/03\/08\/pete-warden-facebook-fotos\/","og_site_name":"Data Blog","article_published_time":"2012-03-08T12:51:44+00:00","article_modified_time":"2012-03-08T13:01:38+00:00","og_image":[{"url":"https:\/\/blog.zeit.de\/open-data\/files\/2012\/03\/Bildschirmfoto-2012-03-08-um-13.36.32-e1331210962110.png"}],"author":"Kai Biermann","twitter_misc":{"Geschrieben von":"Kai Biermann","Gesch\u00e4tzte Lesezeit":"2\u00a0Minuten"},"schema":{"@context":"https:\/\/schema.org","@graph":[{"@type":"WebPage","@id":"https:\/\/blog.zeit.de\/open-data\/2012\/03\/08\/pete-warden-facebook-fotos\/","url":"https:\/\/blog.zeit.de\/open-data\/2012\/03\/08\/pete-warden-facebook-fotos\/","name":"Wohin reisen amerikanische Facebook-Nutzer? - Data Blog","isPartOf":{"@id":"https:\/\/blog.zeit.de\/open-data\/#website"},"datePublished":"2012-03-08T12:51:44+00:00","dateModified":"2012-03-08T13:01:38+00:00","author":{"@id":"https:\/\/blog.zeit.de\/open-data\/#\/schema\/person\/a03c4af6b374e159b5f915165e667fc9"},"breadcrumb":{"@id":"https:\/\/blog.zeit.de\/open-data\/2012\/03\/08\/pete-warden-facebook-fotos\/#breadcrumb"},"inLanguage":"de","potentialAction":[{"@type":"ReadAction","target":["https:\/\/blog.zeit.de\/open-data\/2012\/03\/08\/pete-warden-facebook-fotos\/"]}]},{"@type":"BreadcrumbList","@id":"https:\/\/blog.zeit.de\/open-data\/2012\/03\/08\/pete-warden-facebook-fotos\/#breadcrumb","itemListElement":[{"@type":"ListItem","position":1,"name":"Startseite","item":"https:\/\/blog.zeit.de\/open-data\/"},{"@type":"ListItem","position":2,"name":"Wohin reisen amerikanische Facebook-Nutzer?"}]},{"@type":"WebSite","@id":"https:\/\/blog.zeit.de\/open-data\/#website","url":"https:\/\/blog.zeit.de\/open-data\/","name":"Data Blog","description":"Offene Daten \u2013 offene Gesellschaft","potentialAction":[{"@type":"SearchAction","target":{"@type":"EntryPoint","urlTemplate":"https:\/\/blog.zeit.de\/open-data\/?s={search_term_string}"},"query-input":"required name=search_term_string"}],"inLanguage":"de"},{"@type":"Person","@id":"https:\/\/blog.zeit.de\/open-data\/#\/schema\/person\/a03c4af6b374e159b5f915165e667fc9","name":"Kai Biermann","image":{"@type":"ImageObject","inLanguage":"de","@id":"https:\/\/blog.zeit.de\/open-data\/#\/schema\/person\/image\/","url":"https:\/\/secure.gravatar.com\/avatar\/780cd357e130092a8a6e17883fefa37ffa867f8f86af9e55f250c8cba7828979?s=96&d=mm&r=g","contentUrl":"https:\/\/secure.gravatar.com\/avatar\/780cd357e130092a8a6e17883fefa37ffa867f8f86af9e55f250c8cba7828979?s=96&d=mm&r=g","caption":"Kai Biermann"},"url":"https:\/\/blog.zeit.de\/open-data\/author\/kai-biermann\/"}]}},"jetpack_featured_media_url":"","jetpack_sharing_enabled":true,"_links":{"self":[{"href":"https:\/\/blog.zeit.de\/open-data\/wp-json\/wp\/v2\/posts\/3286","targetHints":{"allow":["GET"]}}],"collection":[{"href":"https:\/\/blog.zeit.de\/open-data\/wp-json\/wp\/v2\/posts"}],"about":[{"href":"https:\/\/blog.zeit.de\/open-data\/wp-json\/wp\/v2\/types\/post"}],"author":[{"embeddable":true,"href":"https:\/\/blog.zeit.de\/open-data\/wp-json\/wp\/v2\/users\/39"}],"replies":[{"embeddable":true,"href":"https:\/\/blog.zeit.de\/open-data\/wp-json\/wp\/v2\/comments?post=3286"}],"version-history":[{"count":8,"href":"https:\/\/blog.zeit.de\/open-data\/wp-json\/wp\/v2\/posts\/3286\/revisions"}],"predecessor-version":[{"id":3295,"href":"https:\/\/blog.zeit.de\/open-data\/wp-json\/wp\/v2\/posts\/3286\/revisions\/3295"}],"wp:attachment":[{"href":"https:\/\/blog.zeit.de\/open-data\/wp-json\/wp\/v2\/media?parent=3286"}],"wp:term":[{"taxonomy":"category","embeddable":true,"href":"https:\/\/blog.zeit.de\/open-data\/wp-json\/wp\/v2\/categories?post=3286"},{"taxonomy":"post_tag","embeddable":true,"href":"https:\/\/blog.zeit.de\/open-data\/wp-json\/wp\/v2\/tags?post=3286"}],"curies":[{"name":"wp","href":"https:\/\/api.w.org\/{rel}","templated":true}]}}